{"id":189175,"date":"2022-06-03T08:25:38","date_gmt":"2022-06-03T11:25:38","guid":{"rendered":"https:\/\/aconteceunovale.com.br\/portal\/?p=189175"},"modified":"2022-06-03T08:26:10","modified_gmt":"2022-06-03T11:26:10","slug":"recuperacao-funcional-da-br-367-avanca-entre-bocaiuva-e-couto-de-magalhaes-de-minas","status":"publish","type":"post","link":"https:\/\/aconteceunovale.com.br\/portal\/?p=189175","title":{"rendered":"Recupera\u00e7\u00e3o funcional da BR-367 avan\u00e7a entre Bocai\u00fava e Couto de Magalh\u00e3es de Minas"},"content":{"rendered":"\n<p>O Departamento de Edifica\u00e7\u00f5es e Estradas de Rodagem de Minas Gerais (DER-MG) segue trabalhando nas obras de recupera\u00e7\u00e3o funcional da CMG(BR)-367, entre Bocai\u00fava e Couto de Magalh\u00e3es de Minas, no Vale do Jequitinhonha.<\/p>\n\n\n\n<figure class=\"wp-block-gallery has-nested-images columns-default is-cropped wp-block-gallery-1 is-layout-flex wp-block-gallery-is-layout-flex\">\n<figure class=\"wp-block-image size-large\"><img loading=\"lazy\" decoding=\"async\" width=\"678\" height=\"430\" data-id=\"189176\" src=\"https:\/\/aconteceunovale.com.br\/portal\/wp-content\/uploads\/2022\/06\/recuperacao_367.png\" alt=\"\" class=\"wp-image-189176\" srcset=\"https:\/\/aconteceunovale.com.br\/portal\/wp-content\/uploads\/2022\/06\/recuperacao_367.png 678w, https:\/\/aconteceunovale.com.br\/portal\/wp-content\/uploads\/2022\/06\/recuperacao_367-300x190.png 300w, https:\/\/aconteceunovale.com.br\/portal\/wp-content\/uploads\/2022\/06\/recuperacao_367-662x420.png 662w\" sizes=\"auto, (max-width: 678px) 100vw, 678px\" \/><figcaption><em><sub>Foto: Divulga\u00e7\u00e3o \/ DER-MG<\/sub><\/em><\/figcaption><\/figure>\n<\/figure>\n\n\n\n<p>As melhorias est\u00e3o sendo executadas em 45,4 quil\u00f4metros de extens\u00e3o. Ap\u00f3s corrigir as imperfei\u00e7\u00f5es e nivelar a pista, as equipes de trabalho est\u00e3o aplicando a camada asf\u00e1ltica e na sequ\u00eancia ser\u00e1 feita a nova sinaliza\u00e7\u00e3o. Tudo isso para garantir mais conforto e seguran\u00e7a aos usu\u00e1rios da rodovia, uma das mais importantes da regi\u00e3o.<\/p>\n\n\n\n<p>A recupera\u00e7\u00e3o deste trecho conta com aporte de recursos de 19,64 milh\u00f5es.<\/p>\n\n\n\n<p>&#8212;&#8212;&#8212;&#8212;&#8212;&#8212;<br><br><strong>Sabia que o Aconteceu no Vale est\u00e1 tamb\u00e9m no Telegram? <a rel=\"noreferrer noopener\" href=\"https:\/\/t.me\/aconteceunovaleoficial\" target=\"_blank\">Inscreva-se no canal<\/a>.<\/strong><br><br><strong>J\u00e1 curtiu ou seguiu nossas p\u00e1ginas nas redes sociais?\u00a0Receba as not\u00edcias em primeira m\u00e3o:<\/strong><br>\u2022 <a rel=\"noreferrer noopener\" href=\"https:\/\/news.google.com\/publications\/CAAqBwgKMNjklQswi4etAw?hl=pt-BR&amp;gl=BR&amp;ceid=BR%3Apt-419\" target=\"_blank\">Google News<\/a><br>\u2022 <a rel=\"noreferrer noopener\" href=\"https:\/\/www.facebook.com\/aconteceunovale\/\" target=\"_blank\">Facebook<\/a><br>\u2022 <a rel=\"noreferrer noopener\" href=\"https:\/\/twitter.com\/noticiadosvales\" target=\"_blank\">Twitter<\/a><br>\u2022 <a rel=\"noreferrer noopener\" href=\"https:\/\/www.instagram.com\/aconteceunovale\" target=\"_blank\">Instagram<\/a><br>\u2022 <a rel=\"noreferrer noopener\" href=\"https:\/\/www.youtube.com\/AconteceunoValeOficial\" target=\"_blank\">Youtube<\/a><br>\u2022 <a rel=\"noreferrer noopener\" href=\"https:\/\/www.tiktok.com\/@aconteceunovale\" target=\"_blank\">TikTok<\/a><\/p>\n","protected":false},"excerpt":{"rendered":"<p>O Departamento de Edifica\u00e7\u00f5es e Estradas de Rodagem de Minas Gerais (DER-MG) segue trabalhando nas obras de recupera\u00e7\u00e3o funcional da CMG(BR)-367, entre Bocai\u00fava e Couto de Magalh\u00e3es de Minas, no Vale do Jequitinhonha. As melhorias est\u00e3o sendo executadas em 45,4 quil\u00f4metros de extens\u00e3o. Ap\u00f3s corrigir as imperfei\u00e7\u00f5es e nivelar a pista, as equipes de trabalho [&hellip;]<\/p>\n","protected":false},"author":4,"featured_media":189176,"comment_status":"open","ping_status":"closed","sticky":false,"template":"","format":"standard","meta":{"amp_status":"","footnotes":""},"categories":[120],"tags":[142,186,223917,645,100375,232767,232769,2016,557,221906,5618,121429,83310,168457,234323,222590,250850,215389,237571,237574,1018,198,189138,239750,226679,2998,250848,6546,250845,250851,408,26436,232768,244249,250846,237573,237576,232770,223918,223919,14965,223921,223920,232823,232822,244250,250849,3030,261381,244251,244252,178207,250844,250805,232766,409,106732,783,237575,133800,237572,178,244253,482,181383,232765,250847],"class_list":["post-189175","post","type-post","status-publish","format-standard","has-post-thumbnail","hentry","category-jequi","tag-almenara","tag-aracuai","tag-assinada-ordem-de-servico-para-pavimentacao-de-trecho-da-br-367","tag-bocaiuva","tag-bolsonaro","tag-bolsonaro-em-jacinto","tag-bolsonaro-no-vale-do-jequitinhonha","tag-br-367","tag-carbonita","tag-cmg-367","tag-couto-magalhaes-de-minas","tag-departamento-de-edificacoes-e-estradas-de-rodagem-de-minas-gerais","tag-deputado-arlen-santiago","tag-deputado-gustavo-santana","tag-deputado-gustavo-valadares","tag-deputado-igor-timo","tag-deputado-tito-torres","tag-der-mg-2","tag-der-mg-concluiu-operacao-tapa-buracos-em-47-km-da-br-367","tag-der-mg-de-diamantina","tag-destaque","tag-diamantina","tag-elizabeth-juca","tag-fabio-baccheretti","tag-fernando-marcato","tag-gouveia","tag-governador-em-capelinha","tag-governo-de-minas","tag-governo-investira-r-62-milhoes-na-recuperacao-de-188-quilometros-da-br-367","tag-igor-eto","tag-jacinto","tag-jair-bolsonaro","tag-jair-bolsonaro-em-jacinto","tag-jair-bolsonaro-veta-recurso-para-pavimentacao-de-trecho-da-br-367","tag-mais-de-180-quilometros-da-br-367-serao-recuperados","tag-melhoria-da-br-367","tag-melhorias-na-br-367","tag-obra-na-br-367","tag-ordem-de-servico-br-367","tag-ordem-de-servico-para-pavimentacao-de-trecho-da-br-367","tag-pavimentacao-da-br-367","tag-pavimentacao-da-br-367-entre-almenara-e-salto-da-divisa","tag-pavimentacao-de-trecho-da-br-367","tag-pedra-fundamental-para-pavimentacao-da-br-367","tag-presidente-lanca-pedra-fundamental-de-trecho-da-br-367","tag-presidente-veta-recurso-para-pavimentacao-de-trecho-da-br-367","tag-recapeamento-da-br-367","tag-recuperacao-da-br-367","tag-recuperacao-funcional-da-br-367-avanca-entre-bocaiuva-e-couto-de-magalhaes-de-minas","tag-recurso-para-pavimentacao-da-br-367","tag-recurso-para-pavimentacao-de-trecho-da-br-367","tag-romeu-zema","tag-romeu-zema-anuncia-obras-na-br-367","tag-romeu-zema-em-capelinha","tag-romeu-zema-em-jacinto","tag-salto-da-divisa","tag-santa-cruz-cabralia","tag-sao-goncalo-do-rio-preto","tag-sergio-de-alvarenga-ferreira","tag-tadeuzinho-abreu","tag-tapa-buracos-na-br-367","tag-turmalina","tag-verba-para-pavimentacao-de-trecho-da-br-367","tag-virgem-da-lapa","tag-zema","tag-zema-e-bolsonaro-vem-ao-vale-do-jequitinhonha-para-anunciar-obra-na-br-367","tag-zema-em-capelinha"],"_links":{"self":[{"href":"https:\/\/aconteceunovale.com.br\/portal\/index.php?rest_route=\/wp\/v2\/posts\/189175","targetHints":{"allow":["GET"]}}],"collection":[{"href":"https:\/\/aconteceunovale.com.br\/portal\/index.php?rest_route=\/wp\/v2\/posts"}],"about":[{"href":"https:\/\/aconteceunovale.com.br\/portal\/index.php?rest_route=\/wp\/v2\/types\/post"}],"author":[{"embeddable":true,"href":"https:\/\/aconteceunovale.com.br\/portal\/index.php?rest_route=\/wp\/v2\/users\/4"}],"replies":[{"embeddable":true,"href":"https:\/\/aconteceunovale.com.br\/portal\/index.php?rest_route=%2Fwp%2Fv2%2Fcomments&post=189175"}],"version-history":[{"count":1,"href":"https:\/\/aconteceunovale.com.br\/portal\/index.php?rest_route=\/wp\/v2\/posts\/189175\/revisions"}],"predecessor-version":[{"id":189177,"href":"https:\/\/aconteceunovale.com.br\/portal\/index.php?rest_route=\/wp\/v2\/posts\/189175\/revisions\/189177"}],"wp:featuredmedia":[{"embeddable":true,"href":"https:\/\/aconteceunovale.com.br\/portal\/index.php?rest_route=\/wp\/v2\/media\/189176"}],"wp:attachment":[{"href":"https:\/\/aconteceunovale.com.br\/portal\/index.php?rest_route=%2Fwp%2Fv2%2Fmedia&parent=189175"}],"wp:term":[{"taxonomy":"category","embeddable":true,"href":"https:\/\/aconteceunovale.com.br\/portal\/index.php?rest_route=%2Fwp%2Fv2%2Fcategories&post=189175"},{"taxonomy":"post_tag","embeddable":true,"href":"https:\/\/aconteceunovale.com.br\/portal\/index.php?rest_route=%2Fwp%2Fv2%2Ftags&post=189175"}],"curies":[{"name":"wp","href":"https:\/\/api.w.org\/{rel}","templated":true}]}}