{"id":189172,"date":"2022-06-03T08:21:36","date_gmt":"2022-06-03T11:21:36","guid":{"rendered":"https:\/\/aconteceunovale.com.br\/portal\/?p=189172"},"modified":"2022-06-03T08:27:04","modified_gmt":"2022-06-03T11:27:04","slug":"pista-central-do-contorno-sul-de-montes-claros-recebe-obras-de-restauracao","status":"publish","type":"post","link":"https:\/\/aconteceunovale.com.br\/portal\/?p=189172","title":{"rendered":"Pista Central do Contorno Sul de Montes Claros recebe obras de restaura\u00e7\u00e3o"},"content":{"rendered":"\n<p>O&nbsp;Departamento de Edifica\u00e7\u00f5es e Estradas de Rodagem de Minas Gerais (DER-MG)&nbsp;iniciou, nesta quinta-feira (2\/6), as obras de recupera\u00e7\u00e3o funcional da pista central do Contorno Sul de Montes Claros, na regi\u00e3o Norte do estado.<\/p>\n\n\n\n<figure class=\"wp-block-gallery has-nested-images columns-default is-cropped wp-block-gallery-1 is-layout-flex wp-block-gallery-is-layout-flex\">\n<figure class=\"wp-block-image size-large\"><img loading=\"lazy\" decoding=\"async\" width=\"678\" height=\"428\" data-id=\"189173\" src=\"https:\/\/aconteceunovale.com.br\/portal\/wp-content\/uploads\/2022\/06\/obra_moc.png\" alt=\"\" class=\"wp-image-189173\" srcset=\"https:\/\/aconteceunovale.com.br\/portal\/wp-content\/uploads\/2022\/06\/obra_moc.png 678w, https:\/\/aconteceunovale.com.br\/portal\/wp-content\/uploads\/2022\/06\/obra_moc-300x189.png 300w, https:\/\/aconteceunovale.com.br\/portal\/wp-content\/uploads\/2022\/06\/obra_moc-665x420.png 665w\" sizes=\"auto, (max-width: 678px) 100vw, 678px\" \/><figcaption><em>Foto: Divulga\u00e7\u00e3o \/ DER-MG<\/em><\/figcaption><\/figure>\n<\/figure>\n\n\n\n<p>Os trabalhos ser\u00e3o executados em cerca de cinco quil\u00f4metros, na liga\u00e7\u00e3o das rodovias BR-135 e BR-365. Os investimentos s\u00e3o de R$ 5,28 milh\u00f5es.<\/p>\n\n\n\n<p>O trecho vai receber servi\u00e7os de remendo profundo e fresagem com aplica\u00e7\u00e3o de nova capa asf\u00e1ltica, al\u00e9m de nova sinaliza\u00e7\u00e3o horizontal e vertical e implanta\u00e7\u00e3o de defensas met\u00e1licas, dispositivo de seguran\u00e7a que evita a sa\u00edda do ve\u00edculo da pista em casos de colis\u00e3o.&nbsp;<\/p>\n\n\n\n<p>Neste mesmo trecho, o DER-MG vem executando as obras de implanta\u00e7\u00e3o e pavimenta\u00e7\u00e3o das vias laterais, sendo duas pistas de 4,63 quil\u00f4metros cada, com investimentos de R$ 16 milh\u00f5es, tamb\u00e9m por meio do Provias. Nesta interven\u00e7\u00e3o, 60% dos trabalhos est\u00e3o conclu\u00eddos.&nbsp;<\/p>\n\n\n\n<p>As obras v\u00e3o impactar positivamente a economia de Montes Claros, que tem a ind\u00fastria e o com\u00e9rcio como importantes atividades e \u00e9 considerada um munic\u00edpio polo da regi\u00e3o.&nbsp;<\/p>\n\n\n\n<p><strong>Redu\u00e7\u00e3o de acidentes<\/strong><\/p>\n\n\n\n<p>A recupera\u00e7\u00e3o da via central e a conclus\u00e3o das obras das pistas laterais v\u00e3o diminuir a intera\u00e7\u00e3o entre o tr\u00e1fego local e o de longa dist\u00e2ncia, contribuindo, assim, para a redu\u00e7\u00e3o do n\u00famero de acidentes no local, que recebe aproximadamente quatro mil ve\u00edculos por dia.&nbsp;<\/p>\n\n\n\n<p>Para o diretor-geral do DER-MG, as obras do anel vi\u00e1rio v\u00e3o contribuir significativamente para a melhoria da mobilidade urbana de Montes Claros e regi\u00e3o. \u201cEsta \u00e9 uma obra rodovi\u00e1ria reivindicada ao poder p\u00fablico h\u00e1 muito tempo. A viabiliza\u00e7\u00e3o, por meio do Provias, vai reduzir o tempo gasto em deslocamentos para quem circula pela regi\u00e3o, assim como o risco de acidentes\u201d, refor\u00e7a.<\/p>\n\n\n\n<p>&#8212;&#8212;&#8212;&#8212;&#8212;&#8212;<br><br><strong>Sabia que o Aconteceu no Vale est\u00e1 tamb\u00e9m no Telegram? <a rel=\"noreferrer noopener\" href=\"https:\/\/t.me\/aconteceunovaleoficial\" target=\"_blank\">Inscreva-se no canal<\/a>.<\/strong><br><br><strong>J\u00e1 curtiu ou seguiu nossas p\u00e1ginas nas redes sociais?&nbsp;Receba as not\u00edcias em primeira m\u00e3o:<\/strong><br>\u2022 <a rel=\"noreferrer noopener\" href=\"https:\/\/news.google.com\/publications\/CAAqBwgKMNjklQswi4etAw?hl=pt-BR&amp;gl=BR&amp;ceid=BR%3Apt-419\" target=\"_blank\">Google News<\/a><br>\u2022 <a rel=\"noreferrer noopener\" href=\"https:\/\/www.facebook.com\/aconteceunovale\/\" target=\"_blank\">Facebook<\/a><br>\u2022 <a rel=\"noreferrer noopener\" href=\"https:\/\/twitter.com\/noticiadosvales\" target=\"_blank\">Twitter<\/a><br>\u2022 <a rel=\"noreferrer noopener\" href=\"https:\/\/www.instagram.com\/aconteceunovale\" target=\"_blank\">Instagram<\/a><br>\u2022 <a rel=\"noreferrer noopener\" href=\"https:\/\/www.youtube.com\/AconteceunoValeOficial\" target=\"_blank\">Youtube<\/a><br>\u2022 <a rel=\"noreferrer noopener\" href=\"https:\/\/www.tiktok.com\/@aconteceunovale\" target=\"_blank\">TikTok<\/a><\/p>\n","protected":false},"excerpt":{"rendered":"<p>O&nbsp;Departamento de Edifica\u00e7\u00f5es e Estradas de Rodagem de Minas Gerais (DER-MG)&nbsp;iniciou, nesta quinta-feira (2\/6), as obras de recupera\u00e7\u00e3o funcional da pista central do Contorno Sul de Montes Claros, na regi\u00e3o Norte do estado. Os trabalhos ser\u00e3o executados em cerca de cinco quil\u00f4metros, na liga\u00e7\u00e3o das rodovias BR-135 e BR-365. Os investimentos s\u00e3o de R$ 5,28 [&hellip;]<\/p>\n","protected":false},"author":4,"featured_media":189173,"comment_status":"open","ping_status":"closed","sticky":false,"template":"","format":"standard","meta":{"amp_status":"","footnotes":""},"categories":[1236],"tags":[215389,1018,210,261379,261380,261378],"class_list":["post-189172","post","type-post","status-publish","format-standard","has-post-thumbnail","hentry","category-norte_de_minas","tag-der-mg-2","tag-destaque","tag-montes-claros","tag-obra-no-anel-rodoviario-de-montes-claros","tag-obra-no-contorno-sul-de-montes-claros","tag-pista-central-do-contorno-sul-de-montes-claros-recebe-obras-de-restauracao"],"_links":{"self":[{"href":"https:\/\/aconteceunovale.com.br\/portal\/index.php?rest_route=\/wp\/v2\/posts\/189172","targetHints":{"allow":["GET"]}}],"collection":[{"href":"https:\/\/aconteceunovale.com.br\/portal\/index.php?rest_route=\/wp\/v2\/posts"}],"about":[{"href":"https:\/\/aconteceunovale.com.br\/portal\/index.php?rest_route=\/wp\/v2\/types\/post"}],"author":[{"embeddable":true,"href":"https:\/\/aconteceunovale.com.br\/portal\/index.php?rest_route=\/wp\/v2\/users\/4"}],"replies":[{"embeddable":true,"href":"https:\/\/aconteceunovale.com.br\/portal\/index.php?rest_route=%2Fwp%2Fv2%2Fcomments&post=189172"}],"version-history":[{"count":2,"href":"https:\/\/aconteceunovale.com.br\/portal\/index.php?rest_route=\/wp\/v2\/posts\/189172\/revisions"}],"predecessor-version":[{"id":189178,"href":"https:\/\/aconteceunovale.com.br\/portal\/index.php?rest_route=\/wp\/v2\/posts\/189172\/revisions\/189178"}],"wp:featuredmedia":[{"embeddable":true,"href":"https:\/\/aconteceunovale.com.br\/portal\/index.php?rest_route=\/wp\/v2\/media\/189173"}],"wp:attachment":[{"href":"https:\/\/aconteceunovale.com.br\/portal\/index.php?rest_route=%2Fwp%2Fv2%2Fmedia&parent=189172"}],"wp:term":[{"taxonomy":"category","embeddable":true,"href":"https:\/\/aconteceunovale.com.br\/portal\/index.php?rest_route=%2Fwp%2Fv2%2Fcategories&post=189172"},{"taxonomy":"post_tag","embeddable":true,"href":"https:\/\/aconteceunovale.com.br\/portal\/index.php?rest_route=%2Fwp%2Fv2%2Ftags&post=189172"}],"curies":[{"name":"wp","href":"https:\/\/api.w.org\/{rel}","templated":true}]}}