{"id":189167,"date":"2022-06-03T08:03:13","date_gmt":"2022-06-03T11:03:13","guid":{"rendered":"https:\/\/aconteceunovale.com.br\/portal\/?p=189167"},"modified":"2022-06-03T08:03:28","modified_gmt":"2022-06-03T11:03:28","slug":"grupo-criminoso-suspeito-de-latrocinio-de-caminhoneiro-e-desarticulado","status":"publish","type":"post","link":"https:\/\/aconteceunovale.com.br\/portal\/?p=189167","title":{"rendered":"Grupo criminoso suspeito de latroc\u00ednio de caminhoneiro \u00e9 desarticulado"},"content":{"rendered":"\n<p class=\"wp-block-paragraph\">A Pol\u00edcia Civil de Minas Gerais (PCMG) concluiu que um caminhoneiro, de 58 anos, natural de Governador Valadares, na regi\u00e3o do Rio Doce, que estava desaparecido desde o dia 28 de mar\u00e7o deste ano, foi v\u00edtima de latroc\u00ednio \u2014 roubo seguido de morte \u2014 ap\u00f3s ser abordado em Sabar\u00e1, Regi\u00e3o Metropolitana de Belo Horizonte (RMBH), onde teve o ve\u00edculo e a carga que levava para a cidade de origem subtra\u00eddos por um grupo criminoso especializado nessa modalidade criminosa. Quatro investigados est\u00e3o presos.<\/p>\n\n\n\n<figure class=\"wp-block-gallery has-nested-images columns-default is-cropped wp-block-gallery-1 is-layout-flex wp-block-gallery-is-layout-flex\">\n<figure class=\"wp-block-image size-large\"><img loading=\"lazy\" decoding=\"async\" width=\"678\" height=\"407\" data-id=\"189168\" src=\"https:\/\/aconteceunovale.com.br\/portal\/wp-content\/uploads\/2022\/06\/latrocinio_leste_de_minas.jpeg\" alt=\"\" class=\"wp-image-189168\" srcset=\"https:\/\/aconteceunovale.com.br\/portal\/wp-content\/uploads\/2022\/06\/latrocinio_leste_de_minas.jpeg 678w, https:\/\/aconteceunovale.com.br\/portal\/wp-content\/uploads\/2022\/06\/latrocinio_leste_de_minas-300x180.jpeg 300w\" sizes=\"auto, (max-width: 678px) 100vw, 678px\" \/><figcaption><em><sub>Foto: Divulga\u00e7\u00e3o\/PCMG<\/sub><\/em><\/figcaption><\/figure>\n<\/figure>\n\n\n\n<p class=\"wp-block-paragraph\">Conforme informa\u00e7\u00f5es da delegada Fab\u00edola Oliveira, titular da Delegacia Especializada Antissequestro (DAS), do Departamento Estadual de Opera\u00e7\u00f5es Especiais (Deoesp), a v\u00edtima havia se deslocado de Governador Valadares para a RMBH, onde efetuou a entrega prevista e recebeu o devido pagamento pelo servi\u00e7o. \u201cEle, ent\u00e3o, para dar mais lucro \u00e0 viagem, negociou um novo carregamento, de \u00e1gua sanit\u00e1ria, para compensar o retorno\u201d, detalha. \u201cA inten\u00e7\u00e3o dele seria realizar o trajeto o mais r\u00e1pido poss\u00edvel de modo a comemorar o anivers\u00e1rio dele com a fam\u00edlia, que seria no dia seguinte ao do desaparecimento\u201d, observou.<\/p>\n\n\n\n<p class=\"wp-block-paragraph\"><strong>Din\u00e2mica do crime<\/strong><\/p>\n\n\n\n<p class=\"wp-block-paragraph\">Em dado momento do percurso, em uma subida na regi\u00e3o de Ravena, distrito de Sabar\u00e1, o caminhoneiro foi abordado pelos suspeitos do assalto. A PCMG trabalha com a hip\u00f3tese de que o grupo criminoso j\u00e1 deveriam estar aguardando por um caminh\u00e3o, quando visualizaram o ve\u00edculo da v\u00edtima com dificuldades para percorrer o trajeto \u00edngreme da rodovia.<\/p>\n\n\n\n<p class=\"wp-block-paragraph\">\u201c\u00c9 uma caracter\u00edstica, inclusive, que denota o conhecimento que os suspeitos det\u00eam para subtra\u00e7\u00e3o de cargas. Eles observaram que o eixo do caminh\u00e3o estava baixo, ou seja, um indicativo de que estava pesado, calculando a probabilidade de a v\u00edtima estar transportando uma carga com alto valor de mercado\u201d, pontua a delegada.<\/p>\n\n\n\n<p class=\"wp-block-paragraph\"><strong>Desacerto<\/strong><\/p>\n\n\n\n<p class=\"wp-block-paragraph\">Ainda de acordo com os levantamentos da equipe de Antissequestro do Deoesp, o grupo empenhou dois ve\u00edculos para o assalto \u2014 um deles era ocupado por um adolescente que mirou na dire\u00e7\u00e3o da v\u00edtima para que ela parasse, enquanto o outro cercou o caminh\u00e3o pela frente, impedindo-o de prosseguir pela via.<\/p>\n\n\n\n<p class=\"wp-block-paragraph\">\u201cA partir do momento em que a v\u00edtima j\u00e1 estava rendida pelos investigados, que admitiram, na delegacia, terem coagido o motorista o tempo todo sob amea\u00e7a de uma arma, eles tiveram acesso ao ba\u00fa do caminh\u00e3o e descobriram se tratar de uma carga de pouco valor para revenda a receptadores\u201d, revela Fab\u00edola. \u201cFoi ent\u00e3o que eles teriam aproveitado a situa\u00e7\u00e3o para agravar as amea\u00e7as a fim de tentar obter outras vantagens\u201d, complementa.<\/p>\n\n\n\n<p class=\"wp-block-paragraph\">Segundo as apura\u00e7\u00f5es, v\u00e1rias transa\u00e7\u00f5es via Pix foram realizadas da conta da v\u00edtima para diferentes pessoas, posteriormente identificadas pela Pol\u00edcia Civil.<\/p>\n\n\n\n<p class=\"wp-block-paragraph\">A PCMG confirmou, durante as investiga\u00e7\u00f5es, que o caminhoneiro possu\u00eda sa\u00fade fr\u00e1gil, com diabetes e problemas card\u00edacos. \u201c\u00c9 poss\u00edvel ouvir, em \u00e1udios que capturamos em posse dos investigados presos, a v\u00edtima clamando para que n\u00e3o a deixasse sozinha naquele local, uma vez que dependia de cuidados e rem\u00e9dios\u201d, afirma a delegada. \u201c\u00c9 poss\u00edvel vislumbrar por esses \u00e1udios, inclusive, que ela estava extremamente desorientada\u201d.<\/p>\n\n\n\n<p class=\"wp-block-paragraph\"><strong>Encontro do corpo<\/strong><\/p>\n\n\n\n<p class=\"wp-block-paragraph\">A partir da pris\u00e3o dos primeiros suspeitos, eles confessaram o crime e indicaram a regi\u00e3o aproximada em que a v\u00edtima poderia estar. A Pol\u00edcia Civil realizou miss\u00f5es ininterruptas para buscas, que duraram aproximadamente uma semana, contando com o apoio da Coordena\u00e7\u00e3o Aerot\u00e1tica (CAT) e da Coordenadoria de Recursos Especiais (Core) da institui\u00e7\u00e3o.<\/p>\n\n\n\n<p class=\"wp-block-paragraph\">\u201cRealizamos diversos levantamentos com apoio, inclusive, de drones, mas se trata de uma regi\u00e3o de mata em Ravena muito grande e de dif\u00edcil acesso. Por isso, requisitamos o apoio do Corpo de Bombeiros Militar de Minas Gerais (CBMMG), o qual, por meio da equipe de c\u00e3es farejadores, nos auxiliou na localiza\u00e7\u00e3o mais aproximada do cad\u00e1ver\u201d, esclarece Oliveira.<\/p>\n\n\n\n<p class=\"wp-block-paragraph\"><strong>Investiga\u00e7\u00e3o qualificada<\/strong><\/p>\n\n\n\n<p class=\"wp-block-paragraph\">O corpo da v\u00edtima foi encontrado a aproximadamente 45 metros abaixo de uma densa mata em Ravena. Conforme adiantou a delegada, foi necess\u00e1ria a descida por t\u00e9cnica de rapel do CBMMG para a retirada do cad\u00e1ver. No local, o corpo foi encontrado em avan\u00e7ado estado de decomposi\u00e7\u00e3o e removido pela equipe da per\u00edcia da PCMG, que tamb\u00e9m realizou diversos levantamentos que poder\u00e3o contribuir para a conclus\u00e3o do inqu\u00e9rito policial.<\/p>\n\n\n\n<p class=\"wp-block-paragraph\">O chefe do Deoesp, delegado Rodrigo Bustamante, destaca que gra\u00e7as a um trabalho integrado e qualificado, foi poss\u00edvel identificar, na \u00faltima sexta-feira (27\/5), a v\u00edtima. \u201cOs restos mortais foram inicialmente encaminhados ao Instituto M\u00e9dico-Legal Dr. Andr\u00e9 Roquette e, ap\u00f3s tentativas de outros m\u00e9todos, seguiram para o Instituto de Criminal\u00edstica da Pol\u00edcia Civil, onde foi identificado por exame de DNA\u201d, conta.<\/p>\n\n\n\n<p class=\"wp-block-paragraph\">As investiga\u00e7\u00f5es prosseguem para a localiza\u00e7\u00e3o e a pris\u00e3o dos demais envolvidos na organiza\u00e7\u00e3o criminosa, que j\u00e1 foram identificados e qualificados pela Pol\u00edcia Civil.<\/p>\n\n\n\n<p class=\"wp-block-paragraph\">&#8212;&#8212;&#8212;&#8212;&#8212;&#8212;<br><br><strong>Sabia que o Aconteceu no Vale est\u00e1 tamb\u00e9m no Telegram? <a rel=\"noreferrer noopener\" href=\"https:\/\/t.me\/aconteceunovaleoficial\" target=\"_blank\">Inscreva-se no canal<\/a>.<\/strong><br><br><strong>J\u00e1 curtiu ou seguiu nossas p\u00e1ginas nas redes sociais?\u00a0Receba as not\u00edcias em primeira m\u00e3o:<\/strong><br>\u2022 <a rel=\"noreferrer noopener\" href=\"https:\/\/news.google.com\/publications\/CAAqBwgKMNjklQswi4etAw?hl=pt-BR&amp;gl=BR&amp;ceid=BR%3Apt-419\" target=\"_blank\">Google News<\/a><br>\u2022 <a rel=\"noreferrer noopener\" href=\"https:\/\/www.facebook.com\/aconteceunovale\/\" target=\"_blank\">Facebook<\/a><br>\u2022 <a rel=\"noreferrer noopener\" href=\"https:\/\/twitter.com\/noticiadosvales\" target=\"_blank\">Twitter<\/a><br>\u2022 <a rel=\"noreferrer noopener\" href=\"https:\/\/www.instagram.com\/aconteceunovale\" target=\"_blank\">Instagram<\/a><br>\u2022 <a rel=\"noreferrer noopener\" href=\"https:\/\/www.youtube.com\/AconteceunoValeOficial\" target=\"_blank\">Youtube<\/a><br>\u2022 <a rel=\"noreferrer noopener\" href=\"https:\/\/www.tiktok.com\/@aconteceunovale\" target=\"_blank\">TikTok<\/a><\/p>\n","protected":false},"excerpt":{"rendered":"<p>A Pol\u00edcia Civil de Minas Gerais (PCMG) concluiu que um caminhoneiro, de 58 anos, natural de Governador Valadares, na regi\u00e3o do Rio Doce, que estava desaparecido desde o dia 28 de mar\u00e7o deste ano, foi v\u00edtima de latroc\u00ednio \u2014 roubo seguido de morte \u2014 ap\u00f3s ser abordado em Sabar\u00e1, Regi\u00e3o Metropolitana de Belo Horizonte (RMBH), [&hellip;]<\/p>\n","protected":false},"author":4,"featured_media":189168,"comment_status":"open","ping_status":"closed","sticky":false,"template":"","format":"standard","meta":{"amp_status":"","footnotes":""},"categories":[121,123],"tags":[1018,247,261375,251686,604,18655,1779,129],"class_list":["post-189167","post","type-post","status-publish","format-standard","has-post-thumbnail","hentry","category-leste","category-gerais","tag-destaque","tag-governador-valadares","tag-grupo-criminoso-suspeito-de-latrocinio-de-caminhoneiro-e-desarticulado","tag-leste-de-minas","tag-pcmg","tag-rmbh","tag-sabara","tag-vale-do-rio-doce"],"yoast_head":"<!-- This site is optimized with the Yoast SEO plugin v28.3 - https:\/\/yoast.com\/product\/yoast-seo-wordpress\/ -->\n<title>Grupo criminoso suspeito de latroc\u00ednio de caminhoneiro \u00e9 desarticulado - Aconteceu no Vale<\/title>\n<meta name=\"robots\" content=\"index, follow, max-snippet:-1, max-image-preview:large, max-video-preview:-1\" \/>\n<link rel=\"canonical\" href=\"https:\/\/aconteceunovale.com.br\/portal\/?p=189167\" \/>\n<meta property=\"og:locale\" content=\"pt_BR\" \/>\n<meta property=\"og:type\" content=\"article\" \/>\n<meta property=\"og:title\" content=\"Grupo criminoso suspeito de latroc\u00ednio de caminhoneiro \u00e9 desarticulado - Aconteceu no Vale\" \/>\n<meta property=\"og:description\" content=\"A Pol\u00edcia Civil de Minas Gerais (PCMG) concluiu que um caminhoneiro, de 58 anos, natural de Governador Valadares, na regi\u00e3o do Rio Doce, que estava desaparecido desde o dia 28 de mar\u00e7o deste ano, foi v\u00edtima de latroc\u00ednio \u2014 roubo seguido de morte \u2014 ap\u00f3s ser abordado em Sabar\u00e1, Regi\u00e3o Metropolitana de Belo Horizonte (RMBH), [&hellip;]\" \/>\n<meta property=\"og:url\" content=\"https:\/\/aconteceunovale.com.br\/portal\/?p=189167\" \/>\n<meta property=\"og:site_name\" content=\"Aconteceu no Vale\" \/>\n<meta property=\"article:publisher\" content=\"https:\/\/www.facebook.com\/aconteceunovale\/\" \/>\n<meta property=\"article:published_time\" content=\"2022-06-03T11:03:13+00:00\" \/>\n<meta property=\"article:modified_time\" content=\"2022-06-03T11:03:28+00:00\" \/>\n<meta property=\"og:image\" content=\"https:\/\/aconteceunovale.com.br\/portal\/wp-content\/uploads\/2022\/06\/latrocinio_leste_de_minas.jpeg\" \/>\n\t<meta property=\"og:image:width\" content=\"678\" \/>\n\t<meta property=\"og:image:height\" content=\"407\" \/>\n\t<meta property=\"og:image:type\" content=\"image\/jpeg\" \/>\n<meta name=\"author\" content=\"Reda\u00e7\u00e3o Aconteceu no Vale\" \/>\n<meta name=\"twitter:card\" content=\"summary_large_image\" \/>\n<meta name=\"twitter:creator\" content=\"@noticiadosvales\" \/>\n<meta name=\"twitter:site\" content=\"@noticiadosvales\" \/>\n<meta name=\"twitter:label1\" content=\"Escrito por\" \/>\n\t<meta name=\"twitter:data1\" content=\"Reda\u00e7\u00e3o Aconteceu no Vale\" \/>\n\t<meta name=\"twitter:label2\" content=\"Est. tempo de leitura\" \/>\n\t<meta name=\"twitter:data2\" content=\"4 minutos\" \/>\n<script type=\"application\/ld+json\" class=\"yoast-schema-graph\">{\"@context\":\"https:\\\/\\\/schema.org\",\"@graph\":[{\"@type\":\"Article\",\"@id\":\"https:\\\/\\\/aconteceunovale.com.br\\\/portal\\\/?p=189167#article\",\"isPartOf\":{\"@id\":\"https:\\\/\\\/aconteceunovale.com.br\\\/portal\\\/?p=189167\"},\"author\":{\"name\":\"Reda\u00e7\u00e3o Aconteceu no Vale\",\"@id\":\"https:\\\/\\\/aconteceunovale.com.br\\\/portal\\\/#\\\/schema\\\/person\\\/7d2f26d1483f8a63de73da1ee0754d35\"},\"headline\":\"Grupo criminoso suspeito de latroc\u00ednio de caminhoneiro \u00e9 desarticulado\",\"datePublished\":\"2022-06-03T11:03:13+00:00\",\"dateModified\":\"2022-06-03T11:03:28+00:00\",\"mainEntityOfPage\":{\"@id\":\"https:\\\/\\\/aconteceunovale.com.br\\\/portal\\\/?p=189167\"},\"wordCount\":898,\"commentCount\":0,\"image\":{\"@id\":\"https:\\\/\\\/aconteceunovale.com.br\\\/portal\\\/?p=189167#primaryimage\"},\"thumbnailUrl\":\"https:\\\/\\\/aconteceunovale.com.br\\\/portal\\\/wp-content\\\/uploads\\\/2022\\\/06\\\/latrocinio_leste_de_minas.jpeg\",\"keywords\":[\"destaque\",\"Governador Valadares\",\"Grupo criminoso suspeito de latroc\u00ednio de caminhoneiro \u00e9 desarticulado\",\"Leste de Minas\",\"PCMG\",\"RMBH\",\"Sabar\u00e1\",\"Vale do Rio Doce\"],\"articleSection\":[\"Leste de Minas\",\"Minas Gerais\"],\"inLanguage\":\"pt-BR\",\"potentialAction\":[{\"@type\":\"CommentAction\",\"name\":\"Comment\",\"target\":[\"https:\\\/\\\/aconteceunovale.com.br\\\/portal\\\/?p=189167#respond\"]}]},{\"@type\":\"WebPage\",\"@id\":\"https:\\\/\\\/aconteceunovale.com.br\\\/portal\\\/?p=189167\",\"url\":\"https:\\\/\\\/aconteceunovale.com.br\\\/portal\\\/?p=189167\",\"name\":\"Grupo criminoso suspeito de latroc\u00ednio de caminhoneiro \u00e9 desarticulado - Aconteceu no Vale\",\"isPartOf\":{\"@id\":\"https:\\\/\\\/aconteceunovale.com.br\\\/portal\\\/#website\"},\"primaryImageOfPage\":{\"@id\":\"https:\\\/\\\/aconteceunovale.com.br\\\/portal\\\/?p=189167#primaryimage\"},\"image\":{\"@id\":\"https:\\\/\\\/aconteceunovale.com.br\\\/portal\\\/?p=189167#primaryimage\"},\"thumbnailUrl\":\"https:\\\/\\\/aconteceunovale.com.br\\\/portal\\\/wp-content\\\/uploads\\\/2022\\\/06\\\/latrocinio_leste_de_minas.jpeg\",\"datePublished\":\"2022-06-03T11:03:13+00:00\",\"dateModified\":\"2022-06-03T11:03:28+00:00\",\"author\":{\"@id\":\"https:\\\/\\\/aconteceunovale.com.br\\\/portal\\\/#\\\/schema\\\/person\\\/7d2f26d1483f8a63de73da1ee0754d35\"},\"breadcrumb\":{\"@id\":\"https:\\\/\\\/aconteceunovale.com.br\\\/portal\\\/?p=189167#breadcrumb\"},\"inLanguage\":\"pt-BR\",\"potentialAction\":[{\"@type\":\"ReadAction\",\"target\":[\"https:\\\/\\\/aconteceunovale.com.br\\\/portal\\\/?p=189167\"]}]},{\"@type\":\"ImageObject\",\"inLanguage\":\"pt-BR\",\"@id\":\"https:\\\/\\\/aconteceunovale.com.br\\\/portal\\\/?p=189167#primaryimage\",\"url\":\"https:\\\/\\\/aconteceunovale.com.br\\\/portal\\\/wp-content\\\/uploads\\\/2022\\\/06\\\/latrocinio_leste_de_minas.jpeg\",\"contentUrl\":\"https:\\\/\\\/aconteceunovale.com.br\\\/portal\\\/wp-content\\\/uploads\\\/2022\\\/06\\\/latrocinio_leste_de_minas.jpeg\",\"width\":678,\"height\":407},{\"@type\":\"BreadcrumbList\",\"@id\":\"https:\\\/\\\/aconteceunovale.com.br\\\/portal\\\/?p=189167#breadcrumb\",\"itemListElement\":[{\"@type\":\"ListItem\",\"position\":1,\"name\":\"In\u00edcio\",\"item\":\"https:\\\/\\\/aconteceunovale.com.br\\\/portal\\\/\"},{\"@type\":\"ListItem\",\"position\":2,\"name\":\"Grupo criminoso suspeito de latroc\u00ednio de caminhoneiro \u00e9 desarticulado\"}]},{\"@type\":\"WebSite\",\"@id\":\"https:\\\/\\\/aconteceunovale.com.br\\\/portal\\\/#website\",\"url\":\"https:\\\/\\\/aconteceunovale.com.br\\\/portal\\\/\",\"name\":\"Aconteceu no Vale\",\"description\":\"Portal de Not\u00edcias\",\"potentialAction\":[{\"@type\":\"SearchAction\",\"target\":{\"@type\":\"EntryPoint\",\"urlTemplate\":\"https:\\\/\\\/aconteceunovale.com.br\\\/portal\\\/?s={search_term_string}\"},\"query-input\":{\"@type\":\"PropertyValueSpecification\",\"valueRequired\":true,\"valueName\":\"search_term_string\"}}],\"inLanguage\":\"pt-BR\"},{\"@type\":\"Person\",\"@id\":\"https:\\\/\\\/aconteceunovale.com.br\\\/portal\\\/#\\\/schema\\\/person\\\/7d2f26d1483f8a63de73da1ee0754d35\",\"name\":\"Reda\u00e7\u00e3o Aconteceu no Vale\",\"description\":\"Equipe de reportagem do Aconteceu no Vale, portal de not\u00edcias do Vale do Jequitinhonha, em Minas Gerais. Cobrimos as 51 cidades do Vale desde 2013. Sugest\u00f5es de pauta e pedidos de corre\u00e7\u00e3o: contato@aconteceunovale.com.br\",\"url\":\"https:\\\/\\\/aconteceunovale.com.br\\\/portal\\\/?author=4\"}]}<\/script>\n<!-- \/ Yoast SEO plugin. -->","yoast_head_json":{"title":"Grupo criminoso suspeito de latroc\u00ednio de caminhoneiro \u00e9 desarticulado - Aconteceu no Vale","robots":{"index":"index","follow":"follow","max-snippet":"max-snippet:-1","max-image-preview":"max-image-preview:large","max-video-preview":"max-video-preview:-1"},"canonical":"https:\/\/aconteceunovale.com.br\/portal\/?p=189167","og_locale":"pt_BR","og_type":"article","og_title":"Grupo criminoso suspeito de latroc\u00ednio de caminhoneiro \u00e9 desarticulado - Aconteceu no Vale","og_description":"A Pol\u00edcia Civil de Minas Gerais (PCMG) concluiu que um caminhoneiro, de 58 anos, natural de Governador Valadares, na regi\u00e3o do Rio Doce, que estava desaparecido desde o dia 28 de mar\u00e7o deste ano, foi v\u00edtima de latroc\u00ednio \u2014 roubo seguido de morte \u2014 ap\u00f3s ser abordado em Sabar\u00e1, Regi\u00e3o Metropolitana de Belo Horizonte (RMBH), [&hellip;]","og_url":"https:\/\/aconteceunovale.com.br\/portal\/?p=189167","og_site_name":"Aconteceu no Vale","article_publisher":"https:\/\/www.facebook.com\/aconteceunovale\/","article_published_time":"2022-06-03T11:03:13+00:00","article_modified_time":"2022-06-03T11:03:28+00:00","og_image":[{"width":678,"height":407,"url":"https:\/\/aconteceunovale.com.br\/portal\/wp-content\/uploads\/2022\/06\/latrocinio_leste_de_minas.jpeg","type":"image\/jpeg"}],"author":"Reda\u00e7\u00e3o Aconteceu no Vale","twitter_card":"summary_large_image","twitter_creator":"@noticiadosvales","twitter_site":"@noticiadosvales","twitter_misc":{"Escrito por":"Reda\u00e7\u00e3o Aconteceu no Vale","Est. tempo de leitura":"4 minutos"},"schema":{"@context":"https:\/\/schema.org","@graph":[{"@type":"Article","@id":"https:\/\/aconteceunovale.com.br\/portal\/?p=189167#article","isPartOf":{"@id":"https:\/\/aconteceunovale.com.br\/portal\/?p=189167"},"author":{"name":"Reda\u00e7\u00e3o Aconteceu no Vale","@id":"https:\/\/aconteceunovale.com.br\/portal\/#\/schema\/person\/7d2f26d1483f8a63de73da1ee0754d35"},"headline":"Grupo criminoso suspeito de latroc\u00ednio de caminhoneiro \u00e9 desarticulado","datePublished":"2022-06-03T11:03:13+00:00","dateModified":"2022-06-03T11:03:28+00:00","mainEntityOfPage":{"@id":"https:\/\/aconteceunovale.com.br\/portal\/?p=189167"},"wordCount":898,"commentCount":0,"image":{"@id":"https:\/\/aconteceunovale.com.br\/portal\/?p=189167#primaryimage"},"thumbnailUrl":"https:\/\/aconteceunovale.com.br\/portal\/wp-content\/uploads\/2022\/06\/latrocinio_leste_de_minas.jpeg","keywords":["destaque","Governador Valadares","Grupo criminoso suspeito de latroc\u00ednio de caminhoneiro \u00e9 desarticulado","Leste de Minas","PCMG","RMBH","Sabar\u00e1","Vale do Rio Doce"],"articleSection":["Leste de Minas","Minas Gerais"],"inLanguage":"pt-BR","potentialAction":[{"@type":"CommentAction","name":"Comment","target":["https:\/\/aconteceunovale.com.br\/portal\/?p=189167#respond"]}]},{"@type":"WebPage","@id":"https:\/\/aconteceunovale.com.br\/portal\/?p=189167","url":"https:\/\/aconteceunovale.com.br\/portal\/?p=189167","name":"Grupo criminoso suspeito de latroc\u00ednio de caminhoneiro \u00e9 desarticulado - Aconteceu no Vale","isPartOf":{"@id":"https:\/\/aconteceunovale.com.br\/portal\/#website"},"primaryImageOfPage":{"@id":"https:\/\/aconteceunovale.com.br\/portal\/?p=189167#primaryimage"},"image":{"@id":"https:\/\/aconteceunovale.com.br\/portal\/?p=189167#primaryimage"},"thumbnailUrl":"https:\/\/aconteceunovale.com.br\/portal\/wp-content\/uploads\/2022\/06\/latrocinio_leste_de_minas.jpeg","datePublished":"2022-06-03T11:03:13+00:00","dateModified":"2022-06-03T11:03:28+00:00","author":{"@id":"https:\/\/aconteceunovale.com.br\/portal\/#\/schema\/person\/7d2f26d1483f8a63de73da1ee0754d35"},"breadcrumb":{"@id":"https:\/\/aconteceunovale.com.br\/portal\/?p=189167#breadcrumb"},"inLanguage":"pt-BR","potentialAction":[{"@type":"ReadAction","target":["https:\/\/aconteceunovale.com.br\/portal\/?p=189167"]}]},{"@type":"ImageObject","inLanguage":"pt-BR","@id":"https:\/\/aconteceunovale.com.br\/portal\/?p=189167#primaryimage","url":"https:\/\/aconteceunovale.com.br\/portal\/wp-content\/uploads\/2022\/06\/latrocinio_leste_de_minas.jpeg","contentUrl":"https:\/\/aconteceunovale.com.br\/portal\/wp-content\/uploads\/2022\/06\/latrocinio_leste_de_minas.jpeg","width":678,"height":407},{"@type":"BreadcrumbList","@id":"https:\/\/aconteceunovale.com.br\/portal\/?p=189167#breadcrumb","itemListElement":[{"@type":"ListItem","position":1,"name":"In\u00edcio","item":"https:\/\/aconteceunovale.com.br\/portal\/"},{"@type":"ListItem","position":2,"name":"Grupo criminoso suspeito de latroc\u00ednio de caminhoneiro \u00e9 desarticulado"}]},{"@type":"WebSite","@id":"https:\/\/aconteceunovale.com.br\/portal\/#website","url":"https:\/\/aconteceunovale.com.br\/portal\/","name":"Aconteceu no Vale","description":"Portal de Not\u00edcias","potentialAction":[{"@type":"SearchAction","target":{"@type":"EntryPoint","urlTemplate":"https:\/\/aconteceunovale.com.br\/portal\/?s={search_term_string}"},"query-input":{"@type":"PropertyValueSpecification","valueRequired":true,"valueName":"search_term_string"}}],"inLanguage":"pt-BR"},{"@type":"Person","@id":"https:\/\/aconteceunovale.com.br\/portal\/#\/schema\/person\/7d2f26d1483f8a63de73da1ee0754d35","name":"Reda\u00e7\u00e3o Aconteceu no Vale","description":"Equipe de reportagem do Aconteceu no Vale, portal de not\u00edcias do Vale do Jequitinhonha, em Minas Gerais. Cobrimos as 51 cidades do Vale desde 2013. Sugest\u00f5es de pauta e pedidos de corre\u00e7\u00e3o: contato@aconteceunovale.com.br","url":"https:\/\/aconteceunovale.com.br\/portal\/?author=4"}]}},"_links":{"self":[{"href":"https:\/\/aconteceunovale.com.br\/portal\/index.php?rest_route=\/wp\/v2\/posts\/189167","targetHints":{"allow":["GET"]}}],"collection":[{"href":"https:\/\/aconteceunovale.com.br\/portal\/index.php?rest_route=\/wp\/v2\/posts"}],"about":[{"href":"https:\/\/aconteceunovale.com.br\/portal\/index.php?rest_route=\/wp\/v2\/types\/post"}],"author":[{"embeddable":true,"href":"https:\/\/aconteceunovale.com.br\/portal\/index.php?rest_route=\/wp\/v2\/users\/4"}],"replies":[{"embeddable":true,"href":"https:\/\/aconteceunovale.com.br\/portal\/index.php?rest_route=%2Fwp%2Fv2%2Fcomments&post=189167"}],"version-history":[{"count":1,"href":"https:\/\/aconteceunovale.com.br\/portal\/index.php?rest_route=\/wp\/v2\/posts\/189167\/revisions"}],"predecessor-version":[{"id":189169,"href":"https:\/\/aconteceunovale.com.br\/portal\/index.php?rest_route=\/wp\/v2\/posts\/189167\/revisions\/189169"}],"wp:featuredmedia":[{"embeddable":true,"href":"https:\/\/aconteceunovale.com.br\/portal\/index.php?rest_route=\/wp\/v2\/media\/189168"}],"wp:attachment":[{"href":"https:\/\/aconteceunovale.com.br\/portal\/index.php?rest_route=%2Fwp%2Fv2%2Fmedia&parent=189167"}],"wp:term":[{"taxonomy":"category","embeddable":true,"href":"https:\/\/aconteceunovale.com.br\/portal\/index.php?rest_route=%2Fwp%2Fv2%2Fcategories&post=189167"},{"taxonomy":"post_tag","embeddable":true,"href":"https:\/\/aconteceunovale.com.br\/portal\/index.php?rest_route=%2Fwp%2Fv2%2Ftags&post=189167"}],"curies":[{"name":"wp","href":"https:\/\/api.w.org\/{rel}","templated":true}]}}