{"id":189162,"date":"2022-06-03T07:47:01","date_gmt":"2022-06-03T10:47:01","guid":{"rendered":"https:\/\/aconteceunovale.com.br\/portal\/?p=189162"},"modified":"2022-06-03T07:47:37","modified_gmt":"2022-06-03T10:47:37","slug":"prazo-para-aderir-a-parcelamento-especial-do-simples-acaba-hoje","status":"publish","type":"post","link":"https:\/\/aconteceunovale.com.br\/portal\/?p=189162","title":{"rendered":"Prazo para aderir a parcelamento especial do Simples Nacional acaba hoje"},"content":{"rendered":"\n<p class=\"wp-block-paragraph\">As micro e pequenas empresas e os microempreendedores individuais (MEI) t\u00eam at\u00e9\u00a0hoje\u00a0(3) para pedir a ades\u00e3o ao Programa de Reescalonamento do Pagamento de D\u00e9bitos no \u00c2mbito do Simples Nacional (Relp). O programa pretende ajudar pequenos neg\u00f3cios afetados pela pandemia de covid-19.<\/p>\n\n\n\n<p class=\"wp-block-paragraph\">Podem ser parceladas pelo Relp todas as d\u00edvidas apuradas pelo Simples Nacional at\u00e9 o m\u00eas&nbsp;de fevereiro&nbsp;de 2022. A ades\u00e3o pode ser feita pelo&nbsp;<a href=\"https:\/\/cav.receita.fazenda.gov.br\/autenticacao\/login\" target=\"_blank\" rel=\"noreferrer noopener\">Centro Virtual de Atendimento<\/a>&nbsp;ao Contribuinte da Receita Federal (e-CAC)&nbsp; ou pelo&nbsp;<a href=\"http:\/\/www8.receita.fazenda.gov.br\/simplesnacional\/\" target=\"_blank\" rel=\"noreferrer noopener\">Portal do Simples<\/a>&nbsp;Nacional.<\/p>\n\n\n\n<p class=\"wp-block-paragraph\">Por meio do Relp, as micro e pequenas empresas e os microempreendedores individuais afetados pela pandemia de covid-19 podem renegociar d\u00edvidas em at\u00e9 15 anos. O parcelamento prev\u00ea descontos de at\u00e9 90% nas multas e nos juros de mora e de at\u00e9 100% dos encargos legais. Tamb\u00e9m haver\u00e1 desconto na parcela de entrada proporcional \u00e0 perda de faturamento&nbsp;de mar\u00e7o a dezembro de 2020 em rela\u00e7\u00e3o ao mesmo per\u00edodo de 2019. Quem foi mais afetado pagar\u00e1 menos.<\/p>\n\n\n\n<h2 class=\"wp-block-heading\">Adiamentos<\/h2>\n\n\n\n<p class=\"wp-block-paragraph\">O prazo de ades\u00e3o foi prorrogado quatro vezes. Originalmente, a data limite iria at\u00e9 o fim\u00a0de janeiro. Atrasos da defini\u00e7\u00e3o de uma fonte de recursos para custear o programa provocaram sucessivos adiamentos. O\u00a0prazo para pedir o parcelamento\u00a0passou para\u00a031 de mar\u00e7o,\u00a030 de abril\u00a0e\u00a031 de maio.<\/p>\n\n\n\n<p class=\"wp-block-paragraph\">Na \u00faltima\u00a0ter\u00e7a-feira (31), quando acabaria o prazo de ades\u00e3o, o Comit\u00ea Gestor do Simples Nacional decidiu\u00a0adiar a data\u00a0para o fim desta semana. A instru\u00e7\u00e3o normativa com a prorroga\u00e7\u00e3o foi publicada em edi\u00e7\u00e3o extra do\u00a0<em>Di\u00e1rio Oficial da Uni\u00e3o<\/em>.<\/p>\n\n\n\n<p class=\"wp-block-paragraph\">Vetada pelo presidente\u00a0Jair Bolsonaro no in\u00edcio do ano, a renegocia\u00e7\u00e3o especial de d\u00e9bitos com o Simples Nacional foi\u00a0restabelecida\u00a0pelo Congresso, que\u00a0derrubou o veto\u00a0no in\u00edcio\u00a0de mar\u00e7o. Alguns dias depois, o\u00a0<em>Di\u00e1rio Oficial da Uni\u00e3o<\/em>\u00a0publicou a lei complementar que estabeleceu o Relp.<\/p>\n\n\n\n<p class=\"wp-block-paragraph\">Apesar da publica\u00e7\u00e3o da lei, a ades\u00e3o s\u00f3 come\u00e7ou no fim\u00a0de abril, quando a Receita Federal publicou a instru\u00e7\u00e3o normativa com a\u00a0regulamenta\u00e7\u00e3o do Relp. Atrasos na implanta\u00e7\u00e3o do sistema e a demora na defini\u00e7\u00e3o de uma fonte de recursos para custear o programa foram os respons\u00e1veis. Sem aumentar outros impostos ou cortar gastos, o Relp n\u00e3o poderia sair do papel.<\/p>\n\n\n\n<p class=\"wp-block-paragraph\">Para evitar perda de arrecada\u00e7\u00e3o, o governo editou, no fim\u00a0de abril,\u00a0<a rel=\"noreferrer noopener\" href=\"https:\/\/www.in.gov.br\/en\/web\/dou\/-\/medida-provisoria-n-1.115-de-28-de-abril-2022-396063960\" target=\"_blank\">medida provis\u00f3ria<\/a>\u00a0que aumenta a Contribui\u00e7\u00e3o Social sobre o Lucro L\u00edquido (CSLL) das institui\u00e7\u00f5es financeiras. A al\u00edquota dos bancos subiu de 20% para 21% at\u00e9\u00a031 de dezembro. Para as demais institui\u00e7\u00f5es, o imposto aumentou de 15% para 16%, tamb\u00e9m at\u00e9 o fim\u00a0de dezembro.<\/p>\n\n\n\n<p class=\"wp-block-paragraph\">&#8212;&#8212;&#8212;&#8212;&#8212;&#8212;<br><br><strong>Sabia que o Aconteceu no Vale est\u00e1 tamb\u00e9m no Telegram? <a rel=\"noreferrer noopener\" href=\"https:\/\/t.me\/aconteceunovaleoficial\" target=\"_blank\">Inscreva-se no canal<\/a>.<\/strong><br><br><strong>J\u00e1 curtiu ou seguiu nossas p\u00e1ginas nas redes sociais?\u00a0Receba as not\u00edcias em primeira m\u00e3o:<\/strong><br>\u2022 <a rel=\"noreferrer noopener\" href=\"https:\/\/news.google.com\/publications\/CAAqBwgKMNjklQswi4etAw?hl=pt-BR&amp;gl=BR&amp;ceid=BR%3Apt-419\" target=\"_blank\">Google News<\/a><br>\u2022 <a rel=\"noreferrer noopener\" href=\"https:\/\/www.facebook.com\/aconteceunovale\/\" target=\"_blank\">Facebook<\/a><br>\u2022 <a rel=\"noreferrer noopener\" href=\"https:\/\/twitter.com\/noticiadosvales\" target=\"_blank\">Twitter<\/a><br>\u2022 <a rel=\"noreferrer noopener\" href=\"https:\/\/www.instagram.com\/aconteceunovale\" target=\"_blank\">Instagram<\/a><br>\u2022 <a rel=\"noreferrer noopener\" href=\"https:\/\/www.youtube.com\/AconteceunoValeOficial\" target=\"_blank\">Youtube<\/a><br>\u2022 <a rel=\"noreferrer noopener\" href=\"https:\/\/www.tiktok.com\/@aconteceunovale\" target=\"_blank\">TikTok<\/a><\/p>\n","protected":false},"excerpt":{"rendered":"<p>As micro e pequenas empresas e os microempreendedores individuais (MEI) t\u00eam at\u00e9\u00a0hoje\u00a0(3) para pedir a ades\u00e3o ao Programa de Reescalonamento do Pagamento de D\u00e9bitos no \u00c2mbito do Simples Nacional (Relp). O programa pretende ajudar pequenos neg\u00f3cios afetados pela pandemia de covid-19. Podem ser parceladas pelo Relp todas as d\u00edvidas apuradas pelo Simples Nacional at\u00e9 o [&hellip;]<\/p>\n","protected":false},"author":4,"featured_media":155573,"comment_status":"open","ping_status":"closed","sticky":false,"template":"","format":"standard","meta":{"amp_status":"","footnotes":""},"categories":[6],"tags":[1018,259999,260685,1464,261001,28130],"class_list":["post-189162","post","type-post","status-publish","format-standard","has-post-thumbnail","hentry","category-br","tag-destaque","tag-parcelamento-do-simples-nacional","tag-parcelamento-especial-do-simples-nacional","tag-receita-federal","tag-receita-federal-abre-prazo-de-adesao-a-parcelamento-especial-do-simples-nacional","tag-simples-nacional"],"yoast_head":"<!-- This site is optimized with the Yoast SEO plugin v28.3 - https:\/\/yoast.com\/product\/yoast-seo-wordpress\/ -->\n<title>Prazo para aderir a parcelamento especial do Simples Nacional acaba hoje - Aconteceu no Vale<\/title>\n<meta name=\"robots\" content=\"index, follow, max-snippet:-1, max-image-preview:large, max-video-preview:-1\" \/>\n<link rel=\"canonical\" href=\"https:\/\/aconteceunovale.com.br\/portal\/?p=189162\" \/>\n<meta property=\"og:locale\" content=\"pt_BR\" \/>\n<meta property=\"og:type\" content=\"article\" \/>\n<meta property=\"og:title\" content=\"Prazo para aderir a parcelamento especial do Simples Nacional acaba hoje - Aconteceu no Vale\" \/>\n<meta property=\"og:description\" content=\"As micro e pequenas empresas e os microempreendedores individuais (MEI) t\u00eam at\u00e9\u00a0hoje\u00a0(3) para pedir a ades\u00e3o ao Programa de Reescalonamento do Pagamento de D\u00e9bitos no \u00c2mbito do Simples Nacional (Relp). O programa pretende ajudar pequenos neg\u00f3cios afetados pela pandemia de covid-19. Podem ser parceladas pelo Relp todas as d\u00edvidas apuradas pelo Simples Nacional at\u00e9 o [&hellip;]\" \/>\n<meta property=\"og:url\" content=\"https:\/\/aconteceunovale.com.br\/portal\/?p=189162\" \/>\n<meta property=\"og:site_name\" content=\"Aconteceu no Vale\" \/>\n<meta property=\"article:publisher\" content=\"https:\/\/www.facebook.com\/aconteceunovale\/\" \/>\n<meta property=\"article:published_time\" content=\"2022-06-03T10:47:01+00:00\" \/>\n<meta property=\"article:modified_time\" content=\"2022-06-03T10:47:37+00:00\" \/>\n<meta property=\"og:image\" content=\"https:\/\/aconteceunovale.com.br\/portal\/wp-content\/uploads\/2019\/12\/simples_nacional.jpg\" \/>\n\t<meta property=\"og:image:width\" content=\"616\" \/>\n\t<meta property=\"og:image:height\" content=\"450\" \/>\n\t<meta property=\"og:image:type\" content=\"image\/jpeg\" \/>\n<meta name=\"author\" content=\"Reda\u00e7\u00e3o Aconteceu no Vale\" \/>\n<meta name=\"twitter:card\" content=\"summary_large_image\" \/>\n<meta name=\"twitter:creator\" content=\"@noticiadosvales\" \/>\n<meta name=\"twitter:site\" content=\"@noticiadosvales\" \/>\n<meta name=\"twitter:label1\" content=\"Escrito por\" \/>\n\t<meta name=\"twitter:data1\" content=\"Reda\u00e7\u00e3o Aconteceu no Vale\" \/>\n\t<meta name=\"twitter:label2\" content=\"Est. tempo de leitura\" \/>\n\t<meta name=\"twitter:data2\" content=\"2 minutos\" \/>\n<script type=\"application\/ld+json\" class=\"yoast-schema-graph\">{\"@context\":\"https:\\\/\\\/schema.org\",\"@graph\":[{\"@type\":\"Article\",\"@id\":\"https:\\\/\\\/aconteceunovale.com.br\\\/portal\\\/?p=189162#article\",\"isPartOf\":{\"@id\":\"https:\\\/\\\/aconteceunovale.com.br\\\/portal\\\/?p=189162\"},\"author\":{\"name\":\"Reda\u00e7\u00e3o Aconteceu no Vale\",\"@id\":\"https:\\\/\\\/aconteceunovale.com.br\\\/portal\\\/#\\\/schema\\\/person\\\/7d2f26d1483f8a63de73da1ee0754d35\"},\"headline\":\"Prazo para aderir a parcelamento especial do Simples Nacional acaba hoje\",\"datePublished\":\"2022-06-03T10:47:01+00:00\",\"dateModified\":\"2022-06-03T10:47:37+00:00\",\"mainEntityOfPage\":{\"@id\":\"https:\\\/\\\/aconteceunovale.com.br\\\/portal\\\/?p=189162\"},\"wordCount\":507,\"commentCount\":0,\"image\":{\"@id\":\"https:\\\/\\\/aconteceunovale.com.br\\\/portal\\\/?p=189162#primaryimage\"},\"thumbnailUrl\":\"https:\\\/\\\/aconteceunovale.com.br\\\/portal\\\/wp-content\\\/uploads\\\/2019\\\/12\\\/simples_nacional.jpg\",\"keywords\":[\"destaque\",\"Parcelamento do Simples Nacional\",\"Parcelamento especial do Simples Nacional\",\"receita federal\",\"Receita Federal abre prazo de ades\u00e3o a parcelamento especial do Simples Nacional\",\"Simples Nacional\"],\"articleSection\":[\"Brasil\"],\"inLanguage\":\"pt-BR\",\"potentialAction\":[{\"@type\":\"CommentAction\",\"name\":\"Comment\",\"target\":[\"https:\\\/\\\/aconteceunovale.com.br\\\/portal\\\/?p=189162#respond\"]}]},{\"@type\":\"WebPage\",\"@id\":\"https:\\\/\\\/aconteceunovale.com.br\\\/portal\\\/?p=189162\",\"url\":\"https:\\\/\\\/aconteceunovale.com.br\\\/portal\\\/?p=189162\",\"name\":\"Prazo para aderir a parcelamento especial do Simples Nacional acaba hoje - Aconteceu no Vale\",\"isPartOf\":{\"@id\":\"https:\\\/\\\/aconteceunovale.com.br\\\/portal\\\/#website\"},\"primaryImageOfPage\":{\"@id\":\"https:\\\/\\\/aconteceunovale.com.br\\\/portal\\\/?p=189162#primaryimage\"},\"image\":{\"@id\":\"https:\\\/\\\/aconteceunovale.com.br\\\/portal\\\/?p=189162#primaryimage\"},\"thumbnailUrl\":\"https:\\\/\\\/aconteceunovale.com.br\\\/portal\\\/wp-content\\\/uploads\\\/2019\\\/12\\\/simples_nacional.jpg\",\"datePublished\":\"2022-06-03T10:47:01+00:00\",\"dateModified\":\"2022-06-03T10:47:37+00:00\",\"author\":{\"@id\":\"https:\\\/\\\/aconteceunovale.com.br\\\/portal\\\/#\\\/schema\\\/person\\\/7d2f26d1483f8a63de73da1ee0754d35\"},\"breadcrumb\":{\"@id\":\"https:\\\/\\\/aconteceunovale.com.br\\\/portal\\\/?p=189162#breadcrumb\"},\"inLanguage\":\"pt-BR\",\"potentialAction\":[{\"@type\":\"ReadAction\",\"target\":[\"https:\\\/\\\/aconteceunovale.com.br\\\/portal\\\/?p=189162\"]}]},{\"@type\":\"ImageObject\",\"inLanguage\":\"pt-BR\",\"@id\":\"https:\\\/\\\/aconteceunovale.com.br\\\/portal\\\/?p=189162#primaryimage\",\"url\":\"https:\\\/\\\/aconteceunovale.com.br\\\/portal\\\/wp-content\\\/uploads\\\/2019\\\/12\\\/simples_nacional.jpg\",\"contentUrl\":\"https:\\\/\\\/aconteceunovale.com.br\\\/portal\\\/wp-content\\\/uploads\\\/2019\\\/12\\\/simples_nacional.jpg\",\"width\":616,\"height\":450},{\"@type\":\"BreadcrumbList\",\"@id\":\"https:\\\/\\\/aconteceunovale.com.br\\\/portal\\\/?p=189162#breadcrumb\",\"itemListElement\":[{\"@type\":\"ListItem\",\"position\":1,\"name\":\"In\u00edcio\",\"item\":\"https:\\\/\\\/aconteceunovale.com.br\\\/portal\\\/\"},{\"@type\":\"ListItem\",\"position\":2,\"name\":\"Prazo para aderir a parcelamento especial do Simples Nacional acaba hoje\"}]},{\"@type\":\"WebSite\",\"@id\":\"https:\\\/\\\/aconteceunovale.com.br\\\/portal\\\/#website\",\"url\":\"https:\\\/\\\/aconteceunovale.com.br\\\/portal\\\/\",\"name\":\"Aconteceu no Vale\",\"description\":\"Portal de Not\u00edcias\",\"potentialAction\":[{\"@type\":\"SearchAction\",\"target\":{\"@type\":\"EntryPoint\",\"urlTemplate\":\"https:\\\/\\\/aconteceunovale.com.br\\\/portal\\\/?s={search_term_string}\"},\"query-input\":{\"@type\":\"PropertyValueSpecification\",\"valueRequired\":true,\"valueName\":\"search_term_string\"}}],\"inLanguage\":\"pt-BR\"},{\"@type\":\"Person\",\"@id\":\"https:\\\/\\\/aconteceunovale.com.br\\\/portal\\\/#\\\/schema\\\/person\\\/7d2f26d1483f8a63de73da1ee0754d35\",\"name\":\"Reda\u00e7\u00e3o Aconteceu no Vale\",\"description\":\"Equipe de reportagem do Aconteceu no Vale, portal de not\u00edcias do Vale do Jequitinhonha, em Minas Gerais. Cobrimos as 51 cidades do Vale desde 2013. Sugest\u00f5es de pauta e pedidos de corre\u00e7\u00e3o: contato@aconteceunovale.com.br\",\"url\":\"https:\\\/\\\/aconteceunovale.com.br\\\/portal\\\/?author=4\"}]}<\/script>\n<!-- \/ Yoast SEO plugin. -->","yoast_head_json":{"title":"Prazo para aderir a parcelamento especial do Simples Nacional acaba hoje - Aconteceu no Vale","robots":{"index":"index","follow":"follow","max-snippet":"max-snippet:-1","max-image-preview":"max-image-preview:large","max-video-preview":"max-video-preview:-1"},"canonical":"https:\/\/aconteceunovale.com.br\/portal\/?p=189162","og_locale":"pt_BR","og_type":"article","og_title":"Prazo para aderir a parcelamento especial do Simples Nacional acaba hoje - Aconteceu no Vale","og_description":"As micro e pequenas empresas e os microempreendedores individuais (MEI) t\u00eam at\u00e9\u00a0hoje\u00a0(3) para pedir a ades\u00e3o ao Programa de Reescalonamento do Pagamento de D\u00e9bitos no \u00c2mbito do Simples Nacional (Relp). O programa pretende ajudar pequenos neg\u00f3cios afetados pela pandemia de covid-19. Podem ser parceladas pelo Relp todas as d\u00edvidas apuradas pelo Simples Nacional at\u00e9 o [&hellip;]","og_url":"https:\/\/aconteceunovale.com.br\/portal\/?p=189162","og_site_name":"Aconteceu no Vale","article_publisher":"https:\/\/www.facebook.com\/aconteceunovale\/","article_published_time":"2022-06-03T10:47:01+00:00","article_modified_time":"2022-06-03T10:47:37+00:00","og_image":[{"width":616,"height":450,"url":"https:\/\/aconteceunovale.com.br\/portal\/wp-content\/uploads\/2019\/12\/simples_nacional.jpg","type":"image\/jpeg"}],"author":"Reda\u00e7\u00e3o Aconteceu no Vale","twitter_card":"summary_large_image","twitter_creator":"@noticiadosvales","twitter_site":"@noticiadosvales","twitter_misc":{"Escrito por":"Reda\u00e7\u00e3o Aconteceu no Vale","Est. tempo de leitura":"2 minutos"},"schema":{"@context":"https:\/\/schema.org","@graph":[{"@type":"Article","@id":"https:\/\/aconteceunovale.com.br\/portal\/?p=189162#article","isPartOf":{"@id":"https:\/\/aconteceunovale.com.br\/portal\/?p=189162"},"author":{"name":"Reda\u00e7\u00e3o Aconteceu no Vale","@id":"https:\/\/aconteceunovale.com.br\/portal\/#\/schema\/person\/7d2f26d1483f8a63de73da1ee0754d35"},"headline":"Prazo para aderir a parcelamento especial do Simples Nacional acaba hoje","datePublished":"2022-06-03T10:47:01+00:00","dateModified":"2022-06-03T10:47:37+00:00","mainEntityOfPage":{"@id":"https:\/\/aconteceunovale.com.br\/portal\/?p=189162"},"wordCount":507,"commentCount":0,"image":{"@id":"https:\/\/aconteceunovale.com.br\/portal\/?p=189162#primaryimage"},"thumbnailUrl":"https:\/\/aconteceunovale.com.br\/portal\/wp-content\/uploads\/2019\/12\/simples_nacional.jpg","keywords":["destaque","Parcelamento do Simples Nacional","Parcelamento especial do Simples Nacional","receita federal","Receita Federal abre prazo de ades\u00e3o a parcelamento especial do Simples Nacional","Simples Nacional"],"articleSection":["Brasil"],"inLanguage":"pt-BR","potentialAction":[{"@type":"CommentAction","name":"Comment","target":["https:\/\/aconteceunovale.com.br\/portal\/?p=189162#respond"]}]},{"@type":"WebPage","@id":"https:\/\/aconteceunovale.com.br\/portal\/?p=189162","url":"https:\/\/aconteceunovale.com.br\/portal\/?p=189162","name":"Prazo para aderir a parcelamento especial do Simples Nacional acaba hoje - Aconteceu no Vale","isPartOf":{"@id":"https:\/\/aconteceunovale.com.br\/portal\/#website"},"primaryImageOfPage":{"@id":"https:\/\/aconteceunovale.com.br\/portal\/?p=189162#primaryimage"},"image":{"@id":"https:\/\/aconteceunovale.com.br\/portal\/?p=189162#primaryimage"},"thumbnailUrl":"https:\/\/aconteceunovale.com.br\/portal\/wp-content\/uploads\/2019\/12\/simples_nacional.jpg","datePublished":"2022-06-03T10:47:01+00:00","dateModified":"2022-06-03T10:47:37+00:00","author":{"@id":"https:\/\/aconteceunovale.com.br\/portal\/#\/schema\/person\/7d2f26d1483f8a63de73da1ee0754d35"},"breadcrumb":{"@id":"https:\/\/aconteceunovale.com.br\/portal\/?p=189162#breadcrumb"},"inLanguage":"pt-BR","potentialAction":[{"@type":"ReadAction","target":["https:\/\/aconteceunovale.com.br\/portal\/?p=189162"]}]},{"@type":"ImageObject","inLanguage":"pt-BR","@id":"https:\/\/aconteceunovale.com.br\/portal\/?p=189162#primaryimage","url":"https:\/\/aconteceunovale.com.br\/portal\/wp-content\/uploads\/2019\/12\/simples_nacional.jpg","contentUrl":"https:\/\/aconteceunovale.com.br\/portal\/wp-content\/uploads\/2019\/12\/simples_nacional.jpg","width":616,"height":450},{"@type":"BreadcrumbList","@id":"https:\/\/aconteceunovale.com.br\/portal\/?p=189162#breadcrumb","itemListElement":[{"@type":"ListItem","position":1,"name":"In\u00edcio","item":"https:\/\/aconteceunovale.com.br\/portal\/"},{"@type":"ListItem","position":2,"name":"Prazo para aderir a parcelamento especial do Simples Nacional acaba hoje"}]},{"@type":"WebSite","@id":"https:\/\/aconteceunovale.com.br\/portal\/#website","url":"https:\/\/aconteceunovale.com.br\/portal\/","name":"Aconteceu no Vale","description":"Portal de Not\u00edcias","potentialAction":[{"@type":"SearchAction","target":{"@type":"EntryPoint","urlTemplate":"https:\/\/aconteceunovale.com.br\/portal\/?s={search_term_string}"},"query-input":{"@type":"PropertyValueSpecification","valueRequired":true,"valueName":"search_term_string"}}],"inLanguage":"pt-BR"},{"@type":"Person","@id":"https:\/\/aconteceunovale.com.br\/portal\/#\/schema\/person\/7d2f26d1483f8a63de73da1ee0754d35","name":"Reda\u00e7\u00e3o Aconteceu no Vale","description":"Equipe de reportagem do Aconteceu no Vale, portal de not\u00edcias do Vale do Jequitinhonha, em Minas Gerais. Cobrimos as 51 cidades do Vale desde 2013. Sugest\u00f5es de pauta e pedidos de corre\u00e7\u00e3o: contato@aconteceunovale.com.br","url":"https:\/\/aconteceunovale.com.br\/portal\/?author=4"}]}},"_links":{"self":[{"href":"https:\/\/aconteceunovale.com.br\/portal\/index.php?rest_route=\/wp\/v2\/posts\/189162","targetHints":{"allow":["GET"]}}],"collection":[{"href":"https:\/\/aconteceunovale.com.br\/portal\/index.php?rest_route=\/wp\/v2\/posts"}],"about":[{"href":"https:\/\/aconteceunovale.com.br\/portal\/index.php?rest_route=\/wp\/v2\/types\/post"}],"author":[{"embeddable":true,"href":"https:\/\/aconteceunovale.com.br\/portal\/index.php?rest_route=\/wp\/v2\/users\/4"}],"replies":[{"embeddable":true,"href":"https:\/\/aconteceunovale.com.br\/portal\/index.php?rest_route=%2Fwp%2Fv2%2Fcomments&post=189162"}],"version-history":[{"count":2,"href":"https:\/\/aconteceunovale.com.br\/portal\/index.php?rest_route=\/wp\/v2\/posts\/189162\/revisions"}],"predecessor-version":[{"id":189164,"href":"https:\/\/aconteceunovale.com.br\/portal\/index.php?rest_route=\/wp\/v2\/posts\/189162\/revisions\/189164"}],"wp:featuredmedia":[{"embeddable":true,"href":"https:\/\/aconteceunovale.com.br\/portal\/index.php?rest_route=\/wp\/v2\/media\/155573"}],"wp:attachment":[{"href":"https:\/\/aconteceunovale.com.br\/portal\/index.php?rest_route=%2Fwp%2Fv2%2Fmedia&parent=189162"}],"wp:term":[{"taxonomy":"category","embeddable":true,"href":"https:\/\/aconteceunovale.com.br\/portal\/index.php?rest_route=%2Fwp%2Fv2%2Fcategories&post=189162"},{"taxonomy":"post_tag","embeddable":true,"href":"https:\/\/aconteceunovale.com.br\/portal\/index.php?rest_route=%2Fwp%2Fv2%2Ftags&post=189162"}],"curies":[{"name":"wp","href":"https:\/\/api.w.org\/{rel}","templated":true}]}}