{"id":189135,"date":"2022-05-30T20:19:31","date_gmt":"2022-05-30T23:19:31","guid":{"rendered":"https:\/\/aconteceunovale.com.br\/portal\/?p=189135"},"modified":"2022-05-30T20:20:48","modified_gmt":"2022-05-30T23:20:48","slug":"brasil-monitora-dois-casos-suspeitos-de-variola-dos-macacos","status":"publish","type":"post","link":"https:\/\/aconteceunovale.com.br\/portal\/?p=189135","title":{"rendered":"Brasil monitora dois casos suspeitos de var\u00edola dos macacos"},"content":{"rendered":"\n<p class=\"wp-block-paragraph\">O Minist\u00e9rio da Sa\u00fade informou nesta\u00a0segunda-feira (30) que recebeu a notifica\u00e7\u00e3o de dois casos suspeitos de var\u00edola dos macacos no Brasil. Um caso suspeito est\u00e1 no Cear\u00e1 e o outro, em Santa Catarina.<\/p>\n\n\n\n<p class=\"wp-block-paragraph\">A pasta afirmou ainda que est\u00e1 em contato com os estados para apoiar o monitoramento e as a\u00e7\u00f5es de vigil\u00e2ncia. Uma terceira pessoa est\u00e1 sendo monitorada no Rio Grande do Sul, mas ainda n\u00e3o foi classificada como suspeita.<\/p>\n\n\n\n<p class=\"wp-block-paragraph\">A\u00a0var\u00edola dos macacos \u00e9 uma doen\u00e7a viral\u00a0end\u00eamica no continente Africano, com transmissibilidade moderada entre humanos. At\u00e9 o momento, n\u00e3o h\u00e1 casos confirmados da doen\u00e7a no pa\u00eds.<\/p>\n\n\n\n<h2 class=\"wp-block-heading\">Monitoramento<\/h2>\n\n\n\n<p class=\"wp-block-paragraph\">Para monitorar o cen\u00e1rio da var\u00edola de macacos no Brasil, o Minist\u00e9rio da Sa\u00fade criou uma sala de situa\u00e7\u00e3o.\u00a0 Al\u00e9m disso, o Minist\u00e9rio da Ci\u00eancia, Tecnologia e Inova\u00e7\u00f5es\u00a0constituiu, em car\u00e1ter\u00a0consultivo, uma C\u00e2mara T\u00e9cnica Tempor\u00e1ria de pesquisa chamada C\u00e2mara Pox MCTI, para acompanhar os desdobramentos cient\u00edficos sobre o v\u00edrus Monkeypox, conhecido como var\u00edola dos macacos. \u00a0<\/p>\n\n\n\n<p class=\"wp-block-paragraph\">A medida de vigil\u00e2ncia cient\u00edfica com consulta a especialistas \u00e9 necess\u00e1ria, segundo o \u00f3rg\u00e3o, diante de casos de infec\u00e7\u00e3o registrados em pa\u00edses como Portugal, Espanha, Reino Unido e Estados Unidos, em maio deste ano.<\/p>\n\n\n\n<p class=\"wp-block-paragraph\">&#8212;&#8212;&#8212;&#8212;&#8212;&#8212;<br><br><strong>Sabia que o Aconteceu no Vale est\u00e1 tamb\u00e9m no Telegram? <a rel=\"noreferrer noopener\" href=\"https:\/\/t.me\/aconteceunovaleoficial\" target=\"_blank\">Inscreva-se no canal<\/a>.<\/strong><br><br><strong>J\u00e1 curtiu ou seguiu nossas p\u00e1ginas nas redes sociais?\u00a0Receba as not\u00edcias em primeira m\u00e3o:<\/strong><br>\u2022 <a rel=\"noreferrer noopener\" href=\"https:\/\/news.google.com\/publications\/CAAqBwgKMNjklQswi4etAw?hl=pt-BR&amp;gl=BR&amp;ceid=BR%3Apt-419\" target=\"_blank\">Google News<\/a><br>\u2022 <a rel=\"noreferrer noopener\" href=\"https:\/\/www.facebook.com\/aconteceunovale\/\" target=\"_blank\">Facebook<\/a><br>\u2022 <a rel=\"noreferrer noopener\" href=\"https:\/\/twitter.com\/noticiadosvales\" target=\"_blank\">Twitter<\/a><br>\u2022 <a rel=\"noreferrer noopener\" href=\"https:\/\/www.instagram.com\/aconteceunovale\" target=\"_blank\">Instagram<\/a><br>\u2022 <a rel=\"noreferrer noopener\" href=\"https:\/\/www.youtube.com\/AconteceunoValeOficial\" target=\"_blank\">Youtube<\/a><br>\u2022 <a rel=\"noreferrer noopener\" href=\"https:\/\/www.tiktok.com\/@aconteceunovale\" target=\"_blank\">TikTok<\/a><\/p>\n","protected":false},"excerpt":{"rendered":"<p>O Minist\u00e9rio da Sa\u00fade informou nesta\u00a0segunda-feira (30) que recebeu a notifica\u00e7\u00e3o de dois casos suspeitos de var\u00edola dos macacos no Brasil. Um caso suspeito est\u00e1 no Cear\u00e1 e o outro, em Santa Catarina. A pasta afirmou ainda que est\u00e1 em contato com os estados para apoiar o monitoramento e as a\u00e7\u00f5es de vigil\u00e2ncia. Uma terceira [&hellip;]<\/p>\n","protected":false},"author":4,"featured_media":189111,"comment_status":"open","ping_status":"closed","sticky":false,"template":"","format":"standard","meta":{"amp_status":"","footnotes":""},"categories":[6,28848,40242],"tags":[261325,261349,261328,261350,261322,1018,261319,261326,261321,43376,261320,261327,261330,261323,261351,261329,261289,261324],"class_list":["post-189135","post","type-post","status-publish","format-standard","has-post-thumbnail","hentry","category-br","category-mundo","category-saude-2","tag-andre-bon","tag-brasil-monitora-dois-casos-suspeitos-de-variola-dos-macacos","tag-casos-da-variola-dos-macacos","tag-casos-suspeitos-de-variola-dos-macacos-no-brasil","tag-dados-sobre-variola-dos-macacos","tag-destaque","tag-entenda-o-que-e-a-variola-dos-macacos","tag-historico-da-variola-dos-macacos","tag-informacoes-sobre-variola-dos-macacos","tag-instituto-butantan","tag-o-que-e-a-variola-dos-macacos","tag-ocorrencia-de-casos-da-variola-dos-macacos","tag-prevencao-da-variola-dos-macacos","tag-sobre-variola-dos-macacos","tag-suspeita-de-variola-dos-macacos-no-brasil","tag-transmissao-da-variola-dos-macacos","tag-variola-dos-macacos","tag-virus-da-variola-dos-macacos"],"yoast_head":"<!-- This site is optimized with the Yoast SEO plugin v28.3 - https:\/\/yoast.com\/product\/yoast-seo-wordpress\/ -->\n<title>Brasil monitora dois casos suspeitos de var\u00edola dos macacos - Aconteceu no Vale<\/title>\n<meta name=\"robots\" content=\"index, follow, max-snippet:-1, max-image-preview:large, max-video-preview:-1\" \/>\n<link rel=\"canonical\" href=\"https:\/\/aconteceunovale.com.br\/portal\/?p=189135\" \/>\n<meta property=\"og:locale\" content=\"pt_BR\" \/>\n<meta property=\"og:type\" content=\"article\" \/>\n<meta property=\"og:title\" content=\"Brasil monitora dois casos suspeitos de var\u00edola dos macacos - Aconteceu no Vale\" \/>\n<meta property=\"og:description\" content=\"O Minist\u00e9rio da Sa\u00fade informou nesta\u00a0segunda-feira (30) que recebeu a notifica\u00e7\u00e3o de dois casos suspeitos de var\u00edola dos macacos no Brasil. Um caso suspeito est\u00e1 no Cear\u00e1 e o outro, em Santa Catarina. A pasta afirmou ainda que est\u00e1 em contato com os estados para apoiar o monitoramento e as a\u00e7\u00f5es de vigil\u00e2ncia. Uma terceira [&hellip;]\" \/>\n<meta property=\"og:url\" content=\"https:\/\/aconteceunovale.com.br\/portal\/?p=189135\" \/>\n<meta property=\"og:site_name\" content=\"Aconteceu no Vale\" \/>\n<meta property=\"article:publisher\" content=\"https:\/\/www.facebook.com\/aconteceunovale\/\" \/>\n<meta property=\"article:published_time\" content=\"2022-05-30T23:19:31+00:00\" \/>\n<meta property=\"article:modified_time\" content=\"2022-05-30T23:20:48+00:00\" \/>\n<meta property=\"og:image\" content=\"https:\/\/aconteceunovale.com.br\/portal\/wp-content\/uploads\/2022\/05\/variola_macacos.jpg\" \/>\n\t<meta property=\"og:image:width\" content=\"678\" \/>\n\t<meta property=\"og:image:height\" content=\"406\" \/>\n\t<meta property=\"og:image:type\" content=\"image\/jpeg\" \/>\n<meta name=\"author\" content=\"Reda\u00e7\u00e3o Aconteceu no Vale\" \/>\n<meta name=\"twitter:card\" content=\"summary_large_image\" \/>\n<meta name=\"twitter:creator\" content=\"@noticiadosvales\" \/>\n<meta name=\"twitter:site\" content=\"@noticiadosvales\" \/>\n<meta name=\"twitter:label1\" content=\"Escrito por\" \/>\n\t<meta name=\"twitter:data1\" content=\"Reda\u00e7\u00e3o Aconteceu no Vale\" \/>\n\t<meta name=\"twitter:label2\" content=\"Est. tempo de leitura\" \/>\n\t<meta name=\"twitter:data2\" content=\"1 minuto\" \/>\n<script type=\"application\/ld+json\" class=\"yoast-schema-graph\">{\"@context\":\"https:\\\/\\\/schema.org\",\"@graph\":[{\"@type\":\"Article\",\"@id\":\"https:\\\/\\\/aconteceunovale.com.br\\\/portal\\\/?p=189135#article\",\"isPartOf\":{\"@id\":\"https:\\\/\\\/aconteceunovale.com.br\\\/portal\\\/?p=189135\"},\"author\":{\"name\":\"Reda\u00e7\u00e3o Aconteceu no Vale\",\"@id\":\"https:\\\/\\\/aconteceunovale.com.br\\\/portal\\\/#\\\/schema\\\/person\\\/7d2f26d1483f8a63de73da1ee0754d35\"},\"headline\":\"Brasil monitora dois casos suspeitos de var\u00edola dos macacos\",\"datePublished\":\"2022-05-30T23:19:31+00:00\",\"dateModified\":\"2022-05-30T23:20:48+00:00\",\"mainEntityOfPage\":{\"@id\":\"https:\\\/\\\/aconteceunovale.com.br\\\/portal\\\/?p=189135\"},\"wordCount\":274,\"commentCount\":0,\"image\":{\"@id\":\"https:\\\/\\\/aconteceunovale.com.br\\\/portal\\\/?p=189135#primaryimage\"},\"thumbnailUrl\":\"https:\\\/\\\/aconteceunovale.com.br\\\/portal\\\/wp-content\\\/uploads\\\/2022\\\/05\\\/variola_macacos.jpg\",\"keywords\":[\"Andr\u00e9 Bon\",\"Brasil monitora dois casos suspeitos de var\u00edola dos macacos\",\"Casos da var\u00edola dos macacos\",\"Casos suspeitos de var\u00edola dos macacos no Brasil\",\"Dados sobre var\u00edola dos macacos\",\"destaque\",\"Entenda o que \u00e9 a var\u00edola dos macacos\",\"Hist\u00f3rico da var\u00edola dos macacos\",\"Informa\u00e7\u00f5es sobre var\u00edola dos macacos\",\"Instituto Butantan\",\"O que \u00e9 a var\u00edola dos macacos\",\"Ocorr\u00eancia de casos da var\u00edola dos macacos\",\"Preven\u00e7\u00e3o da var\u00edola dos macacos\",\"Sobre var\u00edola dos macacos\",\"Suspeita de var\u00edola dos macacos no Brasil\",\"Transmiss\u00e3o da var\u00edola dos macacos\",\"Var\u00edola dos macacos\",\"V\u00edrus da var\u00edola dos macacos\"],\"articleSection\":[\"Brasil\",\"Mundo\",\"Sa\u00fade\"],\"inLanguage\":\"pt-BR\",\"potentialAction\":[{\"@type\":\"CommentAction\",\"name\":\"Comment\",\"target\":[\"https:\\\/\\\/aconteceunovale.com.br\\\/portal\\\/?p=189135#respond\"]}]},{\"@type\":\"WebPage\",\"@id\":\"https:\\\/\\\/aconteceunovale.com.br\\\/portal\\\/?p=189135\",\"url\":\"https:\\\/\\\/aconteceunovale.com.br\\\/portal\\\/?p=189135\",\"name\":\"Brasil monitora dois casos suspeitos de var\u00edola dos macacos - Aconteceu no Vale\",\"isPartOf\":{\"@id\":\"https:\\\/\\\/aconteceunovale.com.br\\\/portal\\\/#website\"},\"primaryImageOfPage\":{\"@id\":\"https:\\\/\\\/aconteceunovale.com.br\\\/portal\\\/?p=189135#primaryimage\"},\"image\":{\"@id\":\"https:\\\/\\\/aconteceunovale.com.br\\\/portal\\\/?p=189135#primaryimage\"},\"thumbnailUrl\":\"https:\\\/\\\/aconteceunovale.com.br\\\/portal\\\/wp-content\\\/uploads\\\/2022\\\/05\\\/variola_macacos.jpg\",\"datePublished\":\"2022-05-30T23:19:31+00:00\",\"dateModified\":\"2022-05-30T23:20:48+00:00\",\"author\":{\"@id\":\"https:\\\/\\\/aconteceunovale.com.br\\\/portal\\\/#\\\/schema\\\/person\\\/7d2f26d1483f8a63de73da1ee0754d35\"},\"breadcrumb\":{\"@id\":\"https:\\\/\\\/aconteceunovale.com.br\\\/portal\\\/?p=189135#breadcrumb\"},\"inLanguage\":\"pt-BR\",\"potentialAction\":[{\"@type\":\"ReadAction\",\"target\":[\"https:\\\/\\\/aconteceunovale.com.br\\\/portal\\\/?p=189135\"]}]},{\"@type\":\"ImageObject\",\"inLanguage\":\"pt-BR\",\"@id\":\"https:\\\/\\\/aconteceunovale.com.br\\\/portal\\\/?p=189135#primaryimage\",\"url\":\"https:\\\/\\\/aconteceunovale.com.br\\\/portal\\\/wp-content\\\/uploads\\\/2022\\\/05\\\/variola_macacos.jpg\",\"contentUrl\":\"https:\\\/\\\/aconteceunovale.com.br\\\/portal\\\/wp-content\\\/uploads\\\/2022\\\/05\\\/variola_macacos.jpg\",\"width\":678,\"height\":406},{\"@type\":\"BreadcrumbList\",\"@id\":\"https:\\\/\\\/aconteceunovale.com.br\\\/portal\\\/?p=189135#breadcrumb\",\"itemListElement\":[{\"@type\":\"ListItem\",\"position\":1,\"name\":\"In\u00edcio\",\"item\":\"https:\\\/\\\/aconteceunovale.com.br\\\/portal\\\/\"},{\"@type\":\"ListItem\",\"position\":2,\"name\":\"Brasil monitora dois casos suspeitos de var\u00edola dos macacos\"}]},{\"@type\":\"WebSite\",\"@id\":\"https:\\\/\\\/aconteceunovale.com.br\\\/portal\\\/#website\",\"url\":\"https:\\\/\\\/aconteceunovale.com.br\\\/portal\\\/\",\"name\":\"Aconteceu no Vale\",\"description\":\"Portal de Not\u00edcias\",\"potentialAction\":[{\"@type\":\"SearchAction\",\"target\":{\"@type\":\"EntryPoint\",\"urlTemplate\":\"https:\\\/\\\/aconteceunovale.com.br\\\/portal\\\/?s={search_term_string}\"},\"query-input\":{\"@type\":\"PropertyValueSpecification\",\"valueRequired\":true,\"valueName\":\"search_term_string\"}}],\"inLanguage\":\"pt-BR\"},{\"@type\":\"Person\",\"@id\":\"https:\\\/\\\/aconteceunovale.com.br\\\/portal\\\/#\\\/schema\\\/person\\\/7d2f26d1483f8a63de73da1ee0754d35\",\"name\":\"Reda\u00e7\u00e3o Aconteceu no Vale\",\"description\":\"Equipe de reportagem do Aconteceu no Vale, portal de not\u00edcias do Vale do Jequitinhonha, em Minas Gerais. Cobrimos as 51 cidades do Vale desde 2013. Sugest\u00f5es de pauta e pedidos de corre\u00e7\u00e3o: contato@aconteceunovale.com.br\",\"url\":\"https:\\\/\\\/aconteceunovale.com.br\\\/portal\\\/?author=4\"}]}<\/script>\n<!-- \/ Yoast SEO plugin. -->","yoast_head_json":{"title":"Brasil monitora dois casos suspeitos de var\u00edola dos macacos - Aconteceu no Vale","robots":{"index":"index","follow":"follow","max-snippet":"max-snippet:-1","max-image-preview":"max-image-preview:large","max-video-preview":"max-video-preview:-1"},"canonical":"https:\/\/aconteceunovale.com.br\/portal\/?p=189135","og_locale":"pt_BR","og_type":"article","og_title":"Brasil monitora dois casos suspeitos de var\u00edola dos macacos - Aconteceu no Vale","og_description":"O Minist\u00e9rio da Sa\u00fade informou nesta\u00a0segunda-feira (30) que recebeu a notifica\u00e7\u00e3o de dois casos suspeitos de var\u00edola dos macacos no Brasil. Um caso suspeito est\u00e1 no Cear\u00e1 e o outro, em Santa Catarina. A pasta afirmou ainda que est\u00e1 em contato com os estados para apoiar o monitoramento e as a\u00e7\u00f5es de vigil\u00e2ncia. Uma terceira [&hellip;]","og_url":"https:\/\/aconteceunovale.com.br\/portal\/?p=189135","og_site_name":"Aconteceu no Vale","article_publisher":"https:\/\/www.facebook.com\/aconteceunovale\/","article_published_time":"2022-05-30T23:19:31+00:00","article_modified_time":"2022-05-30T23:20:48+00:00","og_image":[{"width":678,"height":406,"url":"https:\/\/aconteceunovale.com.br\/portal\/wp-content\/uploads\/2022\/05\/variola_macacos.jpg","type":"image\/jpeg"}],"author":"Reda\u00e7\u00e3o Aconteceu no Vale","twitter_card":"summary_large_image","twitter_creator":"@noticiadosvales","twitter_site":"@noticiadosvales","twitter_misc":{"Escrito por":"Reda\u00e7\u00e3o Aconteceu no Vale","Est. tempo de leitura":"1 minuto"},"schema":{"@context":"https:\/\/schema.org","@graph":[{"@type":"Article","@id":"https:\/\/aconteceunovale.com.br\/portal\/?p=189135#article","isPartOf":{"@id":"https:\/\/aconteceunovale.com.br\/portal\/?p=189135"},"author":{"name":"Reda\u00e7\u00e3o Aconteceu no Vale","@id":"https:\/\/aconteceunovale.com.br\/portal\/#\/schema\/person\/7d2f26d1483f8a63de73da1ee0754d35"},"headline":"Brasil monitora dois casos suspeitos de var\u00edola dos macacos","datePublished":"2022-05-30T23:19:31+00:00","dateModified":"2022-05-30T23:20:48+00:00","mainEntityOfPage":{"@id":"https:\/\/aconteceunovale.com.br\/portal\/?p=189135"},"wordCount":274,"commentCount":0,"image":{"@id":"https:\/\/aconteceunovale.com.br\/portal\/?p=189135#primaryimage"},"thumbnailUrl":"https:\/\/aconteceunovale.com.br\/portal\/wp-content\/uploads\/2022\/05\/variola_macacos.jpg","keywords":["Andr\u00e9 Bon","Brasil monitora dois casos suspeitos de var\u00edola dos macacos","Casos da var\u00edola dos macacos","Casos suspeitos de var\u00edola dos macacos no Brasil","Dados sobre var\u00edola dos macacos","destaque","Entenda o que \u00e9 a var\u00edola dos macacos","Hist\u00f3rico da var\u00edola dos macacos","Informa\u00e7\u00f5es sobre var\u00edola dos macacos","Instituto Butantan","O que \u00e9 a var\u00edola dos macacos","Ocorr\u00eancia de casos da var\u00edola dos macacos","Preven\u00e7\u00e3o da var\u00edola dos macacos","Sobre var\u00edola dos macacos","Suspeita de var\u00edola dos macacos no Brasil","Transmiss\u00e3o da var\u00edola dos macacos","Var\u00edola dos macacos","V\u00edrus da var\u00edola dos macacos"],"articleSection":["Brasil","Mundo","Sa\u00fade"],"inLanguage":"pt-BR","potentialAction":[{"@type":"CommentAction","name":"Comment","target":["https:\/\/aconteceunovale.com.br\/portal\/?p=189135#respond"]}]},{"@type":"WebPage","@id":"https:\/\/aconteceunovale.com.br\/portal\/?p=189135","url":"https:\/\/aconteceunovale.com.br\/portal\/?p=189135","name":"Brasil monitora dois casos suspeitos de var\u00edola dos macacos - Aconteceu no Vale","isPartOf":{"@id":"https:\/\/aconteceunovale.com.br\/portal\/#website"},"primaryImageOfPage":{"@id":"https:\/\/aconteceunovale.com.br\/portal\/?p=189135#primaryimage"},"image":{"@id":"https:\/\/aconteceunovale.com.br\/portal\/?p=189135#primaryimage"},"thumbnailUrl":"https:\/\/aconteceunovale.com.br\/portal\/wp-content\/uploads\/2022\/05\/variola_macacos.jpg","datePublished":"2022-05-30T23:19:31+00:00","dateModified":"2022-05-30T23:20:48+00:00","author":{"@id":"https:\/\/aconteceunovale.com.br\/portal\/#\/schema\/person\/7d2f26d1483f8a63de73da1ee0754d35"},"breadcrumb":{"@id":"https:\/\/aconteceunovale.com.br\/portal\/?p=189135#breadcrumb"},"inLanguage":"pt-BR","potentialAction":[{"@type":"ReadAction","target":["https:\/\/aconteceunovale.com.br\/portal\/?p=189135"]}]},{"@type":"ImageObject","inLanguage":"pt-BR","@id":"https:\/\/aconteceunovale.com.br\/portal\/?p=189135#primaryimage","url":"https:\/\/aconteceunovale.com.br\/portal\/wp-content\/uploads\/2022\/05\/variola_macacos.jpg","contentUrl":"https:\/\/aconteceunovale.com.br\/portal\/wp-content\/uploads\/2022\/05\/variola_macacos.jpg","width":678,"height":406},{"@type":"BreadcrumbList","@id":"https:\/\/aconteceunovale.com.br\/portal\/?p=189135#breadcrumb","itemListElement":[{"@type":"ListItem","position":1,"name":"In\u00edcio","item":"https:\/\/aconteceunovale.com.br\/portal\/"},{"@type":"ListItem","position":2,"name":"Brasil monitora dois casos suspeitos de var\u00edola dos macacos"}]},{"@type":"WebSite","@id":"https:\/\/aconteceunovale.com.br\/portal\/#website","url":"https:\/\/aconteceunovale.com.br\/portal\/","name":"Aconteceu no Vale","description":"Portal de Not\u00edcias","potentialAction":[{"@type":"SearchAction","target":{"@type":"EntryPoint","urlTemplate":"https:\/\/aconteceunovale.com.br\/portal\/?s={search_term_string}"},"query-input":{"@type":"PropertyValueSpecification","valueRequired":true,"valueName":"search_term_string"}}],"inLanguage":"pt-BR"},{"@type":"Person","@id":"https:\/\/aconteceunovale.com.br\/portal\/#\/schema\/person\/7d2f26d1483f8a63de73da1ee0754d35","name":"Reda\u00e7\u00e3o Aconteceu no Vale","description":"Equipe de reportagem do Aconteceu no Vale, portal de not\u00edcias do Vale do Jequitinhonha, em Minas Gerais. Cobrimos as 51 cidades do Vale desde 2013. Sugest\u00f5es de pauta e pedidos de corre\u00e7\u00e3o: contato@aconteceunovale.com.br","url":"https:\/\/aconteceunovale.com.br\/portal\/?author=4"}]}},"_links":{"self":[{"href":"https:\/\/aconteceunovale.com.br\/portal\/index.php?rest_route=\/wp\/v2\/posts\/189135","targetHints":{"allow":["GET"]}}],"collection":[{"href":"https:\/\/aconteceunovale.com.br\/portal\/index.php?rest_route=\/wp\/v2\/posts"}],"about":[{"href":"https:\/\/aconteceunovale.com.br\/portal\/index.php?rest_route=\/wp\/v2\/types\/post"}],"author":[{"embeddable":true,"href":"https:\/\/aconteceunovale.com.br\/portal\/index.php?rest_route=\/wp\/v2\/users\/4"}],"replies":[{"embeddable":true,"href":"https:\/\/aconteceunovale.com.br\/portal\/index.php?rest_route=%2Fwp%2Fv2%2Fcomments&post=189135"}],"version-history":[{"count":1,"href":"https:\/\/aconteceunovale.com.br\/portal\/index.php?rest_route=\/wp\/v2\/posts\/189135\/revisions"}],"predecessor-version":[{"id":189136,"href":"https:\/\/aconteceunovale.com.br\/portal\/index.php?rest_route=\/wp\/v2\/posts\/189135\/revisions\/189136"}],"wp:featuredmedia":[{"embeddable":true,"href":"https:\/\/aconteceunovale.com.br\/portal\/index.php?rest_route=\/wp\/v2\/media\/189111"}],"wp:attachment":[{"href":"https:\/\/aconteceunovale.com.br\/portal\/index.php?rest_route=%2Fwp%2Fv2%2Fmedia&parent=189135"}],"wp:term":[{"taxonomy":"category","embeddable":true,"href":"https:\/\/aconteceunovale.com.br\/portal\/index.php?rest_route=%2Fwp%2Fv2%2Fcategories&post=189135"},{"taxonomy":"post_tag","embeddable":true,"href":"https:\/\/aconteceunovale.com.br\/portal\/index.php?rest_route=%2Fwp%2Fv2%2Ftags&post=189135"}],"curies":[{"name":"wp","href":"https:\/\/api.w.org\/{rel}","templated":true}]}}