{"id":189133,"date":"2022-05-30T19:33:53","date_gmt":"2022-05-30T22:33:53","guid":{"rendered":"https:\/\/aconteceunovale.com.br\/portal\/?p=189133"},"modified":"2022-05-30T19:34:24","modified_gmt":"2022-05-30T22:34:24","slug":"prazo-para-entrega-da-declaracao-do-imposto-de-renda-termina-amanha","status":"publish","type":"post","link":"https:\/\/aconteceunovale.com.br\/portal\/?p=189133","title":{"rendered":"Prazo para entrega da declara\u00e7\u00e3o do Imposto de Renda termina amanh\u00e3"},"content":{"rendered":"\n<p class=\"wp-block-paragraph\">O prazo para a entrega da declara\u00e7\u00e3o do Imposto de Renda da Pessoa F\u00edsica (IRPF) 2022 (ano-base 2021) se encerrar\u00e1 amanh\u00e3 (31). De acordo com o \u00faltimo balan\u00e7o da Receita Federal, divulgado no dia 27, at\u00e9 ent\u00e3o 28.880.296 declara\u00e7\u00f5es j\u00e1 haviam sido entregues. A expectativa \u00e9 de que este n\u00famero chegue a 34,1 milh\u00f5es at\u00e9 o fim do prazo.<\/p>\n\n\n\n<p class=\"wp-block-paragraph\">Quem estiver obrigado a entregar a declara\u00e7\u00e3o e n\u00e3o fizer at\u00e9 o fim do prazo estar\u00e1 sujeito a multa. O valor da multa \u00e9 de 1% ao m\u00eas sobre o valor do imposto de renda devido, limitado a 20% do valor do imposto de renda. O valor m\u00ednimo da multa \u00e9 de R$ 165,74.<\/p>\n\n\n\n<p class=\"wp-block-paragraph\">A multa \u00e9 gerada no momento da entrega da declara\u00e7\u00e3o e a notifica\u00e7\u00e3o de lan\u00e7amento fica junto com o recibo de entrega. O contribuinte ter\u00e1 30 dias para pagar a multa. Ap\u00f3s este prazo, come\u00e7am a correr juros de mora, corrigidos pela taxa Selic, atualmente em 12,75% ao ano.<\/p>\n\n\n\n<h2 class=\"wp-block-heading\">Quem deve declarar<\/h2>\n\n\n\n<p class=\"wp-block-paragraph\">Est\u00e3o obrigadas a apresentar a Declara\u00e7\u00e3o de Ajuste Anual os cidad\u00e3os que tiveram, em 2021, rendimentos tribut\u00e1veis com valor acima de R$ 28.559,70. Al\u00e9m desses contribuintes, quem recebeu, no ano passado, rendimentos isentos, n\u00e3o tribut\u00e1veis ou tributados exclusivamente na fonte, em valor superior a R$ 40 mil, como rendimentos de aplica\u00e7\u00f5es financeiras, doa\u00e7\u00f5es, heran\u00e7as, partilha de div\u00f3rcio, mea\u00e7\u00e3o, indeniza\u00e7\u00f5es, dividendos e juros sobre capital pr\u00f3prio; quem recebeu, em 2021, receita bruta anual decorrente de atividade rural em valor acima do limite de R$ 142.798,50.<\/p>\n\n\n\n<p class=\"wp-block-paragraph\">Tamb\u00e9m \u00e9 obrigado a declarar o imposto quem tinha, em 31 de dezembro de 2021, a posse ou propriedade de bens e direitos, inclusive terra nua, em valor superior ao limite de R$ 300 mil; as pessoas que obtiveram, em qualquer m\u00eas do ano passado, ganho de capital na aliena\u00e7\u00e3o de bens ou direitos, sujeito \u00e0 incid\u00eancia de imposto ou realizou opera\u00e7\u00f5es em bolsa de valores.<\/p>\n\n\n\n<p class=\"wp-block-paragraph\">As pessoas que tiveram lucro, em 2021, com a venda de im\u00f3veis residenciais, mas optaram por uma das situa\u00e7\u00f5es de isen\u00e7\u00e3o total ou parcial de imposto de renda sobre o ganho de capital; que pretendem compensar preju\u00edzos da atividade rural ou de opera\u00e7\u00f5es em bolsa de valores; e quem passou \u00e0 condi\u00e7\u00e3o de residente no Brasil, no ano passado, tamb\u00e9m s\u00e3o obrigadas a declarar o imposto.<\/p>\n\n\n\n<h2 class=\"wp-block-heading\">Novidades<\/h2>\n\n\n\n<p class=\"wp-block-paragraph\">Uma das novidades na declara\u00e7\u00e3o do IRPF 2022 \u00e9 o acesso ampliado \u00e0 declara\u00e7\u00e3o pr\u00e9-preenchida por meio de todas as plataformas dispon\u00edveis, e o recebimento da restitui\u00e7\u00e3o e o pagamento de Darf via Pix, desde que a chave do contribuinte seja o CPF.<\/p>\n\n\n\n<p class=\"wp-block-paragraph\">O Programa Gerador da Declara\u00e7\u00e3o est\u00e1 dispon\u00edvel no\u00a0<a rel=\"noreferrer noopener\" href=\"https:\/\/www.gov.br\/receitafederal\/pt-br\" target=\"_blank\">site da Receita Federal<\/a>\u00a0para usu\u00e1rios dos sistemas Windows, iOS e Linux. Tamb\u00e9m ser\u00e1 poss\u00edvel declarar online ou por dispositivos m\u00f3veis, por meio do\u00a0<a rel=\"noreferrer noopener\" href=\"https:\/\/www.gov.br\/pt-br\/apps\/meu-imposto-de-renda\" target=\"_blank\">app Meu Imposto de Renda<\/a>.<\/p>\n\n\n\n<p class=\"wp-block-paragraph\">&#8212;&#8212;&#8212;&#8212;&#8212;&#8212;<br><br><strong>Sabia que o Aconteceu no Vale est\u00e1 tamb\u00e9m no Telegram? <a rel=\"noreferrer noopener\" href=\"https:\/\/t.me\/aconteceunovaleoficial\" target=\"_blank\">Inscreva-se no canal<\/a>.<\/strong><br><br><strong>J\u00e1 curtiu ou seguiu nossas p\u00e1ginas nas redes sociais?\u00a0Receba as not\u00edcias em primeira m\u00e3o:<\/strong><br>\u2022 <a rel=\"noreferrer noopener\" href=\"https:\/\/news.google.com\/publications\/CAAqBwgKMNjklQswi4etAw?hl=pt-BR&amp;gl=BR&amp;ceid=BR%3Apt-419\" target=\"_blank\">Google News<\/a><br>\u2022 <a rel=\"noreferrer noopener\" href=\"https:\/\/www.facebook.com\/aconteceunovale\/\" target=\"_blank\">Facebook<\/a><br>\u2022 <a rel=\"noreferrer noopener\" href=\"https:\/\/twitter.com\/noticiadosvales\" target=\"_blank\">Twitter<\/a><br>\u2022 <a rel=\"noreferrer noopener\" href=\"https:\/\/www.instagram.com\/aconteceunovale\" target=\"_blank\">Instagram<\/a><br>\u2022 <a rel=\"noreferrer noopener\" href=\"https:\/\/www.youtube.com\/AconteceunoValeOficial\" target=\"_blank\">Youtube<\/a><br>\u2022 <a rel=\"noreferrer noopener\" href=\"https:\/\/www.tiktok.com\/@aconteceunovale\" target=\"_blank\">TikTok<\/a><\/p>\n","protected":false},"excerpt":{"rendered":"<p>O prazo para a entrega da declara\u00e7\u00e3o do Imposto de Renda da Pessoa F\u00edsica (IRPF) 2022 (ano-base 2021) se encerrar\u00e1 amanh\u00e3 (31). De acordo com o \u00faltimo balan\u00e7o da Receita Federal, divulgado no dia 27, at\u00e9 ent\u00e3o 28.880.296 declara\u00e7\u00f5es j\u00e1 haviam sido entregues. A expectativa \u00e9 de que este n\u00famero chegue a 34,1 milh\u00f5es at\u00e9 [&hellip;]<\/p>\n","protected":false},"author":4,"featured_media":187663,"comment_status":"open","ping_status":"closed","sticky":false,"template":"","format":"standard","meta":{"amp_status":"","footnotes":""},"categories":[6,40239],"tags":[259672,259671,260650,260651,260604,259934,259751,260843,238344,260844,260845,5197,260285,260602,260601,1018,220055,260436,260435,259255,259254,240995,259260,260283,260603,1468,259256,260284,28477,259257,21727,259258,140998,259261,259259,260317,1464,259342,204665,259397,259398,260842,259721,260605],"class_list":["post-189133","post","type-post","status-publish","format-standard","has-post-thumbnail","hentry","category-br","category-economia-2","tag-alerta-golpe-imposto-de-renda","tag-alerta-golpe-irpf","tag-antecipacao-da-restituicao-do-imposto-de-renda","tag-antecipacao-do-imposto-de-renda","tag-carro-imposto-de-renda","tag-codigos-para-informar-patrimonio-mudam-na-declaracao-do-imposto-de-renda-2022","tag-confira-quais-sao-as-novidades-na-declaracao-do-imposto-de-renda","tag-criptoativos-imposto-de-renda","tag-criptomoedas-imposto-de-renda","tag-declaracao-de-cripotoativos-no-imposto-de-renda","tag-declaracao-de-criptomoedas-no-imposto-de-renda","tag-declaracao-do-imposto-de-renda","tag-declaracao-do-imposto-de-renda-para-mei","tag-declarar-carro-no-imposto-de-renda","tag-declarar-imovel-no-imposto-de-renda","tag-destaque","tag-doacao-do-imposto-de-renda","tag-doacao-do-irpf","tag-doacoes-do-imposto-de-renda-para-projetos-sociais","tag-documentos-necessarios-para-declaracao-do-imposto-de-renda","tag-documentos-para-declarar-imposto-de-renda","tag-duvidas-irpf","tag-duvidas-sobre-documentos-para-declarar-imposto-de-renda","tag-entenda-como-funciona-a-declaracao-de-imposto-de-renda-para-mei","tag-imovel-imposto-de-renda","tag-imposto-de-renda","tag-imposto-de-renda-2022","tag-imposto-de-renda-para-mei","tag-imposto-de-renda-pessoa-fisica","tag-imposto-de-renda-pessoa-fisica-2022","tag-irpf","tag-irpf-2022","tag-prazo-imposto-de-renda","tag-prazo-irpf","tag-prazo-para-declarar-imposto-de-renda","tag-prazo-para-entrega-da-declaracao-do-imposto-de-renda-e-prorrogado-para-31-de-maio","tag-receita-federal","tag-receita-federal-anuncia-regras-da-declaracao-do-imposto-de-renda-deste-ano","tag-receita-federal-do-brasil","tag-receita-federal-publica-regras-para-declaracao-do-imposto-de-renda","tag-regras-para-declaracao-do-imposto-de-renda","tag-saiba-como-declarar-criptoativos-no-imposto-de-renda","tag-saiba-como-evitar-erros-na-declaracao-do-imposto-de-renda","tag-veiculo-imposto-de-renda"],"yoast_head":"<!-- This site is optimized with the Yoast SEO plugin v28.3 - https:\/\/yoast.com\/product\/yoast-seo-wordpress\/ -->\n<title>Prazo para entrega da declara\u00e7\u00e3o do Imposto de Renda termina amanh\u00e3 - Aconteceu no Vale<\/title>\n<meta name=\"robots\" content=\"index, follow, max-snippet:-1, max-image-preview:large, max-video-preview:-1\" \/>\n<link rel=\"canonical\" href=\"https:\/\/aconteceunovale.com.br\/portal\/?p=189133\" \/>\n<meta property=\"og:locale\" content=\"pt_BR\" \/>\n<meta property=\"og:type\" content=\"article\" \/>\n<meta property=\"og:title\" content=\"Prazo para entrega da declara\u00e7\u00e3o do Imposto de Renda termina amanh\u00e3 - Aconteceu no Vale\" \/>\n<meta property=\"og:description\" content=\"O prazo para a entrega da declara\u00e7\u00e3o do Imposto de Renda da Pessoa F\u00edsica (IRPF) 2022 (ano-base 2021) se encerrar\u00e1 amanh\u00e3 (31). De acordo com o \u00faltimo balan\u00e7o da Receita Federal, divulgado no dia 27, at\u00e9 ent\u00e3o 28.880.296 declara\u00e7\u00f5es j\u00e1 haviam sido entregues. A expectativa \u00e9 de que este n\u00famero chegue a 34,1 milh\u00f5es at\u00e9 [&hellip;]\" \/>\n<meta property=\"og:url\" content=\"https:\/\/aconteceunovale.com.br\/portal\/?p=189133\" \/>\n<meta property=\"og:site_name\" content=\"Aconteceu no Vale\" \/>\n<meta property=\"article:publisher\" content=\"https:\/\/www.facebook.com\/aconteceunovale\/\" \/>\n<meta property=\"article:published_time\" content=\"2022-05-30T22:33:53+00:00\" \/>\n<meta property=\"article:modified_time\" content=\"2022-05-30T22:34:24+00:00\" \/>\n<meta property=\"og:image\" content=\"https:\/\/aconteceunovale.com.br\/portal\/wp-content\/uploads\/2022\/03\/imposto_de_renda_2022.jpg\" \/>\n\t<meta property=\"og:image:width\" content=\"678\" \/>\n\t<meta property=\"og:image:height\" content=\"406\" \/>\n\t<meta property=\"og:image:type\" content=\"image\/jpeg\" \/>\n<meta name=\"author\" content=\"Reda\u00e7\u00e3o Aconteceu no Vale\" \/>\n<meta name=\"twitter:card\" content=\"summary_large_image\" \/>\n<meta name=\"twitter:creator\" content=\"@noticiadosvales\" \/>\n<meta name=\"twitter:site\" content=\"@noticiadosvales\" \/>\n<meta name=\"twitter:label1\" content=\"Escrito por\" \/>\n\t<meta name=\"twitter:data1\" content=\"Reda\u00e7\u00e3o Aconteceu no Vale\" \/>\n\t<meta name=\"twitter:label2\" content=\"Est. tempo de leitura\" \/>\n\t<meta name=\"twitter:data2\" content=\"3 minutos\" \/>\n<script type=\"application\/ld+json\" class=\"yoast-schema-graph\">{\"@context\":\"https:\\\/\\\/schema.org\",\"@graph\":[{\"@type\":\"Article\",\"@id\":\"https:\\\/\\\/aconteceunovale.com.br\\\/portal\\\/?p=189133#article\",\"isPartOf\":{\"@id\":\"https:\\\/\\\/aconteceunovale.com.br\\\/portal\\\/?p=189133\"},\"author\":{\"name\":\"Reda\u00e7\u00e3o Aconteceu no Vale\",\"@id\":\"https:\\\/\\\/aconteceunovale.com.br\\\/portal\\\/#\\\/schema\\\/person\\\/7d2f26d1483f8a63de73da1ee0754d35\"},\"headline\":\"Prazo para entrega da declara\u00e7\u00e3o do Imposto de Renda termina amanh\u00e3\",\"datePublished\":\"2022-05-30T22:33:53+00:00\",\"dateModified\":\"2022-05-30T22:34:24+00:00\",\"mainEntityOfPage\":{\"@id\":\"https:\\\/\\\/aconteceunovale.com.br\\\/portal\\\/?p=189133\"},\"wordCount\":538,\"commentCount\":0,\"image\":{\"@id\":\"https:\\\/\\\/aconteceunovale.com.br\\\/portal\\\/?p=189133#primaryimage\"},\"thumbnailUrl\":\"https:\\\/\\\/aconteceunovale.com.br\\\/portal\\\/wp-content\\\/uploads\\\/2022\\\/03\\\/imposto_de_renda_2022.jpg\",\"keywords\":[\"Alerta golpe Imposto de Renda\",\"Alerta golpe IRPF\",\"Antecipa\u00e7\u00e3o da restitui\u00e7\u00e3o do Imposto de Renda\",\"Antecipa\u00e7\u00e3o do Imposto de Renda\",\"Carro imposto de renda\",\"C\u00f3digos para informar patrim\u00f4nio mudam na declara\u00e7\u00e3o do Imposto de Renda 2022\",\"Confira quais s\u00e3o as novidades na declara\u00e7\u00e3o do Imposto de Renda\",\"Criptoativos Imposto de Renda\",\"Criptomoedas Imposto de Renda\",\"Declara\u00e7\u00e3o de cripotoativos no Imposto de Renda\",\"Declara\u00e7\u00e3o de criptomoedas no Imposto de Renda\",\"declara\u00e7\u00e3o do Imposto de Renda\",\"Declara\u00e7\u00e3o do Imposto de Renda para MEI\",\"Declarar carro no imposto de renda\",\"Declarar im\u00f3vel no imposto de renda\",\"destaque\",\"Doa\u00e7\u00e3o do Imposto de Renda\",\"Doa\u00e7\u00e3o do IRPF\",\"Doa\u00e7\u00f5es do Imposto de Renda para projetos sociais\",\"Documentos necess\u00e1rios para declara\u00e7\u00e3o do Imposto de Renda\",\"Documentos para declarar Imposto de Renda\",\"D\u00favidas IRPF\",\"D\u00favidas sobre Documentos para declarar Imposto de Renda\",\"Entenda como funciona a declara\u00e7\u00e3o de Imposto de Renda para MEI\",\"Im\u00f3vel Imposto de Renda\",\"imposto de renda\",\"Imposto de Renda 2022\",\"Imposto de Renda para MEI\",\"Imposto de Renda Pessoa F\u00edsica\",\"Imposto de Renda Pessoa F\u00edsica 2022\",\"IRPF\",\"IRPF 2022\",\"Prazo Imposto de Renda\",\"Prazo IRPF\",\"Prazo para declarar Imposto de Renda\",\"Prazo para entrega da declara\u00e7\u00e3o do Imposto de Renda \u00e9 prorrogado para 31 de maio\",\"receita federal\",\"Receita Federal anuncia regras da Declara\u00e7\u00e3o do Imposto de Renda deste ano\",\"Receita Federal do Brasil\",\"Receita Federal publica regras para declara\u00e7\u00e3o do Imposto de Renda\",\"Regras para declara\u00e7\u00e3o do Imposto de Renda\",\"Saiba como declarar criptoativos no Imposto de Renda\",\"Saiba como evitar erros na declara\u00e7\u00e3o do Imposto de Renda\",\"Ve\u00edculo imposto de renda\"],\"articleSection\":[\"Brasil\",\"Economia\"],\"inLanguage\":\"pt-BR\",\"potentialAction\":[{\"@type\":\"CommentAction\",\"name\":\"Comment\",\"target\":[\"https:\\\/\\\/aconteceunovale.com.br\\\/portal\\\/?p=189133#respond\"]}]},{\"@type\":\"WebPage\",\"@id\":\"https:\\\/\\\/aconteceunovale.com.br\\\/portal\\\/?p=189133\",\"url\":\"https:\\\/\\\/aconteceunovale.com.br\\\/portal\\\/?p=189133\",\"name\":\"Prazo para entrega da declara\u00e7\u00e3o do Imposto de Renda termina amanh\u00e3 - Aconteceu no Vale\",\"isPartOf\":{\"@id\":\"https:\\\/\\\/aconteceunovale.com.br\\\/portal\\\/#website\"},\"primaryImageOfPage\":{\"@id\":\"https:\\\/\\\/aconteceunovale.com.br\\\/portal\\\/?p=189133#primaryimage\"},\"image\":{\"@id\":\"https:\\\/\\\/aconteceunovale.com.br\\\/portal\\\/?p=189133#primaryimage\"},\"thumbnailUrl\":\"https:\\\/\\\/aconteceunovale.com.br\\\/portal\\\/wp-content\\\/uploads\\\/2022\\\/03\\\/imposto_de_renda_2022.jpg\",\"datePublished\":\"2022-05-30T22:33:53+00:00\",\"dateModified\":\"2022-05-30T22:34:24+00:00\",\"author\":{\"@id\":\"https:\\\/\\\/aconteceunovale.com.br\\\/portal\\\/#\\\/schema\\\/person\\\/7d2f26d1483f8a63de73da1ee0754d35\"},\"breadcrumb\":{\"@id\":\"https:\\\/\\\/aconteceunovale.com.br\\\/portal\\\/?p=189133#breadcrumb\"},\"inLanguage\":\"pt-BR\",\"potentialAction\":[{\"@type\":\"ReadAction\",\"target\":[\"https:\\\/\\\/aconteceunovale.com.br\\\/portal\\\/?p=189133\"]}]},{\"@type\":\"ImageObject\",\"inLanguage\":\"pt-BR\",\"@id\":\"https:\\\/\\\/aconteceunovale.com.br\\\/portal\\\/?p=189133#primaryimage\",\"url\":\"https:\\\/\\\/aconteceunovale.com.br\\\/portal\\\/wp-content\\\/uploads\\\/2022\\\/03\\\/imposto_de_renda_2022.jpg\",\"contentUrl\":\"https:\\\/\\\/aconteceunovale.com.br\\\/portal\\\/wp-content\\\/uploads\\\/2022\\\/03\\\/imposto_de_renda_2022.jpg\",\"width\":678,\"height\":406,\"caption\":\"Imposto de renda 2022.\"},{\"@type\":\"BreadcrumbList\",\"@id\":\"https:\\\/\\\/aconteceunovale.com.br\\\/portal\\\/?p=189133#breadcrumb\",\"itemListElement\":[{\"@type\":\"ListItem\",\"position\":1,\"name\":\"In\u00edcio\",\"item\":\"https:\\\/\\\/aconteceunovale.com.br\\\/portal\\\/\"},{\"@type\":\"ListItem\",\"position\":2,\"name\":\"Prazo para entrega da declara\u00e7\u00e3o do Imposto de Renda termina amanh\u00e3\"}]},{\"@type\":\"WebSite\",\"@id\":\"https:\\\/\\\/aconteceunovale.com.br\\\/portal\\\/#website\",\"url\":\"https:\\\/\\\/aconteceunovale.com.br\\\/portal\\\/\",\"name\":\"Aconteceu no Vale\",\"description\":\"Portal de Not\u00edcias\",\"potentialAction\":[{\"@type\":\"SearchAction\",\"target\":{\"@type\":\"EntryPoint\",\"urlTemplate\":\"https:\\\/\\\/aconteceunovale.com.br\\\/portal\\\/?s={search_term_string}\"},\"query-input\":{\"@type\":\"PropertyValueSpecification\",\"valueRequired\":true,\"valueName\":\"search_term_string\"}}],\"inLanguage\":\"pt-BR\"},{\"@type\":\"Person\",\"@id\":\"https:\\\/\\\/aconteceunovale.com.br\\\/portal\\\/#\\\/schema\\\/person\\\/7d2f26d1483f8a63de73da1ee0754d35\",\"name\":\"Reda\u00e7\u00e3o Aconteceu no Vale\",\"description\":\"Equipe de reportagem do Aconteceu no Vale, portal de not\u00edcias do Vale do Jequitinhonha, em Minas Gerais. Cobrimos as 51 cidades do Vale desde 2013. Sugest\u00f5es de pauta e pedidos de corre\u00e7\u00e3o: contato@aconteceunovale.com.br\",\"url\":\"https:\\\/\\\/aconteceunovale.com.br\\\/portal\\\/?author=4\"}]}<\/script>\n<!-- \/ Yoast SEO plugin. -->","yoast_head_json":{"title":"Prazo para entrega da declara\u00e7\u00e3o do Imposto de Renda termina amanh\u00e3 - Aconteceu no Vale","robots":{"index":"index","follow":"follow","max-snippet":"max-snippet:-1","max-image-preview":"max-image-preview:large","max-video-preview":"max-video-preview:-1"},"canonical":"https:\/\/aconteceunovale.com.br\/portal\/?p=189133","og_locale":"pt_BR","og_type":"article","og_title":"Prazo para entrega da declara\u00e7\u00e3o do Imposto de Renda termina amanh\u00e3 - Aconteceu no Vale","og_description":"O prazo para a entrega da declara\u00e7\u00e3o do Imposto de Renda da Pessoa F\u00edsica (IRPF) 2022 (ano-base 2021) se encerrar\u00e1 amanh\u00e3 (31). De acordo com o \u00faltimo balan\u00e7o da Receita Federal, divulgado no dia 27, at\u00e9 ent\u00e3o 28.880.296 declara\u00e7\u00f5es j\u00e1 haviam sido entregues. A expectativa \u00e9 de que este n\u00famero chegue a 34,1 milh\u00f5es at\u00e9 [&hellip;]","og_url":"https:\/\/aconteceunovale.com.br\/portal\/?p=189133","og_site_name":"Aconteceu no Vale","article_publisher":"https:\/\/www.facebook.com\/aconteceunovale\/","article_published_time":"2022-05-30T22:33:53+00:00","article_modified_time":"2022-05-30T22:34:24+00:00","og_image":[{"width":678,"height":406,"url":"https:\/\/aconteceunovale.com.br\/portal\/wp-content\/uploads\/2022\/03\/imposto_de_renda_2022.jpg","type":"image\/jpeg"}],"author":"Reda\u00e7\u00e3o Aconteceu no Vale","twitter_card":"summary_large_image","twitter_creator":"@noticiadosvales","twitter_site":"@noticiadosvales","twitter_misc":{"Escrito por":"Reda\u00e7\u00e3o Aconteceu no Vale","Est. tempo de leitura":"3 minutos"},"schema":{"@context":"https:\/\/schema.org","@graph":[{"@type":"Article","@id":"https:\/\/aconteceunovale.com.br\/portal\/?p=189133#article","isPartOf":{"@id":"https:\/\/aconteceunovale.com.br\/portal\/?p=189133"},"author":{"name":"Reda\u00e7\u00e3o Aconteceu no Vale","@id":"https:\/\/aconteceunovale.com.br\/portal\/#\/schema\/person\/7d2f26d1483f8a63de73da1ee0754d35"},"headline":"Prazo para entrega da declara\u00e7\u00e3o do Imposto de Renda termina amanh\u00e3","datePublished":"2022-05-30T22:33:53+00:00","dateModified":"2022-05-30T22:34:24+00:00","mainEntityOfPage":{"@id":"https:\/\/aconteceunovale.com.br\/portal\/?p=189133"},"wordCount":538,"commentCount":0,"image":{"@id":"https:\/\/aconteceunovale.com.br\/portal\/?p=189133#primaryimage"},"thumbnailUrl":"https:\/\/aconteceunovale.com.br\/portal\/wp-content\/uploads\/2022\/03\/imposto_de_renda_2022.jpg","keywords":["Alerta golpe Imposto de Renda","Alerta golpe IRPF","Antecipa\u00e7\u00e3o da restitui\u00e7\u00e3o do Imposto de Renda","Antecipa\u00e7\u00e3o do Imposto de Renda","Carro imposto de renda","C\u00f3digos para informar patrim\u00f4nio mudam na declara\u00e7\u00e3o do Imposto de Renda 2022","Confira quais s\u00e3o as novidades na declara\u00e7\u00e3o do Imposto de Renda","Criptoativos Imposto de Renda","Criptomoedas Imposto de Renda","Declara\u00e7\u00e3o de cripotoativos no Imposto de Renda","Declara\u00e7\u00e3o de criptomoedas no Imposto de Renda","declara\u00e7\u00e3o do Imposto de Renda","Declara\u00e7\u00e3o do Imposto de Renda para MEI","Declarar carro no imposto de renda","Declarar im\u00f3vel no imposto de renda","destaque","Doa\u00e7\u00e3o do Imposto de Renda","Doa\u00e7\u00e3o do IRPF","Doa\u00e7\u00f5es do Imposto de Renda para projetos sociais","Documentos necess\u00e1rios para declara\u00e7\u00e3o do Imposto de Renda","Documentos para declarar Imposto de Renda","D\u00favidas IRPF","D\u00favidas sobre Documentos para declarar Imposto de Renda","Entenda como funciona a declara\u00e7\u00e3o de Imposto de Renda para MEI","Im\u00f3vel Imposto de Renda","imposto de renda","Imposto de Renda 2022","Imposto de Renda para MEI","Imposto de Renda Pessoa F\u00edsica","Imposto de Renda Pessoa F\u00edsica 2022","IRPF","IRPF 2022","Prazo Imposto de Renda","Prazo IRPF","Prazo para declarar Imposto de Renda","Prazo para entrega da declara\u00e7\u00e3o do Imposto de Renda \u00e9 prorrogado para 31 de maio","receita federal","Receita Federal anuncia regras da Declara\u00e7\u00e3o do Imposto de Renda deste ano","Receita Federal do Brasil","Receita Federal publica regras para declara\u00e7\u00e3o do Imposto de Renda","Regras para declara\u00e7\u00e3o do Imposto de Renda","Saiba como declarar criptoativos no Imposto de Renda","Saiba como evitar erros na declara\u00e7\u00e3o do Imposto de Renda","Ve\u00edculo imposto de renda"],"articleSection":["Brasil","Economia"],"inLanguage":"pt-BR","potentialAction":[{"@type":"CommentAction","name":"Comment","target":["https:\/\/aconteceunovale.com.br\/portal\/?p=189133#respond"]}]},{"@type":"WebPage","@id":"https:\/\/aconteceunovale.com.br\/portal\/?p=189133","url":"https:\/\/aconteceunovale.com.br\/portal\/?p=189133","name":"Prazo para entrega da declara\u00e7\u00e3o do Imposto de Renda termina amanh\u00e3 - Aconteceu no Vale","isPartOf":{"@id":"https:\/\/aconteceunovale.com.br\/portal\/#website"},"primaryImageOfPage":{"@id":"https:\/\/aconteceunovale.com.br\/portal\/?p=189133#primaryimage"},"image":{"@id":"https:\/\/aconteceunovale.com.br\/portal\/?p=189133#primaryimage"},"thumbnailUrl":"https:\/\/aconteceunovale.com.br\/portal\/wp-content\/uploads\/2022\/03\/imposto_de_renda_2022.jpg","datePublished":"2022-05-30T22:33:53+00:00","dateModified":"2022-05-30T22:34:24+00:00","author":{"@id":"https:\/\/aconteceunovale.com.br\/portal\/#\/schema\/person\/7d2f26d1483f8a63de73da1ee0754d35"},"breadcrumb":{"@id":"https:\/\/aconteceunovale.com.br\/portal\/?p=189133#breadcrumb"},"inLanguage":"pt-BR","potentialAction":[{"@type":"ReadAction","target":["https:\/\/aconteceunovale.com.br\/portal\/?p=189133"]}]},{"@type":"ImageObject","inLanguage":"pt-BR","@id":"https:\/\/aconteceunovale.com.br\/portal\/?p=189133#primaryimage","url":"https:\/\/aconteceunovale.com.br\/portal\/wp-content\/uploads\/2022\/03\/imposto_de_renda_2022.jpg","contentUrl":"https:\/\/aconteceunovale.com.br\/portal\/wp-content\/uploads\/2022\/03\/imposto_de_renda_2022.jpg","width":678,"height":406,"caption":"Imposto de renda 2022."},{"@type":"BreadcrumbList","@id":"https:\/\/aconteceunovale.com.br\/portal\/?p=189133#breadcrumb","itemListElement":[{"@type":"ListItem","position":1,"name":"In\u00edcio","item":"https:\/\/aconteceunovale.com.br\/portal\/"},{"@type":"ListItem","position":2,"name":"Prazo para entrega da declara\u00e7\u00e3o do Imposto de Renda termina amanh\u00e3"}]},{"@type":"WebSite","@id":"https:\/\/aconteceunovale.com.br\/portal\/#website","url":"https:\/\/aconteceunovale.com.br\/portal\/","name":"Aconteceu no Vale","description":"Portal de Not\u00edcias","potentialAction":[{"@type":"SearchAction","target":{"@type":"EntryPoint","urlTemplate":"https:\/\/aconteceunovale.com.br\/portal\/?s={search_term_string}"},"query-input":{"@type":"PropertyValueSpecification","valueRequired":true,"valueName":"search_term_string"}}],"inLanguage":"pt-BR"},{"@type":"Person","@id":"https:\/\/aconteceunovale.com.br\/portal\/#\/schema\/person\/7d2f26d1483f8a63de73da1ee0754d35","name":"Reda\u00e7\u00e3o Aconteceu no Vale","description":"Equipe de reportagem do Aconteceu no Vale, portal de not\u00edcias do Vale do Jequitinhonha, em Minas Gerais. Cobrimos as 51 cidades do Vale desde 2013. Sugest\u00f5es de pauta e pedidos de corre\u00e7\u00e3o: contato@aconteceunovale.com.br","url":"https:\/\/aconteceunovale.com.br\/portal\/?author=4"}]}},"_links":{"self":[{"href":"https:\/\/aconteceunovale.com.br\/portal\/index.php?rest_route=\/wp\/v2\/posts\/189133","targetHints":{"allow":["GET"]}}],"collection":[{"href":"https:\/\/aconteceunovale.com.br\/portal\/index.php?rest_route=\/wp\/v2\/posts"}],"about":[{"href":"https:\/\/aconteceunovale.com.br\/portal\/index.php?rest_route=\/wp\/v2\/types\/post"}],"author":[{"embeddable":true,"href":"https:\/\/aconteceunovale.com.br\/portal\/index.php?rest_route=\/wp\/v2\/users\/4"}],"replies":[{"embeddable":true,"href":"https:\/\/aconteceunovale.com.br\/portal\/index.php?rest_route=%2Fwp%2Fv2%2Fcomments&post=189133"}],"version-history":[{"count":1,"href":"https:\/\/aconteceunovale.com.br\/portal\/index.php?rest_route=\/wp\/v2\/posts\/189133\/revisions"}],"predecessor-version":[{"id":189134,"href":"https:\/\/aconteceunovale.com.br\/portal\/index.php?rest_route=\/wp\/v2\/posts\/189133\/revisions\/189134"}],"wp:featuredmedia":[{"embeddable":true,"href":"https:\/\/aconteceunovale.com.br\/portal\/index.php?rest_route=\/wp\/v2\/media\/187663"}],"wp:attachment":[{"href":"https:\/\/aconteceunovale.com.br\/portal\/index.php?rest_route=%2Fwp%2Fv2%2Fmedia&parent=189133"}],"wp:term":[{"taxonomy":"category","embeddable":true,"href":"https:\/\/aconteceunovale.com.br\/portal\/index.php?rest_route=%2Fwp%2Fv2%2Fcategories&post=189133"},{"taxonomy":"post_tag","embeddable":true,"href":"https:\/\/aconteceunovale.com.br\/portal\/index.php?rest_route=%2Fwp%2Fv2%2Ftags&post=189133"}],"curies":[{"name":"wp","href":"https:\/\/api.w.org\/{rel}","templated":true}]}}