{"id":189086,"date":"2022-05-24T22:57:49","date_gmt":"2022-05-25T01:57:49","guid":{"rendered":"https:\/\/aconteceunovale.com.br\/portal\/?p=189086"},"modified":"2022-05-24T22:58:52","modified_gmt":"2022-05-25T01:58:52","slug":"anvisa-pede-uso-de-mascara-para-adiar-chegada-da-variola-dos-macacos","status":"publish","type":"post","link":"https:\/\/aconteceunovale.com.br\/portal\/?p=189086","title":{"rendered":"Anvisa pede uso de m\u00e1scara para adiar chegada da var\u00edola dos macacos"},"content":{"rendered":"\n<p class=\"wp-block-paragraph\">Diante do aumento no n\u00famero de casos da var\u00edola de macaco, a Ag\u00eancia Nacional de Vigil\u00e2ncia Sanit\u00e1ria (Anvisa) emitiu\u00a0nota refor\u00e7ando a necessidade de ado\u00e7\u00e3o de medidas &#8220;n\u00e3o farmacol\u00f3gicas&#8221;, como distanciamento f\u00edsico, uso de m\u00e1scaras de prote\u00e7\u00e3o e higieniza\u00e7\u00e3o frequente das m\u00e3os, em aeroportos e aeronaves, para retardar a entrada do v\u00edrus no Brasil.<\/p>\n\n\n\n<p class=\"wp-block-paragraph\">A var\u00edola de macaco \u00e9 uma doen\u00e7a pouco conhecida porque a incid\u00eancia \u00e9 maior na \u00c1frica. At\u00e9 o momento, segundo a Organiza\u00e7\u00e3o Mundial da Sa\u00fade (OMS) h\u00e1\u00a0131\u00a0casos confirmados de var\u00edola dos macacos, registrados fora do continente africano e 106 outros casos suspeitos, desde que o primeiro foi relatado em\u00a07 de maio.<\/p>\n\n\n\n<p class=\"wp-block-paragraph\">&#8220;A Anvisa mant\u00e9m-se alerta e vigilante quanto ao cen\u00e1rio epidemiol\u00f3gico nacional e internacional, acompanhando os dados dispon\u00edveis e a evolu\u00e7\u00e3o da doen\u00e7a, a fim de que possa ajustar as medidas sanit\u00e1rias oportunamente, caso seja necess\u00e1rio \u00e0 prote\u00e7\u00e3o da sa\u00fade da popula\u00e7\u00e3o&#8221;, diz a nota divulgada&nbsp;ontem&nbsp;(23).<\/p>\n\n\n\n<p class=\"wp-block-paragraph\">Ainda, de acordo com a ag\u00eancia, essas recomenda\u00e7\u00f5es protegem n\u00e3o s\u00f3 contra a var\u00edola e a covid-19, mas tamb\u00e9m contra muitas doen\u00e7as infectocontagiosas.<\/p>\n\n\n\n<p class=\"wp-block-paragraph\">&#8220;Tais medidas n\u00e3o farmacol\u00f3gicas, como o distanciamento f\u00edsico sempre que poss\u00edvel, o uso de m\u00e1scaras de prote\u00e7\u00e3o e a higieniza\u00e7\u00e3o frequente das m\u00e3os, t\u00eam o cond\u00e3o de proteger o indiv\u00edduo e a coletividade n\u00e3o apenas contra a covid-19, mas tamb\u00e9m contra outras doen\u00e7as&#8221;, reitera a Anvisa.<\/p>\n\n\n\n<p class=\"wp-block-paragraph\">Diante do quadro, o Minist\u00e9rio da Sa\u00fade criou uma\u00a0sala de situa\u00e7\u00e3o\u00a0para monitorar o cen\u00e1rio\u00a0da var\u00edola dos macacos no Brasil. A medida, anunciada pela pasta na noite desta\u00a0segunda-feira (23), tem como objetivo elaborar um plano de a\u00e7\u00e3o para o rastreamento de casos suspeitos e na defini\u00e7\u00e3o do diagn\u00f3stico cl\u00ednico e laboratorial para a doen\u00e7a.<\/p>\n\n\n\n<p class=\"wp-block-paragraph\">&#8220;At\u00e9 o momento, n\u00e3o h\u00e1 notifica\u00e7\u00e3o de casos suspeitos da doen\u00e7a no pa\u00eds&#8221;, informou o Minist\u00e9rio da Sa\u00fade, em nota. A pasta afirma que encaminhou aos estados um comunicado de risco sobre a patologia, com orienta\u00e7\u00f5es aos profissionais de sa\u00fade e informa\u00e7\u00f5es dispon\u00edveis at\u00e9 o momento sobre a doen\u00e7a.<\/p>\n\n\n\n<p class=\"wp-block-paragraph\">&#8212;&#8212;&#8212;&#8212;&#8212;&#8212;<br><br><strong>Sabia que o Aconteceu no Vale est\u00e1 tamb\u00e9m no Telegram? <a rel=\"noreferrer noopener\" href=\"https:\/\/t.me\/aconteceunovaleoficial\" target=\"_blank\">Inscreva-se no canal<\/a>.<\/strong><br><br><strong>J\u00e1 curtiu ou seguiu nossas p\u00e1ginas nas redes sociais?\u00a0Receba as not\u00edcias em primeira m\u00e3o:<\/strong><br>\u2022 <a rel=\"noreferrer noopener\" href=\"https:\/\/news.google.com\/publications\/CAAqBwgKMNjklQswi4etAw?hl=pt-BR&amp;gl=BR&amp;ceid=BR%3Apt-419\" target=\"_blank\">Google News<\/a><br>\u2022 <a rel=\"noreferrer noopener\" href=\"https:\/\/www.facebook.com\/aconteceunovale\/\" target=\"_blank\">Facebook<\/a><br>\u2022 <a rel=\"noreferrer noopener\" href=\"https:\/\/twitter.com\/noticiadosvales\" target=\"_blank\">Twitter<\/a><br>\u2022 <a rel=\"noreferrer noopener\" href=\"https:\/\/www.instagram.com\/aconteceunovale\" target=\"_blank\">Instagram<\/a><br>\u2022 <a rel=\"noreferrer noopener\" href=\"https:\/\/www.youtube.com\/AconteceunoValeOficial\" target=\"_blank\">Youtube<\/a><br>\u2022 <a rel=\"noreferrer noopener\" href=\"https:\/\/www.tiktok.com\/@aconteceunovale\" target=\"_blank\">TikTok<\/a><\/p>\n","protected":false},"excerpt":{"rendered":"<p>Diante do aumento no n\u00famero de casos da var\u00edola de macaco, a Ag\u00eancia Nacional de Vigil\u00e2ncia Sanit\u00e1ria (Anvisa) emitiu\u00a0nota refor\u00e7ando a necessidade de ado\u00e7\u00e3o de medidas &#8220;n\u00e3o farmacol\u00f3gicas&#8221;, como distanciamento f\u00edsico, uso de m\u00e1scaras de prote\u00e7\u00e3o e higieniza\u00e7\u00e3o frequente das m\u00e3os, em aeroportos e aeronaves, para retardar a entrada do v\u00edrus no Brasil. A var\u00edola [&hellip;]<\/p>\n","protected":false},"author":4,"featured_media":185910,"comment_status":"open","ping_status":"closed","sticky":false,"template":"","format":"standard","meta":{"amp_status":"","footnotes":""},"categories":[6,28848,40242],"tags":[2278,261287,4785,261291,1018,261292,19326,23476,261288,261290,261289],"class_list":["post-189086","post","type-post","status-publish","format-standard","has-post-thumbnail","hentry","category-br","category-mundo","category-saude-2","tag-anvisa","tag-anvisa-pede-uso-de-mascara-para-adiar-chegada-da-variola-dos-macacos","tag-brasil","tag-casos-de-variola-de-macaco","tag-destaque","tag-medicas-contra-variola-de-macaco","tag-ministerio-da-saude","tag-oms","tag-prevencao-contra-variola-dos-macacos","tag-variola","tag-variola-dos-macacos"],"yoast_head":"<!-- This site is optimized with the Yoast SEO plugin v28.3 - https:\/\/yoast.com\/product\/yoast-seo-wordpress\/ -->\n<title>Anvisa pede uso de m\u00e1scara para adiar chegada da var\u00edola dos macacos - Aconteceu no Vale<\/title>\n<meta name=\"robots\" content=\"index, follow, max-snippet:-1, max-image-preview:large, max-video-preview:-1\" \/>\n<link rel=\"canonical\" href=\"https:\/\/aconteceunovale.com.br\/portal\/?p=189086\" \/>\n<meta property=\"og:locale\" content=\"pt_BR\" \/>\n<meta property=\"og:type\" content=\"article\" \/>\n<meta property=\"og:title\" content=\"Anvisa pede uso de m\u00e1scara para adiar chegada da var\u00edola dos macacos - Aconteceu no Vale\" \/>\n<meta property=\"og:description\" content=\"Diante do aumento no n\u00famero de casos da var\u00edola de macaco, a Ag\u00eancia Nacional de Vigil\u00e2ncia Sanit\u00e1ria (Anvisa) emitiu\u00a0nota refor\u00e7ando a necessidade de ado\u00e7\u00e3o de medidas &#8220;n\u00e3o farmacol\u00f3gicas&#8221;, como distanciamento f\u00edsico, uso de m\u00e1scaras de prote\u00e7\u00e3o e higieniza\u00e7\u00e3o frequente das m\u00e3os, em aeroportos e aeronaves, para retardar a entrada do v\u00edrus no Brasil. A var\u00edola [&hellip;]\" \/>\n<meta property=\"og:url\" content=\"https:\/\/aconteceunovale.com.br\/portal\/?p=189086\" \/>\n<meta property=\"og:site_name\" content=\"Aconteceu no Vale\" \/>\n<meta property=\"article:publisher\" content=\"https:\/\/www.facebook.com\/aconteceunovale\/\" \/>\n<meta property=\"article:published_time\" content=\"2022-05-25T01:57:49+00:00\" \/>\n<meta property=\"article:modified_time\" content=\"2022-05-25T01:58:52+00:00\" \/>\n<meta property=\"og:image\" content=\"https:\/\/aconteceunovale.com.br\/portal\/wp-content\/uploads\/2022\/01\/mascara_n95.jpg\" \/>\n\t<meta property=\"og:image:width\" content=\"675\" \/>\n\t<meta property=\"og:image:height\" content=\"450\" \/>\n\t<meta property=\"og:image:type\" content=\"image\/jpeg\" \/>\n<meta name=\"author\" content=\"Reda\u00e7\u00e3o Aconteceu no Vale\" \/>\n<meta name=\"twitter:card\" content=\"summary_large_image\" \/>\n<meta name=\"twitter:creator\" content=\"@noticiadosvales\" \/>\n<meta name=\"twitter:site\" content=\"@noticiadosvales\" \/>\n<meta name=\"twitter:label1\" content=\"Escrito por\" \/>\n\t<meta name=\"twitter:data1\" content=\"Reda\u00e7\u00e3o Aconteceu no Vale\" \/>\n\t<meta name=\"twitter:label2\" content=\"Est. tempo de leitura\" \/>\n\t<meta name=\"twitter:data2\" content=\"2 minutos\" \/>\n<script type=\"application\/ld+json\" class=\"yoast-schema-graph\">{\"@context\":\"https:\\\/\\\/schema.org\",\"@graph\":[{\"@type\":\"Article\",\"@id\":\"https:\\\/\\\/aconteceunovale.com.br\\\/portal\\\/?p=189086#article\",\"isPartOf\":{\"@id\":\"https:\\\/\\\/aconteceunovale.com.br\\\/portal\\\/?p=189086\"},\"author\":{\"name\":\"Reda\u00e7\u00e3o Aconteceu no Vale\",\"@id\":\"https:\\\/\\\/aconteceunovale.com.br\\\/portal\\\/#\\\/schema\\\/person\\\/7d2f26d1483f8a63de73da1ee0754d35\"},\"headline\":\"Anvisa pede uso de m\u00e1scara para adiar chegada da var\u00edola dos macacos\",\"datePublished\":\"2022-05-25T01:57:49+00:00\",\"dateModified\":\"2022-05-25T01:58:52+00:00\",\"mainEntityOfPage\":{\"@id\":\"https:\\\/\\\/aconteceunovale.com.br\\\/portal\\\/?p=189086\"},\"wordCount\":451,\"commentCount\":0,\"image\":{\"@id\":\"https:\\\/\\\/aconteceunovale.com.br\\\/portal\\\/?p=189086#primaryimage\"},\"thumbnailUrl\":\"https:\\\/\\\/aconteceunovale.com.br\\\/portal\\\/wp-content\\\/uploads\\\/2022\\\/01\\\/mascara_n95.jpg\",\"keywords\":[\"Anvisa\",\"Anvisa pede uso de m\u00e1scara para adiar chegada da var\u00edola dos macacos\",\"brasil\",\"Casos de var\u00edola de macaco\",\"destaque\",\"Medicas contra var\u00edola de macaco\",\"Minist\u00e9rio da Sa\u00fade\",\"OMS\",\"Preven\u00e7\u00e3o contra var\u00edola dos macacos\",\"Var\u00edola\",\"Var\u00edola dos macacos\"],\"articleSection\":[\"Brasil\",\"Mundo\",\"Sa\u00fade\"],\"inLanguage\":\"pt-BR\",\"potentialAction\":[{\"@type\":\"CommentAction\",\"name\":\"Comment\",\"target\":[\"https:\\\/\\\/aconteceunovale.com.br\\\/portal\\\/?p=189086#respond\"]}]},{\"@type\":\"WebPage\",\"@id\":\"https:\\\/\\\/aconteceunovale.com.br\\\/portal\\\/?p=189086\",\"url\":\"https:\\\/\\\/aconteceunovale.com.br\\\/portal\\\/?p=189086\",\"name\":\"Anvisa pede uso de m\u00e1scara para adiar chegada da var\u00edola dos macacos - Aconteceu no Vale\",\"isPartOf\":{\"@id\":\"https:\\\/\\\/aconteceunovale.com.br\\\/portal\\\/#website\"},\"primaryImageOfPage\":{\"@id\":\"https:\\\/\\\/aconteceunovale.com.br\\\/portal\\\/?p=189086#primaryimage\"},\"image\":{\"@id\":\"https:\\\/\\\/aconteceunovale.com.br\\\/portal\\\/?p=189086#primaryimage\"},\"thumbnailUrl\":\"https:\\\/\\\/aconteceunovale.com.br\\\/portal\\\/wp-content\\\/uploads\\\/2022\\\/01\\\/mascara_n95.jpg\",\"datePublished\":\"2022-05-25T01:57:49+00:00\",\"dateModified\":\"2022-05-25T01:58:52+00:00\",\"author\":{\"@id\":\"https:\\\/\\\/aconteceunovale.com.br\\\/portal\\\/#\\\/schema\\\/person\\\/7d2f26d1483f8a63de73da1ee0754d35\"},\"breadcrumb\":{\"@id\":\"https:\\\/\\\/aconteceunovale.com.br\\\/portal\\\/?p=189086#breadcrumb\"},\"inLanguage\":\"pt-BR\",\"potentialAction\":[{\"@type\":\"ReadAction\",\"target\":[\"https:\\\/\\\/aconteceunovale.com.br\\\/portal\\\/?p=189086\"]}]},{\"@type\":\"ImageObject\",\"inLanguage\":\"pt-BR\",\"@id\":\"https:\\\/\\\/aconteceunovale.com.br\\\/portal\\\/?p=189086#primaryimage\",\"url\":\"https:\\\/\\\/aconteceunovale.com.br\\\/portal\\\/wp-content\\\/uploads\\\/2022\\\/01\\\/mascara_n95.jpg\",\"contentUrl\":\"https:\\\/\\\/aconteceunovale.com.br\\\/portal\\\/wp-content\\\/uploads\\\/2022\\\/01\\\/mascara_n95.jpg\",\"width\":675,\"height\":450,\"caption\":\"Foto: Governo do Estado do Cear\u00e1 \\\/ Divulga\u00e7\u00e3o\"},{\"@type\":\"BreadcrumbList\",\"@id\":\"https:\\\/\\\/aconteceunovale.com.br\\\/portal\\\/?p=189086#breadcrumb\",\"itemListElement\":[{\"@type\":\"ListItem\",\"position\":1,\"name\":\"In\u00edcio\",\"item\":\"https:\\\/\\\/aconteceunovale.com.br\\\/portal\\\/\"},{\"@type\":\"ListItem\",\"position\":2,\"name\":\"Anvisa pede uso de m\u00e1scara para adiar chegada da var\u00edola dos macacos\"}]},{\"@type\":\"WebSite\",\"@id\":\"https:\\\/\\\/aconteceunovale.com.br\\\/portal\\\/#website\",\"url\":\"https:\\\/\\\/aconteceunovale.com.br\\\/portal\\\/\",\"name\":\"Aconteceu no Vale\",\"description\":\"Portal de Not\u00edcias\",\"potentialAction\":[{\"@type\":\"SearchAction\",\"target\":{\"@type\":\"EntryPoint\",\"urlTemplate\":\"https:\\\/\\\/aconteceunovale.com.br\\\/portal\\\/?s={search_term_string}\"},\"query-input\":{\"@type\":\"PropertyValueSpecification\",\"valueRequired\":true,\"valueName\":\"search_term_string\"}}],\"inLanguage\":\"pt-BR\"},{\"@type\":\"Person\",\"@id\":\"https:\\\/\\\/aconteceunovale.com.br\\\/portal\\\/#\\\/schema\\\/person\\\/7d2f26d1483f8a63de73da1ee0754d35\",\"name\":\"Reda\u00e7\u00e3o Aconteceu no Vale\",\"description\":\"Equipe de reportagem do Aconteceu no Vale, portal de not\u00edcias do Vale do Jequitinhonha, em Minas Gerais. Cobrimos as 51 cidades do Vale desde 2013. Sugest\u00f5es de pauta e pedidos de corre\u00e7\u00e3o: contato@aconteceunovale.com.br\",\"url\":\"https:\\\/\\\/aconteceunovale.com.br\\\/portal\\\/?author=4\"}]}<\/script>\n<!-- \/ Yoast SEO plugin. -->","yoast_head_json":{"title":"Anvisa pede uso de m\u00e1scara para adiar chegada da var\u00edola dos macacos - Aconteceu no Vale","robots":{"index":"index","follow":"follow","max-snippet":"max-snippet:-1","max-image-preview":"max-image-preview:large","max-video-preview":"max-video-preview:-1"},"canonical":"https:\/\/aconteceunovale.com.br\/portal\/?p=189086","og_locale":"pt_BR","og_type":"article","og_title":"Anvisa pede uso de m\u00e1scara para adiar chegada da var\u00edola dos macacos - Aconteceu no Vale","og_description":"Diante do aumento no n\u00famero de casos da var\u00edola de macaco, a Ag\u00eancia Nacional de Vigil\u00e2ncia Sanit\u00e1ria (Anvisa) emitiu\u00a0nota refor\u00e7ando a necessidade de ado\u00e7\u00e3o de medidas &#8220;n\u00e3o farmacol\u00f3gicas&#8221;, como distanciamento f\u00edsico, uso de m\u00e1scaras de prote\u00e7\u00e3o e higieniza\u00e7\u00e3o frequente das m\u00e3os, em aeroportos e aeronaves, para retardar a entrada do v\u00edrus no Brasil. A var\u00edola [&hellip;]","og_url":"https:\/\/aconteceunovale.com.br\/portal\/?p=189086","og_site_name":"Aconteceu no Vale","article_publisher":"https:\/\/www.facebook.com\/aconteceunovale\/","article_published_time":"2022-05-25T01:57:49+00:00","article_modified_time":"2022-05-25T01:58:52+00:00","og_image":[{"width":675,"height":450,"url":"https:\/\/aconteceunovale.com.br\/portal\/wp-content\/uploads\/2022\/01\/mascara_n95.jpg","type":"image\/jpeg"}],"author":"Reda\u00e7\u00e3o Aconteceu no Vale","twitter_card":"summary_large_image","twitter_creator":"@noticiadosvales","twitter_site":"@noticiadosvales","twitter_misc":{"Escrito por":"Reda\u00e7\u00e3o Aconteceu no Vale","Est. tempo de leitura":"2 minutos"},"schema":{"@context":"https:\/\/schema.org","@graph":[{"@type":"Article","@id":"https:\/\/aconteceunovale.com.br\/portal\/?p=189086#article","isPartOf":{"@id":"https:\/\/aconteceunovale.com.br\/portal\/?p=189086"},"author":{"name":"Reda\u00e7\u00e3o Aconteceu no Vale","@id":"https:\/\/aconteceunovale.com.br\/portal\/#\/schema\/person\/7d2f26d1483f8a63de73da1ee0754d35"},"headline":"Anvisa pede uso de m\u00e1scara para adiar chegada da var\u00edola dos macacos","datePublished":"2022-05-25T01:57:49+00:00","dateModified":"2022-05-25T01:58:52+00:00","mainEntityOfPage":{"@id":"https:\/\/aconteceunovale.com.br\/portal\/?p=189086"},"wordCount":451,"commentCount":0,"image":{"@id":"https:\/\/aconteceunovale.com.br\/portal\/?p=189086#primaryimage"},"thumbnailUrl":"https:\/\/aconteceunovale.com.br\/portal\/wp-content\/uploads\/2022\/01\/mascara_n95.jpg","keywords":["Anvisa","Anvisa pede uso de m\u00e1scara para adiar chegada da var\u00edola dos macacos","brasil","Casos de var\u00edola de macaco","destaque","Medicas contra var\u00edola de macaco","Minist\u00e9rio da Sa\u00fade","OMS","Preven\u00e7\u00e3o contra var\u00edola dos macacos","Var\u00edola","Var\u00edola dos macacos"],"articleSection":["Brasil","Mundo","Sa\u00fade"],"inLanguage":"pt-BR","potentialAction":[{"@type":"CommentAction","name":"Comment","target":["https:\/\/aconteceunovale.com.br\/portal\/?p=189086#respond"]}]},{"@type":"WebPage","@id":"https:\/\/aconteceunovale.com.br\/portal\/?p=189086","url":"https:\/\/aconteceunovale.com.br\/portal\/?p=189086","name":"Anvisa pede uso de m\u00e1scara para adiar chegada da var\u00edola dos macacos - Aconteceu no Vale","isPartOf":{"@id":"https:\/\/aconteceunovale.com.br\/portal\/#website"},"primaryImageOfPage":{"@id":"https:\/\/aconteceunovale.com.br\/portal\/?p=189086#primaryimage"},"image":{"@id":"https:\/\/aconteceunovale.com.br\/portal\/?p=189086#primaryimage"},"thumbnailUrl":"https:\/\/aconteceunovale.com.br\/portal\/wp-content\/uploads\/2022\/01\/mascara_n95.jpg","datePublished":"2022-05-25T01:57:49+00:00","dateModified":"2022-05-25T01:58:52+00:00","author":{"@id":"https:\/\/aconteceunovale.com.br\/portal\/#\/schema\/person\/7d2f26d1483f8a63de73da1ee0754d35"},"breadcrumb":{"@id":"https:\/\/aconteceunovale.com.br\/portal\/?p=189086#breadcrumb"},"inLanguage":"pt-BR","potentialAction":[{"@type":"ReadAction","target":["https:\/\/aconteceunovale.com.br\/portal\/?p=189086"]}]},{"@type":"ImageObject","inLanguage":"pt-BR","@id":"https:\/\/aconteceunovale.com.br\/portal\/?p=189086#primaryimage","url":"https:\/\/aconteceunovale.com.br\/portal\/wp-content\/uploads\/2022\/01\/mascara_n95.jpg","contentUrl":"https:\/\/aconteceunovale.com.br\/portal\/wp-content\/uploads\/2022\/01\/mascara_n95.jpg","width":675,"height":450,"caption":"Foto: Governo do Estado do Cear\u00e1 \/ Divulga\u00e7\u00e3o"},{"@type":"BreadcrumbList","@id":"https:\/\/aconteceunovale.com.br\/portal\/?p=189086#breadcrumb","itemListElement":[{"@type":"ListItem","position":1,"name":"In\u00edcio","item":"https:\/\/aconteceunovale.com.br\/portal\/"},{"@type":"ListItem","position":2,"name":"Anvisa pede uso de m\u00e1scara para adiar chegada da var\u00edola dos macacos"}]},{"@type":"WebSite","@id":"https:\/\/aconteceunovale.com.br\/portal\/#website","url":"https:\/\/aconteceunovale.com.br\/portal\/","name":"Aconteceu no Vale","description":"Portal de Not\u00edcias","potentialAction":[{"@type":"SearchAction","target":{"@type":"EntryPoint","urlTemplate":"https:\/\/aconteceunovale.com.br\/portal\/?s={search_term_string}"},"query-input":{"@type":"PropertyValueSpecification","valueRequired":true,"valueName":"search_term_string"}}],"inLanguage":"pt-BR"},{"@type":"Person","@id":"https:\/\/aconteceunovale.com.br\/portal\/#\/schema\/person\/7d2f26d1483f8a63de73da1ee0754d35","name":"Reda\u00e7\u00e3o Aconteceu no Vale","description":"Equipe de reportagem do Aconteceu no Vale, portal de not\u00edcias do Vale do Jequitinhonha, em Minas Gerais. Cobrimos as 51 cidades do Vale desde 2013. Sugest\u00f5es de pauta e pedidos de corre\u00e7\u00e3o: contato@aconteceunovale.com.br","url":"https:\/\/aconteceunovale.com.br\/portal\/?author=4"}]}},"_links":{"self":[{"href":"https:\/\/aconteceunovale.com.br\/portal\/index.php?rest_route=\/wp\/v2\/posts\/189086","targetHints":{"allow":["GET"]}}],"collection":[{"href":"https:\/\/aconteceunovale.com.br\/portal\/index.php?rest_route=\/wp\/v2\/posts"}],"about":[{"href":"https:\/\/aconteceunovale.com.br\/portal\/index.php?rest_route=\/wp\/v2\/types\/post"}],"author":[{"embeddable":true,"href":"https:\/\/aconteceunovale.com.br\/portal\/index.php?rest_route=\/wp\/v2\/users\/4"}],"replies":[{"embeddable":true,"href":"https:\/\/aconteceunovale.com.br\/portal\/index.php?rest_route=%2Fwp%2Fv2%2Fcomments&post=189086"}],"version-history":[{"count":1,"href":"https:\/\/aconteceunovale.com.br\/portal\/index.php?rest_route=\/wp\/v2\/posts\/189086\/revisions"}],"predecessor-version":[{"id":189087,"href":"https:\/\/aconteceunovale.com.br\/portal\/index.php?rest_route=\/wp\/v2\/posts\/189086\/revisions\/189087"}],"wp:featuredmedia":[{"embeddable":true,"href":"https:\/\/aconteceunovale.com.br\/portal\/index.php?rest_route=\/wp\/v2\/media\/185910"}],"wp:attachment":[{"href":"https:\/\/aconteceunovale.com.br\/portal\/index.php?rest_route=%2Fwp%2Fv2%2Fmedia&parent=189086"}],"wp:term":[{"taxonomy":"category","embeddable":true,"href":"https:\/\/aconteceunovale.com.br\/portal\/index.php?rest_route=%2Fwp%2Fv2%2Fcategories&post=189086"},{"taxonomy":"post_tag","embeddable":true,"href":"https:\/\/aconteceunovale.com.br\/portal\/index.php?rest_route=%2Fwp%2Fv2%2Ftags&post=189086"}],"curies":[{"name":"wp","href":"https:\/\/api.w.org\/{rel}","templated":true}]}}