{"id":189078,"date":"2022-05-24T11:54:16","date_gmt":"2022-05-24T14:54:16","guid":{"rendered":"https:\/\/aconteceunovale.com.br\/portal\/?p=189078"},"modified":"2022-05-24T11:55:14","modified_gmt":"2022-05-24T14:55:14","slug":"periodo-de-frio-exige-cuidados-para-se-aquecer-sem-provocar-acidentes","status":"publish","type":"post","link":"https:\/\/aconteceunovale.com.br\/portal\/?p=189078","title":{"rendered":"Per\u00edodo de frio exige cuidados para se aquecer sem provocar acidentes"},"content":{"rendered":"\n<p class=\"wp-block-paragraph\">O per\u00edodo de frio intenso chegou e, com isso, as pessoas tendem a buscar maneiras de se aquecer para escapar da sensa\u00e7\u00e3o t\u00e9rmica gelada. No entanto, alternativas caseiras ou o uso indevido de equipamentos como aquecedores podem provocar acidentes e, em alguns casos, colocar a vida em risco. Por outro lado, a exposi\u00e7\u00e3o \u00e0s baixas temperaturas tamb\u00e9m \u00e9 perigosa e pode causar hipotermia.<\/p>\n\n\n\n<p class=\"wp-block-paragraph\">O tenente e porta-voz do\u00a0<a rel=\"noreferrer noopener\" href=\"https:\/\/www.bombeiros.mg.gov.br\/\" target=\"_blank\">Corpo de Bombeiros Militar de Minas Gerais (CBMMG)<\/a>, Pedro Aihara, explica que, durante os per\u00edodos de frio, o indicado \u00e9 n\u00e3o improvisar e evitar materiais\u00a0que possam produzir chamas e fuma\u00e7a, j\u00e1 que o risco \u00e9 fatal e silencioso.<\/p>\n\n\n\n<p class=\"wp-block-paragraph\">\u201cNo caso das lareiras, fogueiras, brasas e chamas, existe a produ\u00e7\u00e3o de fuma\u00e7a que tem mon\u00f3xido de carbono. Essa subst\u00e2ncia faz com que o sangue tenha dificuldade de transportar\u00a0oxig\u00eanio para o corpo, levando \u00e0 morte. E as pessoas n\u00e3o costumam perceber os sintomas, que s\u00e3o tontura, sonol\u00eancia, dorm\u00eancia e desmaio. Desta forma, elas n\u00e3o notam que est\u00e3o se contaminando e acabam se vitimando sem perceber. Por isso, as pessoas jamais devem produzir chamas e fuma\u00e7a em ambientes fechados\u201d, ressalta.<\/p>\n\n\n\n<h2 class=\"wp-block-heading\"><strong>Aquecimento<\/strong><\/h2>\n\n\n\n<p class=\"wp-block-paragraph\">Para o caso de equipamentos pr\u00f3prios para aquecimento, o tenente ressalta que a manuten\u00e7\u00e3o deve estar em dia e o manual deve ser seguido \u00e0 risca, al\u00e9m de outros cuidados.<\/p>\n\n\n\n<p class=\"wp-block-paragraph\">\u201cFogueiras somente em ambientes abertos. Para o caso de lareiras, deve-se verificar se o sistema de exaust\u00e3o est\u00e1 desobstru\u00eddo. No caso de aquecedores el\u00e9tricos, \u00e9 necess\u00e1rio ter cuidado para n\u00e3o sobrecarregar a tomada onde ele est\u00e1 ligado, j\u00e1 que \u00e9 um equipamento de consumo maior que a m\u00e9dia, al\u00e9m de evitar deixar elementos por perto, como cobertas. Como esses equipamentos produzem calor, \u00e9 preciso evitar gatilhos que podem iniciar um inc\u00eandio. Outro cuidado sugerido \u00e9 sempre verificar se o aquecedor foi desligado de forma correta para evitar que ele superaque\u00e7a. Al\u00e9m disso, o uso deve ser feito conforme indica\u00e7\u00e3o do fabricante&#8221;, afirma Pedro Aihara.<\/p>\n\n\n\n<h2 class=\"wp-block-heading\"><strong>Frio tamb\u00e9m \u00e9 perigoso<\/strong><\/h2>\n\n\n\n<p class=\"wp-block-paragraph\">Ficar exposto ao frio tamb\u00e9m pode ser um problema, j\u00e1 que a baixa temperatura pode provocar hipotermia, que \u00e9 quando a temperatura corporal cai drasticamente, prejudicando as fun\u00e7\u00f5es metab\u00f3licas.<\/p>\n\n\n\n<p class=\"wp-block-paragraph\">\u201cO principal problema da hipotermia \u00e9 a circula\u00e7\u00e3o do sangue e o comprometimento de fun\u00e7\u00f5es vitais. A longa exposi\u00e7\u00e3o ao frio pode provocar alguns sintomas que indicam o problema, como dificuldade de reflexo, falas desconexas e extremidades roxas, como m\u00e3os e p\u00e9s. Neste caso, ao identificar algu\u00e9m nessa situa\u00e7\u00e3o, \u00e9 preciso manter a pessoa aquecida, por meio de agasalho, l\u00edquido quente e alguma fonte de calor para reverter o quadro. Pessoas podem morrer de frio\u201d, alerta Aihara.<\/p>\n\n\n\n<p class=\"wp-block-paragraph\">Portanto, o indicado \u00e9 manter-se bem agasalhado e refor\u00e7ar os cobertores e os cuidados. Em caso de emerg\u00eancias, os bombeiros ou o Servi\u00e7o de Atendimento M\u00f3vel de Urg\u00eancia (Samu), devem ser acionados para dar suporte \u00e0s v\u00edtimas.<\/p>\n\n\n\n<h2 class=\"wp-block-heading\"><strong>Ajuda ao pr\u00f3ximo<\/strong><\/h2>\n\n\n\n<p class=\"wp-block-paragraph\">Para ajudar os mais necessitados a enfrentarem do frio, o\u00a0<a rel=\"noreferrer noopener\" href=\"https:\/\/servas.org.br\/\" target=\"_blank\">Servi\u00e7o Social Aut\u00f4nomo (Servas)<\/a>\u00a0iniciou a campanha #CalorHumano, que tem como objetivo arrecadar agasalhos, cobertores e acess\u00f3rios de inverno, para doar a entidades socioassistenciais que acolhem e atendem os mineiros em situa\u00e7\u00e3o de vulnerabilidade social.<\/p>\n\n\n\n<p class=\"wp-block-paragraph\">Com dura\u00e7\u00e3o de tr\u00eas meses e a colabora\u00e7\u00e3o de toda popula\u00e7\u00e3o, a campanha inicia uma grande mobiliza\u00e7\u00e3o social em prol de todos as pessoas que, neste momento, se encontram em dificuldade de conseguir roupas adequadas para o frio. Neste ano, ser\u00e3o disponibilizados em Belo Horizonte diversos pontos de coleta para\u00a0doa\u00e7\u00e3o.<\/p>\n\n\n\n<p class=\"wp-block-paragraph\">Em 2021, o Servas recebeu aproximadamente 30 mil itens e, agora, em 2022, o objetivo \u00e9 alcan\u00e7ar um n\u00famero ainda maior de doa\u00e7\u00f5es. Os pontos de coleta de agasalhos da campanha #CalorHumano est\u00e3o dispon\u00edveis no\u00a0<a rel=\"noreferrer noopener\" href=\"https:\/\/servas.org.br\/noticias\/calor-humano\/\" target=\"_blank\">site do Servas<\/a>.<\/p>\n\n\n\n<p class=\"wp-block-paragraph\">&#8212;&#8212;&#8212;&#8212;&#8212;&#8212;<br><br><strong>Sabia que o Aconteceu no Vale est\u00e1 tamb\u00e9m no Telegram? <a rel=\"noreferrer noopener\" href=\"https:\/\/t.me\/aconteceunovaleoficial\" target=\"_blank\">Inscreva-se no canal<\/a>.<\/strong><br><br><strong>J\u00e1 curtiu ou seguiu nossas p\u00e1ginas nas redes sociais?\u00a0Receba as not\u00edcias em primeira m\u00e3o:<\/strong><br>\u2022 <a rel=\"noreferrer noopener\" href=\"https:\/\/news.google.com\/publications\/CAAqBwgKMNjklQswi4etAw?hl=pt-BR&amp;gl=BR&amp;ceid=BR%3Apt-419\" target=\"_blank\">Google News<\/a><br>\u2022 <a rel=\"noreferrer noopener\" href=\"https:\/\/www.facebook.com\/aconteceunovale\/\" target=\"_blank\">Facebook<\/a><br>\u2022 <a rel=\"noreferrer noopener\" href=\"https:\/\/twitter.com\/noticiadosvales\" target=\"_blank\">Twitter<\/a><br>\u2022 <a rel=\"noreferrer noopener\" href=\"https:\/\/www.instagram.com\/aconteceunovale\" target=\"_blank\">Instagram<\/a><br>\u2022 <a rel=\"noreferrer noopener\" href=\"https:\/\/www.youtube.com\/AconteceunoValeOficial\" target=\"_blank\">Youtube<\/a><br>\u2022 <a rel=\"noreferrer noopener\" href=\"https:\/\/www.tiktok.com\/@aconteceunovale\" target=\"_blank\">TikTok<\/a><\/p>\n","protected":false},"excerpt":{"rendered":"<p>O per\u00edodo de frio intenso chegou e, com isso, as pessoas tendem a buscar maneiras de se aquecer para escapar da sensa\u00e7\u00e3o t\u00e9rmica gelada. No entanto, alternativas caseiras ou o uso indevido de equipamentos como aquecedores podem provocar acidentes e, em alguns casos, colocar a vida em risco. Por outro lado, a exposi\u00e7\u00e3o \u00e0s baixas [&hellip;]<\/p>\n","protected":false},"author":4,"featured_media":189079,"comment_status":"open","ping_status":"closed","sticky":false,"template":"","format":"standard","meta":{"amp_status":"","footnotes":""},"categories":[123],"tags":[261279,29660,1018,261277,261280,98983,261278,261276,131,192409,261274,261275],"class_list":["post-189078","post","type-post","status-publish","format-standard","has-post-thumbnail","hentry","category-gerais","tag-aquecimento-no-frio","tag-cbmmg","tag-destaque","tag-fogueira","tag-frio-e-perigoso","tag-frio-intenso","tag-fumaca","tag-lareira","tag-minas-gerais","tag-pedro-aihara","tag-periodo-de-frio-exige-cuidados-para-se-aquecer-sem-provocar-acidentes","tag-periodo-frio"],"yoast_head":"<!-- This site is optimized with the Yoast SEO plugin v28.3 - https:\/\/yoast.com\/product\/yoast-seo-wordpress\/ -->\n<title>Per\u00edodo de frio exige cuidados para se aquecer sem provocar acidentes - Aconteceu no Vale<\/title>\n<meta name=\"robots\" content=\"index, follow, max-snippet:-1, max-image-preview:large, max-video-preview:-1\" \/>\n<link rel=\"canonical\" href=\"https:\/\/aconteceunovale.com.br\/portal\/?p=189078\" \/>\n<meta property=\"og:locale\" content=\"pt_BR\" \/>\n<meta property=\"og:type\" content=\"article\" \/>\n<meta property=\"og:title\" content=\"Per\u00edodo de frio exige cuidados para se aquecer sem provocar acidentes - Aconteceu no Vale\" \/>\n<meta property=\"og:description\" content=\"O per\u00edodo de frio intenso chegou e, com isso, as pessoas tendem a buscar maneiras de se aquecer para escapar da sensa\u00e7\u00e3o t\u00e9rmica gelada. No entanto, alternativas caseiras ou o uso indevido de equipamentos como aquecedores podem provocar acidentes e, em alguns casos, colocar a vida em risco. Por outro lado, a exposi\u00e7\u00e3o \u00e0s baixas [&hellip;]\" \/>\n<meta property=\"og:url\" content=\"https:\/\/aconteceunovale.com.br\/portal\/?p=189078\" \/>\n<meta property=\"og:site_name\" content=\"Aconteceu no Vale\" \/>\n<meta property=\"article:publisher\" content=\"https:\/\/www.facebook.com\/aconteceunovale\/\" \/>\n<meta property=\"article:published_time\" content=\"2022-05-24T14:54:16+00:00\" \/>\n<meta property=\"article:modified_time\" content=\"2022-05-24T14:55:14+00:00\" \/>\n<meta property=\"og:image\" content=\"https:\/\/aconteceunovale.com.br\/portal\/wp-content\/uploads\/2022\/05\/fogueira.jpg\" \/>\n\t<meta property=\"og:image:width\" content=\"570\" \/>\n\t<meta property=\"og:image:height\" content=\"380\" \/>\n\t<meta property=\"og:image:type\" content=\"image\/jpeg\" \/>\n<meta name=\"author\" content=\"Reda\u00e7\u00e3o Aconteceu no Vale\" \/>\n<meta name=\"twitter:card\" content=\"summary_large_image\" \/>\n<meta name=\"twitter:creator\" content=\"@noticiadosvales\" \/>\n<meta name=\"twitter:site\" content=\"@noticiadosvales\" \/>\n<meta name=\"twitter:label1\" content=\"Escrito por\" \/>\n\t<meta name=\"twitter:data1\" content=\"Reda\u00e7\u00e3o Aconteceu no Vale\" \/>\n\t<meta name=\"twitter:label2\" content=\"Est. tempo de leitura\" \/>\n\t<meta name=\"twitter:data2\" content=\"3 minutos\" \/>\n<script type=\"application\/ld+json\" class=\"yoast-schema-graph\">{\"@context\":\"https:\\\/\\\/schema.org\",\"@graph\":[{\"@type\":\"Article\",\"@id\":\"https:\\\/\\\/aconteceunovale.com.br\\\/portal\\\/?p=189078#article\",\"isPartOf\":{\"@id\":\"https:\\\/\\\/aconteceunovale.com.br\\\/portal\\\/?p=189078\"},\"author\":{\"name\":\"Reda\u00e7\u00e3o Aconteceu no Vale\",\"@id\":\"https:\\\/\\\/aconteceunovale.com.br\\\/portal\\\/#\\\/schema\\\/person\\\/7d2f26d1483f8a63de73da1ee0754d35\"},\"headline\":\"Per\u00edodo de frio exige cuidados para se aquecer sem provocar acidentes\",\"datePublished\":\"2022-05-24T14:54:16+00:00\",\"dateModified\":\"2022-05-24T14:55:14+00:00\",\"mainEntityOfPage\":{\"@id\":\"https:\\\/\\\/aconteceunovale.com.br\\\/portal\\\/?p=189078\"},\"wordCount\":709,\"commentCount\":0,\"image\":{\"@id\":\"https:\\\/\\\/aconteceunovale.com.br\\\/portal\\\/?p=189078#primaryimage\"},\"thumbnailUrl\":\"https:\\\/\\\/aconteceunovale.com.br\\\/portal\\\/wp-content\\\/uploads\\\/2022\\\/05\\\/fogueira.jpg\",\"keywords\":[\"Aquecimento no frio\",\"CBMMG\",\"destaque\",\"Fogueira\",\"Frio \u00e9 perigoso\",\"Frio intenso\",\"Fuma\u00e7a\",\"Lareira\",\"Minas Gerais\",\"Pedro Aihara\",\"Per\u00edodo de frio exige cuidados para se aquecer sem provocar acidentes\",\"Per\u00edodo frio\"],\"articleSection\":[\"Minas Gerais\"],\"inLanguage\":\"pt-BR\",\"potentialAction\":[{\"@type\":\"CommentAction\",\"name\":\"Comment\",\"target\":[\"https:\\\/\\\/aconteceunovale.com.br\\\/portal\\\/?p=189078#respond\"]}]},{\"@type\":\"WebPage\",\"@id\":\"https:\\\/\\\/aconteceunovale.com.br\\\/portal\\\/?p=189078\",\"url\":\"https:\\\/\\\/aconteceunovale.com.br\\\/portal\\\/?p=189078\",\"name\":\"Per\u00edodo de frio exige cuidados para se aquecer sem provocar acidentes - Aconteceu no Vale\",\"isPartOf\":{\"@id\":\"https:\\\/\\\/aconteceunovale.com.br\\\/portal\\\/#website\"},\"primaryImageOfPage\":{\"@id\":\"https:\\\/\\\/aconteceunovale.com.br\\\/portal\\\/?p=189078#primaryimage\"},\"image\":{\"@id\":\"https:\\\/\\\/aconteceunovale.com.br\\\/portal\\\/?p=189078#primaryimage\"},\"thumbnailUrl\":\"https:\\\/\\\/aconteceunovale.com.br\\\/portal\\\/wp-content\\\/uploads\\\/2022\\\/05\\\/fogueira.jpg\",\"datePublished\":\"2022-05-24T14:54:16+00:00\",\"dateModified\":\"2022-05-24T14:55:14+00:00\",\"author\":{\"@id\":\"https:\\\/\\\/aconteceunovale.com.br\\\/portal\\\/#\\\/schema\\\/person\\\/7d2f26d1483f8a63de73da1ee0754d35\"},\"breadcrumb\":{\"@id\":\"https:\\\/\\\/aconteceunovale.com.br\\\/portal\\\/?p=189078#breadcrumb\"},\"inLanguage\":\"pt-BR\",\"potentialAction\":[{\"@type\":\"ReadAction\",\"target\":[\"https:\\\/\\\/aconteceunovale.com.br\\\/portal\\\/?p=189078\"]}]},{\"@type\":\"ImageObject\",\"inLanguage\":\"pt-BR\",\"@id\":\"https:\\\/\\\/aconteceunovale.com.br\\\/portal\\\/?p=189078#primaryimage\",\"url\":\"https:\\\/\\\/aconteceunovale.com.br\\\/portal\\\/wp-content\\\/uploads\\\/2022\\\/05\\\/fogueira.jpg\",\"contentUrl\":\"https:\\\/\\\/aconteceunovale.com.br\\\/portal\\\/wp-content\\\/uploads\\\/2022\\\/05\\\/fogueira.jpg\",\"width\":570,\"height\":380},{\"@type\":\"BreadcrumbList\",\"@id\":\"https:\\\/\\\/aconteceunovale.com.br\\\/portal\\\/?p=189078#breadcrumb\",\"itemListElement\":[{\"@type\":\"ListItem\",\"position\":1,\"name\":\"In\u00edcio\",\"item\":\"https:\\\/\\\/aconteceunovale.com.br\\\/portal\\\/\"},{\"@type\":\"ListItem\",\"position\":2,\"name\":\"Per\u00edodo de frio exige cuidados para se aquecer sem provocar acidentes\"}]},{\"@type\":\"WebSite\",\"@id\":\"https:\\\/\\\/aconteceunovale.com.br\\\/portal\\\/#website\",\"url\":\"https:\\\/\\\/aconteceunovale.com.br\\\/portal\\\/\",\"name\":\"Aconteceu no Vale\",\"description\":\"Portal de Not\u00edcias\",\"potentialAction\":[{\"@type\":\"SearchAction\",\"target\":{\"@type\":\"EntryPoint\",\"urlTemplate\":\"https:\\\/\\\/aconteceunovale.com.br\\\/portal\\\/?s={search_term_string}\"},\"query-input\":{\"@type\":\"PropertyValueSpecification\",\"valueRequired\":true,\"valueName\":\"search_term_string\"}}],\"inLanguage\":\"pt-BR\"},{\"@type\":\"Person\",\"@id\":\"https:\\\/\\\/aconteceunovale.com.br\\\/portal\\\/#\\\/schema\\\/person\\\/7d2f26d1483f8a63de73da1ee0754d35\",\"name\":\"Reda\u00e7\u00e3o Aconteceu no Vale\",\"description\":\"Equipe de reportagem do Aconteceu no Vale, portal de not\u00edcias do Vale do Jequitinhonha, em Minas Gerais. Cobrimos as 51 cidades do Vale desde 2013. Sugest\u00f5es de pauta e pedidos de corre\u00e7\u00e3o: contato@aconteceunovale.com.br\",\"url\":\"https:\\\/\\\/aconteceunovale.com.br\\\/portal\\\/?author=4\"}]}<\/script>\n<!-- \/ Yoast SEO plugin. -->","yoast_head_json":{"title":"Per\u00edodo de frio exige cuidados para se aquecer sem provocar acidentes - Aconteceu no Vale","robots":{"index":"index","follow":"follow","max-snippet":"max-snippet:-1","max-image-preview":"max-image-preview:large","max-video-preview":"max-video-preview:-1"},"canonical":"https:\/\/aconteceunovale.com.br\/portal\/?p=189078","og_locale":"pt_BR","og_type":"article","og_title":"Per\u00edodo de frio exige cuidados para se aquecer sem provocar acidentes - Aconteceu no Vale","og_description":"O per\u00edodo de frio intenso chegou e, com isso, as pessoas tendem a buscar maneiras de se aquecer para escapar da sensa\u00e7\u00e3o t\u00e9rmica gelada. No entanto, alternativas caseiras ou o uso indevido de equipamentos como aquecedores podem provocar acidentes e, em alguns casos, colocar a vida em risco. Por outro lado, a exposi\u00e7\u00e3o \u00e0s baixas [&hellip;]","og_url":"https:\/\/aconteceunovale.com.br\/portal\/?p=189078","og_site_name":"Aconteceu no Vale","article_publisher":"https:\/\/www.facebook.com\/aconteceunovale\/","article_published_time":"2022-05-24T14:54:16+00:00","article_modified_time":"2022-05-24T14:55:14+00:00","og_image":[{"width":570,"height":380,"url":"https:\/\/aconteceunovale.com.br\/portal\/wp-content\/uploads\/2022\/05\/fogueira.jpg","type":"image\/jpeg"}],"author":"Reda\u00e7\u00e3o Aconteceu no Vale","twitter_card":"summary_large_image","twitter_creator":"@noticiadosvales","twitter_site":"@noticiadosvales","twitter_misc":{"Escrito por":"Reda\u00e7\u00e3o Aconteceu no Vale","Est. tempo de leitura":"3 minutos"},"schema":{"@context":"https:\/\/schema.org","@graph":[{"@type":"Article","@id":"https:\/\/aconteceunovale.com.br\/portal\/?p=189078#article","isPartOf":{"@id":"https:\/\/aconteceunovale.com.br\/portal\/?p=189078"},"author":{"name":"Reda\u00e7\u00e3o Aconteceu no Vale","@id":"https:\/\/aconteceunovale.com.br\/portal\/#\/schema\/person\/7d2f26d1483f8a63de73da1ee0754d35"},"headline":"Per\u00edodo de frio exige cuidados para se aquecer sem provocar acidentes","datePublished":"2022-05-24T14:54:16+00:00","dateModified":"2022-05-24T14:55:14+00:00","mainEntityOfPage":{"@id":"https:\/\/aconteceunovale.com.br\/portal\/?p=189078"},"wordCount":709,"commentCount":0,"image":{"@id":"https:\/\/aconteceunovale.com.br\/portal\/?p=189078#primaryimage"},"thumbnailUrl":"https:\/\/aconteceunovale.com.br\/portal\/wp-content\/uploads\/2022\/05\/fogueira.jpg","keywords":["Aquecimento no frio","CBMMG","destaque","Fogueira","Frio \u00e9 perigoso","Frio intenso","Fuma\u00e7a","Lareira","Minas Gerais","Pedro Aihara","Per\u00edodo de frio exige cuidados para se aquecer sem provocar acidentes","Per\u00edodo frio"],"articleSection":["Minas Gerais"],"inLanguage":"pt-BR","potentialAction":[{"@type":"CommentAction","name":"Comment","target":["https:\/\/aconteceunovale.com.br\/portal\/?p=189078#respond"]}]},{"@type":"WebPage","@id":"https:\/\/aconteceunovale.com.br\/portal\/?p=189078","url":"https:\/\/aconteceunovale.com.br\/portal\/?p=189078","name":"Per\u00edodo de frio exige cuidados para se aquecer sem provocar acidentes - Aconteceu no Vale","isPartOf":{"@id":"https:\/\/aconteceunovale.com.br\/portal\/#website"},"primaryImageOfPage":{"@id":"https:\/\/aconteceunovale.com.br\/portal\/?p=189078#primaryimage"},"image":{"@id":"https:\/\/aconteceunovale.com.br\/portal\/?p=189078#primaryimage"},"thumbnailUrl":"https:\/\/aconteceunovale.com.br\/portal\/wp-content\/uploads\/2022\/05\/fogueira.jpg","datePublished":"2022-05-24T14:54:16+00:00","dateModified":"2022-05-24T14:55:14+00:00","author":{"@id":"https:\/\/aconteceunovale.com.br\/portal\/#\/schema\/person\/7d2f26d1483f8a63de73da1ee0754d35"},"breadcrumb":{"@id":"https:\/\/aconteceunovale.com.br\/portal\/?p=189078#breadcrumb"},"inLanguage":"pt-BR","potentialAction":[{"@type":"ReadAction","target":["https:\/\/aconteceunovale.com.br\/portal\/?p=189078"]}]},{"@type":"ImageObject","inLanguage":"pt-BR","@id":"https:\/\/aconteceunovale.com.br\/portal\/?p=189078#primaryimage","url":"https:\/\/aconteceunovale.com.br\/portal\/wp-content\/uploads\/2022\/05\/fogueira.jpg","contentUrl":"https:\/\/aconteceunovale.com.br\/portal\/wp-content\/uploads\/2022\/05\/fogueira.jpg","width":570,"height":380},{"@type":"BreadcrumbList","@id":"https:\/\/aconteceunovale.com.br\/portal\/?p=189078#breadcrumb","itemListElement":[{"@type":"ListItem","position":1,"name":"In\u00edcio","item":"https:\/\/aconteceunovale.com.br\/portal\/"},{"@type":"ListItem","position":2,"name":"Per\u00edodo de frio exige cuidados para se aquecer sem provocar acidentes"}]},{"@type":"WebSite","@id":"https:\/\/aconteceunovale.com.br\/portal\/#website","url":"https:\/\/aconteceunovale.com.br\/portal\/","name":"Aconteceu no Vale","description":"Portal de Not\u00edcias","potentialAction":[{"@type":"SearchAction","target":{"@type":"EntryPoint","urlTemplate":"https:\/\/aconteceunovale.com.br\/portal\/?s={search_term_string}"},"query-input":{"@type":"PropertyValueSpecification","valueRequired":true,"valueName":"search_term_string"}}],"inLanguage":"pt-BR"},{"@type":"Person","@id":"https:\/\/aconteceunovale.com.br\/portal\/#\/schema\/person\/7d2f26d1483f8a63de73da1ee0754d35","name":"Reda\u00e7\u00e3o Aconteceu no Vale","description":"Equipe de reportagem do Aconteceu no Vale, portal de not\u00edcias do Vale do Jequitinhonha, em Minas Gerais. Cobrimos as 51 cidades do Vale desde 2013. Sugest\u00f5es de pauta e pedidos de corre\u00e7\u00e3o: contato@aconteceunovale.com.br","url":"https:\/\/aconteceunovale.com.br\/portal\/?author=4"}]}},"_links":{"self":[{"href":"https:\/\/aconteceunovale.com.br\/portal\/index.php?rest_route=\/wp\/v2\/posts\/189078","targetHints":{"allow":["GET"]}}],"collection":[{"href":"https:\/\/aconteceunovale.com.br\/portal\/index.php?rest_route=\/wp\/v2\/posts"}],"about":[{"href":"https:\/\/aconteceunovale.com.br\/portal\/index.php?rest_route=\/wp\/v2\/types\/post"}],"author":[{"embeddable":true,"href":"https:\/\/aconteceunovale.com.br\/portal\/index.php?rest_route=\/wp\/v2\/users\/4"}],"replies":[{"embeddable":true,"href":"https:\/\/aconteceunovale.com.br\/portal\/index.php?rest_route=%2Fwp%2Fv2%2Fcomments&post=189078"}],"version-history":[{"count":1,"href":"https:\/\/aconteceunovale.com.br\/portal\/index.php?rest_route=\/wp\/v2\/posts\/189078\/revisions"}],"predecessor-version":[{"id":189080,"href":"https:\/\/aconteceunovale.com.br\/portal\/index.php?rest_route=\/wp\/v2\/posts\/189078\/revisions\/189080"}],"wp:featuredmedia":[{"embeddable":true,"href":"https:\/\/aconteceunovale.com.br\/portal\/index.php?rest_route=\/wp\/v2\/media\/189079"}],"wp:attachment":[{"href":"https:\/\/aconteceunovale.com.br\/portal\/index.php?rest_route=%2Fwp%2Fv2%2Fmedia&parent=189078"}],"wp:term":[{"taxonomy":"category","embeddable":true,"href":"https:\/\/aconteceunovale.com.br\/portal\/index.php?rest_route=%2Fwp%2Fv2%2Fcategories&post=189078"},{"taxonomy":"post_tag","embeddable":true,"href":"https:\/\/aconteceunovale.com.br\/portal\/index.php?rest_route=%2Fwp%2Fv2%2Ftags&post=189078"}],"curies":[{"name":"wp","href":"https:\/\/api.w.org\/{rel}","templated":true}]}}