{"id":189073,"date":"2022-05-21T22:13:20","date_gmt":"2022-05-22T01:13:20","guid":{"rendered":"https:\/\/aconteceunovale.com.br\/portal\/?p=189073"},"modified":"2022-05-21T22:14:15","modified_gmt":"2022-05-22T01:14:15","slug":"irmaos-sao-denunciados-por-feminicidio-quadruplamente-qualificado-em-ipatinga","status":"publish","type":"post","link":"https:\/\/aconteceunovale.com.br\/portal\/?p=189073","title":{"rendered":"Irm\u00e3os s\u00e3o denunciados por feminic\u00eddio quadruplamente qualificado em Ipatinga"},"content":{"rendered":"\n<p class=\"wp-block-paragraph\">O Minist\u00e9rio P\u00fablico de Minas Gerais, (MPMG), por meio da 11\u00aa Promotoria de Justi\u00e7a da comarca de Ipatinga, denunciou por feminic\u00eddio quadruplamente qualificado por motivo torpe; para assegurar a impunidade de um crime anterior; por uso de meio cruel; e por culpabilidade acentuada os irm\u00e3os A.M.J e R.M.J, que mataram, de forma violenta, em outubro de 2012, a v\u00edtima M.F.V, que deixou uma filha de 19 anos, na \u00e9poca.<\/p>\n\n\n\n<p class=\"wp-block-paragraph\">Conforme o Inqu\u00e9rito Policial, os denunciados mataram a v\u00edtima para assegurar a impunidade pelo assassinato de Valdeci Ferreira Carneiro, cometido por eles dias antes, em setembro de 2012, e registrado no boletim de ocorr\u00eancia n\u00ba 97699; e por ego\u00edsmo e sentimento de posse, j\u00e1 que R.M.J n\u00e3o aceitava o t\u00e9rmino do relacionamento amoroso havido com a v\u00edtima do\u00a0feminic\u00eddio.<\/p>\n\n\n\n<p class=\"wp-block-paragraph\">Segundo a den\u00fancia, oferecida pelo promotor de Justi\u00e7a Jonas J\u00fanio Linhares Costa Monteiro, os tr\u00eas se reuniram na noite do dia 12 de outubro na casa dos denunciados, no bairro Limoeiro, para consumir droga. Em dado momento, os denunciados passaram a atacar M.F.V com pedradas na cabe\u00e7a e com tr\u00eas facadas no corpo, gerando, para a v\u00edtima, sofrimento excessivo, antes de morrer. Os dois fugiram, em seguida.<\/p>\n\n\n\n<p class=\"wp-block-paragraph\">A execu\u00e7\u00e3o revelou tamb\u00e9m dolo intenso ou culpabilidade acentuada, segundo a den\u00fancia, devido \u00e0 diversidade de instrumentos empregados no crime e \u00e0 brutalidade dos ataques, que desfiguraram o rosto da v\u00edtima. Para completar, \u201cambos s\u00e3o pessoas envolvidas no tr\u00e1fico de drogas no Bairro Limoeiro e temidos na localidade, valendo-se dessa circunst\u00e2ncia de intimida\u00e7\u00e3o coletiva para se manterem impunes\u201d, registra o MPMG.<\/p>\n\n\n\n<p class=\"wp-block-paragraph\">O MPMG requer, ent\u00e3o, que os dois sejam condenados com base no art. 121, \u00a72\u00ba, incisos I, III e V, do C\u00f3digo Penal, com os rigores do art. 1\u00ba, inciso I, da Lei n\u00ba 8.072\/90; e que sejam condenados a reparar os danos morais e materiais causados pelo crime, conforme o art. 387, inciso IV, do C\u00f3digo de Processo Penal (CPP).<\/p>\n\n\n\n<p class=\"wp-block-paragraph\">Requer, ainda, que seja valorado, na fixa\u00e7\u00e3o da pena-base, conforme o art. 59 do C\u00f3digo Penal, o fato da filha da v\u00edtima ter perdido a companhia materna e de guardar a lembran\u00e7a do tr\u00e1gico fim da m\u00e3e; e a anota\u00e7\u00e3o da prioridade legal, prevista para a apura\u00e7\u00e3o dos crimes hediondos, nos termos do art. 394-A, do CPP.<\/p>\n\n\n\n<p class=\"wp-block-paragraph\">&#8212;&#8212;&#8212;&#8212;&#8212;&#8212;<br><br><strong>Sabia que o Aconteceu no Vale est\u00e1 tamb\u00e9m no Telegram? <a rel=\"noreferrer noopener\" href=\"https:\/\/t.me\/aconteceunovaleoficial\" target=\"_blank\">Inscreva-se no canal<\/a>.<\/strong><br><br><strong>J\u00e1 curtiu ou seguiu nossas p\u00e1ginas nas redes sociais?\u00a0Receba as not\u00edcias em primeira m\u00e3o:<\/strong><br>\u2022 <a rel=\"noreferrer noopener\" href=\"https:\/\/news.google.com\/publications\/CAAqBwgKMNjklQswi4etAw?hl=pt-BR&amp;gl=BR&amp;ceid=BR%3Apt-419\" target=\"_blank\">Google News<\/a><br>\u2022 <a rel=\"noreferrer noopener\" href=\"https:\/\/www.facebook.com\/aconteceunovale\/\" target=\"_blank\">Facebook<\/a><br>\u2022 <a rel=\"noreferrer noopener\" href=\"https:\/\/twitter.com\/noticiadosvales\" target=\"_blank\">Twitter<\/a><br>\u2022 <a rel=\"noreferrer noopener\" href=\"https:\/\/www.instagram.com\/aconteceunovale\" target=\"_blank\">Instagram<\/a><br>\u2022 <a rel=\"noreferrer noopener\" href=\"https:\/\/www.youtube.com\/AconteceunoValeOficial\" target=\"_blank\">Youtube<\/a><br>\u2022 <a rel=\"noreferrer noopener\" href=\"https:\/\/www.tiktok.com\/@aconteceunovale\" target=\"_blank\">TikTok<\/a><\/p>\n","protected":false},"excerpt":{"rendered":"<p>O Minist\u00e9rio P\u00fablico de Minas Gerais, (MPMG), por meio da 11\u00aa Promotoria de Justi\u00e7a da comarca de Ipatinga, denunciou por feminic\u00eddio quadruplamente qualificado por motivo torpe; para assegurar a impunidade de um crime anterior; por uso de meio cruel; e por culpabilidade acentuada os irm\u00e3os A.M.J e R.M.J, que mataram, de forma violenta, em outubro [&hellip;]<\/p>\n","protected":false},"author":4,"featured_media":21635,"comment_status":"open","ping_status":"closed","sticky":false,"template":"","format":"standard","meta":{"amp_status":"","footnotes":""},"categories":[121],"tags":[141089,256549,201,261265,19675,253299,254658,254839,254657,261266],"class_list":["post-189073","post","type-post","status-publish","format-standard","has-post-thumbnail","hentry","category-leste","tag-comarca-de-ipatinga","tag-feminicidio-em-ipatinga","tag-ipatinga","tag-irmaos-sao-denunciados-por-feminicidio-quadruplamente-qualificado-em-ipatinga","tag-mpmg","tag-mpmg-em-ipatinga","tag-promotor-de-ipatinga","tag-promotor-jonas-junio-linhares-costa-monteiro","tag-promotoria-de-ipatinga","tag-valdeci-ferreira-carneiro"],"yoast_head":"<!-- This site is optimized with the Yoast SEO plugin v28.3 - https:\/\/yoast.com\/product\/yoast-seo-wordpress\/ -->\n<title>Irm\u00e3os s\u00e3o denunciados por feminic\u00eddio quadruplamente qualificado em Ipatinga - Aconteceu no Vale<\/title>\n<meta name=\"robots\" content=\"index, follow, max-snippet:-1, max-image-preview:large, max-video-preview:-1\" \/>\n<link rel=\"canonical\" href=\"https:\/\/aconteceunovale.com.br\/portal\/?p=189073\" \/>\n<meta property=\"og:locale\" content=\"pt_BR\" \/>\n<meta property=\"og:type\" content=\"article\" \/>\n<meta property=\"og:title\" content=\"Irm\u00e3os s\u00e3o denunciados por feminic\u00eddio quadruplamente qualificado em Ipatinga - Aconteceu no Vale\" \/>\n<meta property=\"og:description\" content=\"O Minist\u00e9rio P\u00fablico de Minas Gerais, (MPMG), por meio da 11\u00aa Promotoria de Justi\u00e7a da comarca de Ipatinga, denunciou por feminic\u00eddio quadruplamente qualificado por motivo torpe; para assegurar a impunidade de um crime anterior; por uso de meio cruel; e por culpabilidade acentuada os irm\u00e3os A.M.J e R.M.J, que mataram, de forma violenta, em outubro [&hellip;]\" \/>\n<meta property=\"og:url\" content=\"https:\/\/aconteceunovale.com.br\/portal\/?p=189073\" \/>\n<meta property=\"og:site_name\" content=\"Aconteceu no Vale\" \/>\n<meta property=\"article:publisher\" content=\"https:\/\/www.facebook.com\/aconteceunovale\/\" \/>\n<meta property=\"article:published_time\" content=\"2022-05-22T01:13:20+00:00\" \/>\n<meta property=\"article:modified_time\" content=\"2022-05-22T01:14:15+00:00\" \/>\n<meta property=\"og:image\" content=\"https:\/\/aconteceunovale.com.br\/portal\/wp-content\/uploads\/2014\/02\/justica_indenizacao.jpg\" \/>\n\t<meta property=\"og:image:width\" content=\"600\" \/>\n\t<meta property=\"og:image:height\" content=\"391\" \/>\n\t<meta property=\"og:image:type\" content=\"image\/jpeg\" \/>\n<meta name=\"author\" content=\"Reda\u00e7\u00e3o Aconteceu no Vale\" \/>\n<meta name=\"twitter:card\" content=\"summary_large_image\" \/>\n<meta name=\"twitter:creator\" content=\"@noticiadosvales\" \/>\n<meta name=\"twitter:site\" content=\"@noticiadosvales\" \/>\n<meta name=\"twitter:label1\" content=\"Escrito por\" \/>\n\t<meta name=\"twitter:data1\" content=\"Reda\u00e7\u00e3o Aconteceu no Vale\" \/>\n\t<meta name=\"twitter:label2\" content=\"Est. tempo de leitura\" \/>\n\t<meta name=\"twitter:data2\" content=\"2 minutos\" \/>\n<script type=\"application\/ld+json\" class=\"yoast-schema-graph\">{\"@context\":\"https:\\\/\\\/schema.org\",\"@graph\":[{\"@type\":\"Article\",\"@id\":\"https:\\\/\\\/aconteceunovale.com.br\\\/portal\\\/?p=189073#article\",\"isPartOf\":{\"@id\":\"https:\\\/\\\/aconteceunovale.com.br\\\/portal\\\/?p=189073\"},\"author\":{\"name\":\"Reda\u00e7\u00e3o Aconteceu no Vale\",\"@id\":\"https:\\\/\\\/aconteceunovale.com.br\\\/portal\\\/#\\\/schema\\\/person\\\/7d2f26d1483f8a63de73da1ee0754d35\"},\"headline\":\"Irm\u00e3os s\u00e3o denunciados por feminic\u00eddio quadruplamente qualificado em Ipatinga\",\"datePublished\":\"2022-05-22T01:13:20+00:00\",\"dateModified\":\"2022-05-22T01:14:15+00:00\",\"mainEntityOfPage\":{\"@id\":\"https:\\\/\\\/aconteceunovale.com.br\\\/portal\\\/?p=189073\"},\"wordCount\":462,\"commentCount\":0,\"image\":{\"@id\":\"https:\\\/\\\/aconteceunovale.com.br\\\/portal\\\/?p=189073#primaryimage\"},\"thumbnailUrl\":\"https:\\\/\\\/aconteceunovale.com.br\\\/portal\\\/wp-content\\\/uploads\\\/2014\\\/02\\\/justica_indenizacao.jpg\",\"keywords\":[\"comarca de Ipatinga\",\"Feminic\u00eddio em Ipatinga\",\"Ipatinga\",\"Irm\u00e3os s\u00e3o denunciados por feminic\u00eddio quadruplamente qualificado em Ipatinga\",\"MPMG\",\"MPMG em Ipatinga\",\"Promotor de Ipatinga\",\"Promotor Jonas J\u00fanio Linhares Costa Monteiro\",\"Promotoria de Ipatinga\",\"Valdeci Ferreira Carneiro\"],\"articleSection\":[\"Leste de Minas\"],\"inLanguage\":\"pt-BR\",\"potentialAction\":[{\"@type\":\"CommentAction\",\"name\":\"Comment\",\"target\":[\"https:\\\/\\\/aconteceunovale.com.br\\\/portal\\\/?p=189073#respond\"]}]},{\"@type\":\"WebPage\",\"@id\":\"https:\\\/\\\/aconteceunovale.com.br\\\/portal\\\/?p=189073\",\"url\":\"https:\\\/\\\/aconteceunovale.com.br\\\/portal\\\/?p=189073\",\"name\":\"Irm\u00e3os s\u00e3o denunciados por feminic\u00eddio quadruplamente qualificado em Ipatinga - Aconteceu no Vale\",\"isPartOf\":{\"@id\":\"https:\\\/\\\/aconteceunovale.com.br\\\/portal\\\/#website\"},\"primaryImageOfPage\":{\"@id\":\"https:\\\/\\\/aconteceunovale.com.br\\\/portal\\\/?p=189073#primaryimage\"},\"image\":{\"@id\":\"https:\\\/\\\/aconteceunovale.com.br\\\/portal\\\/?p=189073#primaryimage\"},\"thumbnailUrl\":\"https:\\\/\\\/aconteceunovale.com.br\\\/portal\\\/wp-content\\\/uploads\\\/2014\\\/02\\\/justica_indenizacao.jpg\",\"datePublished\":\"2022-05-22T01:13:20+00:00\",\"dateModified\":\"2022-05-22T01:14:15+00:00\",\"author\":{\"@id\":\"https:\\\/\\\/aconteceunovale.com.br\\\/portal\\\/#\\\/schema\\\/person\\\/7d2f26d1483f8a63de73da1ee0754d35\"},\"breadcrumb\":{\"@id\":\"https:\\\/\\\/aconteceunovale.com.br\\\/portal\\\/?p=189073#breadcrumb\"},\"inLanguage\":\"pt-BR\",\"potentialAction\":[{\"@type\":\"ReadAction\",\"target\":[\"https:\\\/\\\/aconteceunovale.com.br\\\/portal\\\/?p=189073\"]}]},{\"@type\":\"ImageObject\",\"inLanguage\":\"pt-BR\",\"@id\":\"https:\\\/\\\/aconteceunovale.com.br\\\/portal\\\/?p=189073#primaryimage\",\"url\":\"https:\\\/\\\/aconteceunovale.com.br\\\/portal\\\/wp-content\\\/uploads\\\/2014\\\/02\\\/justica_indenizacao.jpg\",\"contentUrl\":\"https:\\\/\\\/aconteceunovale.com.br\\\/portal\\\/wp-content\\\/uploads\\\/2014\\\/02\\\/justica_indenizacao.jpg\",\"width\":600,\"height\":391},{\"@type\":\"BreadcrumbList\",\"@id\":\"https:\\\/\\\/aconteceunovale.com.br\\\/portal\\\/?p=189073#breadcrumb\",\"itemListElement\":[{\"@type\":\"ListItem\",\"position\":1,\"name\":\"In\u00edcio\",\"item\":\"https:\\\/\\\/aconteceunovale.com.br\\\/portal\\\/\"},{\"@type\":\"ListItem\",\"position\":2,\"name\":\"Irm\u00e3os s\u00e3o denunciados por feminic\u00eddio quadruplamente qualificado em Ipatinga\"}]},{\"@type\":\"WebSite\",\"@id\":\"https:\\\/\\\/aconteceunovale.com.br\\\/portal\\\/#website\",\"url\":\"https:\\\/\\\/aconteceunovale.com.br\\\/portal\\\/\",\"name\":\"Aconteceu no Vale\",\"description\":\"Portal de Not\u00edcias\",\"potentialAction\":[{\"@type\":\"SearchAction\",\"target\":{\"@type\":\"EntryPoint\",\"urlTemplate\":\"https:\\\/\\\/aconteceunovale.com.br\\\/portal\\\/?s={search_term_string}\"},\"query-input\":{\"@type\":\"PropertyValueSpecification\",\"valueRequired\":true,\"valueName\":\"search_term_string\"}}],\"inLanguage\":\"pt-BR\"},{\"@type\":\"Person\",\"@id\":\"https:\\\/\\\/aconteceunovale.com.br\\\/portal\\\/#\\\/schema\\\/person\\\/7d2f26d1483f8a63de73da1ee0754d35\",\"name\":\"Reda\u00e7\u00e3o Aconteceu no Vale\",\"description\":\"Equipe de reportagem do Aconteceu no Vale, portal de not\u00edcias do Vale do Jequitinhonha, em Minas Gerais. Cobrimos as 51 cidades do Vale desde 2013. Sugest\u00f5es de pauta e pedidos de corre\u00e7\u00e3o: contato@aconteceunovale.com.br\",\"url\":\"https:\\\/\\\/aconteceunovale.com.br\\\/portal\\\/?author=4\"}]}<\/script>\n<!-- \/ Yoast SEO plugin. -->","yoast_head_json":{"title":"Irm\u00e3os s\u00e3o denunciados por feminic\u00eddio quadruplamente qualificado em Ipatinga - Aconteceu no Vale","robots":{"index":"index","follow":"follow","max-snippet":"max-snippet:-1","max-image-preview":"max-image-preview:large","max-video-preview":"max-video-preview:-1"},"canonical":"https:\/\/aconteceunovale.com.br\/portal\/?p=189073","og_locale":"pt_BR","og_type":"article","og_title":"Irm\u00e3os s\u00e3o denunciados por feminic\u00eddio quadruplamente qualificado em Ipatinga - Aconteceu no Vale","og_description":"O Minist\u00e9rio P\u00fablico de Minas Gerais, (MPMG), por meio da 11\u00aa Promotoria de Justi\u00e7a da comarca de Ipatinga, denunciou por feminic\u00eddio quadruplamente qualificado por motivo torpe; para assegurar a impunidade de um crime anterior; por uso de meio cruel; e por culpabilidade acentuada os irm\u00e3os A.M.J e R.M.J, que mataram, de forma violenta, em outubro [&hellip;]","og_url":"https:\/\/aconteceunovale.com.br\/portal\/?p=189073","og_site_name":"Aconteceu no Vale","article_publisher":"https:\/\/www.facebook.com\/aconteceunovale\/","article_published_time":"2022-05-22T01:13:20+00:00","article_modified_time":"2022-05-22T01:14:15+00:00","og_image":[{"width":600,"height":391,"url":"https:\/\/aconteceunovale.com.br\/portal\/wp-content\/uploads\/2014\/02\/justica_indenizacao.jpg","type":"image\/jpeg"}],"author":"Reda\u00e7\u00e3o Aconteceu no Vale","twitter_card":"summary_large_image","twitter_creator":"@noticiadosvales","twitter_site":"@noticiadosvales","twitter_misc":{"Escrito por":"Reda\u00e7\u00e3o Aconteceu no Vale","Est. tempo de leitura":"2 minutos"},"schema":{"@context":"https:\/\/schema.org","@graph":[{"@type":"Article","@id":"https:\/\/aconteceunovale.com.br\/portal\/?p=189073#article","isPartOf":{"@id":"https:\/\/aconteceunovale.com.br\/portal\/?p=189073"},"author":{"name":"Reda\u00e7\u00e3o Aconteceu no Vale","@id":"https:\/\/aconteceunovale.com.br\/portal\/#\/schema\/person\/7d2f26d1483f8a63de73da1ee0754d35"},"headline":"Irm\u00e3os s\u00e3o denunciados por feminic\u00eddio quadruplamente qualificado em Ipatinga","datePublished":"2022-05-22T01:13:20+00:00","dateModified":"2022-05-22T01:14:15+00:00","mainEntityOfPage":{"@id":"https:\/\/aconteceunovale.com.br\/portal\/?p=189073"},"wordCount":462,"commentCount":0,"image":{"@id":"https:\/\/aconteceunovale.com.br\/portal\/?p=189073#primaryimage"},"thumbnailUrl":"https:\/\/aconteceunovale.com.br\/portal\/wp-content\/uploads\/2014\/02\/justica_indenizacao.jpg","keywords":["comarca de Ipatinga","Feminic\u00eddio em Ipatinga","Ipatinga","Irm\u00e3os s\u00e3o denunciados por feminic\u00eddio quadruplamente qualificado em Ipatinga","MPMG","MPMG em Ipatinga","Promotor de Ipatinga","Promotor Jonas J\u00fanio Linhares Costa Monteiro","Promotoria de Ipatinga","Valdeci Ferreira Carneiro"],"articleSection":["Leste de Minas"],"inLanguage":"pt-BR","potentialAction":[{"@type":"CommentAction","name":"Comment","target":["https:\/\/aconteceunovale.com.br\/portal\/?p=189073#respond"]}]},{"@type":"WebPage","@id":"https:\/\/aconteceunovale.com.br\/portal\/?p=189073","url":"https:\/\/aconteceunovale.com.br\/portal\/?p=189073","name":"Irm\u00e3os s\u00e3o denunciados por feminic\u00eddio quadruplamente qualificado em Ipatinga - Aconteceu no Vale","isPartOf":{"@id":"https:\/\/aconteceunovale.com.br\/portal\/#website"},"primaryImageOfPage":{"@id":"https:\/\/aconteceunovale.com.br\/portal\/?p=189073#primaryimage"},"image":{"@id":"https:\/\/aconteceunovale.com.br\/portal\/?p=189073#primaryimage"},"thumbnailUrl":"https:\/\/aconteceunovale.com.br\/portal\/wp-content\/uploads\/2014\/02\/justica_indenizacao.jpg","datePublished":"2022-05-22T01:13:20+00:00","dateModified":"2022-05-22T01:14:15+00:00","author":{"@id":"https:\/\/aconteceunovale.com.br\/portal\/#\/schema\/person\/7d2f26d1483f8a63de73da1ee0754d35"},"breadcrumb":{"@id":"https:\/\/aconteceunovale.com.br\/portal\/?p=189073#breadcrumb"},"inLanguage":"pt-BR","potentialAction":[{"@type":"ReadAction","target":["https:\/\/aconteceunovale.com.br\/portal\/?p=189073"]}]},{"@type":"ImageObject","inLanguage":"pt-BR","@id":"https:\/\/aconteceunovale.com.br\/portal\/?p=189073#primaryimage","url":"https:\/\/aconteceunovale.com.br\/portal\/wp-content\/uploads\/2014\/02\/justica_indenizacao.jpg","contentUrl":"https:\/\/aconteceunovale.com.br\/portal\/wp-content\/uploads\/2014\/02\/justica_indenizacao.jpg","width":600,"height":391},{"@type":"BreadcrumbList","@id":"https:\/\/aconteceunovale.com.br\/portal\/?p=189073#breadcrumb","itemListElement":[{"@type":"ListItem","position":1,"name":"In\u00edcio","item":"https:\/\/aconteceunovale.com.br\/portal\/"},{"@type":"ListItem","position":2,"name":"Irm\u00e3os s\u00e3o denunciados por feminic\u00eddio quadruplamente qualificado em Ipatinga"}]},{"@type":"WebSite","@id":"https:\/\/aconteceunovale.com.br\/portal\/#website","url":"https:\/\/aconteceunovale.com.br\/portal\/","name":"Aconteceu no Vale","description":"Portal de Not\u00edcias","potentialAction":[{"@type":"SearchAction","target":{"@type":"EntryPoint","urlTemplate":"https:\/\/aconteceunovale.com.br\/portal\/?s={search_term_string}"},"query-input":{"@type":"PropertyValueSpecification","valueRequired":true,"valueName":"search_term_string"}}],"inLanguage":"pt-BR"},{"@type":"Person","@id":"https:\/\/aconteceunovale.com.br\/portal\/#\/schema\/person\/7d2f26d1483f8a63de73da1ee0754d35","name":"Reda\u00e7\u00e3o Aconteceu no Vale","description":"Equipe de reportagem do Aconteceu no Vale, portal de not\u00edcias do Vale do Jequitinhonha, em Minas Gerais. Cobrimos as 51 cidades do Vale desde 2013. Sugest\u00f5es de pauta e pedidos de corre\u00e7\u00e3o: contato@aconteceunovale.com.br","url":"https:\/\/aconteceunovale.com.br\/portal\/?author=4"}]}},"_links":{"self":[{"href":"https:\/\/aconteceunovale.com.br\/portal\/index.php?rest_route=\/wp\/v2\/posts\/189073","targetHints":{"allow":["GET"]}}],"collection":[{"href":"https:\/\/aconteceunovale.com.br\/portal\/index.php?rest_route=\/wp\/v2\/posts"}],"about":[{"href":"https:\/\/aconteceunovale.com.br\/portal\/index.php?rest_route=\/wp\/v2\/types\/post"}],"author":[{"embeddable":true,"href":"https:\/\/aconteceunovale.com.br\/portal\/index.php?rest_route=\/wp\/v2\/users\/4"}],"replies":[{"embeddable":true,"href":"https:\/\/aconteceunovale.com.br\/portal\/index.php?rest_route=%2Fwp%2Fv2%2Fcomments&post=189073"}],"version-history":[{"count":1,"href":"https:\/\/aconteceunovale.com.br\/portal\/index.php?rest_route=\/wp\/v2\/posts\/189073\/revisions"}],"predecessor-version":[{"id":189074,"href":"https:\/\/aconteceunovale.com.br\/portal\/index.php?rest_route=\/wp\/v2\/posts\/189073\/revisions\/189074"}],"wp:featuredmedia":[{"embeddable":true,"href":"https:\/\/aconteceunovale.com.br\/portal\/index.php?rest_route=\/wp\/v2\/media\/21635"}],"wp:attachment":[{"href":"https:\/\/aconteceunovale.com.br\/portal\/index.php?rest_route=%2Fwp%2Fv2%2Fmedia&parent=189073"}],"wp:term":[{"taxonomy":"category","embeddable":true,"href":"https:\/\/aconteceunovale.com.br\/portal\/index.php?rest_route=%2Fwp%2Fv2%2Fcategories&post=189073"},{"taxonomy":"post_tag","embeddable":true,"href":"https:\/\/aconteceunovale.com.br\/portal\/index.php?rest_route=%2Fwp%2Fv2%2Ftags&post=189073"}],"curies":[{"name":"wp","href":"https:\/\/api.w.org\/{rel}","templated":true}]}}