{"id":189071,"date":"2022-05-21T21:28:48","date_gmt":"2022-05-22T00:28:48","guid":{"rendered":"https:\/\/aconteceunovale.com.br\/portal\/?p=189071"},"modified":"2022-05-21T21:30:23","modified_gmt":"2022-05-22T00:30:23","slug":"ministerio-publico-denuncia-homens-por-estupro-coletivo-e-feminicidio-em-ipatinga","status":"publish","type":"post","link":"https:\/\/aconteceunovale.com.br\/portal\/?p=189071","title":{"rendered":"Minist\u00e9rio P\u00fablico denuncia homens por estupro coletivo e feminic\u00eddio em Ipatinga"},"content":{"rendered":"\n<p class=\"wp-block-paragraph\">O Minist\u00e9rio P\u00fablico de Minas Gerais (MPMG) ofereceu den\u00fancia \u00e0 Vara de Execu\u00e7\u00f5es Penais, Cartas Precat\u00f3rias Criminais e do Tribunal do J\u00fari da Comarca de Ipatinga, no dia 17 deste m\u00eas, contra W.R.A.S e G.L.D, que est\u00e3o presos, preventivamente, na penitenci\u00e1ria D\u00eanio Moreira de Carvalho, por terem estuprado e matado, com extrema crueldade, a v\u00edtima, de 22 anos, que mantinha um relacionamento amoroso com W.R.A.S.<\/p>\n\n\n\n<p class=\"wp-block-paragraph\">Tamb\u00e9m a pedido do promotor de Justi\u00e7a Jonas Junio Linhares Costa Monteiro, da 11\u00aa Promotoria de Justi\u00e7a da comarca de Ipatinga, o processo corre sob sigilo parcial para resguardar a identidade da v\u00edtima e de seus familiares.<\/p>\n\n\n\n<p class=\"wp-block-paragraph\">No Inqu\u00e9rito Policial, consta que os denunciados cometeram o feminic\u00eddio por motivo torpe, mediante dissimula\u00e7\u00e3o, com recurso que dificultou a defesa da v\u00edtima e por menosprezo \u00e0 condi\u00e7\u00e3o de mulher, depois de cometerem o estupro, configurado como coletivo, na noite de 22 de abril deste ano, porque W.R.A.S desconfiava que ela n\u00e3o estava repassando para ele o valor que recebia, se prostituindo, a mando dele, que usava o valor para comprar droga.<\/p>\n\n\n\n<p class=\"wp-block-paragraph\">Ap\u00f3s praticarem os crimes, conforme testemunhas, os denunciados fugiram levando os objetos pessoais da v\u00edtima para vend\u00ea-los entre os usu\u00e1rios de drogas, na Avenida Manaain, bairro Jardim Panorama, em Ipatinga.<\/p>\n\n\n\n<p class=\"wp-block-paragraph\">O MPMG requer, na den\u00fancia, que os dois sejam condenados por feminic\u00eddio quadruplamente qualificado por estupro &#8211; com majorante de estupro coletivo e qualificado, devido \u00e0 viol\u00eancia; por furto, qualificado e majorado, dos objetos pessoais da v\u00edtima; e contra W.R.A.S, tamb\u00e9m por rufianismo qualificado \u2013devido ao uso de viol\u00eancia e grave amea\u00e7a ao tomar o dinheiro da v\u00edtima para comprar droga.<\/p>\n\n\n\n<p class=\"wp-block-paragraph\">O MPMG requer, ent\u00e3o, a condena\u00e7\u00e3o dos denunciados, em concurso material, (art. 69, do CP), \u00e0s condutas tipificadas: no art. 213, \u00a71\u00ba, devendo incidir a causa de aumento do art. 226, inciso IV, al\u00ednea \u201ca\u201d, ambos do C\u00f3digo Penal, com os rigores do art. 1\u00ba, inciso V, da Lei n\u00ba 8.072\/90 (FEMINICIDIO); art. 121, \u00a72\u00ba, incisos I, III, IV e VI, c\/c \u00a7 2\u00ba-A, II, do C\u00f3digo Penal, com os rigores do art. 1\u00ba, inciso I, da Lei n\u00ba 8.072\/90 (ESTUPRO); art. 155, \u00a71\u00ba, \u00a74\u00ba, inciso IV, do C\u00f3digo Penal (FURTO), acrescentando para o denunciado W.R.A.S o pedido de condena\u00e7\u00e3o pelo art. 230, \u00a72\u00ba, do C\u00f3digo penal (RUFIANISMO), devendo incidir a agravante do art. 61, inciso I, do C\u00f3digo Penal em todos esses crimes.<\/p>\n\n\n\n<p class=\"wp-block-paragraph\">Requer, tamb\u00e9m, com base no art. 121, \u00a72\u00ba, incisos I, III e V, do C\u00f3digo Penal, com os rigores do art. 1\u00ba, inciso I, da Lei n\u00ba 8.072\/90; que ambos sejam condenados a reparar os danos morais e materiais causados pelo crime, conforme o art. 387, inciso IV, do CPP, e que seja anotada a prioridade legal, prevista para a apura\u00e7\u00e3o dos crimes hediondos, nos termos do art. 394-A, do C\u00f3digo de Processo Penal.<\/p>\n\n\n\n<p class=\"wp-block-paragraph\">&#8212;&#8212;&#8212;&#8212;&#8212;&#8212;<br><br><strong>Sabia que o Aconteceu no Vale est\u00e1 tamb\u00e9m no Telegram? <a rel=\"noreferrer noopener\" href=\"https:\/\/t.me\/aconteceunovaleoficial\" target=\"_blank\">Inscreva-se no canal<\/a>.<\/strong><br><br><strong>J\u00e1 curtiu ou seguiu nossas p\u00e1ginas nas redes sociais?\u00a0Receba as not\u00edcias em primeira m\u00e3o:<\/strong><br>\u2022 <a rel=\"noreferrer noopener\" href=\"https:\/\/news.google.com\/publications\/CAAqBwgKMNjklQswi4etAw?hl=pt-BR&amp;gl=BR&amp;ceid=BR%3Apt-419\" target=\"_blank\">Google News<\/a><br>\u2022 <a rel=\"noreferrer noopener\" href=\"https:\/\/www.facebook.com\/aconteceunovale\/\" target=\"_blank\">Facebook<\/a><br>\u2022 <a rel=\"noreferrer noopener\" href=\"https:\/\/twitter.com\/noticiadosvales\" target=\"_blank\">Twitter<\/a><br>\u2022 <a rel=\"noreferrer noopener\" href=\"https:\/\/www.instagram.com\/aconteceunovale\" target=\"_blank\">Instagram<\/a><br>\u2022 <a rel=\"noreferrer noopener\" href=\"https:\/\/www.youtube.com\/AconteceunoValeOficial\" target=\"_blank\">Youtube<\/a><br>\u2022 <a rel=\"noreferrer noopener\" href=\"https:\/\/www.tiktok.com\/@aconteceunovale\" target=\"_blank\">TikTok<\/a><\/p>\n","protected":false},"excerpt":{"rendered":"<p>O Minist\u00e9rio P\u00fablico de Minas Gerais (MPMG) ofereceu den\u00fancia \u00e0 Vara de Execu\u00e7\u00f5es Penais, Cartas Precat\u00f3rias Criminais e do Tribunal do J\u00fari da Comarca de Ipatinga, no dia 17 deste m\u00eas, contra W.R.A.S e G.L.D, que est\u00e3o presos, preventivamente, na penitenci\u00e1ria D\u00eanio Moreira de Carvalho, por terem estuprado e matado, com extrema crueldade, a v\u00edtima, [&hellip;]<\/p>\n","protected":false},"author":4,"featured_media":187334,"comment_status":"open","ping_status":"closed","sticky":false,"template":"","format":"standard","meta":{"amp_status":"","footnotes":""},"categories":[121],"tags":[141089,261259,1018,261260,261264,261263,261261,201,254656,261258,19675,254658,261262,154492],"class_list":["post-189071","post","type-post","status-publish","format-standard","has-post-thumbnail","hentry","category-leste","tag-comarca-de-ipatinga","tag-crime-brutal-em-ipatinga","tag-destaque","tag-investigados-por-estupro-coletivo-em-ipatinga","tag-investigados-por-estupro-na-avenida-manaain","tag-investigados-por-estupro-no-jardim-panorama","tag-investigados-por-feminicidio-em-ipatinga","tag-ipatinga","tag-justica-de-ipatinga","tag-ministerio-publico-denuncia-homens-por-estupro-coletivo-e-feminicidio-em-ipatinga","tag-mpmg","tag-promotor-de-ipatinga","tag-promotor-junio-linhares-costa-monteiro","tag-promotoria-de-justica-de-ipatinga"],"yoast_head":"<!-- This site is optimized with the Yoast SEO plugin v28.3 - https:\/\/yoast.com\/product\/yoast-seo-wordpress\/ -->\n<title>Minist\u00e9rio P\u00fablico denuncia homens por estupro coletivo e feminic\u00eddio em Ipatinga - Aconteceu no Vale<\/title>\n<meta name=\"robots\" content=\"index, follow, max-snippet:-1, max-image-preview:large, max-video-preview:-1\" \/>\n<link rel=\"canonical\" href=\"https:\/\/aconteceunovale.com.br\/portal\/?p=189071\" \/>\n<meta property=\"og:locale\" content=\"pt_BR\" \/>\n<meta property=\"og:type\" content=\"article\" \/>\n<meta property=\"og:title\" content=\"Minist\u00e9rio P\u00fablico denuncia homens por estupro coletivo e feminic\u00eddio em Ipatinga - Aconteceu no Vale\" \/>\n<meta property=\"og:description\" content=\"O Minist\u00e9rio P\u00fablico de Minas Gerais (MPMG) ofereceu den\u00fancia \u00e0 Vara de Execu\u00e7\u00f5es Penais, Cartas Precat\u00f3rias Criminais e do Tribunal do J\u00fari da Comarca de Ipatinga, no dia 17 deste m\u00eas, contra W.R.A.S e G.L.D, que est\u00e3o presos, preventivamente, na penitenci\u00e1ria D\u00eanio Moreira de Carvalho, por terem estuprado e matado, com extrema crueldade, a v\u00edtima, [&hellip;]\" \/>\n<meta property=\"og:url\" content=\"https:\/\/aconteceunovale.com.br\/portal\/?p=189071\" \/>\n<meta property=\"og:site_name\" content=\"Aconteceu no Vale\" \/>\n<meta property=\"article:publisher\" content=\"https:\/\/www.facebook.com\/aconteceunovale\/\" \/>\n<meta property=\"article:published_time\" content=\"2022-05-22T00:28:48+00:00\" \/>\n<meta property=\"article:modified_time\" content=\"2022-05-22T00:30:23+00:00\" \/>\n<meta property=\"og:image\" content=\"https:\/\/aconteceunovale.com.br\/portal\/wp-content\/uploads\/2022\/02\/ipatinga_mg.jpg\" \/>\n\t<meta property=\"og:image:width\" content=\"790\" \/>\n\t<meta property=\"og:image:height\" content=\"474\" \/>\n\t<meta property=\"og:image:type\" content=\"image\/jpeg\" \/>\n<meta name=\"author\" content=\"Reda\u00e7\u00e3o Aconteceu no Vale\" \/>\n<meta name=\"twitter:card\" content=\"summary_large_image\" \/>\n<meta name=\"twitter:creator\" content=\"@noticiadosvales\" \/>\n<meta name=\"twitter:site\" content=\"@noticiadosvales\" \/>\n<meta name=\"twitter:label1\" content=\"Escrito por\" \/>\n\t<meta name=\"twitter:data1\" content=\"Reda\u00e7\u00e3o Aconteceu no Vale\" \/>\n\t<meta name=\"twitter:label2\" content=\"Est. tempo de leitura\" \/>\n\t<meta name=\"twitter:data2\" content=\"3 minutos\" \/>\n<script type=\"application\/ld+json\" class=\"yoast-schema-graph\">{\"@context\":\"https:\\\/\\\/schema.org\",\"@graph\":[{\"@type\":\"Article\",\"@id\":\"https:\\\/\\\/aconteceunovale.com.br\\\/portal\\\/?p=189071#article\",\"isPartOf\":{\"@id\":\"https:\\\/\\\/aconteceunovale.com.br\\\/portal\\\/?p=189071\"},\"author\":{\"name\":\"Reda\u00e7\u00e3o Aconteceu no Vale\",\"@id\":\"https:\\\/\\\/aconteceunovale.com.br\\\/portal\\\/#\\\/schema\\\/person\\\/7d2f26d1483f8a63de73da1ee0754d35\"},\"headline\":\"Minist\u00e9rio P\u00fablico denuncia homens por estupro coletivo e feminic\u00eddio em Ipatinga\",\"datePublished\":\"2022-05-22T00:28:48+00:00\",\"dateModified\":\"2022-05-22T00:30:23+00:00\",\"mainEntityOfPage\":{\"@id\":\"https:\\\/\\\/aconteceunovale.com.br\\\/portal\\\/?p=189071\"},\"wordCount\":552,\"commentCount\":0,\"image\":{\"@id\":\"https:\\\/\\\/aconteceunovale.com.br\\\/portal\\\/?p=189071#primaryimage\"},\"thumbnailUrl\":\"https:\\\/\\\/aconteceunovale.com.br\\\/portal\\\/wp-content\\\/uploads\\\/2022\\\/02\\\/ipatinga_mg.jpg\",\"keywords\":[\"comarca de Ipatinga\",\"Crime brutal em Ipatinga\",\"destaque\",\"Investigados por estupro coletivo em Ipatinga\",\"Investigados por estupro na avenida Manaain\",\"Investigados por estupro no Jardim Panorama\",\"Investigados por feminic\u00eddio em Ipatinga\",\"Ipatinga\",\"Justi\u00e7a de Ipatinga\",\"Minist\u00e9rio P\u00fablico denuncia homens por estupro coletivo e feminic\u00eddio em Ipatinga\",\"MPMG\",\"Promotor de Ipatinga\",\"Promotor Junio Linhares Costa Monteiro\",\"Promotoria de Justi\u00e7a de Ipatinga\"],\"articleSection\":[\"Leste de Minas\"],\"inLanguage\":\"pt-BR\",\"potentialAction\":[{\"@type\":\"CommentAction\",\"name\":\"Comment\",\"target\":[\"https:\\\/\\\/aconteceunovale.com.br\\\/portal\\\/?p=189071#respond\"]}]},{\"@type\":\"WebPage\",\"@id\":\"https:\\\/\\\/aconteceunovale.com.br\\\/portal\\\/?p=189071\",\"url\":\"https:\\\/\\\/aconteceunovale.com.br\\\/portal\\\/?p=189071\",\"name\":\"Minist\u00e9rio P\u00fablico denuncia homens por estupro coletivo e feminic\u00eddio em Ipatinga - Aconteceu no Vale\",\"isPartOf\":{\"@id\":\"https:\\\/\\\/aconteceunovale.com.br\\\/portal\\\/#website\"},\"primaryImageOfPage\":{\"@id\":\"https:\\\/\\\/aconteceunovale.com.br\\\/portal\\\/?p=189071#primaryimage\"},\"image\":{\"@id\":\"https:\\\/\\\/aconteceunovale.com.br\\\/portal\\\/?p=189071#primaryimage\"},\"thumbnailUrl\":\"https:\\\/\\\/aconteceunovale.com.br\\\/portal\\\/wp-content\\\/uploads\\\/2022\\\/02\\\/ipatinga_mg.jpg\",\"datePublished\":\"2022-05-22T00:28:48+00:00\",\"dateModified\":\"2022-05-22T00:30:23+00:00\",\"author\":{\"@id\":\"https:\\\/\\\/aconteceunovale.com.br\\\/portal\\\/#\\\/schema\\\/person\\\/7d2f26d1483f8a63de73da1ee0754d35\"},\"breadcrumb\":{\"@id\":\"https:\\\/\\\/aconteceunovale.com.br\\\/portal\\\/?p=189071#breadcrumb\"},\"inLanguage\":\"pt-BR\",\"potentialAction\":[{\"@type\":\"ReadAction\",\"target\":[\"https:\\\/\\\/aconteceunovale.com.br\\\/portal\\\/?p=189071\"]}]},{\"@type\":\"ImageObject\",\"inLanguage\":\"pt-BR\",\"@id\":\"https:\\\/\\\/aconteceunovale.com.br\\\/portal\\\/?p=189071#primaryimage\",\"url\":\"https:\\\/\\\/aconteceunovale.com.br\\\/portal\\\/wp-content\\\/uploads\\\/2022\\\/02\\\/ipatinga_mg.jpg\",\"contentUrl\":\"https:\\\/\\\/aconteceunovale.com.br\\\/portal\\\/wp-content\\\/uploads\\\/2022\\\/02\\\/ipatinga_mg.jpg\",\"width\":790,\"height\":474},{\"@type\":\"BreadcrumbList\",\"@id\":\"https:\\\/\\\/aconteceunovale.com.br\\\/portal\\\/?p=189071#breadcrumb\",\"itemListElement\":[{\"@type\":\"ListItem\",\"position\":1,\"name\":\"In\u00edcio\",\"item\":\"https:\\\/\\\/aconteceunovale.com.br\\\/portal\\\/\"},{\"@type\":\"ListItem\",\"position\":2,\"name\":\"Minist\u00e9rio P\u00fablico denuncia homens por estupro coletivo e feminic\u00eddio em Ipatinga\"}]},{\"@type\":\"WebSite\",\"@id\":\"https:\\\/\\\/aconteceunovale.com.br\\\/portal\\\/#website\",\"url\":\"https:\\\/\\\/aconteceunovale.com.br\\\/portal\\\/\",\"name\":\"Aconteceu no Vale\",\"description\":\"Portal de Not\u00edcias\",\"potentialAction\":[{\"@type\":\"SearchAction\",\"target\":{\"@type\":\"EntryPoint\",\"urlTemplate\":\"https:\\\/\\\/aconteceunovale.com.br\\\/portal\\\/?s={search_term_string}\"},\"query-input\":{\"@type\":\"PropertyValueSpecification\",\"valueRequired\":true,\"valueName\":\"search_term_string\"}}],\"inLanguage\":\"pt-BR\"},{\"@type\":\"Person\",\"@id\":\"https:\\\/\\\/aconteceunovale.com.br\\\/portal\\\/#\\\/schema\\\/person\\\/7d2f26d1483f8a63de73da1ee0754d35\",\"name\":\"Reda\u00e7\u00e3o Aconteceu no Vale\",\"description\":\"Equipe de reportagem do Aconteceu no Vale, portal de not\u00edcias do Vale do Jequitinhonha, em Minas Gerais. Cobrimos as 51 cidades do Vale desde 2013. Sugest\u00f5es de pauta e pedidos de corre\u00e7\u00e3o: contato@aconteceunovale.com.br\",\"url\":\"https:\\\/\\\/aconteceunovale.com.br\\\/portal\\\/?author=4\"}]}<\/script>\n<!-- \/ Yoast SEO plugin. -->","yoast_head_json":{"title":"Minist\u00e9rio P\u00fablico denuncia homens por estupro coletivo e feminic\u00eddio em Ipatinga - Aconteceu no Vale","robots":{"index":"index","follow":"follow","max-snippet":"max-snippet:-1","max-image-preview":"max-image-preview:large","max-video-preview":"max-video-preview:-1"},"canonical":"https:\/\/aconteceunovale.com.br\/portal\/?p=189071","og_locale":"pt_BR","og_type":"article","og_title":"Minist\u00e9rio P\u00fablico denuncia homens por estupro coletivo e feminic\u00eddio em Ipatinga - Aconteceu no Vale","og_description":"O Minist\u00e9rio P\u00fablico de Minas Gerais (MPMG) ofereceu den\u00fancia \u00e0 Vara de Execu\u00e7\u00f5es Penais, Cartas Precat\u00f3rias Criminais e do Tribunal do J\u00fari da Comarca de Ipatinga, no dia 17 deste m\u00eas, contra W.R.A.S e G.L.D, que est\u00e3o presos, preventivamente, na penitenci\u00e1ria D\u00eanio Moreira de Carvalho, por terem estuprado e matado, com extrema crueldade, a v\u00edtima, [&hellip;]","og_url":"https:\/\/aconteceunovale.com.br\/portal\/?p=189071","og_site_name":"Aconteceu no Vale","article_publisher":"https:\/\/www.facebook.com\/aconteceunovale\/","article_published_time":"2022-05-22T00:28:48+00:00","article_modified_time":"2022-05-22T00:30:23+00:00","og_image":[{"width":790,"height":474,"url":"https:\/\/aconteceunovale.com.br\/portal\/wp-content\/uploads\/2022\/02\/ipatinga_mg.jpg","type":"image\/jpeg"}],"author":"Reda\u00e7\u00e3o Aconteceu no Vale","twitter_card":"summary_large_image","twitter_creator":"@noticiadosvales","twitter_site":"@noticiadosvales","twitter_misc":{"Escrito por":"Reda\u00e7\u00e3o Aconteceu no Vale","Est. tempo de leitura":"3 minutos"},"schema":{"@context":"https:\/\/schema.org","@graph":[{"@type":"Article","@id":"https:\/\/aconteceunovale.com.br\/portal\/?p=189071#article","isPartOf":{"@id":"https:\/\/aconteceunovale.com.br\/portal\/?p=189071"},"author":{"name":"Reda\u00e7\u00e3o Aconteceu no Vale","@id":"https:\/\/aconteceunovale.com.br\/portal\/#\/schema\/person\/7d2f26d1483f8a63de73da1ee0754d35"},"headline":"Minist\u00e9rio P\u00fablico denuncia homens por estupro coletivo e feminic\u00eddio em Ipatinga","datePublished":"2022-05-22T00:28:48+00:00","dateModified":"2022-05-22T00:30:23+00:00","mainEntityOfPage":{"@id":"https:\/\/aconteceunovale.com.br\/portal\/?p=189071"},"wordCount":552,"commentCount":0,"image":{"@id":"https:\/\/aconteceunovale.com.br\/portal\/?p=189071#primaryimage"},"thumbnailUrl":"https:\/\/aconteceunovale.com.br\/portal\/wp-content\/uploads\/2022\/02\/ipatinga_mg.jpg","keywords":["comarca de Ipatinga","Crime brutal em Ipatinga","destaque","Investigados por estupro coletivo em Ipatinga","Investigados por estupro na avenida Manaain","Investigados por estupro no Jardim Panorama","Investigados por feminic\u00eddio em Ipatinga","Ipatinga","Justi\u00e7a de Ipatinga","Minist\u00e9rio P\u00fablico denuncia homens por estupro coletivo e feminic\u00eddio em Ipatinga","MPMG","Promotor de Ipatinga","Promotor Junio Linhares Costa Monteiro","Promotoria de Justi\u00e7a de Ipatinga"],"articleSection":["Leste de Minas"],"inLanguage":"pt-BR","potentialAction":[{"@type":"CommentAction","name":"Comment","target":["https:\/\/aconteceunovale.com.br\/portal\/?p=189071#respond"]}]},{"@type":"WebPage","@id":"https:\/\/aconteceunovale.com.br\/portal\/?p=189071","url":"https:\/\/aconteceunovale.com.br\/portal\/?p=189071","name":"Minist\u00e9rio P\u00fablico denuncia homens por estupro coletivo e feminic\u00eddio em Ipatinga - Aconteceu no Vale","isPartOf":{"@id":"https:\/\/aconteceunovale.com.br\/portal\/#website"},"primaryImageOfPage":{"@id":"https:\/\/aconteceunovale.com.br\/portal\/?p=189071#primaryimage"},"image":{"@id":"https:\/\/aconteceunovale.com.br\/portal\/?p=189071#primaryimage"},"thumbnailUrl":"https:\/\/aconteceunovale.com.br\/portal\/wp-content\/uploads\/2022\/02\/ipatinga_mg.jpg","datePublished":"2022-05-22T00:28:48+00:00","dateModified":"2022-05-22T00:30:23+00:00","author":{"@id":"https:\/\/aconteceunovale.com.br\/portal\/#\/schema\/person\/7d2f26d1483f8a63de73da1ee0754d35"},"breadcrumb":{"@id":"https:\/\/aconteceunovale.com.br\/portal\/?p=189071#breadcrumb"},"inLanguage":"pt-BR","potentialAction":[{"@type":"ReadAction","target":["https:\/\/aconteceunovale.com.br\/portal\/?p=189071"]}]},{"@type":"ImageObject","inLanguage":"pt-BR","@id":"https:\/\/aconteceunovale.com.br\/portal\/?p=189071#primaryimage","url":"https:\/\/aconteceunovale.com.br\/portal\/wp-content\/uploads\/2022\/02\/ipatinga_mg.jpg","contentUrl":"https:\/\/aconteceunovale.com.br\/portal\/wp-content\/uploads\/2022\/02\/ipatinga_mg.jpg","width":790,"height":474},{"@type":"BreadcrumbList","@id":"https:\/\/aconteceunovale.com.br\/portal\/?p=189071#breadcrumb","itemListElement":[{"@type":"ListItem","position":1,"name":"In\u00edcio","item":"https:\/\/aconteceunovale.com.br\/portal\/"},{"@type":"ListItem","position":2,"name":"Minist\u00e9rio P\u00fablico denuncia homens por estupro coletivo e feminic\u00eddio em Ipatinga"}]},{"@type":"WebSite","@id":"https:\/\/aconteceunovale.com.br\/portal\/#website","url":"https:\/\/aconteceunovale.com.br\/portal\/","name":"Aconteceu no Vale","description":"Portal de Not\u00edcias","potentialAction":[{"@type":"SearchAction","target":{"@type":"EntryPoint","urlTemplate":"https:\/\/aconteceunovale.com.br\/portal\/?s={search_term_string}"},"query-input":{"@type":"PropertyValueSpecification","valueRequired":true,"valueName":"search_term_string"}}],"inLanguage":"pt-BR"},{"@type":"Person","@id":"https:\/\/aconteceunovale.com.br\/portal\/#\/schema\/person\/7d2f26d1483f8a63de73da1ee0754d35","name":"Reda\u00e7\u00e3o Aconteceu no Vale","description":"Equipe de reportagem do Aconteceu no Vale, portal de not\u00edcias do Vale do Jequitinhonha, em Minas Gerais. Cobrimos as 51 cidades do Vale desde 2013. Sugest\u00f5es de pauta e pedidos de corre\u00e7\u00e3o: contato@aconteceunovale.com.br","url":"https:\/\/aconteceunovale.com.br\/portal\/?author=4"}]}},"_links":{"self":[{"href":"https:\/\/aconteceunovale.com.br\/portal\/index.php?rest_route=\/wp\/v2\/posts\/189071","targetHints":{"allow":["GET"]}}],"collection":[{"href":"https:\/\/aconteceunovale.com.br\/portal\/index.php?rest_route=\/wp\/v2\/posts"}],"about":[{"href":"https:\/\/aconteceunovale.com.br\/portal\/index.php?rest_route=\/wp\/v2\/types\/post"}],"author":[{"embeddable":true,"href":"https:\/\/aconteceunovale.com.br\/portal\/index.php?rest_route=\/wp\/v2\/users\/4"}],"replies":[{"embeddable":true,"href":"https:\/\/aconteceunovale.com.br\/portal\/index.php?rest_route=%2Fwp%2Fv2%2Fcomments&post=189071"}],"version-history":[{"count":1,"href":"https:\/\/aconteceunovale.com.br\/portal\/index.php?rest_route=\/wp\/v2\/posts\/189071\/revisions"}],"predecessor-version":[{"id":189072,"href":"https:\/\/aconteceunovale.com.br\/portal\/index.php?rest_route=\/wp\/v2\/posts\/189071\/revisions\/189072"}],"wp:featuredmedia":[{"embeddable":true,"href":"https:\/\/aconteceunovale.com.br\/portal\/index.php?rest_route=\/wp\/v2\/media\/187334"}],"wp:attachment":[{"href":"https:\/\/aconteceunovale.com.br\/portal\/index.php?rest_route=%2Fwp%2Fv2%2Fmedia&parent=189071"}],"wp:term":[{"taxonomy":"category","embeddable":true,"href":"https:\/\/aconteceunovale.com.br\/portal\/index.php?rest_route=%2Fwp%2Fv2%2Fcategories&post=189071"},{"taxonomy":"post_tag","embeddable":true,"href":"https:\/\/aconteceunovale.com.br\/portal\/index.php?rest_route=%2Fwp%2Fv2%2Ftags&post=189071"}],"curies":[{"name":"wp","href":"https:\/\/api.w.org\/{rel}","templated":true}]}}