{"id":189064,"date":"2022-05-21T19:16:40","date_gmt":"2022-05-21T22:16:40","guid":{"rendered":"https:\/\/aconteceunovale.com.br\/portal\/?p=189064"},"modified":"2022-05-21T19:17:56","modified_gmt":"2022-05-21T22:17:56","slug":"presidente-descarta-taxar-compra-por-meio-de-aplicativos-estrangeiros","status":"publish","type":"post","link":"https:\/\/aconteceunovale.com.br\/portal\/?p=189064","title":{"rendered":"Presidente descarta taxar compra por meio de aplicativos estrangeiros"},"content":{"rendered":"\n<p class=\"wp-block-paragraph\">O presidente Jair Bolsonaro descartou hoje (21\/5\/2022), em sua conta no Twitter, a edi\u00e7\u00e3o de medida provis\u00f3ria (MP) para tributar compras feitas no exterior por meio de plataformas na internet.<\/p>\n\n\n\n<figure class=\"wp-block-gallery has-nested-images columns-default is-cropped wp-block-gallery-1 is-layout-flex wp-block-gallery-is-layout-flex\">\n<figure class=\"wp-block-image size-large\"><img loading=\"lazy\" decoding=\"async\" width=\"678\" height=\"406\" data-id=\"189065\" src=\"https:\/\/aconteceunovale.com.br\/portal\/wp-content\/uploads\/2022\/05\/compras_correios.jpg\" alt=\"\" class=\"wp-image-189065\" srcset=\"https:\/\/aconteceunovale.com.br\/portal\/wp-content\/uploads\/2022\/05\/compras_correios.jpg 678w, https:\/\/aconteceunovale.com.br\/portal\/wp-content\/uploads\/2022\/05\/compras_correios-300x180.jpg 300w\" sizes=\"auto, (max-width: 678px) 100vw, 678px\" \/><figcaption><em><sub>Foto: Elza Fi\u00faza\/Ag\u00eancia Brasil<\/sub><\/em><\/figcaption><\/figure>\n<\/figure>\n\n\n\n<p class=\"wp-block-paragraph\">\u201cN\u00e3o assinarei nenhuma MP para taxar compras por aplicativos como Shopee, AliExpress, Shein etc como grande parte da m\u00eddia vem divulgando. Para poss\u00edveis irregularidades nesse servi\u00e7o, ou outros, a sa\u00edda deve ser a fiscaliza\u00e7\u00e3o, n\u00e3o o aumento de impostos\u201d, escreveu Bolsonaro, na postagem.<\/p>\n\n\n\n<p class=\"wp-block-paragraph\">Atualmente, a isen\u00e7\u00e3o de\u00a0Imposto de Importa\u00e7\u00e3o\u00a0ocorre para encomendas de at\u00e9 US$ 50. No entanto, o benef\u00edcio s\u00f3 \u00e9 concedido se a remessa ocorrer entre duas pessoas f\u00edsicas, sem fins comerciais.<\/p>\n\n\n\n<p class=\"wp-block-paragraph\">Segundo o\u00a0secret\u00e1rio Especial da Receita Federal, J\u00falio C\u00e9sar Gomes, em entrevista ao programa<em>\u00a0Brasil em Pauta<\/em>\u00a0da\u00a0TV Brasil, no in\u00edcio deste m\u00eas,\u00a0muitos vendedores se fazem passar por pessoas f\u00edsicas quando, na verdade, s\u00e3o empresas constitu\u00eddas para se valer de isen\u00e7\u00f5es, o que constitui fraude.<\/p>\n\n\n\n<p class=\"wp-block-paragraph\">C\u00e9sar Gomes chamou esses aplicativos de \u201ccamel\u00f3dromos virtuais&#8221;. Segundo ele, hoje o Brasil recebe cerca de 500 mil dessas encomendas por dia.<\/p>\n\n\n\n<p class=\"wp-block-paragraph\">De acordo com o secret\u00e1rio, a Receita Federal est\u00e1 intensificando o combate a bens contrabandeados ou que burlam as regras tribut\u00e1rias vigentes por meio de um programa de rastreabilidade fiscal rec\u00e9m-lan\u00e7ado. Na entrevista, o secret\u00e1rio tamb\u00e9m afirmou que estava em estudo a edi\u00e7\u00e3o de uma medida provis\u00f3ria com foco nos \u201ccamel\u00f3dromos virtuais\u201d.<\/p>\n\n\n\n<p class=\"wp-block-paragraph\">&#8212;&#8212;&#8212;&#8212;&#8212;&#8212;<br><br><strong>Sabia que o Aconteceu no Vale est\u00e1 tamb\u00e9m no Telegram? <a rel=\"noreferrer noopener\" href=\"https:\/\/t.me\/aconteceunovaleoficial\" target=\"_blank\">Inscreva-se no canal<\/a>.<\/strong><br><br><strong>J\u00e1 curtiu ou seguiu nossas p\u00e1ginas nas redes sociais?\u00a0Receba as not\u00edcias em primeira m\u00e3o:<\/strong><br>\u2022 <a rel=\"noreferrer noopener\" href=\"https:\/\/news.google.com\/publications\/CAAqBwgKMNjklQswi4etAw?hl=pt-BR&amp;gl=BR&amp;ceid=BR%3Apt-419\" target=\"_blank\">Google News<\/a><br>\u2022 <a rel=\"noreferrer noopener\" href=\"https:\/\/www.facebook.com\/aconteceunovale\/\" target=\"_blank\">Facebook<\/a><br>\u2022 <a rel=\"noreferrer noopener\" href=\"https:\/\/twitter.com\/noticiadosvales\" target=\"_blank\">Twitter<\/a><br>\u2022 <a rel=\"noreferrer noopener\" href=\"https:\/\/www.instagram.com\/aconteceunovale\" target=\"_blank\">Instagram<\/a><br>\u2022 <a rel=\"noreferrer noopener\" href=\"https:\/\/www.youtube.com\/AconteceunoValeOficial\" target=\"_blank\">Youtube<\/a><br>\u2022 <a rel=\"noreferrer noopener\" href=\"https:\/\/www.tiktok.com\/@aconteceunovale\" target=\"_blank\">TikTok<\/a><\/p>\n","protected":false},"excerpt":{"rendered":"<p>O presidente Jair Bolsonaro descartou hoje (21\/5\/2022), em sua conta no Twitter, a edi\u00e7\u00e3o de medida provis\u00f3ria (MP) para tributar compras feitas no exterior por meio de plataformas na internet. \u201cN\u00e3o assinarei nenhuma MP para taxar compras por aplicativos como Shopee, AliExpress, Shein etc como grande parte da m\u00eddia vem divulgando. Para poss\u00edveis irregularidades nesse [&hellip;]<\/p>\n","protected":false},"author":4,"featured_media":189065,"comment_status":"open","ping_status":"closed","sticky":false,"template":"","format":"standard","meta":{"amp_status":"","footnotes":""},"categories":[6,28848],"tags":[21743,1018,261254,26436,77566,174222,1464,261256,261255,261252,261253],"class_list":["post-189064","post","type-post","status-publish","format-standard","has-post-thumbnail","hentry","category-br","category-mundo","tag-aliexpress","tag-destaque","tag-imposto-para-compra-em-aplicativos-estrangeiros","tag-jair-bolsonaro","tag-julio-cesar-gomes","tag-presidente-jair-bolsonaro","tag-receita-federal","tag-shein","tag-shopee","tag-taxa-para-compra-por-meio-de-aplicativos-estrangeiros","tag-taxa-para-importacao"],"yoast_head":"<!-- This site is optimized with the Yoast SEO plugin v28.3 - https:\/\/yoast.com\/product\/yoast-seo-wordpress\/ -->\n<title>Presidente descarta taxar compra por meio de aplicativos estrangeiros - Aconteceu no Vale<\/title>\n<meta name=\"robots\" content=\"index, follow, max-snippet:-1, max-image-preview:large, max-video-preview:-1\" \/>\n<link rel=\"canonical\" href=\"https:\/\/aconteceunovale.com.br\/portal\/?p=189064\" \/>\n<meta property=\"og:locale\" content=\"pt_BR\" \/>\n<meta property=\"og:type\" content=\"article\" \/>\n<meta property=\"og:title\" content=\"Presidente descarta taxar compra por meio de aplicativos estrangeiros - Aconteceu no Vale\" \/>\n<meta property=\"og:description\" content=\"O presidente Jair Bolsonaro descartou hoje (21\/5\/2022), em sua conta no Twitter, a edi\u00e7\u00e3o de medida provis\u00f3ria (MP) para tributar compras feitas no exterior por meio de plataformas na internet. \u201cN\u00e3o assinarei nenhuma MP para taxar compras por aplicativos como Shopee, AliExpress, Shein etc como grande parte da m\u00eddia vem divulgando. Para poss\u00edveis irregularidades nesse [&hellip;]\" \/>\n<meta property=\"og:url\" content=\"https:\/\/aconteceunovale.com.br\/portal\/?p=189064\" \/>\n<meta property=\"og:site_name\" content=\"Aconteceu no Vale\" \/>\n<meta property=\"article:publisher\" content=\"https:\/\/www.facebook.com\/aconteceunovale\/\" \/>\n<meta property=\"article:published_time\" content=\"2022-05-21T22:16:40+00:00\" \/>\n<meta property=\"article:modified_time\" content=\"2022-05-21T22:17:56+00:00\" \/>\n<meta property=\"og:image\" content=\"https:\/\/aconteceunovale.com.br\/portal\/wp-content\/uploads\/2022\/05\/compras_correios.jpg\" \/>\n\t<meta property=\"og:image:width\" content=\"678\" \/>\n\t<meta property=\"og:image:height\" content=\"406\" \/>\n\t<meta property=\"og:image:type\" content=\"image\/jpeg\" \/>\n<meta name=\"author\" content=\"Reda\u00e7\u00e3o Aconteceu no Vale\" \/>\n<meta name=\"twitter:card\" content=\"summary_large_image\" \/>\n<meta name=\"twitter:creator\" content=\"@noticiadosvales\" \/>\n<meta name=\"twitter:site\" content=\"@noticiadosvales\" \/>\n<meta name=\"twitter:label1\" content=\"Escrito por\" \/>\n\t<meta name=\"twitter:data1\" content=\"Reda\u00e7\u00e3o Aconteceu no Vale\" \/>\n\t<meta name=\"twitter:label2\" content=\"Est. tempo de leitura\" \/>\n\t<meta name=\"twitter:data2\" content=\"2 minutos\" \/>\n<script type=\"application\/ld+json\" class=\"yoast-schema-graph\">{\"@context\":\"https:\\\/\\\/schema.org\",\"@graph\":[{\"@type\":\"Article\",\"@id\":\"https:\\\/\\\/aconteceunovale.com.br\\\/portal\\\/?p=189064#article\",\"isPartOf\":{\"@id\":\"https:\\\/\\\/aconteceunovale.com.br\\\/portal\\\/?p=189064\"},\"author\":{\"name\":\"Reda\u00e7\u00e3o Aconteceu no Vale\",\"@id\":\"https:\\\/\\\/aconteceunovale.com.br\\\/portal\\\/#\\\/schema\\\/person\\\/7d2f26d1483f8a63de73da1ee0754d35\"},\"headline\":\"Presidente descarta taxar compra por meio de aplicativos estrangeiros\",\"datePublished\":\"2022-05-21T22:16:40+00:00\",\"dateModified\":\"2022-05-21T22:17:56+00:00\",\"mainEntityOfPage\":{\"@id\":\"https:\\\/\\\/aconteceunovale.com.br\\\/portal\\\/?p=189064\"},\"wordCount\":311,\"commentCount\":0,\"image\":{\"@id\":\"https:\\\/\\\/aconteceunovale.com.br\\\/portal\\\/?p=189064#primaryimage\"},\"thumbnailUrl\":\"https:\\\/\\\/aconteceunovale.com.br\\\/portal\\\/wp-content\\\/uploads\\\/2022\\\/05\\\/compras_correios.jpg\",\"keywords\":[\"AliExpress\",\"destaque\",\"Imposto para compra em aplicativos estrangeiros\",\"Jair Bolsonaro\",\"J\u00falio C\u00e9sar Gomes\",\"Presidente Jair Bolsonaro\",\"receita federal\",\"Shein\",\"Shopee\",\"Taxa para compra por meio de aplicativos estrangeiros\",\"Taxa para importa\u00e7\u00e3o\"],\"articleSection\":[\"Brasil\",\"Mundo\"],\"inLanguage\":\"pt-BR\",\"potentialAction\":[{\"@type\":\"CommentAction\",\"name\":\"Comment\",\"target\":[\"https:\\\/\\\/aconteceunovale.com.br\\\/portal\\\/?p=189064#respond\"]}]},{\"@type\":\"WebPage\",\"@id\":\"https:\\\/\\\/aconteceunovale.com.br\\\/portal\\\/?p=189064\",\"url\":\"https:\\\/\\\/aconteceunovale.com.br\\\/portal\\\/?p=189064\",\"name\":\"Presidente descarta taxar compra por meio de aplicativos estrangeiros - Aconteceu no Vale\",\"isPartOf\":{\"@id\":\"https:\\\/\\\/aconteceunovale.com.br\\\/portal\\\/#website\"},\"primaryImageOfPage\":{\"@id\":\"https:\\\/\\\/aconteceunovale.com.br\\\/portal\\\/?p=189064#primaryimage\"},\"image\":{\"@id\":\"https:\\\/\\\/aconteceunovale.com.br\\\/portal\\\/?p=189064#primaryimage\"},\"thumbnailUrl\":\"https:\\\/\\\/aconteceunovale.com.br\\\/portal\\\/wp-content\\\/uploads\\\/2022\\\/05\\\/compras_correios.jpg\",\"datePublished\":\"2022-05-21T22:16:40+00:00\",\"dateModified\":\"2022-05-21T22:17:56+00:00\",\"author\":{\"@id\":\"https:\\\/\\\/aconteceunovale.com.br\\\/portal\\\/#\\\/schema\\\/person\\\/7d2f26d1483f8a63de73da1ee0754d35\"},\"breadcrumb\":{\"@id\":\"https:\\\/\\\/aconteceunovale.com.br\\\/portal\\\/?p=189064#breadcrumb\"},\"inLanguage\":\"pt-BR\",\"potentialAction\":[{\"@type\":\"ReadAction\",\"target\":[\"https:\\\/\\\/aconteceunovale.com.br\\\/portal\\\/?p=189064\"]}]},{\"@type\":\"ImageObject\",\"inLanguage\":\"pt-BR\",\"@id\":\"https:\\\/\\\/aconteceunovale.com.br\\\/portal\\\/?p=189064#primaryimage\",\"url\":\"https:\\\/\\\/aconteceunovale.com.br\\\/portal\\\/wp-content\\\/uploads\\\/2022\\\/05\\\/compras_correios.jpg\",\"contentUrl\":\"https:\\\/\\\/aconteceunovale.com.br\\\/portal\\\/wp-content\\\/uploads\\\/2022\\\/05\\\/compras_correios.jpg\",\"width\":678,\"height\":406},{\"@type\":\"BreadcrumbList\",\"@id\":\"https:\\\/\\\/aconteceunovale.com.br\\\/portal\\\/?p=189064#breadcrumb\",\"itemListElement\":[{\"@type\":\"ListItem\",\"position\":1,\"name\":\"In\u00edcio\",\"item\":\"https:\\\/\\\/aconteceunovale.com.br\\\/portal\\\/\"},{\"@type\":\"ListItem\",\"position\":2,\"name\":\"Presidente descarta taxar compra por meio de aplicativos estrangeiros\"}]},{\"@type\":\"WebSite\",\"@id\":\"https:\\\/\\\/aconteceunovale.com.br\\\/portal\\\/#website\",\"url\":\"https:\\\/\\\/aconteceunovale.com.br\\\/portal\\\/\",\"name\":\"Aconteceu no Vale\",\"description\":\"Portal de Not\u00edcias\",\"potentialAction\":[{\"@type\":\"SearchAction\",\"target\":{\"@type\":\"EntryPoint\",\"urlTemplate\":\"https:\\\/\\\/aconteceunovale.com.br\\\/portal\\\/?s={search_term_string}\"},\"query-input\":{\"@type\":\"PropertyValueSpecification\",\"valueRequired\":true,\"valueName\":\"search_term_string\"}}],\"inLanguage\":\"pt-BR\"},{\"@type\":\"Person\",\"@id\":\"https:\\\/\\\/aconteceunovale.com.br\\\/portal\\\/#\\\/schema\\\/person\\\/7d2f26d1483f8a63de73da1ee0754d35\",\"name\":\"Reda\u00e7\u00e3o Aconteceu no Vale\",\"description\":\"Equipe de reportagem do Aconteceu no Vale, portal de not\u00edcias do Vale do Jequitinhonha, em Minas Gerais. Cobrimos as 51 cidades do Vale desde 2013. Sugest\u00f5es de pauta e pedidos de corre\u00e7\u00e3o: contato@aconteceunovale.com.br\",\"url\":\"https:\\\/\\\/aconteceunovale.com.br\\\/portal\\\/?author=4\"}]}<\/script>\n<!-- \/ Yoast SEO plugin. -->","yoast_head_json":{"title":"Presidente descarta taxar compra por meio de aplicativos estrangeiros - Aconteceu no Vale","robots":{"index":"index","follow":"follow","max-snippet":"max-snippet:-1","max-image-preview":"max-image-preview:large","max-video-preview":"max-video-preview:-1"},"canonical":"https:\/\/aconteceunovale.com.br\/portal\/?p=189064","og_locale":"pt_BR","og_type":"article","og_title":"Presidente descarta taxar compra por meio de aplicativos estrangeiros - Aconteceu no Vale","og_description":"O presidente Jair Bolsonaro descartou hoje (21\/5\/2022), em sua conta no Twitter, a edi\u00e7\u00e3o de medida provis\u00f3ria (MP) para tributar compras feitas no exterior por meio de plataformas na internet. \u201cN\u00e3o assinarei nenhuma MP para taxar compras por aplicativos como Shopee, AliExpress, Shein etc como grande parte da m\u00eddia vem divulgando. Para poss\u00edveis irregularidades nesse [&hellip;]","og_url":"https:\/\/aconteceunovale.com.br\/portal\/?p=189064","og_site_name":"Aconteceu no Vale","article_publisher":"https:\/\/www.facebook.com\/aconteceunovale\/","article_published_time":"2022-05-21T22:16:40+00:00","article_modified_time":"2022-05-21T22:17:56+00:00","og_image":[{"width":678,"height":406,"url":"https:\/\/aconteceunovale.com.br\/portal\/wp-content\/uploads\/2022\/05\/compras_correios.jpg","type":"image\/jpeg"}],"author":"Reda\u00e7\u00e3o Aconteceu no Vale","twitter_card":"summary_large_image","twitter_creator":"@noticiadosvales","twitter_site":"@noticiadosvales","twitter_misc":{"Escrito por":"Reda\u00e7\u00e3o Aconteceu no Vale","Est. tempo de leitura":"2 minutos"},"schema":{"@context":"https:\/\/schema.org","@graph":[{"@type":"Article","@id":"https:\/\/aconteceunovale.com.br\/portal\/?p=189064#article","isPartOf":{"@id":"https:\/\/aconteceunovale.com.br\/portal\/?p=189064"},"author":{"name":"Reda\u00e7\u00e3o Aconteceu no Vale","@id":"https:\/\/aconteceunovale.com.br\/portal\/#\/schema\/person\/7d2f26d1483f8a63de73da1ee0754d35"},"headline":"Presidente descarta taxar compra por meio de aplicativos estrangeiros","datePublished":"2022-05-21T22:16:40+00:00","dateModified":"2022-05-21T22:17:56+00:00","mainEntityOfPage":{"@id":"https:\/\/aconteceunovale.com.br\/portal\/?p=189064"},"wordCount":311,"commentCount":0,"image":{"@id":"https:\/\/aconteceunovale.com.br\/portal\/?p=189064#primaryimage"},"thumbnailUrl":"https:\/\/aconteceunovale.com.br\/portal\/wp-content\/uploads\/2022\/05\/compras_correios.jpg","keywords":["AliExpress","destaque","Imposto para compra em aplicativos estrangeiros","Jair Bolsonaro","J\u00falio C\u00e9sar Gomes","Presidente Jair Bolsonaro","receita federal","Shein","Shopee","Taxa para compra por meio de aplicativos estrangeiros","Taxa para importa\u00e7\u00e3o"],"articleSection":["Brasil","Mundo"],"inLanguage":"pt-BR","potentialAction":[{"@type":"CommentAction","name":"Comment","target":["https:\/\/aconteceunovale.com.br\/portal\/?p=189064#respond"]}]},{"@type":"WebPage","@id":"https:\/\/aconteceunovale.com.br\/portal\/?p=189064","url":"https:\/\/aconteceunovale.com.br\/portal\/?p=189064","name":"Presidente descarta taxar compra por meio de aplicativos estrangeiros - Aconteceu no Vale","isPartOf":{"@id":"https:\/\/aconteceunovale.com.br\/portal\/#website"},"primaryImageOfPage":{"@id":"https:\/\/aconteceunovale.com.br\/portal\/?p=189064#primaryimage"},"image":{"@id":"https:\/\/aconteceunovale.com.br\/portal\/?p=189064#primaryimage"},"thumbnailUrl":"https:\/\/aconteceunovale.com.br\/portal\/wp-content\/uploads\/2022\/05\/compras_correios.jpg","datePublished":"2022-05-21T22:16:40+00:00","dateModified":"2022-05-21T22:17:56+00:00","author":{"@id":"https:\/\/aconteceunovale.com.br\/portal\/#\/schema\/person\/7d2f26d1483f8a63de73da1ee0754d35"},"breadcrumb":{"@id":"https:\/\/aconteceunovale.com.br\/portal\/?p=189064#breadcrumb"},"inLanguage":"pt-BR","potentialAction":[{"@type":"ReadAction","target":["https:\/\/aconteceunovale.com.br\/portal\/?p=189064"]}]},{"@type":"ImageObject","inLanguage":"pt-BR","@id":"https:\/\/aconteceunovale.com.br\/portal\/?p=189064#primaryimage","url":"https:\/\/aconteceunovale.com.br\/portal\/wp-content\/uploads\/2022\/05\/compras_correios.jpg","contentUrl":"https:\/\/aconteceunovale.com.br\/portal\/wp-content\/uploads\/2022\/05\/compras_correios.jpg","width":678,"height":406},{"@type":"BreadcrumbList","@id":"https:\/\/aconteceunovale.com.br\/portal\/?p=189064#breadcrumb","itemListElement":[{"@type":"ListItem","position":1,"name":"In\u00edcio","item":"https:\/\/aconteceunovale.com.br\/portal\/"},{"@type":"ListItem","position":2,"name":"Presidente descarta taxar compra por meio de aplicativos estrangeiros"}]},{"@type":"WebSite","@id":"https:\/\/aconteceunovale.com.br\/portal\/#website","url":"https:\/\/aconteceunovale.com.br\/portal\/","name":"Aconteceu no Vale","description":"Portal de Not\u00edcias","potentialAction":[{"@type":"SearchAction","target":{"@type":"EntryPoint","urlTemplate":"https:\/\/aconteceunovale.com.br\/portal\/?s={search_term_string}"},"query-input":{"@type":"PropertyValueSpecification","valueRequired":true,"valueName":"search_term_string"}}],"inLanguage":"pt-BR"},{"@type":"Person","@id":"https:\/\/aconteceunovale.com.br\/portal\/#\/schema\/person\/7d2f26d1483f8a63de73da1ee0754d35","name":"Reda\u00e7\u00e3o Aconteceu no Vale","description":"Equipe de reportagem do Aconteceu no Vale, portal de not\u00edcias do Vale do Jequitinhonha, em Minas Gerais. Cobrimos as 51 cidades do Vale desde 2013. Sugest\u00f5es de pauta e pedidos de corre\u00e7\u00e3o: contato@aconteceunovale.com.br","url":"https:\/\/aconteceunovale.com.br\/portal\/?author=4"}]}},"_links":{"self":[{"href":"https:\/\/aconteceunovale.com.br\/portal\/index.php?rest_route=\/wp\/v2\/posts\/189064","targetHints":{"allow":["GET"]}}],"collection":[{"href":"https:\/\/aconteceunovale.com.br\/portal\/index.php?rest_route=\/wp\/v2\/posts"}],"about":[{"href":"https:\/\/aconteceunovale.com.br\/portal\/index.php?rest_route=\/wp\/v2\/types\/post"}],"author":[{"embeddable":true,"href":"https:\/\/aconteceunovale.com.br\/portal\/index.php?rest_route=\/wp\/v2\/users\/4"}],"replies":[{"embeddable":true,"href":"https:\/\/aconteceunovale.com.br\/portal\/index.php?rest_route=%2Fwp%2Fv2%2Fcomments&post=189064"}],"version-history":[{"count":1,"href":"https:\/\/aconteceunovale.com.br\/portal\/index.php?rest_route=\/wp\/v2\/posts\/189064\/revisions"}],"predecessor-version":[{"id":189066,"href":"https:\/\/aconteceunovale.com.br\/portal\/index.php?rest_route=\/wp\/v2\/posts\/189064\/revisions\/189066"}],"wp:featuredmedia":[{"embeddable":true,"href":"https:\/\/aconteceunovale.com.br\/portal\/index.php?rest_route=\/wp\/v2\/media\/189065"}],"wp:attachment":[{"href":"https:\/\/aconteceunovale.com.br\/portal\/index.php?rest_route=%2Fwp%2Fv2%2Fmedia&parent=189064"}],"wp:term":[{"taxonomy":"category","embeddable":true,"href":"https:\/\/aconteceunovale.com.br\/portal\/index.php?rest_route=%2Fwp%2Fv2%2Fcategories&post=189064"},{"taxonomy":"post_tag","embeddable":true,"href":"https:\/\/aconteceunovale.com.br\/portal\/index.php?rest_route=%2Fwp%2Fv2%2Ftags&post=189064"}],"curies":[{"name":"wp","href":"https:\/\/api.w.org\/{rel}","templated":true}]}}