{"id":189050,"date":"2022-05-19T12:47:06","date_gmt":"2022-05-19T15:47:06","guid":{"rendered":"https:\/\/aconteceunovale.com.br\/portal\/?p=189050"},"modified":"2022-05-19T12:47:25","modified_gmt":"2022-05-19T15:47:25","slug":"safra-de-cafe-2022-pode-chegar-a-534-milhoes-de-sacas","status":"publish","type":"post","link":"https:\/\/aconteceunovale.com.br\/portal\/?p=189050","title":{"rendered":"Safra de caf\u00e9 2022 pode chegar a 53,4 milh\u00f5es de sacas"},"content":{"rendered":"\n<p class=\"wp-block-paragraph\">A estimativa da Companhia Nacional de Abastecimento (Conab) para a produ\u00e7\u00e3o de caf\u00e9 \u00e9 de 53,4 milh\u00f5es de sacas, na safra deste ano. O volume representa acr\u00e9scimo de cerca de 5,7 milh\u00f5es de sacas em rela\u00e7\u00e3o ao ciclo anterior.<\/p>\n\n\n\n<p class=\"wp-block-paragraph\">Se comparado com a colheita de 2020, \u00faltimo ano de bienalidade positiva, a produ\u00e7\u00e3o esperada para este ano \u00e9 15,3% inferior, o que representa 9,65 milh\u00f5es de sacas. O ciclo bienal \u00e9 uma caracter\u00edstica da cultura e consiste na altern\u00e2ncia de um ano com grande florada seguido por outro com florada menos intensa.<\/p>\n\n\n\n<p class=\"wp-block-paragraph\">\u201cA recupera\u00e7\u00e3o \u00e9 limitada, uma vez que a estiagem e as geadas ocorridas ainda no ano passado, principalmente em Minas Gerais, no Paran\u00e1 e em S\u00e3o Paulo, debilitaram as plantas, influenciando no desempenho produtivo das lavouras de caf\u00e9\u201d, diz o presidente da Conab, Guilherme Ribeiro, em nota.<\/p>\n\n\n\n<h2 class=\"wp-block-heading\">Caf\u00e9 ar\u00e1bica<\/h2>\n\n\n\n<p class=\"wp-block-paragraph\">De acordo com a companhia, o caf\u00e9 do tipo ar\u00e1bica \u00e9 aquele que mais deve ser influenciado pelo clima adverso, pois a sua concentra\u00e7\u00e3o ocorre nas regi\u00f5es mais impactadas pelas baixas temperaturas e pela escassez h\u00eddrica. Mas a expectativa ainda \u00e9 de&nbsp;recupera\u00e7\u00e3o na produ\u00e7\u00e3o em rela\u00e7\u00e3o \u00e0 safra passada, podendo chegar a 35,7 milh\u00f5es de sacas do produto beneficiado. \u201cPor\u00e9m, era esperado um potencial produtivo maior, por se tratar de um ciclo de bienalidade positiva. Se comparado com a safra 2020, a sinaliza\u00e7\u00e3o \u00e9 de diminui\u00e7\u00e3o de 23,6% do volume total estimado\u201d, acrescenta a Conab.<\/p>\n\n\n\n<p class=\"wp-block-paragraph\">Segundo a companhia, para a produtividade m\u00e9dia, o \u00faltimo ano de bienalidade positiva alcan\u00e7ou cerca de 32,21 sacas por hectare para o mesmo caf\u00e9 ar\u00e1bica. J\u00e1 na atual safra, a estimativa \u00e9 de um rendimento m\u00e9dio de 24,6 sacas por hectare. Minas Gerais continua como o maior produtor de caf\u00e9 do Brasil com 24,7 milh\u00f5es de sacas produzidas, destas 24,4 s\u00e3o de ar\u00e1bica.<\/p>\n\n\n\n<h2 class=\"wp-block-heading\">Caf\u00e9 Conilon<\/h2>\n\n\n\n<p class=\"wp-block-paragraph\">Em movimento oposto ao ar\u00e1bica, a produ\u00e7\u00e3o de caf\u00e9 conilon deve atingir novo recorde, com colheita de 17,7 milh\u00f5es de sacas beneficiadas \u2013 um aumento de 8,7% em rela\u00e7\u00e3o \u00e0 safra anterior, puxado pelo incremento de produtividade que tem sido recorrente a cada ano.<\/p>\n\n\n\n<p class=\"wp-block-paragraph\">No Esp\u00edrito Santo, principal estado produtor de conilon, a produ\u00e7\u00e3o tende a ultrapassar as 12 milh\u00f5es de sacas. \u201cN\u00e3o houve registro de extremos clim\u00e1ticos no estado capixaba. Pelo contr\u00e1rio, o volume de chuvas e as temperaturas foram favor\u00e1veis para a cultura. O mesmo cen\u00e1rio foi verificado na Bahia. Em Rond\u00f4nia, al\u00e9m das boas condi\u00e7\u00f5es clim\u00e1ticas, os produtores seguem investindo em melhorias nos pacotes tecnol\u00f3gicos. J\u00e1 os estados de Mato Grosso e Amazonas apresentam grande potencial para ampliar a produtividade e consequentemente a produ\u00e7\u00e3o\u201d, ressalta o diretor de Informa\u00e7\u00f5es Agropecu\u00e1rias e Pol\u00edticas Agr\u00edcolas da Conab, Sergio De Zen, em nota.<\/p>\n\n\n\n<h2 class=\"wp-block-heading\">\u00c1rea<\/h2>\n\n\n\n<p class=\"wp-block-paragraph\">Segundo o levantamento da Conab, a \u00e1rea destinada para o caf\u00e9 est\u00e1 estimada em 2,2 milh\u00f5es de hectares, aumento de 1,9% em rela\u00e7\u00e3o a 2021. A eleva\u00e7\u00e3o \u00e9 esperada tanto para o espa\u00e7o destinado para as plantas em forma\u00e7\u00e3o como para aquelas em produ\u00e7\u00e3o. Para a \u00e1rea em forma\u00e7\u00e3o, que contempla plantios novos e \u00e1reas esqueletadas ou recepadas, a Conab estima cerca de 401,2 mil hectares, enquanto&nbsp;as lavouras em produ\u00e7\u00e3o devem se estender por 1,84 milh\u00e3o de hectares, alta de 2,5% e 1,8% respectivamente.<\/p>\n\n\n\n<h2 class=\"wp-block-heading\">Mercado externo<\/h2>\n\n\n\n<p class=\"wp-block-paragraph\">Nos quatro primeiros meses deste ano, o Brasil exportou 14,1 milh\u00f5es de sacas de 60 quilos&nbsp;de caf\u00e9. O volume \u00e9 10,8% menor do que o exportado&nbsp;em igual per\u00edodo do ano passado, resultado influenciado pela queda na produ\u00e7\u00e3o de caf\u00e9 em 2021 e redu\u00e7\u00e3o dos estoques internos nos primeiros meses de 2022.<\/p>\n\n\n\n<p class=\"wp-block-paragraph\">\u201cAtualmente, a oferta restrita do produto continua influenciando os pre\u00e7os. Por outro lado, a press\u00e3o baixista sobre o consumo aumenta as incertezas e a tend\u00eancia atual \u00e9 de muita volatilidade. Por\u00e9m a recupera\u00e7\u00e3o limitada da produ\u00e7\u00e3o brasileira impede quedas mais expressivas nas cota\u00e7\u00f5es de caf\u00e9 e sustenta os valores praticados no mercado em patamares elevados\u201d, pondera o superintendente de Estudos de Mercado e Gest\u00e3o da Oferta da Conab, Allan Silveira.<\/p>\n\n\n\n<p class=\"wp-block-paragraph\">&#8212;&#8212;&#8212;&#8212;&#8212;&#8212;<br><br><strong>Sabia que o Aconteceu no Vale est\u00e1 tamb\u00e9m no Telegram? <a rel=\"noreferrer noopener\" href=\"https:\/\/t.me\/aconteceunovaleoficial\" target=\"_blank\">Inscreva-se no canal<\/a>.<\/strong><br><br><strong>J\u00e1 curtiu ou seguiu nossas p\u00e1ginas nas redes sociais?\u00a0Receba as not\u00edcias em primeira m\u00e3o:<\/strong><br>\u2022 <a rel=\"noreferrer noopener\" href=\"https:\/\/news.google.com\/publications\/CAAqBwgKMNjklQswi4etAw?hl=pt-BR&amp;gl=BR&amp;ceid=BR%3Apt-419\" target=\"_blank\">Google News<\/a><br>\u2022 <a rel=\"noreferrer noopener\" href=\"https:\/\/www.facebook.com\/aconteceunovale\/\" target=\"_blank\">Facebook<\/a><br>\u2022 <a rel=\"noreferrer noopener\" href=\"https:\/\/twitter.com\/noticiadosvales\" target=\"_blank\">Twitter<\/a><br>\u2022 <a rel=\"noreferrer noopener\" href=\"https:\/\/www.instagram.com\/aconteceunovale\" target=\"_blank\">Instagram<\/a><br>\u2022 <a rel=\"noreferrer noopener\" href=\"https:\/\/www.youtube.com\/AconteceunoValeOficial\" target=\"_blank\">Youtube<\/a><br>\u2022 <a rel=\"noreferrer noopener\" href=\"https:\/\/www.tiktok.com\/@aconteceunovale\" target=\"_blank\">TikTok<\/a><\/p>\n","protected":false},"excerpt":{"rendered":"<p>A estimativa da Companhia Nacional de Abastecimento (Conab) para a produ\u00e7\u00e3o de caf\u00e9 \u00e9 de 53,4 milh\u00f5es de sacas, na safra deste ano. O volume representa acr\u00e9scimo de cerca de 5,7 milh\u00f5es de sacas em rela\u00e7\u00e3o ao ciclo anterior. Se comparado com a colheita de 2020, \u00faltimo ano de bienalidade positiva, a produ\u00e7\u00e3o esperada para [&hellip;]<\/p>\n","protected":false},"author":4,"featured_media":185072,"comment_status":"open","ping_status":"closed","sticky":false,"template":"","format":"standard","meta":{"amp_status":"","footnotes":""},"categories":[6,40239],"tags":[96116,101466,112319,29827,1018,261241,261242,261239,236468,261238,261240],"class_list":["post-189050","post","type-post","status-publish","format-standard","has-post-thumbnail","hentry","category-br","category-economia-2","tag-cafe-arabica","tag-cafe-conilon","tag-companhia-nacional-de-abastecimento","tag-conab","tag-destaque","tag-guilherme-ribeiro","tag-mercado-do-cafe","tag-previsao-para-a-safra-de-cafe-2022","tag-safra-de-cafe","tag-safra-de-cafe-2022","tag-volume-da-safra-de-cafe-2022"],"yoast_head":"<!-- This site is optimized with the Yoast SEO plugin v28.3 - https:\/\/yoast.com\/product\/yoast-seo-wordpress\/ -->\n<title>Safra de caf\u00e9 2022 pode chegar a 53,4 milh\u00f5es de sacas - Aconteceu no Vale<\/title>\n<meta name=\"robots\" content=\"index, follow, max-snippet:-1, max-image-preview:large, max-video-preview:-1\" \/>\n<link rel=\"canonical\" href=\"https:\/\/aconteceunovale.com.br\/portal\/?p=189050\" \/>\n<meta property=\"og:locale\" content=\"pt_BR\" \/>\n<meta property=\"og:type\" content=\"article\" \/>\n<meta property=\"og:title\" content=\"Safra de caf\u00e9 2022 pode chegar a 53,4 milh\u00f5es de sacas - Aconteceu no Vale\" \/>\n<meta property=\"og:description\" content=\"A estimativa da Companhia Nacional de Abastecimento (Conab) para a produ\u00e7\u00e3o de caf\u00e9 \u00e9 de 53,4 milh\u00f5es de sacas, na safra deste ano. O volume representa acr\u00e9scimo de cerca de 5,7 milh\u00f5es de sacas em rela\u00e7\u00e3o ao ciclo anterior. Se comparado com a colheita de 2020, \u00faltimo ano de bienalidade positiva, a produ\u00e7\u00e3o esperada para [&hellip;]\" \/>\n<meta property=\"og:url\" content=\"https:\/\/aconteceunovale.com.br\/portal\/?p=189050\" \/>\n<meta property=\"og:site_name\" content=\"Aconteceu no Vale\" \/>\n<meta property=\"article:publisher\" content=\"https:\/\/www.facebook.com\/aconteceunovale\/\" \/>\n<meta property=\"article:published_time\" content=\"2022-05-19T15:47:06+00:00\" \/>\n<meta property=\"article:modified_time\" content=\"2022-05-19T15:47:25+00:00\" \/>\n<meta property=\"og:image\" content=\"https:\/\/aconteceunovale.com.br\/portal\/wp-content\/uploads\/2021\/12\/cafe_mg.jpg\" \/>\n\t<meta property=\"og:image:width\" content=\"678\" \/>\n\t<meta property=\"og:image:height\" content=\"450\" \/>\n\t<meta property=\"og:image:type\" content=\"image\/jpeg\" \/>\n<meta name=\"author\" content=\"Reda\u00e7\u00e3o Aconteceu no Vale\" \/>\n<meta name=\"twitter:card\" content=\"summary_large_image\" \/>\n<meta name=\"twitter:creator\" content=\"@noticiadosvales\" \/>\n<meta name=\"twitter:site\" content=\"@noticiadosvales\" \/>\n<meta name=\"twitter:label1\" content=\"Escrito por\" \/>\n\t<meta name=\"twitter:data1\" content=\"Reda\u00e7\u00e3o Aconteceu no Vale\" \/>\n\t<meta name=\"twitter:label2\" content=\"Est. tempo de leitura\" \/>\n\t<meta name=\"twitter:data2\" content=\"4 minutos\" \/>\n<script type=\"application\/ld+json\" class=\"yoast-schema-graph\">{\"@context\":\"https:\\\/\\\/schema.org\",\"@graph\":[{\"@type\":\"Article\",\"@id\":\"https:\\\/\\\/aconteceunovale.com.br\\\/portal\\\/?p=189050#article\",\"isPartOf\":{\"@id\":\"https:\\\/\\\/aconteceunovale.com.br\\\/portal\\\/?p=189050\"},\"author\":{\"name\":\"Reda\u00e7\u00e3o Aconteceu no Vale\",\"@id\":\"https:\\\/\\\/aconteceunovale.com.br\\\/portal\\\/#\\\/schema\\\/person\\\/7d2f26d1483f8a63de73da1ee0754d35\"},\"headline\":\"Safra de caf\u00e9 2022 pode chegar a 53,4 milh\u00f5es de sacas\",\"datePublished\":\"2022-05-19T15:47:06+00:00\",\"dateModified\":\"2022-05-19T15:47:25+00:00\",\"mainEntityOfPage\":{\"@id\":\"https:\\\/\\\/aconteceunovale.com.br\\\/portal\\\/?p=189050\"},\"wordCount\":742,\"commentCount\":0,\"image\":{\"@id\":\"https:\\\/\\\/aconteceunovale.com.br\\\/portal\\\/?p=189050#primaryimage\"},\"thumbnailUrl\":\"https:\\\/\\\/aconteceunovale.com.br\\\/portal\\\/wp-content\\\/uploads\\\/2021\\\/12\\\/cafe_mg.jpg\",\"keywords\":[\"caf\u00e9 ar\u00e1bica\",\"caf\u00e9 conilon\",\"Companhia Nacional de Abastecimento\",\"Conab\",\"destaque\",\"Guilherme Ribeiro\",\"Mercado do caf\u00e9\",\"Previs\u00e3o para a Safra de caf\u00e9 2022\",\"Safra de caf\u00e9\",\"Safra de caf\u00e9 2022\",\"Volume da Safra de caf\u00e9 2022\"],\"articleSection\":[\"Brasil\",\"Economia\"],\"inLanguage\":\"pt-BR\",\"potentialAction\":[{\"@type\":\"CommentAction\",\"name\":\"Comment\",\"target\":[\"https:\\\/\\\/aconteceunovale.com.br\\\/portal\\\/?p=189050#respond\"]}]},{\"@type\":\"WebPage\",\"@id\":\"https:\\\/\\\/aconteceunovale.com.br\\\/portal\\\/?p=189050\",\"url\":\"https:\\\/\\\/aconteceunovale.com.br\\\/portal\\\/?p=189050\",\"name\":\"Safra de caf\u00e9 2022 pode chegar a 53,4 milh\u00f5es de sacas - Aconteceu no Vale\",\"isPartOf\":{\"@id\":\"https:\\\/\\\/aconteceunovale.com.br\\\/portal\\\/#website\"},\"primaryImageOfPage\":{\"@id\":\"https:\\\/\\\/aconteceunovale.com.br\\\/portal\\\/?p=189050#primaryimage\"},\"image\":{\"@id\":\"https:\\\/\\\/aconteceunovale.com.br\\\/portal\\\/?p=189050#primaryimage\"},\"thumbnailUrl\":\"https:\\\/\\\/aconteceunovale.com.br\\\/portal\\\/wp-content\\\/uploads\\\/2021\\\/12\\\/cafe_mg.jpg\",\"datePublished\":\"2022-05-19T15:47:06+00:00\",\"dateModified\":\"2022-05-19T15:47:25+00:00\",\"author\":{\"@id\":\"https:\\\/\\\/aconteceunovale.com.br\\\/portal\\\/#\\\/schema\\\/person\\\/7d2f26d1483f8a63de73da1ee0754d35\"},\"breadcrumb\":{\"@id\":\"https:\\\/\\\/aconteceunovale.com.br\\\/portal\\\/?p=189050#breadcrumb\"},\"inLanguage\":\"pt-BR\",\"potentialAction\":[{\"@type\":\"ReadAction\",\"target\":[\"https:\\\/\\\/aconteceunovale.com.br\\\/portal\\\/?p=189050\"]}]},{\"@type\":\"ImageObject\",\"inLanguage\":\"pt-BR\",\"@id\":\"https:\\\/\\\/aconteceunovale.com.br\\\/portal\\\/?p=189050#primaryimage\",\"url\":\"https:\\\/\\\/aconteceunovale.com.br\\\/portal\\\/wp-content\\\/uploads\\\/2021\\\/12\\\/cafe_mg.jpg\",\"contentUrl\":\"https:\\\/\\\/aconteceunovale.com.br\\\/portal\\\/wp-content\\\/uploads\\\/2021\\\/12\\\/cafe_mg.jpg\",\"width\":678,\"height\":450},{\"@type\":\"BreadcrumbList\",\"@id\":\"https:\\\/\\\/aconteceunovale.com.br\\\/portal\\\/?p=189050#breadcrumb\",\"itemListElement\":[{\"@type\":\"ListItem\",\"position\":1,\"name\":\"In\u00edcio\",\"item\":\"https:\\\/\\\/aconteceunovale.com.br\\\/portal\\\/\"},{\"@type\":\"ListItem\",\"position\":2,\"name\":\"Safra de caf\u00e9 2022 pode chegar a 53,4 milh\u00f5es de sacas\"}]},{\"@type\":\"WebSite\",\"@id\":\"https:\\\/\\\/aconteceunovale.com.br\\\/portal\\\/#website\",\"url\":\"https:\\\/\\\/aconteceunovale.com.br\\\/portal\\\/\",\"name\":\"Aconteceu no Vale\",\"description\":\"Portal de Not\u00edcias\",\"potentialAction\":[{\"@type\":\"SearchAction\",\"target\":{\"@type\":\"EntryPoint\",\"urlTemplate\":\"https:\\\/\\\/aconteceunovale.com.br\\\/portal\\\/?s={search_term_string}\"},\"query-input\":{\"@type\":\"PropertyValueSpecification\",\"valueRequired\":true,\"valueName\":\"search_term_string\"}}],\"inLanguage\":\"pt-BR\"},{\"@type\":\"Person\",\"@id\":\"https:\\\/\\\/aconteceunovale.com.br\\\/portal\\\/#\\\/schema\\\/person\\\/7d2f26d1483f8a63de73da1ee0754d35\",\"name\":\"Reda\u00e7\u00e3o Aconteceu no Vale\",\"description\":\"Equipe de reportagem do Aconteceu no Vale, portal de not\u00edcias do Vale do Jequitinhonha, em Minas Gerais. Cobrimos as 51 cidades do Vale desde 2013. Sugest\u00f5es de pauta e pedidos de corre\u00e7\u00e3o: contato@aconteceunovale.com.br\",\"url\":\"https:\\\/\\\/aconteceunovale.com.br\\\/portal\\\/?author=4\"}]}<\/script>\n<!-- \/ Yoast SEO plugin. -->","yoast_head_json":{"title":"Safra de caf\u00e9 2022 pode chegar a 53,4 milh\u00f5es de sacas - Aconteceu no Vale","robots":{"index":"index","follow":"follow","max-snippet":"max-snippet:-1","max-image-preview":"max-image-preview:large","max-video-preview":"max-video-preview:-1"},"canonical":"https:\/\/aconteceunovale.com.br\/portal\/?p=189050","og_locale":"pt_BR","og_type":"article","og_title":"Safra de caf\u00e9 2022 pode chegar a 53,4 milh\u00f5es de sacas - Aconteceu no Vale","og_description":"A estimativa da Companhia Nacional de Abastecimento (Conab) para a produ\u00e7\u00e3o de caf\u00e9 \u00e9 de 53,4 milh\u00f5es de sacas, na safra deste ano. O volume representa acr\u00e9scimo de cerca de 5,7 milh\u00f5es de sacas em rela\u00e7\u00e3o ao ciclo anterior. Se comparado com a colheita de 2020, \u00faltimo ano de bienalidade positiva, a produ\u00e7\u00e3o esperada para [&hellip;]","og_url":"https:\/\/aconteceunovale.com.br\/portal\/?p=189050","og_site_name":"Aconteceu no Vale","article_publisher":"https:\/\/www.facebook.com\/aconteceunovale\/","article_published_time":"2022-05-19T15:47:06+00:00","article_modified_time":"2022-05-19T15:47:25+00:00","og_image":[{"width":678,"height":450,"url":"https:\/\/aconteceunovale.com.br\/portal\/wp-content\/uploads\/2021\/12\/cafe_mg.jpg","type":"image\/jpeg"}],"author":"Reda\u00e7\u00e3o Aconteceu no Vale","twitter_card":"summary_large_image","twitter_creator":"@noticiadosvales","twitter_site":"@noticiadosvales","twitter_misc":{"Escrito por":"Reda\u00e7\u00e3o Aconteceu no Vale","Est. tempo de leitura":"4 minutos"},"schema":{"@context":"https:\/\/schema.org","@graph":[{"@type":"Article","@id":"https:\/\/aconteceunovale.com.br\/portal\/?p=189050#article","isPartOf":{"@id":"https:\/\/aconteceunovale.com.br\/portal\/?p=189050"},"author":{"name":"Reda\u00e7\u00e3o Aconteceu no Vale","@id":"https:\/\/aconteceunovale.com.br\/portal\/#\/schema\/person\/7d2f26d1483f8a63de73da1ee0754d35"},"headline":"Safra de caf\u00e9 2022 pode chegar a 53,4 milh\u00f5es de sacas","datePublished":"2022-05-19T15:47:06+00:00","dateModified":"2022-05-19T15:47:25+00:00","mainEntityOfPage":{"@id":"https:\/\/aconteceunovale.com.br\/portal\/?p=189050"},"wordCount":742,"commentCount":0,"image":{"@id":"https:\/\/aconteceunovale.com.br\/portal\/?p=189050#primaryimage"},"thumbnailUrl":"https:\/\/aconteceunovale.com.br\/portal\/wp-content\/uploads\/2021\/12\/cafe_mg.jpg","keywords":["caf\u00e9 ar\u00e1bica","caf\u00e9 conilon","Companhia Nacional de Abastecimento","Conab","destaque","Guilherme Ribeiro","Mercado do caf\u00e9","Previs\u00e3o para a Safra de caf\u00e9 2022","Safra de caf\u00e9","Safra de caf\u00e9 2022","Volume da Safra de caf\u00e9 2022"],"articleSection":["Brasil","Economia"],"inLanguage":"pt-BR","potentialAction":[{"@type":"CommentAction","name":"Comment","target":["https:\/\/aconteceunovale.com.br\/portal\/?p=189050#respond"]}]},{"@type":"WebPage","@id":"https:\/\/aconteceunovale.com.br\/portal\/?p=189050","url":"https:\/\/aconteceunovale.com.br\/portal\/?p=189050","name":"Safra de caf\u00e9 2022 pode chegar a 53,4 milh\u00f5es de sacas - Aconteceu no Vale","isPartOf":{"@id":"https:\/\/aconteceunovale.com.br\/portal\/#website"},"primaryImageOfPage":{"@id":"https:\/\/aconteceunovale.com.br\/portal\/?p=189050#primaryimage"},"image":{"@id":"https:\/\/aconteceunovale.com.br\/portal\/?p=189050#primaryimage"},"thumbnailUrl":"https:\/\/aconteceunovale.com.br\/portal\/wp-content\/uploads\/2021\/12\/cafe_mg.jpg","datePublished":"2022-05-19T15:47:06+00:00","dateModified":"2022-05-19T15:47:25+00:00","author":{"@id":"https:\/\/aconteceunovale.com.br\/portal\/#\/schema\/person\/7d2f26d1483f8a63de73da1ee0754d35"},"breadcrumb":{"@id":"https:\/\/aconteceunovale.com.br\/portal\/?p=189050#breadcrumb"},"inLanguage":"pt-BR","potentialAction":[{"@type":"ReadAction","target":["https:\/\/aconteceunovale.com.br\/portal\/?p=189050"]}]},{"@type":"ImageObject","inLanguage":"pt-BR","@id":"https:\/\/aconteceunovale.com.br\/portal\/?p=189050#primaryimage","url":"https:\/\/aconteceunovale.com.br\/portal\/wp-content\/uploads\/2021\/12\/cafe_mg.jpg","contentUrl":"https:\/\/aconteceunovale.com.br\/portal\/wp-content\/uploads\/2021\/12\/cafe_mg.jpg","width":678,"height":450},{"@type":"BreadcrumbList","@id":"https:\/\/aconteceunovale.com.br\/portal\/?p=189050#breadcrumb","itemListElement":[{"@type":"ListItem","position":1,"name":"In\u00edcio","item":"https:\/\/aconteceunovale.com.br\/portal\/"},{"@type":"ListItem","position":2,"name":"Safra de caf\u00e9 2022 pode chegar a 53,4 milh\u00f5es de sacas"}]},{"@type":"WebSite","@id":"https:\/\/aconteceunovale.com.br\/portal\/#website","url":"https:\/\/aconteceunovale.com.br\/portal\/","name":"Aconteceu no Vale","description":"Portal de Not\u00edcias","potentialAction":[{"@type":"SearchAction","target":{"@type":"EntryPoint","urlTemplate":"https:\/\/aconteceunovale.com.br\/portal\/?s={search_term_string}"},"query-input":{"@type":"PropertyValueSpecification","valueRequired":true,"valueName":"search_term_string"}}],"inLanguage":"pt-BR"},{"@type":"Person","@id":"https:\/\/aconteceunovale.com.br\/portal\/#\/schema\/person\/7d2f26d1483f8a63de73da1ee0754d35","name":"Reda\u00e7\u00e3o Aconteceu no Vale","description":"Equipe de reportagem do Aconteceu no Vale, portal de not\u00edcias do Vale do Jequitinhonha, em Minas Gerais. Cobrimos as 51 cidades do Vale desde 2013. Sugest\u00f5es de pauta e pedidos de corre\u00e7\u00e3o: contato@aconteceunovale.com.br","url":"https:\/\/aconteceunovale.com.br\/portal\/?author=4"}]}},"_links":{"self":[{"href":"https:\/\/aconteceunovale.com.br\/portal\/index.php?rest_route=\/wp\/v2\/posts\/189050","targetHints":{"allow":["GET"]}}],"collection":[{"href":"https:\/\/aconteceunovale.com.br\/portal\/index.php?rest_route=\/wp\/v2\/posts"}],"about":[{"href":"https:\/\/aconteceunovale.com.br\/portal\/index.php?rest_route=\/wp\/v2\/types\/post"}],"author":[{"embeddable":true,"href":"https:\/\/aconteceunovale.com.br\/portal\/index.php?rest_route=\/wp\/v2\/users\/4"}],"replies":[{"embeddable":true,"href":"https:\/\/aconteceunovale.com.br\/portal\/index.php?rest_route=%2Fwp%2Fv2%2Fcomments&post=189050"}],"version-history":[{"count":1,"href":"https:\/\/aconteceunovale.com.br\/portal\/index.php?rest_route=\/wp\/v2\/posts\/189050\/revisions"}],"predecessor-version":[{"id":189051,"href":"https:\/\/aconteceunovale.com.br\/portal\/index.php?rest_route=\/wp\/v2\/posts\/189050\/revisions\/189051"}],"wp:featuredmedia":[{"embeddable":true,"href":"https:\/\/aconteceunovale.com.br\/portal\/index.php?rest_route=\/wp\/v2\/media\/185072"}],"wp:attachment":[{"href":"https:\/\/aconteceunovale.com.br\/portal\/index.php?rest_route=%2Fwp%2Fv2%2Fmedia&parent=189050"}],"wp:term":[{"taxonomy":"category","embeddable":true,"href":"https:\/\/aconteceunovale.com.br\/portal\/index.php?rest_route=%2Fwp%2Fv2%2Fcategories&post=189050"},{"taxonomy":"post_tag","embeddable":true,"href":"https:\/\/aconteceunovale.com.br\/portal\/index.php?rest_route=%2Fwp%2Fv2%2Ftags&post=189050"}],"curies":[{"name":"wp","href":"https:\/\/api.w.org\/{rel}","templated":true}]}}