{"id":189048,"date":"2022-05-19T12:43:16","date_gmt":"2022-05-19T15:43:16","guid":{"rendered":"https:\/\/aconteceunovale.com.br\/portal\/?p=189048"},"modified":"2022-05-19T12:43:46","modified_gmt":"2022-05-19T15:43:46","slug":"sancionada-mp-que-torna-auxilio-brasil-de-r-400-permanente","status":"publish","type":"post","link":"https:\/\/aconteceunovale.com.br\/portal\/?p=189048","title":{"rendered":"Sancionada MP que torna Aux\u00edlio Brasil de R$ 400 permanente"},"content":{"rendered":"\n<p class=\"wp-block-paragraph\">O presidente da Rep\u00fablica, Jair Bolsonaro, sancionou a medida provis\u00f3ria\u00a0que torna o Aux\u00edlio Brasil de R$ 400 um benef\u00edcio permanente. A san\u00e7\u00e3o\u00a0<a rel=\"noreferrer noopener\" href=\"https:\/\/www.in.gov.br\/en\/web\/dou\/-\/lei-n-14.342-de-18-de-maio-de-2022-400975521\" target=\"_blank\">foi publicada\u00a0hoje\u00a0(19) no Di\u00e1rio Oficial da Uni\u00e3o<\/a>. A proposta inicial do governo federal previa que esse valor valesse apenas at\u00e9\u00a0dezembro de 2022.\u00a0Os parlamentares, no entanto, decidiram tornar o valor permanente, e\u00a0o\u00a0texto\u00a0aprovado pelo Senado, no \u00faltimo dia 4, j\u00e1 tornava o piso de R$ 400 permanente com a inclus\u00e3o de\u00a0uma esp\u00e9cie de complemento ao valor do Aux\u00edlio Brasil. Antes, o benef\u00edcio tinha o t\u00edquete m\u00e9dio de R$ 224.<\/p>\n\n\n\n<p class=\"wp-block-paragraph\">O Aux\u00edlio Brasil foi o programa social criado pelo governo em substitui\u00e7\u00e3o ao Bolsa Fam\u00edlia, criado em 2003.&nbsp;<\/p>\n\n\n\n<p class=\"wp-block-paragraph\">De acordo com a Secretaria-Geral da Presid\u00eancia da Rep\u00fablica, o governo gasta cerca de R$ 47,5 bilh\u00f5es anuais s\u00f3 com o volume regular do Aux\u00edlio Brasil. A estimativa \u00e9 que o governo precise desembolsar outros R$ 41 bilh\u00f5es por ano para bancar o valor complementar ao benef\u00edcio.<\/p>\n\n\n\n<p class=\"wp-block-paragraph\">\u201cA san\u00e7\u00e3o presidencial \u00e9 importante para efetivar o Programa Aux\u00edlio Brasil, tornando-o perene \u00e0 sociedade, mitigando o gargalo financeiro relativo aos mais necessitados\u201d, disse a pasta.<\/p>\n\n\n\n<p class=\"wp-block-paragraph\">O benef\u00edcio extraordin\u00e1rio passa a fazer parte do conjunto de benef\u00edcios que comp\u00f5em o Programa Aux\u00edlio Brasil. A secretaria informou que, para o c\u00e1lculo total do benef\u00edcio, ser\u00e3o somados os benef\u00edcios financeiros do Aux\u00edlio Brasil para fam\u00edlias em situa\u00e7\u00e3o de pobreza ou de extrema pobreza: o benef\u00edcio primeira inf\u00e2ncia, no valor de R$ 130 para fam\u00edlias com crian\u00e7as de idade at\u00e9 3 anos de idade incompletos; o benef\u00edcio composi\u00e7\u00e3o familiar, no valor de R$ 65 mensais para fam\u00edlias com gestantes, lactantes ou pessoas de idade entre 3 e 21 anos incompletos (o valor \u00e9 pago uma vez para cada membro da fam\u00edlia que se enquadre nessas situa\u00e7\u00f5es); o benef\u00edcio de supera\u00e7\u00e3o da extrema pobreza, para fam\u00edlias cuja renda familiar per capita mensal, mesmo somados os benef\u00edcios anteriores, seja igual ou inferior ao valor da linha de extrema pobreza; e o benef\u00edcio compensat\u00f3rio de transi\u00e7\u00e3o, concedido \u00e0s fam\u00edlias benefici\u00e1rias do Bolsa Fam\u00edlia que tiverem redu\u00e7\u00e3o no valor financeiro total dos benef\u00edcios recebidos em decorr\u00eancia do enquadramento na nova estrutura de benef\u00edcios.<\/p>\n\n\n\n<p class=\"wp-block-paragraph\">O projeto aprovado tamb\u00e9m aprovou uma limita\u00e7\u00e3o de 30% nos descontos do valor pago mensalmente \u00e0s fam\u00edlias que recebem o seguro defeso, nos casos em que houve pagamento indevido do Aux\u00edlio Brasil durante os seis primeiros meses (com o ac\u00famulo dos dois benef\u00edcios).<\/p>\n\n\n\n<p class=\"wp-block-paragraph\">O seguro defeso \u00e9 pago ao pescador artesanal durante o per\u00edodo de tr\u00eas a cinco meses no qual ele n\u00e3o pode pescar para preservar as esp\u00e9cies na \u00e9poca reprodutiva.<\/p>\n\n\n\n<p class=\"wp-block-paragraph\">&#8212;&#8212;&#8212;&#8212;&#8212;&#8212;<br><br><strong>Sabia que o Aconteceu no Vale est\u00e1 tamb\u00e9m no Telegram? <a rel=\"noreferrer noopener\" href=\"https:\/\/t.me\/aconteceunovaleoficial\" target=\"_blank\">Inscreva-se no canal<\/a>.<\/strong><br><br><strong>J\u00e1 curtiu ou seguiu nossas p\u00e1ginas nas redes sociais?\u00a0Receba as not\u00edcias em primeira m\u00e3o:<\/strong><br>\u2022 <a rel=\"noreferrer noopener\" href=\"https:\/\/news.google.com\/publications\/CAAqBwgKMNjklQswi4etAw?hl=pt-BR&amp;gl=BR&amp;ceid=BR%3Apt-419\" target=\"_blank\">Google News<\/a><br>\u2022 <a rel=\"noreferrer noopener\" href=\"https:\/\/www.facebook.com\/aconteceunovale\/\" target=\"_blank\">Facebook<\/a><br>\u2022 <a rel=\"noreferrer noopener\" href=\"https:\/\/twitter.com\/noticiadosvales\" target=\"_blank\">Twitter<\/a><br>\u2022 <a rel=\"noreferrer noopener\" href=\"https:\/\/www.instagram.com\/aconteceunovale\" target=\"_blank\">Instagram<\/a><br>\u2022 <a rel=\"noreferrer noopener\" href=\"https:\/\/www.youtube.com\/AconteceunoValeOficial\" target=\"_blank\">Youtube<\/a><br>\u2022 <a rel=\"noreferrer noopener\" href=\"https:\/\/www.tiktok.com\/@aconteceunovale\" target=\"_blank\">TikTok<\/a><\/p>\n","protected":false},"excerpt":{"rendered":"<p>O presidente da Rep\u00fablica, Jair Bolsonaro, sancionou a medida provis\u00f3ria\u00a0que torna o Aux\u00edlio Brasil de R$ 400 um benef\u00edcio permanente. A san\u00e7\u00e3o\u00a0foi publicada\u00a0hoje\u00a0(19) no Di\u00e1rio Oficial da Uni\u00e3o. A proposta inicial do governo federal previa que esse valor valesse apenas at\u00e9\u00a0dezembro de 2022.\u00a0Os parlamentares, no entanto, decidiram tornar o valor permanente, e\u00a0o\u00a0texto\u00a0aprovado pelo Senado, no [&hellip;]<\/p>\n","protected":false},"author":4,"featured_media":184677,"comment_status":"open","ping_status":"closed","sticky":false,"template":"","format":"standard","meta":{"amp_status":"","footnotes":""},"categories":[6],"tags":[249432,255145,254316,259,254319,23072,255143,255142,254318,1018,254308,254307,170727,4610,254310,254312,249434,254317,249435,254311,254314,254313,255144,254315,254306,254309],"class_list":["post-189048","post","type-post","status-publish","format-standard","has-post-thumbnail","hentry","category-br","tag-auxilio-brasil","tag-auxilio-brasil-dezembro","tag-beneficiarios-do-auxilio-brasil","tag-bolsa-familia","tag-cadastro-no-auxilio-brasil","tag-caixa","tag-calendario-de-pagamento-do-auxilio-brasil","tag-calendario-do-auxilio-brasil","tag-como-se-cadastrar-no-auxilio-brasil","tag-destaque","tag-duvidas-sobre-o-auxilio-brasil","tag-entenda-como-vai-funcionar-o-auxilio-brasil","tag-fim-do-bolsa-familia","tag-governo-federal","tag-informacoes-sobre-o-auxilio-brasil","tag-inicio-do-pagamento-do-auxilio-brasil","tag-medida-provisoria-do-auxilio-brasil","tag-modalidades-do-auxilio-brasil","tag-mp-do-auxilio-brasil","tag-novo-programa-social-do-governo-federal","tag-o-que-aconteceu-com-o-auxilio-emergencial","tag-o-que-aconteceu-com-o-bolsa-familia","tag-pagamento-de-dezembro-do-auxilio-brasil","tag-quem-pode-receber-o-auxilio-brasil","tag-saiba-como-vai-funcionar-o-auxilio-brasil","tag-sobre-o-auxilio-brasil"],"yoast_head":"<!-- This site is optimized with the Yoast SEO plugin v28.3 - https:\/\/yoast.com\/product\/yoast-seo-wordpress\/ -->\n<title>Sancionada MP que torna Aux\u00edlio Brasil de R$ 400 permanente - Aconteceu no Vale<\/title>\n<meta name=\"robots\" content=\"index, follow, max-snippet:-1, max-image-preview:large, max-video-preview:-1\" \/>\n<link rel=\"canonical\" href=\"https:\/\/aconteceunovale.com.br\/portal\/?p=189048\" \/>\n<meta property=\"og:locale\" content=\"pt_BR\" \/>\n<meta property=\"og:type\" content=\"article\" \/>\n<meta property=\"og:title\" content=\"Sancionada MP que torna Aux\u00edlio Brasil de R$ 400 permanente - Aconteceu no Vale\" \/>\n<meta property=\"og:description\" content=\"O presidente da Rep\u00fablica, Jair Bolsonaro, sancionou a medida provis\u00f3ria\u00a0que torna o Aux\u00edlio Brasil de R$ 400 um benef\u00edcio permanente. A san\u00e7\u00e3o\u00a0foi publicada\u00a0hoje\u00a0(19) no Di\u00e1rio Oficial da Uni\u00e3o. A proposta inicial do governo federal previa que esse valor valesse apenas at\u00e9\u00a0dezembro de 2022.\u00a0Os parlamentares, no entanto, decidiram tornar o valor permanente, e\u00a0o\u00a0texto\u00a0aprovado pelo Senado, no [&hellip;]\" \/>\n<meta property=\"og:url\" content=\"https:\/\/aconteceunovale.com.br\/portal\/?p=189048\" \/>\n<meta property=\"og:site_name\" content=\"Aconteceu no Vale\" \/>\n<meta property=\"article:publisher\" content=\"https:\/\/www.facebook.com\/aconteceunovale\/\" \/>\n<meta property=\"article:published_time\" content=\"2022-05-19T15:43:16+00:00\" \/>\n<meta property=\"article:modified_time\" content=\"2022-05-19T15:43:46+00:00\" \/>\n<meta property=\"og:image\" content=\"https:\/\/aconteceunovale.com.br\/portal\/wp-content\/uploads\/2021\/12\/auxilio_brasil.jpg\" \/>\n\t<meta property=\"og:image:width\" content=\"678\" \/>\n\t<meta property=\"og:image:height\" content=\"406\" \/>\n\t<meta property=\"og:image:type\" content=\"image\/jpeg\" \/>\n<meta name=\"author\" content=\"Reda\u00e7\u00e3o Aconteceu no Vale\" \/>\n<meta name=\"twitter:card\" content=\"summary_large_image\" \/>\n<meta name=\"twitter:creator\" content=\"@noticiadosvales\" \/>\n<meta name=\"twitter:site\" content=\"@noticiadosvales\" \/>\n<meta name=\"twitter:label1\" content=\"Escrito por\" \/>\n\t<meta name=\"twitter:data1\" content=\"Reda\u00e7\u00e3o Aconteceu no Vale\" \/>\n\t<meta name=\"twitter:label2\" content=\"Est. tempo de leitura\" \/>\n\t<meta name=\"twitter:data2\" content=\"3 minutos\" \/>\n<script type=\"application\/ld+json\" class=\"yoast-schema-graph\">{\"@context\":\"https:\\\/\\\/schema.org\",\"@graph\":[{\"@type\":\"Article\",\"@id\":\"https:\\\/\\\/aconteceunovale.com.br\\\/portal\\\/?p=189048#article\",\"isPartOf\":{\"@id\":\"https:\\\/\\\/aconteceunovale.com.br\\\/portal\\\/?p=189048\"},\"author\":{\"name\":\"Reda\u00e7\u00e3o Aconteceu no Vale\",\"@id\":\"https:\\\/\\\/aconteceunovale.com.br\\\/portal\\\/#\\\/schema\\\/person\\\/7d2f26d1483f8a63de73da1ee0754d35\"},\"headline\":\"Sancionada MP que torna Aux\u00edlio Brasil de R$ 400 permanente\",\"datePublished\":\"2022-05-19T15:43:16+00:00\",\"dateModified\":\"2022-05-19T15:43:46+00:00\",\"mainEntityOfPage\":{\"@id\":\"https:\\\/\\\/aconteceunovale.com.br\\\/portal\\\/?p=189048\"},\"wordCount\":531,\"commentCount\":0,\"image\":{\"@id\":\"https:\\\/\\\/aconteceunovale.com.br\\\/portal\\\/?p=189048#primaryimage\"},\"thumbnailUrl\":\"https:\\\/\\\/aconteceunovale.com.br\\\/portal\\\/wp-content\\\/uploads\\\/2021\\\/12\\\/auxilio_brasil.jpg\",\"keywords\":[\"Aux\u00edlio Brasil\",\"Aux\u00edlio Brasil dezembro\",\"Benefici\u00e1rios do Aux\u00edlio Brasil\",\"Bolsa Fam\u00edlia\",\"Cadastro no Aux\u00edlio Brasil\",\"Caixa\",\"Calend\u00e1rio de pagamento do Aux\u00edlio Brasil\",\"Calend\u00e1rio do Aux\u00edlio Brasil\",\"Como se cadastrar no Aux\u00edlio Brasil\",\"destaque\",\"D\u00favidas sobre o Aux\u00edlio Brasil\",\"Entenda como vai funcionar o Aux\u00edlio Brasil\",\"Fim do Bolsa Fam\u00edlia\",\"Governo Federal\",\"Informa\u00e7\u00f5es sobre o Aux\u00edlio Brasil\",\"In\u00edcio do pagamento do Aux\u00edlio Brasil\",\"Medida provis\u00f3ria do Aux\u00edlio Brasil\",\"Modalidades do Aux\u00edlio Brasil\",\"MP do Aux\u00edlio Brasil\",\"Novo programa social do governo federal\",\"O que aconteceu com o aux\u00edlio emergencial\",\"O que aconteceu com o Bolsa Fam\u00edlia\",\"Pagamento de dezembro do Aux\u00edlio Brasil\",\"Quem pode receber o Aux\u00edlio Brasil\",\"Saiba como vai funcionar o Aux\u00edlio Brasil\",\"Sobre o Aux\u00edlio Brasil\"],\"articleSection\":[\"Brasil\"],\"inLanguage\":\"pt-BR\",\"potentialAction\":[{\"@type\":\"CommentAction\",\"name\":\"Comment\",\"target\":[\"https:\\\/\\\/aconteceunovale.com.br\\\/portal\\\/?p=189048#respond\"]}]},{\"@type\":\"WebPage\",\"@id\":\"https:\\\/\\\/aconteceunovale.com.br\\\/portal\\\/?p=189048\",\"url\":\"https:\\\/\\\/aconteceunovale.com.br\\\/portal\\\/?p=189048\",\"name\":\"Sancionada MP que torna Aux\u00edlio Brasil de R$ 400 permanente - Aconteceu no Vale\",\"isPartOf\":{\"@id\":\"https:\\\/\\\/aconteceunovale.com.br\\\/portal\\\/#website\"},\"primaryImageOfPage\":{\"@id\":\"https:\\\/\\\/aconteceunovale.com.br\\\/portal\\\/?p=189048#primaryimage\"},\"image\":{\"@id\":\"https:\\\/\\\/aconteceunovale.com.br\\\/portal\\\/?p=189048#primaryimage\"},\"thumbnailUrl\":\"https:\\\/\\\/aconteceunovale.com.br\\\/portal\\\/wp-content\\\/uploads\\\/2021\\\/12\\\/auxilio_brasil.jpg\",\"datePublished\":\"2022-05-19T15:43:16+00:00\",\"dateModified\":\"2022-05-19T15:43:46+00:00\",\"author\":{\"@id\":\"https:\\\/\\\/aconteceunovale.com.br\\\/portal\\\/#\\\/schema\\\/person\\\/7d2f26d1483f8a63de73da1ee0754d35\"},\"breadcrumb\":{\"@id\":\"https:\\\/\\\/aconteceunovale.com.br\\\/portal\\\/?p=189048#breadcrumb\"},\"inLanguage\":\"pt-BR\",\"potentialAction\":[{\"@type\":\"ReadAction\",\"target\":[\"https:\\\/\\\/aconteceunovale.com.br\\\/portal\\\/?p=189048\"]}]},{\"@type\":\"ImageObject\",\"inLanguage\":\"pt-BR\",\"@id\":\"https:\\\/\\\/aconteceunovale.com.br\\\/portal\\\/?p=189048#primaryimage\",\"url\":\"https:\\\/\\\/aconteceunovale.com.br\\\/portal\\\/wp-content\\\/uploads\\\/2021\\\/12\\\/auxilio_brasil.jpg\",\"contentUrl\":\"https:\\\/\\\/aconteceunovale.com.br\\\/portal\\\/wp-content\\\/uploads\\\/2021\\\/12\\\/auxilio_brasil.jpg\",\"width\":678,\"height\":406,\"caption\":\"Programa Aux\u00edlio Brasil\"},{\"@type\":\"BreadcrumbList\",\"@id\":\"https:\\\/\\\/aconteceunovale.com.br\\\/portal\\\/?p=189048#breadcrumb\",\"itemListElement\":[{\"@type\":\"ListItem\",\"position\":1,\"name\":\"In\u00edcio\",\"item\":\"https:\\\/\\\/aconteceunovale.com.br\\\/portal\\\/\"},{\"@type\":\"ListItem\",\"position\":2,\"name\":\"Sancionada MP que torna Aux\u00edlio Brasil de R$ 400 permanente\"}]},{\"@type\":\"WebSite\",\"@id\":\"https:\\\/\\\/aconteceunovale.com.br\\\/portal\\\/#website\",\"url\":\"https:\\\/\\\/aconteceunovale.com.br\\\/portal\\\/\",\"name\":\"Aconteceu no Vale\",\"description\":\"Portal de Not\u00edcias\",\"potentialAction\":[{\"@type\":\"SearchAction\",\"target\":{\"@type\":\"EntryPoint\",\"urlTemplate\":\"https:\\\/\\\/aconteceunovale.com.br\\\/portal\\\/?s={search_term_string}\"},\"query-input\":{\"@type\":\"PropertyValueSpecification\",\"valueRequired\":true,\"valueName\":\"search_term_string\"}}],\"inLanguage\":\"pt-BR\"},{\"@type\":\"Person\",\"@id\":\"https:\\\/\\\/aconteceunovale.com.br\\\/portal\\\/#\\\/schema\\\/person\\\/7d2f26d1483f8a63de73da1ee0754d35\",\"name\":\"Reda\u00e7\u00e3o Aconteceu no Vale\",\"description\":\"Equipe de reportagem do Aconteceu no Vale, portal de not\u00edcias do Vale do Jequitinhonha, em Minas Gerais. Cobrimos as 51 cidades do Vale desde 2013. Sugest\u00f5es de pauta e pedidos de corre\u00e7\u00e3o: contato@aconteceunovale.com.br\",\"url\":\"https:\\\/\\\/aconteceunovale.com.br\\\/portal\\\/?author=4\"}]}<\/script>\n<!-- \/ Yoast SEO plugin. -->","yoast_head_json":{"title":"Sancionada MP que torna Aux\u00edlio Brasil de R$ 400 permanente - Aconteceu no Vale","robots":{"index":"index","follow":"follow","max-snippet":"max-snippet:-1","max-image-preview":"max-image-preview:large","max-video-preview":"max-video-preview:-1"},"canonical":"https:\/\/aconteceunovale.com.br\/portal\/?p=189048","og_locale":"pt_BR","og_type":"article","og_title":"Sancionada MP que torna Aux\u00edlio Brasil de R$ 400 permanente - Aconteceu no Vale","og_description":"O presidente da Rep\u00fablica, Jair Bolsonaro, sancionou a medida provis\u00f3ria\u00a0que torna o Aux\u00edlio Brasil de R$ 400 um benef\u00edcio permanente. A san\u00e7\u00e3o\u00a0foi publicada\u00a0hoje\u00a0(19) no Di\u00e1rio Oficial da Uni\u00e3o. A proposta inicial do governo federal previa que esse valor valesse apenas at\u00e9\u00a0dezembro de 2022.\u00a0Os parlamentares, no entanto, decidiram tornar o valor permanente, e\u00a0o\u00a0texto\u00a0aprovado pelo Senado, no [&hellip;]","og_url":"https:\/\/aconteceunovale.com.br\/portal\/?p=189048","og_site_name":"Aconteceu no Vale","article_publisher":"https:\/\/www.facebook.com\/aconteceunovale\/","article_published_time":"2022-05-19T15:43:16+00:00","article_modified_time":"2022-05-19T15:43:46+00:00","og_image":[{"width":678,"height":406,"url":"https:\/\/aconteceunovale.com.br\/portal\/wp-content\/uploads\/2021\/12\/auxilio_brasil.jpg","type":"image\/jpeg"}],"author":"Reda\u00e7\u00e3o Aconteceu no Vale","twitter_card":"summary_large_image","twitter_creator":"@noticiadosvales","twitter_site":"@noticiadosvales","twitter_misc":{"Escrito por":"Reda\u00e7\u00e3o Aconteceu no Vale","Est. tempo de leitura":"3 minutos"},"schema":{"@context":"https:\/\/schema.org","@graph":[{"@type":"Article","@id":"https:\/\/aconteceunovale.com.br\/portal\/?p=189048#article","isPartOf":{"@id":"https:\/\/aconteceunovale.com.br\/portal\/?p=189048"},"author":{"name":"Reda\u00e7\u00e3o Aconteceu no Vale","@id":"https:\/\/aconteceunovale.com.br\/portal\/#\/schema\/person\/7d2f26d1483f8a63de73da1ee0754d35"},"headline":"Sancionada MP que torna Aux\u00edlio Brasil de R$ 400 permanente","datePublished":"2022-05-19T15:43:16+00:00","dateModified":"2022-05-19T15:43:46+00:00","mainEntityOfPage":{"@id":"https:\/\/aconteceunovale.com.br\/portal\/?p=189048"},"wordCount":531,"commentCount":0,"image":{"@id":"https:\/\/aconteceunovale.com.br\/portal\/?p=189048#primaryimage"},"thumbnailUrl":"https:\/\/aconteceunovale.com.br\/portal\/wp-content\/uploads\/2021\/12\/auxilio_brasil.jpg","keywords":["Aux\u00edlio Brasil","Aux\u00edlio Brasil dezembro","Benefici\u00e1rios do Aux\u00edlio Brasil","Bolsa Fam\u00edlia","Cadastro no Aux\u00edlio Brasil","Caixa","Calend\u00e1rio de pagamento do Aux\u00edlio Brasil","Calend\u00e1rio do Aux\u00edlio Brasil","Como se cadastrar no Aux\u00edlio Brasil","destaque","D\u00favidas sobre o Aux\u00edlio Brasil","Entenda como vai funcionar o Aux\u00edlio Brasil","Fim do Bolsa Fam\u00edlia","Governo Federal","Informa\u00e7\u00f5es sobre o Aux\u00edlio Brasil","In\u00edcio do pagamento do Aux\u00edlio Brasil","Medida provis\u00f3ria do Aux\u00edlio Brasil","Modalidades do Aux\u00edlio Brasil","MP do Aux\u00edlio Brasil","Novo programa social do governo federal","O que aconteceu com o aux\u00edlio emergencial","O que aconteceu com o Bolsa Fam\u00edlia","Pagamento de dezembro do Aux\u00edlio Brasil","Quem pode receber o Aux\u00edlio Brasil","Saiba como vai funcionar o Aux\u00edlio Brasil","Sobre o Aux\u00edlio Brasil"],"articleSection":["Brasil"],"inLanguage":"pt-BR","potentialAction":[{"@type":"CommentAction","name":"Comment","target":["https:\/\/aconteceunovale.com.br\/portal\/?p=189048#respond"]}]},{"@type":"WebPage","@id":"https:\/\/aconteceunovale.com.br\/portal\/?p=189048","url":"https:\/\/aconteceunovale.com.br\/portal\/?p=189048","name":"Sancionada MP que torna Aux\u00edlio Brasil de R$ 400 permanente - Aconteceu no Vale","isPartOf":{"@id":"https:\/\/aconteceunovale.com.br\/portal\/#website"},"primaryImageOfPage":{"@id":"https:\/\/aconteceunovale.com.br\/portal\/?p=189048#primaryimage"},"image":{"@id":"https:\/\/aconteceunovale.com.br\/portal\/?p=189048#primaryimage"},"thumbnailUrl":"https:\/\/aconteceunovale.com.br\/portal\/wp-content\/uploads\/2021\/12\/auxilio_brasil.jpg","datePublished":"2022-05-19T15:43:16+00:00","dateModified":"2022-05-19T15:43:46+00:00","author":{"@id":"https:\/\/aconteceunovale.com.br\/portal\/#\/schema\/person\/7d2f26d1483f8a63de73da1ee0754d35"},"breadcrumb":{"@id":"https:\/\/aconteceunovale.com.br\/portal\/?p=189048#breadcrumb"},"inLanguage":"pt-BR","potentialAction":[{"@type":"ReadAction","target":["https:\/\/aconteceunovale.com.br\/portal\/?p=189048"]}]},{"@type":"ImageObject","inLanguage":"pt-BR","@id":"https:\/\/aconteceunovale.com.br\/portal\/?p=189048#primaryimage","url":"https:\/\/aconteceunovale.com.br\/portal\/wp-content\/uploads\/2021\/12\/auxilio_brasil.jpg","contentUrl":"https:\/\/aconteceunovale.com.br\/portal\/wp-content\/uploads\/2021\/12\/auxilio_brasil.jpg","width":678,"height":406,"caption":"Programa Aux\u00edlio Brasil"},{"@type":"BreadcrumbList","@id":"https:\/\/aconteceunovale.com.br\/portal\/?p=189048#breadcrumb","itemListElement":[{"@type":"ListItem","position":1,"name":"In\u00edcio","item":"https:\/\/aconteceunovale.com.br\/portal\/"},{"@type":"ListItem","position":2,"name":"Sancionada MP que torna Aux\u00edlio Brasil de R$ 400 permanente"}]},{"@type":"WebSite","@id":"https:\/\/aconteceunovale.com.br\/portal\/#website","url":"https:\/\/aconteceunovale.com.br\/portal\/","name":"Aconteceu no Vale","description":"Portal de Not\u00edcias","potentialAction":[{"@type":"SearchAction","target":{"@type":"EntryPoint","urlTemplate":"https:\/\/aconteceunovale.com.br\/portal\/?s={search_term_string}"},"query-input":{"@type":"PropertyValueSpecification","valueRequired":true,"valueName":"search_term_string"}}],"inLanguage":"pt-BR"},{"@type":"Person","@id":"https:\/\/aconteceunovale.com.br\/portal\/#\/schema\/person\/7d2f26d1483f8a63de73da1ee0754d35","name":"Reda\u00e7\u00e3o Aconteceu no Vale","description":"Equipe de reportagem do Aconteceu no Vale, portal de not\u00edcias do Vale do Jequitinhonha, em Minas Gerais. Cobrimos as 51 cidades do Vale desde 2013. Sugest\u00f5es de pauta e pedidos de corre\u00e7\u00e3o: contato@aconteceunovale.com.br","url":"https:\/\/aconteceunovale.com.br\/portal\/?author=4"}]}},"_links":{"self":[{"href":"https:\/\/aconteceunovale.com.br\/portal\/index.php?rest_route=\/wp\/v2\/posts\/189048","targetHints":{"allow":["GET"]}}],"collection":[{"href":"https:\/\/aconteceunovale.com.br\/portal\/index.php?rest_route=\/wp\/v2\/posts"}],"about":[{"href":"https:\/\/aconteceunovale.com.br\/portal\/index.php?rest_route=\/wp\/v2\/types\/post"}],"author":[{"embeddable":true,"href":"https:\/\/aconteceunovale.com.br\/portal\/index.php?rest_route=\/wp\/v2\/users\/4"}],"replies":[{"embeddable":true,"href":"https:\/\/aconteceunovale.com.br\/portal\/index.php?rest_route=%2Fwp%2Fv2%2Fcomments&post=189048"}],"version-history":[{"count":1,"href":"https:\/\/aconteceunovale.com.br\/portal\/index.php?rest_route=\/wp\/v2\/posts\/189048\/revisions"}],"predecessor-version":[{"id":189049,"href":"https:\/\/aconteceunovale.com.br\/portal\/index.php?rest_route=\/wp\/v2\/posts\/189048\/revisions\/189049"}],"wp:featuredmedia":[{"embeddable":true,"href":"https:\/\/aconteceunovale.com.br\/portal\/index.php?rest_route=\/wp\/v2\/media\/184677"}],"wp:attachment":[{"href":"https:\/\/aconteceunovale.com.br\/portal\/index.php?rest_route=%2Fwp%2Fv2%2Fmedia&parent=189048"}],"wp:term":[{"taxonomy":"category","embeddable":true,"href":"https:\/\/aconteceunovale.com.br\/portal\/index.php?rest_route=%2Fwp%2Fv2%2Fcategories&post=189048"},{"taxonomy":"post_tag","embeddable":true,"href":"https:\/\/aconteceunovale.com.br\/portal\/index.php?rest_route=%2Fwp%2Fv2%2Ftags&post=189048"}],"curies":[{"name":"wp","href":"https:\/\/api.w.org\/{rel}","templated":true}]}}