{"id":189040,"date":"2022-05-19T09:45:13","date_gmt":"2022-05-19T12:45:13","guid":{"rendered":"https:\/\/aconteceunovale.com.br\/portal\/?p=189040"},"modified":"2022-05-19T09:45:29","modified_gmt":"2022-05-19T12:45:29","slug":"inmet-emite-alerta-de-risco-a-saude-por-conta-de-frio-intenso","status":"publish","type":"post","link":"https:\/\/aconteceunovale.com.br\/portal\/?p=189040","title":{"rendered":"Inmet emite alerta de risco \u00e0 sa\u00fade por conta de frio intenso"},"content":{"rendered":"\n<p class=\"wp-block-paragraph\">O Instituto Nacional de Meteorologia (Inmet)\u00a0emitiu alerta de riscos \u00e0 sa\u00fade devido \u00e0 queda brusca de temperatura em algumas regi\u00f5es do pa\u00eds. Ao todo, 11 estados e o Distrito Federal est\u00e3o na zona de perigo. O aviso teve in\u00edcio \u00e0s 10h55 de ontem (18) e segue at\u00e9 as 23h de sexta-feira (20).<\/p>\n\n\n\n<figure class=\"wp-block-gallery has-nested-images columns-default is-cropped wp-block-gallery-1 is-layout-flex wp-block-gallery-is-layout-flex\">\n<figure class=\"wp-block-image size-large\"><img loading=\"lazy\" decoding=\"async\" width=\"678\" height=\"406\" data-id=\"189041\" src=\"https:\/\/aconteceunovale.com.br\/portal\/wp-content\/uploads\/2022\/05\/frio_intenso.jpg\" alt=\"\" class=\"wp-image-189041\" srcset=\"https:\/\/aconteceunovale.com.br\/portal\/wp-content\/uploads\/2022\/05\/frio_intenso.jpg 678w, https:\/\/aconteceunovale.com.br\/portal\/wp-content\/uploads\/2022\/05\/frio_intenso-300x180.jpg 300w\" sizes=\"auto, (max-width: 678px) 100vw, 678px\" \/><figcaption><em><sub>Foto: Marcelo Camargo\/Ag\u00eancia Brasil<\/sub><\/em><\/figcaption><\/figure>\n<\/figure>\n\n\n\n<p class=\"wp-block-paragraph\">De acordo com o alerta, as temperatura devem permanecer 5\u00baC abaixo da m\u00e9dia pelo per\u00edodo de 3 a 5 dias.<\/p>\n\n\n\n<p class=\"wp-block-paragraph\">O Inmet recomenda que, em caso de necessidade, as pessoas entrem em contato com a&nbsp;Defesa Civil, pelo telefone 199.<\/p>\n\n\n\n<h2 class=\"wp-block-heading\">Previs\u00e3o<\/h2>\n\n\n\n<p class=\"wp-block-paragraph\">A&nbsp;massa de ar polar, vinda do Sul do Brasil, chegou hoje ao Distrito Federal que registrou m\u00ednima de &nbsp;8,7\u00b0C, durante a madrugada. As temperaturas devem cair ainda mais nos pr\u00f3ximos dias, podendo chegar a 5\u00baC amanh\u00e3, segundo previs\u00e3o do Inmet.<\/p>\n\n\n\n<h2 class=\"wp-block-heading\">Defesa Civil<\/h2>\n\n\n\n<p class=\"wp-block-paragraph\">Em comunicado, a\u00a0Defesa Civil do Distrito Federal\u00a0cita o alerta de perigo \u00e0 sa\u00fade\u00a0e d\u00e1 orienta\u00e7\u00f5es \u00e0 popula\u00e7\u00e3o com rela\u00e7\u00e3o ao frio:<\/p>\n\n\n\n<p class=\"wp-block-paragraph\">&#8211; Tenha especial aten\u00e7\u00e3o com crian\u00e7as, idosos e pessoas doentes;<\/p>\n\n\n\n<p class=\"wp-block-paragraph\">&#8211; Mantenha-se agasalhado. Proteja tamb\u00e9m as extremidades do corpo, use toucas e luvas;<\/p>\n\n\n\n<p class=\"wp-block-paragraph\">&#8211; Beba bastante l\u00edquidos;<\/p>\n\n\n\n<p class=\"wp-block-paragraph\">&#8211; Evite manter os ambientes muito fechados. Mantenha sua casa e local de trabalho limpos e arejados. Previna-se contra doen\u00e7as respirat\u00f3rias.<\/p>\n\n\n\n<p class=\"wp-block-paragraph\">&#8211; Procure agasalhar seu animal de estima\u00e7\u00e3o. Considere o uso de roupas de prote\u00e7\u00e3o. Abrigue o em rela\u00e7\u00e3o ao vento. Forre adequadamente o local de dormir;<\/p>\n\n\n\n<p class=\"wp-block-paragraph\">&#8211; Seja solid\u00e1rio. Doe agasalhos e cobertores para quem precisa. Carregue, se poss\u00edvel, esse material no carro;<\/p>\n\n\n\n<p class=\"wp-block-paragraph\">&#8211; Se precisar permanecer ao ar livre, proteja-se do vento.<\/p>\n\n\n\n<p class=\"wp-block-paragraph\">&#8212;&#8212;&#8212;&#8212;&#8212;&#8212;<br><br><strong>Sabia que o Aconteceu no Vale est\u00e1 tamb\u00e9m no Telegram? <a rel=\"noreferrer noopener\" href=\"https:\/\/t.me\/aconteceunovaleoficial\" target=\"_blank\">Inscreva-se no canal<\/a>.<\/strong><br><br><strong>J\u00e1 curtiu ou seguiu nossas p\u00e1ginas nas redes sociais?\u00a0Receba as not\u00edcias em primeira m\u00e3o:<\/strong><br>\u2022 <a rel=\"noreferrer noopener\" href=\"https:\/\/news.google.com\/publications\/CAAqBwgKMNjklQswi4etAw?hl=pt-BR&amp;gl=BR&amp;ceid=BR%3Apt-419\" target=\"_blank\">Google News<\/a><br>\u2022 <a rel=\"noreferrer noopener\" href=\"https:\/\/www.facebook.com\/aconteceunovale\/\" target=\"_blank\">Facebook<\/a><br>\u2022 <a rel=\"noreferrer noopener\" href=\"https:\/\/twitter.com\/noticiadosvales\" target=\"_blank\">Twitter<\/a><br>\u2022 <a rel=\"noreferrer noopener\" href=\"https:\/\/www.instagram.com\/aconteceunovale\" target=\"_blank\">Instagram<\/a><br>\u2022 <a rel=\"noreferrer noopener\" href=\"https:\/\/www.youtube.com\/AconteceunoValeOficial\" target=\"_blank\">Youtube<\/a><br>\u2022 <a rel=\"noreferrer noopener\" href=\"https:\/\/www.tiktok.com\/@aconteceunovale\" target=\"_blank\">TikTok<\/a><\/p>\n","protected":false},"excerpt":{"rendered":"<p>O Instituto Nacional de Meteorologia (Inmet)\u00a0emitiu alerta de riscos \u00e0 sa\u00fade devido \u00e0 queda brusca de temperatura em algumas regi\u00f5es do pa\u00eds. Ao todo, 11 estados e o Distrito Federal est\u00e3o na zona de perigo. O aviso teve in\u00edcio \u00e0s 10h55 de ontem (18) e segue at\u00e9 as 23h de sexta-feira (20). De acordo com [&hellip;]<\/p>\n","protected":false},"author":4,"featured_media":189041,"comment_status":"open","ping_status":"closed","sticky":false,"template":"","format":"standard","meta":{"amp_status":"","footnotes":""},"categories":[6],"tags":[261232,4785,1018,98983,248336,98977,54659,261231,100056,248214,261233],"class_list":["post-189040","post","type-post","status-publish","format-standard","has-post-thumbnail","hentry","category-br","tag-alerta-frio","tag-brasil","tag-destaque","tag-frio-intenso","tag-frio-intenso-no-brasil","tag-frio-no-brasil","tag-inmet","tag-inmet-emite-alerta-de-risco-a-saude-por-conta-de-frio-intenso","tag-instituto-nacional-de-meteorologia","tag-onda-de-frio-no-brasil","tag-orientacoes-frio"],"yoast_head":"<!-- This site is optimized with the Yoast SEO plugin v28.3 - https:\/\/yoast.com\/product\/yoast-seo-wordpress\/ -->\n<title>Inmet emite alerta de risco \u00e0 sa\u00fade por conta de frio intenso - Aconteceu no Vale<\/title>\n<meta name=\"robots\" content=\"index, follow, max-snippet:-1, max-image-preview:large, max-video-preview:-1\" \/>\n<link rel=\"canonical\" href=\"https:\/\/aconteceunovale.com.br\/portal\/?p=189040\" \/>\n<meta property=\"og:locale\" content=\"pt_BR\" \/>\n<meta property=\"og:type\" content=\"article\" \/>\n<meta property=\"og:title\" content=\"Inmet emite alerta de risco \u00e0 sa\u00fade por conta de frio intenso - Aconteceu no Vale\" \/>\n<meta property=\"og:description\" content=\"O Instituto Nacional de Meteorologia (Inmet)\u00a0emitiu alerta de riscos \u00e0 sa\u00fade devido \u00e0 queda brusca de temperatura em algumas regi\u00f5es do pa\u00eds. Ao todo, 11 estados e o Distrito Federal est\u00e3o na zona de perigo. O aviso teve in\u00edcio \u00e0s 10h55 de ontem (18) e segue at\u00e9 as 23h de sexta-feira (20). De acordo com [&hellip;]\" \/>\n<meta property=\"og:url\" content=\"https:\/\/aconteceunovale.com.br\/portal\/?p=189040\" \/>\n<meta property=\"og:site_name\" content=\"Aconteceu no Vale\" \/>\n<meta property=\"article:publisher\" content=\"https:\/\/www.facebook.com\/aconteceunovale\/\" \/>\n<meta property=\"article:published_time\" content=\"2022-05-19T12:45:13+00:00\" \/>\n<meta property=\"article:modified_time\" content=\"2022-05-19T12:45:29+00:00\" \/>\n<meta property=\"og:image\" content=\"https:\/\/aconteceunovale.com.br\/portal\/wp-content\/uploads\/2022\/05\/frio_intenso.jpg\" \/>\n\t<meta property=\"og:image:width\" content=\"678\" \/>\n\t<meta property=\"og:image:height\" content=\"406\" \/>\n\t<meta property=\"og:image:type\" content=\"image\/jpeg\" \/>\n<meta name=\"author\" content=\"Reda\u00e7\u00e3o Aconteceu no Vale\" \/>\n<meta name=\"twitter:card\" content=\"summary_large_image\" \/>\n<meta name=\"twitter:creator\" content=\"@noticiadosvales\" \/>\n<meta name=\"twitter:site\" content=\"@noticiadosvales\" \/>\n<meta name=\"twitter:label1\" content=\"Escrito por\" \/>\n\t<meta name=\"twitter:data1\" content=\"Reda\u00e7\u00e3o Aconteceu no Vale\" \/>\n\t<meta name=\"twitter:label2\" content=\"Est. tempo de leitura\" \/>\n\t<meta name=\"twitter:data2\" content=\"2 minutos\" \/>\n<script type=\"application\/ld+json\" class=\"yoast-schema-graph\">{\"@context\":\"https:\\\/\\\/schema.org\",\"@graph\":[{\"@type\":\"Article\",\"@id\":\"https:\\\/\\\/aconteceunovale.com.br\\\/portal\\\/?p=189040#article\",\"isPartOf\":{\"@id\":\"https:\\\/\\\/aconteceunovale.com.br\\\/portal\\\/?p=189040\"},\"author\":{\"name\":\"Reda\u00e7\u00e3o Aconteceu no Vale\",\"@id\":\"https:\\\/\\\/aconteceunovale.com.br\\\/portal\\\/#\\\/schema\\\/person\\\/7d2f26d1483f8a63de73da1ee0754d35\"},\"headline\":\"Inmet emite alerta de risco \u00e0 sa\u00fade por conta de frio intenso\",\"datePublished\":\"2022-05-19T12:45:13+00:00\",\"dateModified\":\"2022-05-19T12:45:29+00:00\",\"mainEntityOfPage\":{\"@id\":\"https:\\\/\\\/aconteceunovale.com.br\\\/portal\\\/?p=189040\"},\"wordCount\":339,\"commentCount\":0,\"image\":{\"@id\":\"https:\\\/\\\/aconteceunovale.com.br\\\/portal\\\/?p=189040#primaryimage\"},\"thumbnailUrl\":\"https:\\\/\\\/aconteceunovale.com.br\\\/portal\\\/wp-content\\\/uploads\\\/2022\\\/05\\\/frio_intenso.jpg\",\"keywords\":[\"Alerta frio\",\"brasil\",\"destaque\",\"Frio intenso\",\"Frio intenso no Brasil\",\"Frio no Brasil\",\"Inmet\",\"Inmet emite alerta de risco \u00e0 sa\u00fade por conta de frio intenso\",\"Instituto Nacional de Meteorologia\",\"Onda de frio no Brasil\",\"Orienta\u00e7\u00f5es frio\"],\"articleSection\":[\"Brasil\"],\"inLanguage\":\"pt-BR\",\"potentialAction\":[{\"@type\":\"CommentAction\",\"name\":\"Comment\",\"target\":[\"https:\\\/\\\/aconteceunovale.com.br\\\/portal\\\/?p=189040#respond\"]}]},{\"@type\":\"WebPage\",\"@id\":\"https:\\\/\\\/aconteceunovale.com.br\\\/portal\\\/?p=189040\",\"url\":\"https:\\\/\\\/aconteceunovale.com.br\\\/portal\\\/?p=189040\",\"name\":\"Inmet emite alerta de risco \u00e0 sa\u00fade por conta de frio intenso - Aconteceu no Vale\",\"isPartOf\":{\"@id\":\"https:\\\/\\\/aconteceunovale.com.br\\\/portal\\\/#website\"},\"primaryImageOfPage\":{\"@id\":\"https:\\\/\\\/aconteceunovale.com.br\\\/portal\\\/?p=189040#primaryimage\"},\"image\":{\"@id\":\"https:\\\/\\\/aconteceunovale.com.br\\\/portal\\\/?p=189040#primaryimage\"},\"thumbnailUrl\":\"https:\\\/\\\/aconteceunovale.com.br\\\/portal\\\/wp-content\\\/uploads\\\/2022\\\/05\\\/frio_intenso.jpg\",\"datePublished\":\"2022-05-19T12:45:13+00:00\",\"dateModified\":\"2022-05-19T12:45:29+00:00\",\"author\":{\"@id\":\"https:\\\/\\\/aconteceunovale.com.br\\\/portal\\\/#\\\/schema\\\/person\\\/7d2f26d1483f8a63de73da1ee0754d35\"},\"breadcrumb\":{\"@id\":\"https:\\\/\\\/aconteceunovale.com.br\\\/portal\\\/?p=189040#breadcrumb\"},\"inLanguage\":\"pt-BR\",\"potentialAction\":[{\"@type\":\"ReadAction\",\"target\":[\"https:\\\/\\\/aconteceunovale.com.br\\\/portal\\\/?p=189040\"]}]},{\"@type\":\"ImageObject\",\"inLanguage\":\"pt-BR\",\"@id\":\"https:\\\/\\\/aconteceunovale.com.br\\\/portal\\\/?p=189040#primaryimage\",\"url\":\"https:\\\/\\\/aconteceunovale.com.br\\\/portal\\\/wp-content\\\/uploads\\\/2022\\\/05\\\/frio_intenso.jpg\",\"contentUrl\":\"https:\\\/\\\/aconteceunovale.com.br\\\/portal\\\/wp-content\\\/uploads\\\/2022\\\/05\\\/frio_intenso.jpg\",\"width\":678,\"height\":406,\"caption\":\"Baixas temperaturas em Bras\u00edlia.\"},{\"@type\":\"BreadcrumbList\",\"@id\":\"https:\\\/\\\/aconteceunovale.com.br\\\/portal\\\/?p=189040#breadcrumb\",\"itemListElement\":[{\"@type\":\"ListItem\",\"position\":1,\"name\":\"In\u00edcio\",\"item\":\"https:\\\/\\\/aconteceunovale.com.br\\\/portal\\\/\"},{\"@type\":\"ListItem\",\"position\":2,\"name\":\"Inmet emite alerta de risco \u00e0 sa\u00fade por conta de frio intenso\"}]},{\"@type\":\"WebSite\",\"@id\":\"https:\\\/\\\/aconteceunovale.com.br\\\/portal\\\/#website\",\"url\":\"https:\\\/\\\/aconteceunovale.com.br\\\/portal\\\/\",\"name\":\"Aconteceu no Vale\",\"description\":\"Portal de Not\u00edcias\",\"potentialAction\":[{\"@type\":\"SearchAction\",\"target\":{\"@type\":\"EntryPoint\",\"urlTemplate\":\"https:\\\/\\\/aconteceunovale.com.br\\\/portal\\\/?s={search_term_string}\"},\"query-input\":{\"@type\":\"PropertyValueSpecification\",\"valueRequired\":true,\"valueName\":\"search_term_string\"}}],\"inLanguage\":\"pt-BR\"},{\"@type\":\"Person\",\"@id\":\"https:\\\/\\\/aconteceunovale.com.br\\\/portal\\\/#\\\/schema\\\/person\\\/7d2f26d1483f8a63de73da1ee0754d35\",\"name\":\"Reda\u00e7\u00e3o Aconteceu no Vale\",\"description\":\"Equipe de reportagem do Aconteceu no Vale, portal de not\u00edcias do Vale do Jequitinhonha, em Minas Gerais. Cobrimos as 51 cidades do Vale desde 2013. Sugest\u00f5es de pauta e pedidos de corre\u00e7\u00e3o: contato@aconteceunovale.com.br\",\"url\":\"https:\\\/\\\/aconteceunovale.com.br\\\/portal\\\/?author=4\"}]}<\/script>\n<!-- \/ Yoast SEO plugin. -->","yoast_head_json":{"title":"Inmet emite alerta de risco \u00e0 sa\u00fade por conta de frio intenso - Aconteceu no Vale","robots":{"index":"index","follow":"follow","max-snippet":"max-snippet:-1","max-image-preview":"max-image-preview:large","max-video-preview":"max-video-preview:-1"},"canonical":"https:\/\/aconteceunovale.com.br\/portal\/?p=189040","og_locale":"pt_BR","og_type":"article","og_title":"Inmet emite alerta de risco \u00e0 sa\u00fade por conta de frio intenso - Aconteceu no Vale","og_description":"O Instituto Nacional de Meteorologia (Inmet)\u00a0emitiu alerta de riscos \u00e0 sa\u00fade devido \u00e0 queda brusca de temperatura em algumas regi\u00f5es do pa\u00eds. Ao todo, 11 estados e o Distrito Federal est\u00e3o na zona de perigo. O aviso teve in\u00edcio \u00e0s 10h55 de ontem (18) e segue at\u00e9 as 23h de sexta-feira (20). De acordo com [&hellip;]","og_url":"https:\/\/aconteceunovale.com.br\/portal\/?p=189040","og_site_name":"Aconteceu no Vale","article_publisher":"https:\/\/www.facebook.com\/aconteceunovale\/","article_published_time":"2022-05-19T12:45:13+00:00","article_modified_time":"2022-05-19T12:45:29+00:00","og_image":[{"width":678,"height":406,"url":"https:\/\/aconteceunovale.com.br\/portal\/wp-content\/uploads\/2022\/05\/frio_intenso.jpg","type":"image\/jpeg"}],"author":"Reda\u00e7\u00e3o Aconteceu no Vale","twitter_card":"summary_large_image","twitter_creator":"@noticiadosvales","twitter_site":"@noticiadosvales","twitter_misc":{"Escrito por":"Reda\u00e7\u00e3o Aconteceu no Vale","Est. tempo de leitura":"2 minutos"},"schema":{"@context":"https:\/\/schema.org","@graph":[{"@type":"Article","@id":"https:\/\/aconteceunovale.com.br\/portal\/?p=189040#article","isPartOf":{"@id":"https:\/\/aconteceunovale.com.br\/portal\/?p=189040"},"author":{"name":"Reda\u00e7\u00e3o Aconteceu no Vale","@id":"https:\/\/aconteceunovale.com.br\/portal\/#\/schema\/person\/7d2f26d1483f8a63de73da1ee0754d35"},"headline":"Inmet emite alerta de risco \u00e0 sa\u00fade por conta de frio intenso","datePublished":"2022-05-19T12:45:13+00:00","dateModified":"2022-05-19T12:45:29+00:00","mainEntityOfPage":{"@id":"https:\/\/aconteceunovale.com.br\/portal\/?p=189040"},"wordCount":339,"commentCount":0,"image":{"@id":"https:\/\/aconteceunovale.com.br\/portal\/?p=189040#primaryimage"},"thumbnailUrl":"https:\/\/aconteceunovale.com.br\/portal\/wp-content\/uploads\/2022\/05\/frio_intenso.jpg","keywords":["Alerta frio","brasil","destaque","Frio intenso","Frio intenso no Brasil","Frio no Brasil","Inmet","Inmet emite alerta de risco \u00e0 sa\u00fade por conta de frio intenso","Instituto Nacional de Meteorologia","Onda de frio no Brasil","Orienta\u00e7\u00f5es frio"],"articleSection":["Brasil"],"inLanguage":"pt-BR","potentialAction":[{"@type":"CommentAction","name":"Comment","target":["https:\/\/aconteceunovale.com.br\/portal\/?p=189040#respond"]}]},{"@type":"WebPage","@id":"https:\/\/aconteceunovale.com.br\/portal\/?p=189040","url":"https:\/\/aconteceunovale.com.br\/portal\/?p=189040","name":"Inmet emite alerta de risco \u00e0 sa\u00fade por conta de frio intenso - Aconteceu no Vale","isPartOf":{"@id":"https:\/\/aconteceunovale.com.br\/portal\/#website"},"primaryImageOfPage":{"@id":"https:\/\/aconteceunovale.com.br\/portal\/?p=189040#primaryimage"},"image":{"@id":"https:\/\/aconteceunovale.com.br\/portal\/?p=189040#primaryimage"},"thumbnailUrl":"https:\/\/aconteceunovale.com.br\/portal\/wp-content\/uploads\/2022\/05\/frio_intenso.jpg","datePublished":"2022-05-19T12:45:13+00:00","dateModified":"2022-05-19T12:45:29+00:00","author":{"@id":"https:\/\/aconteceunovale.com.br\/portal\/#\/schema\/person\/7d2f26d1483f8a63de73da1ee0754d35"},"breadcrumb":{"@id":"https:\/\/aconteceunovale.com.br\/portal\/?p=189040#breadcrumb"},"inLanguage":"pt-BR","potentialAction":[{"@type":"ReadAction","target":["https:\/\/aconteceunovale.com.br\/portal\/?p=189040"]}]},{"@type":"ImageObject","inLanguage":"pt-BR","@id":"https:\/\/aconteceunovale.com.br\/portal\/?p=189040#primaryimage","url":"https:\/\/aconteceunovale.com.br\/portal\/wp-content\/uploads\/2022\/05\/frio_intenso.jpg","contentUrl":"https:\/\/aconteceunovale.com.br\/portal\/wp-content\/uploads\/2022\/05\/frio_intenso.jpg","width":678,"height":406,"caption":"Baixas temperaturas em Bras\u00edlia."},{"@type":"BreadcrumbList","@id":"https:\/\/aconteceunovale.com.br\/portal\/?p=189040#breadcrumb","itemListElement":[{"@type":"ListItem","position":1,"name":"In\u00edcio","item":"https:\/\/aconteceunovale.com.br\/portal\/"},{"@type":"ListItem","position":2,"name":"Inmet emite alerta de risco \u00e0 sa\u00fade por conta de frio intenso"}]},{"@type":"WebSite","@id":"https:\/\/aconteceunovale.com.br\/portal\/#website","url":"https:\/\/aconteceunovale.com.br\/portal\/","name":"Aconteceu no Vale","description":"Portal de Not\u00edcias","potentialAction":[{"@type":"SearchAction","target":{"@type":"EntryPoint","urlTemplate":"https:\/\/aconteceunovale.com.br\/portal\/?s={search_term_string}"},"query-input":{"@type":"PropertyValueSpecification","valueRequired":true,"valueName":"search_term_string"}}],"inLanguage":"pt-BR"},{"@type":"Person","@id":"https:\/\/aconteceunovale.com.br\/portal\/#\/schema\/person\/7d2f26d1483f8a63de73da1ee0754d35","name":"Reda\u00e7\u00e3o Aconteceu no Vale","description":"Equipe de reportagem do Aconteceu no Vale, portal de not\u00edcias do Vale do Jequitinhonha, em Minas Gerais. Cobrimos as 51 cidades do Vale desde 2013. Sugest\u00f5es de pauta e pedidos de corre\u00e7\u00e3o: contato@aconteceunovale.com.br","url":"https:\/\/aconteceunovale.com.br\/portal\/?author=4"}]}},"_links":{"self":[{"href":"https:\/\/aconteceunovale.com.br\/portal\/index.php?rest_route=\/wp\/v2\/posts\/189040","targetHints":{"allow":["GET"]}}],"collection":[{"href":"https:\/\/aconteceunovale.com.br\/portal\/index.php?rest_route=\/wp\/v2\/posts"}],"about":[{"href":"https:\/\/aconteceunovale.com.br\/portal\/index.php?rest_route=\/wp\/v2\/types\/post"}],"author":[{"embeddable":true,"href":"https:\/\/aconteceunovale.com.br\/portal\/index.php?rest_route=\/wp\/v2\/users\/4"}],"replies":[{"embeddable":true,"href":"https:\/\/aconteceunovale.com.br\/portal\/index.php?rest_route=%2Fwp%2Fv2%2Fcomments&post=189040"}],"version-history":[{"count":1,"href":"https:\/\/aconteceunovale.com.br\/portal\/index.php?rest_route=\/wp\/v2\/posts\/189040\/revisions"}],"predecessor-version":[{"id":189042,"href":"https:\/\/aconteceunovale.com.br\/portal\/index.php?rest_route=\/wp\/v2\/posts\/189040\/revisions\/189042"}],"wp:featuredmedia":[{"embeddable":true,"href":"https:\/\/aconteceunovale.com.br\/portal\/index.php?rest_route=\/wp\/v2\/media\/189041"}],"wp:attachment":[{"href":"https:\/\/aconteceunovale.com.br\/portal\/index.php?rest_route=%2Fwp%2Fv2%2Fmedia&parent=189040"}],"wp:term":[{"taxonomy":"category","embeddable":true,"href":"https:\/\/aconteceunovale.com.br\/portal\/index.php?rest_route=%2Fwp%2Fv2%2Fcategories&post=189040"},{"taxonomy":"post_tag","embeddable":true,"href":"https:\/\/aconteceunovale.com.br\/portal\/index.php?rest_route=%2Fwp%2Fv2%2Ftags&post=189040"}],"curies":[{"name":"wp","href":"https:\/\/api.w.org\/{rel}","templated":true}]}}