{"id":189024,"date":"2022-05-15T10:45:50","date_gmt":"2022-05-15T13:45:50","guid":{"rendered":"https:\/\/aconteceunovale.com.br\/portal\/?p=189024"},"modified":"2022-05-15T10:46:30","modified_gmt":"2022-05-15T13:46:30","slug":"inmet-preve-frio-em-todo-o-brasil-a-partir-de-hoje","status":"publish","type":"post","link":"https:\/\/aconteceunovale.com.br\/portal\/?p=189024","title":{"rendered":"Inmet prev\u00ea frio em todo o Brasil a partir de hoje"},"content":{"rendered":"\n<p class=\"wp-block-paragraph\">Dados do Instituto Nacional de Meteorologia (Inmet) apontam uma queda acentuada na temperatura de todo o pa\u00eds, com \u201cqueda acentuada\u201d na Regi\u00e3o Sul. De acordo com o instituto, o frio come\u00e7a no\u00a0domingo\u00a0(15), exatamente no sul do pa\u00eds. Em seguida, o frio se espalhar\u00e1 rapidamente at\u00e9 o norte do pa\u00eds.<\/p>\n\n\n\n<figure class=\"wp-block-gallery has-nested-images columns-default is-cropped wp-block-gallery-1 is-layout-flex wp-block-gallery-is-layout-flex\">\n<figure class=\"wp-block-image size-large\"><img loading=\"lazy\" decoding=\"async\" width=\"678\" height=\"406\" data-id=\"189025\" src=\"https:\/\/aconteceunovale.com.br\/portal\/wp-content\/uploads\/2022\/05\/frio_sao_paulo.jpg\" alt=\"\" class=\"wp-image-189025\" srcset=\"https:\/\/aconteceunovale.com.br\/portal\/wp-content\/uploads\/2022\/05\/frio_sao_paulo.jpg 678w, https:\/\/aconteceunovale.com.br\/portal\/wp-content\/uploads\/2022\/05\/frio_sao_paulo-300x180.jpg 300w\" sizes=\"auto, (max-width: 678px) 100vw, 678px\" \/><figcaption><em><sub>Foto: Rovena Rosa\/Arquivo\/Ag\u00eancia Brasil<\/sub><\/em><\/figcaption><\/figure>\n<\/figure>\n\n\n\n<p class=\"wp-block-paragraph\">Na&nbsp;segunda-feira (16), as baixas temperaturas devem atingir todas as regi\u00f5es, podendo chegar at\u00e9 Rond\u00f4nia e Acre at\u00e9 o fim do dia. O clima frio poder\u00e1 derrubar as temperaturas at\u00e9 10\u00b0, especialmente na Regi\u00e3o Sul e no sul das regi\u00f5es Centro-Oeste e Sudeste. No Acre e em Rond\u00f4nia, o frio deve causar o segundo epis\u00f3dio de friagem do m\u00eas. O primeiro epis\u00f3dio ocorreu nos dias 4 e 5 de maio.<\/p>\n\n\n\n<h2 class=\"wp-block-heading\">Geada<\/h2>\n\n\n\n<p class=\"wp-block-paragraph\">Segundo Inmet, h\u00e1 tend\u00eancia de geada na Regi\u00e3o Sul do pa\u00eds entre os dias 17 e 25. H\u00e1, inclusive, previs\u00e3o de geada forte em praticamente todo o estado de Santa Catarina, com exce\u00e7\u00e3o da regi\u00e3o litoral, no norte do Rio Grande do Sul e no centro do Paran\u00e1, estendendo-se at\u00e9 o sul, tamb\u00e9m com exce\u00e7\u00e3o do litoral.<\/p>\n\n\n\n<p class=\"wp-block-paragraph\">Existe ainda, segundo o Inmet, uma pequena possibilidade de ocorr\u00eancia de neve nas serras ga\u00facha e catarinense entre a noite do dia 16 e madrugada do dia 17.<\/p>\n\n\n\n<p class=\"wp-block-paragraph\">\u201cDo ponto de vista agrometeorol\u00f3gico, a geada \u00e9 um fen\u00f4meno causado pela ocorr\u00eancia de baixas temperaturas que promovem o congelamento dos tecidos vegetais, havendo ou n\u00e3o a forma\u00e7\u00e3o de gelo, e provoca a morte das plantas ou de suas partes (folhas, ramos, frutos)\u201d, explica o instituto. A Geada pode ser provocada tanto por entradas de massas de ar frio, quanto por um intenso resfriamento da superf\u00edcie, durante noites de c\u00e9u limpo e sem vento.<\/p>\n\n\n\n<p class=\"wp-block-paragraph\">&#8212;&#8212;&#8212;&#8212;&#8212;&#8212;<br><br><strong>Sabia que o Aconteceu no Vale est\u00e1 tamb\u00e9m no Telegram? <a rel=\"noreferrer noopener\" href=\"https:\/\/t.me\/aconteceunovaleoficial\" target=\"_blank\">Inscreva-se no canal<\/a>.<\/strong><br><br><strong>J\u00e1 curtiu ou seguiu nossas p\u00e1ginas nas redes sociais?\u00a0Receba as not\u00edcias em primeira m\u00e3o:<\/strong><br>\u2022 <a rel=\"noreferrer noopener\" href=\"https:\/\/news.google.com\/publications\/CAAqBwgKMNjklQswi4etAw?hl=pt-BR&amp;gl=BR&amp;ceid=BR%3Apt-419\" target=\"_blank\">Google News<\/a><br>\u2022 <a rel=\"noreferrer noopener\" href=\"https:\/\/www.facebook.com\/aconteceunovale\/\" target=\"_blank\">Facebook<\/a><br>\u2022 <a rel=\"noreferrer noopener\" href=\"https:\/\/twitter.com\/noticiadosvales\" target=\"_blank\">Twitter<\/a><br>\u2022 <a rel=\"noreferrer noopener\" href=\"https:\/\/www.instagram.com\/aconteceunovale\" target=\"_blank\">Instagram<\/a><br>\u2022 <a rel=\"noreferrer noopener\" href=\"https:\/\/www.youtube.com\/AconteceunoValeOficial\" target=\"_blank\">Youtube<\/a><br>\u2022 <a rel=\"noreferrer noopener\" href=\"https:\/\/www.tiktok.com\/@aconteceunovale\" target=\"_blank\">TikTok<\/a><\/p>\n","protected":false},"excerpt":{"rendered":"<p>Dados do Instituto Nacional de Meteorologia (Inmet) apontam uma queda acentuada na temperatura de todo o pa\u00eds, com \u201cqueda acentuada\u201d na Regi\u00e3o Sul. De acordo com o instituto, o frio come\u00e7a no\u00a0domingo\u00a0(15), exatamente no sul do pa\u00eds. Em seguida, o frio se espalhar\u00e1 rapidamente at\u00e9 o norte do pa\u00eds. Na&nbsp;segunda-feira (16), as baixas temperaturas devem [&hellip;]<\/p>\n","protected":false},"author":4,"featured_media":189025,"comment_status":"open","ping_status":"closed","sticky":false,"template":"","format":"standard","meta":{"amp_status":"","footnotes":""},"categories":[6],"tags":[4785,1018,98977,54659,261215,100056,248214,261216],"class_list":["post-189024","post","type-post","status-publish","format-standard","has-post-thumbnail","hentry","category-br","tag-brasil","tag-destaque","tag-frio-no-brasil","tag-inmet","tag-inmet-preve-frio-em-todo-o-brasil","tag-instituto-nacional-de-meteorologia","tag-onda-de-frio-no-brasil","tag-queda-da-temperatura-no-brasil"],"yoast_head":"<!-- This site is optimized with the Yoast SEO plugin v28.3 - https:\/\/yoast.com\/product\/yoast-seo-wordpress\/ -->\n<title>Inmet prev\u00ea frio em todo o Brasil a partir de hoje - Aconteceu no Vale<\/title>\n<meta name=\"robots\" content=\"index, follow, max-snippet:-1, max-image-preview:large, max-video-preview:-1\" \/>\n<link rel=\"canonical\" href=\"https:\/\/aconteceunovale.com.br\/portal\/?p=189024\" \/>\n<meta property=\"og:locale\" content=\"pt_BR\" \/>\n<meta property=\"og:type\" content=\"article\" \/>\n<meta property=\"og:title\" content=\"Inmet prev\u00ea frio em todo o Brasil a partir de hoje - Aconteceu no Vale\" \/>\n<meta property=\"og:description\" content=\"Dados do Instituto Nacional de Meteorologia (Inmet) apontam uma queda acentuada na temperatura de todo o pa\u00eds, com \u201cqueda acentuada\u201d na Regi\u00e3o Sul. De acordo com o instituto, o frio come\u00e7a no\u00a0domingo\u00a0(15), exatamente no sul do pa\u00eds. Em seguida, o frio se espalhar\u00e1 rapidamente at\u00e9 o norte do pa\u00eds. Na&nbsp;segunda-feira (16), as baixas temperaturas devem [&hellip;]\" \/>\n<meta property=\"og:url\" content=\"https:\/\/aconteceunovale.com.br\/portal\/?p=189024\" \/>\n<meta property=\"og:site_name\" content=\"Aconteceu no Vale\" \/>\n<meta property=\"article:publisher\" content=\"https:\/\/www.facebook.com\/aconteceunovale\/\" \/>\n<meta property=\"article:published_time\" content=\"2022-05-15T13:45:50+00:00\" \/>\n<meta property=\"article:modified_time\" content=\"2022-05-15T13:46:30+00:00\" \/>\n<meta property=\"og:image\" content=\"https:\/\/aconteceunovale.com.br\/portal\/wp-content\/uploads\/2022\/05\/frio_sao_paulo.jpg\" \/>\n\t<meta property=\"og:image:width\" content=\"678\" \/>\n\t<meta property=\"og:image:height\" content=\"406\" \/>\n\t<meta property=\"og:image:type\" content=\"image\/jpeg\" \/>\n<meta name=\"author\" content=\"Reda\u00e7\u00e3o Aconteceu no Vale\" \/>\n<meta name=\"twitter:card\" content=\"summary_large_image\" \/>\n<meta name=\"twitter:creator\" content=\"@noticiadosvales\" \/>\n<meta name=\"twitter:site\" content=\"@noticiadosvales\" \/>\n<meta name=\"twitter:label1\" content=\"Escrito por\" \/>\n\t<meta name=\"twitter:data1\" content=\"Reda\u00e7\u00e3o Aconteceu no Vale\" \/>\n\t<meta name=\"twitter:label2\" content=\"Est. tempo de leitura\" \/>\n\t<meta name=\"twitter:data2\" content=\"2 minutos\" \/>\n<script type=\"application\/ld+json\" class=\"yoast-schema-graph\">{\"@context\":\"https:\\\/\\\/schema.org\",\"@graph\":[{\"@type\":\"Article\",\"@id\":\"https:\\\/\\\/aconteceunovale.com.br\\\/portal\\\/?p=189024#article\",\"isPartOf\":{\"@id\":\"https:\\\/\\\/aconteceunovale.com.br\\\/portal\\\/?p=189024\"},\"author\":{\"name\":\"Reda\u00e7\u00e3o Aconteceu no Vale\",\"@id\":\"https:\\\/\\\/aconteceunovale.com.br\\\/portal\\\/#\\\/schema\\\/person\\\/7d2f26d1483f8a63de73da1ee0754d35\"},\"headline\":\"Inmet prev\u00ea frio em todo o Brasil a partir de hoje\",\"datePublished\":\"2022-05-15T13:45:50+00:00\",\"dateModified\":\"2022-05-15T13:46:30+00:00\",\"mainEntityOfPage\":{\"@id\":\"https:\\\/\\\/aconteceunovale.com.br\\\/portal\\\/?p=189024\"},\"wordCount\":360,\"commentCount\":0,\"image\":{\"@id\":\"https:\\\/\\\/aconteceunovale.com.br\\\/portal\\\/?p=189024#primaryimage\"},\"thumbnailUrl\":\"https:\\\/\\\/aconteceunovale.com.br\\\/portal\\\/wp-content\\\/uploads\\\/2022\\\/05\\\/frio_sao_paulo.jpg\",\"keywords\":[\"brasil\",\"destaque\",\"Frio no Brasil\",\"Inmet\",\"Inmet prev\u00ea frio em todo o Brasil\",\"Instituto Nacional de Meteorologia\",\"Onda de frio no Brasil\",\"Queda da temperatura no Brasil\"],\"articleSection\":[\"Brasil\"],\"inLanguage\":\"pt-BR\",\"potentialAction\":[{\"@type\":\"CommentAction\",\"name\":\"Comment\",\"target\":[\"https:\\\/\\\/aconteceunovale.com.br\\\/portal\\\/?p=189024#respond\"]}]},{\"@type\":\"WebPage\",\"@id\":\"https:\\\/\\\/aconteceunovale.com.br\\\/portal\\\/?p=189024\",\"url\":\"https:\\\/\\\/aconteceunovale.com.br\\\/portal\\\/?p=189024\",\"name\":\"Inmet prev\u00ea frio em todo o Brasil a partir de hoje - Aconteceu no Vale\",\"isPartOf\":{\"@id\":\"https:\\\/\\\/aconteceunovale.com.br\\\/portal\\\/#website\"},\"primaryImageOfPage\":{\"@id\":\"https:\\\/\\\/aconteceunovale.com.br\\\/portal\\\/?p=189024#primaryimage\"},\"image\":{\"@id\":\"https:\\\/\\\/aconteceunovale.com.br\\\/portal\\\/?p=189024#primaryimage\"},\"thumbnailUrl\":\"https:\\\/\\\/aconteceunovale.com.br\\\/portal\\\/wp-content\\\/uploads\\\/2022\\\/05\\\/frio_sao_paulo.jpg\",\"datePublished\":\"2022-05-15T13:45:50+00:00\",\"dateModified\":\"2022-05-15T13:46:30+00:00\",\"author\":{\"@id\":\"https:\\\/\\\/aconteceunovale.com.br\\\/portal\\\/#\\\/schema\\\/person\\\/7d2f26d1483f8a63de73da1ee0754d35\"},\"breadcrumb\":{\"@id\":\"https:\\\/\\\/aconteceunovale.com.br\\\/portal\\\/?p=189024#breadcrumb\"},\"inLanguage\":\"pt-BR\",\"potentialAction\":[{\"@type\":\"ReadAction\",\"target\":[\"https:\\\/\\\/aconteceunovale.com.br\\\/portal\\\/?p=189024\"]}]},{\"@type\":\"ImageObject\",\"inLanguage\":\"pt-BR\",\"@id\":\"https:\\\/\\\/aconteceunovale.com.br\\\/portal\\\/?p=189024#primaryimage\",\"url\":\"https:\\\/\\\/aconteceunovale.com.br\\\/portal\\\/wp-content\\\/uploads\\\/2022\\\/05\\\/frio_sao_paulo.jpg\",\"contentUrl\":\"https:\\\/\\\/aconteceunovale.com.br\\\/portal\\\/wp-content\\\/uploads\\\/2022\\\/05\\\/frio_sao_paulo.jpg\",\"width\":678,\"height\":406,\"caption\":\"S\u00e3o Paulo - Pedestres na Avenida Paulista durante frente fria que derrubou a temperatura na capital.\"},{\"@type\":\"BreadcrumbList\",\"@id\":\"https:\\\/\\\/aconteceunovale.com.br\\\/portal\\\/?p=189024#breadcrumb\",\"itemListElement\":[{\"@type\":\"ListItem\",\"position\":1,\"name\":\"In\u00edcio\",\"item\":\"https:\\\/\\\/aconteceunovale.com.br\\\/portal\\\/\"},{\"@type\":\"ListItem\",\"position\":2,\"name\":\"Inmet prev\u00ea frio em todo o Brasil a partir de hoje\"}]},{\"@type\":\"WebSite\",\"@id\":\"https:\\\/\\\/aconteceunovale.com.br\\\/portal\\\/#website\",\"url\":\"https:\\\/\\\/aconteceunovale.com.br\\\/portal\\\/\",\"name\":\"Aconteceu no Vale\",\"description\":\"Portal de Not\u00edcias\",\"potentialAction\":[{\"@type\":\"SearchAction\",\"target\":{\"@type\":\"EntryPoint\",\"urlTemplate\":\"https:\\\/\\\/aconteceunovale.com.br\\\/portal\\\/?s={search_term_string}\"},\"query-input\":{\"@type\":\"PropertyValueSpecification\",\"valueRequired\":true,\"valueName\":\"search_term_string\"}}],\"inLanguage\":\"pt-BR\"},{\"@type\":\"Person\",\"@id\":\"https:\\\/\\\/aconteceunovale.com.br\\\/portal\\\/#\\\/schema\\\/person\\\/7d2f26d1483f8a63de73da1ee0754d35\",\"name\":\"Reda\u00e7\u00e3o Aconteceu no Vale\",\"description\":\"Equipe de reportagem do Aconteceu no Vale, portal de not\u00edcias do Vale do Jequitinhonha, em Minas Gerais. Cobrimos as 51 cidades do Vale desde 2013. Sugest\u00f5es de pauta e pedidos de corre\u00e7\u00e3o: contato@aconteceunovale.com.br\",\"url\":\"https:\\\/\\\/aconteceunovale.com.br\\\/portal\\\/?author=4\"}]}<\/script>\n<!-- \/ Yoast SEO plugin. -->","yoast_head_json":{"title":"Inmet prev\u00ea frio em todo o Brasil a partir de hoje - Aconteceu no Vale","robots":{"index":"index","follow":"follow","max-snippet":"max-snippet:-1","max-image-preview":"max-image-preview:large","max-video-preview":"max-video-preview:-1"},"canonical":"https:\/\/aconteceunovale.com.br\/portal\/?p=189024","og_locale":"pt_BR","og_type":"article","og_title":"Inmet prev\u00ea frio em todo o Brasil a partir de hoje - Aconteceu no Vale","og_description":"Dados do Instituto Nacional de Meteorologia (Inmet) apontam uma queda acentuada na temperatura de todo o pa\u00eds, com \u201cqueda acentuada\u201d na Regi\u00e3o Sul. De acordo com o instituto, o frio come\u00e7a no\u00a0domingo\u00a0(15), exatamente no sul do pa\u00eds. Em seguida, o frio se espalhar\u00e1 rapidamente at\u00e9 o norte do pa\u00eds. Na&nbsp;segunda-feira (16), as baixas temperaturas devem [&hellip;]","og_url":"https:\/\/aconteceunovale.com.br\/portal\/?p=189024","og_site_name":"Aconteceu no Vale","article_publisher":"https:\/\/www.facebook.com\/aconteceunovale\/","article_published_time":"2022-05-15T13:45:50+00:00","article_modified_time":"2022-05-15T13:46:30+00:00","og_image":[{"width":678,"height":406,"url":"https:\/\/aconteceunovale.com.br\/portal\/wp-content\/uploads\/2022\/05\/frio_sao_paulo.jpg","type":"image\/jpeg"}],"author":"Reda\u00e7\u00e3o Aconteceu no Vale","twitter_card":"summary_large_image","twitter_creator":"@noticiadosvales","twitter_site":"@noticiadosvales","twitter_misc":{"Escrito por":"Reda\u00e7\u00e3o Aconteceu no Vale","Est. tempo de leitura":"2 minutos"},"schema":{"@context":"https:\/\/schema.org","@graph":[{"@type":"Article","@id":"https:\/\/aconteceunovale.com.br\/portal\/?p=189024#article","isPartOf":{"@id":"https:\/\/aconteceunovale.com.br\/portal\/?p=189024"},"author":{"name":"Reda\u00e7\u00e3o Aconteceu no Vale","@id":"https:\/\/aconteceunovale.com.br\/portal\/#\/schema\/person\/7d2f26d1483f8a63de73da1ee0754d35"},"headline":"Inmet prev\u00ea frio em todo o Brasil a partir de hoje","datePublished":"2022-05-15T13:45:50+00:00","dateModified":"2022-05-15T13:46:30+00:00","mainEntityOfPage":{"@id":"https:\/\/aconteceunovale.com.br\/portal\/?p=189024"},"wordCount":360,"commentCount":0,"image":{"@id":"https:\/\/aconteceunovale.com.br\/portal\/?p=189024#primaryimage"},"thumbnailUrl":"https:\/\/aconteceunovale.com.br\/portal\/wp-content\/uploads\/2022\/05\/frio_sao_paulo.jpg","keywords":["brasil","destaque","Frio no Brasil","Inmet","Inmet prev\u00ea frio em todo o Brasil","Instituto Nacional de Meteorologia","Onda de frio no Brasil","Queda da temperatura no Brasil"],"articleSection":["Brasil"],"inLanguage":"pt-BR","potentialAction":[{"@type":"CommentAction","name":"Comment","target":["https:\/\/aconteceunovale.com.br\/portal\/?p=189024#respond"]}]},{"@type":"WebPage","@id":"https:\/\/aconteceunovale.com.br\/portal\/?p=189024","url":"https:\/\/aconteceunovale.com.br\/portal\/?p=189024","name":"Inmet prev\u00ea frio em todo o Brasil a partir de hoje - Aconteceu no Vale","isPartOf":{"@id":"https:\/\/aconteceunovale.com.br\/portal\/#website"},"primaryImageOfPage":{"@id":"https:\/\/aconteceunovale.com.br\/portal\/?p=189024#primaryimage"},"image":{"@id":"https:\/\/aconteceunovale.com.br\/portal\/?p=189024#primaryimage"},"thumbnailUrl":"https:\/\/aconteceunovale.com.br\/portal\/wp-content\/uploads\/2022\/05\/frio_sao_paulo.jpg","datePublished":"2022-05-15T13:45:50+00:00","dateModified":"2022-05-15T13:46:30+00:00","author":{"@id":"https:\/\/aconteceunovale.com.br\/portal\/#\/schema\/person\/7d2f26d1483f8a63de73da1ee0754d35"},"breadcrumb":{"@id":"https:\/\/aconteceunovale.com.br\/portal\/?p=189024#breadcrumb"},"inLanguage":"pt-BR","potentialAction":[{"@type":"ReadAction","target":["https:\/\/aconteceunovale.com.br\/portal\/?p=189024"]}]},{"@type":"ImageObject","inLanguage":"pt-BR","@id":"https:\/\/aconteceunovale.com.br\/portal\/?p=189024#primaryimage","url":"https:\/\/aconteceunovale.com.br\/portal\/wp-content\/uploads\/2022\/05\/frio_sao_paulo.jpg","contentUrl":"https:\/\/aconteceunovale.com.br\/portal\/wp-content\/uploads\/2022\/05\/frio_sao_paulo.jpg","width":678,"height":406,"caption":"S\u00e3o Paulo - Pedestres na Avenida Paulista durante frente fria que derrubou a temperatura na capital."},{"@type":"BreadcrumbList","@id":"https:\/\/aconteceunovale.com.br\/portal\/?p=189024#breadcrumb","itemListElement":[{"@type":"ListItem","position":1,"name":"In\u00edcio","item":"https:\/\/aconteceunovale.com.br\/portal\/"},{"@type":"ListItem","position":2,"name":"Inmet prev\u00ea frio em todo o Brasil a partir de hoje"}]},{"@type":"WebSite","@id":"https:\/\/aconteceunovale.com.br\/portal\/#website","url":"https:\/\/aconteceunovale.com.br\/portal\/","name":"Aconteceu no Vale","description":"Portal de Not\u00edcias","potentialAction":[{"@type":"SearchAction","target":{"@type":"EntryPoint","urlTemplate":"https:\/\/aconteceunovale.com.br\/portal\/?s={search_term_string}"},"query-input":{"@type":"PropertyValueSpecification","valueRequired":true,"valueName":"search_term_string"}}],"inLanguage":"pt-BR"},{"@type":"Person","@id":"https:\/\/aconteceunovale.com.br\/portal\/#\/schema\/person\/7d2f26d1483f8a63de73da1ee0754d35","name":"Reda\u00e7\u00e3o Aconteceu no Vale","description":"Equipe de reportagem do Aconteceu no Vale, portal de not\u00edcias do Vale do Jequitinhonha, em Minas Gerais. Cobrimos as 51 cidades do Vale desde 2013. Sugest\u00f5es de pauta e pedidos de corre\u00e7\u00e3o: contato@aconteceunovale.com.br","url":"https:\/\/aconteceunovale.com.br\/portal\/?author=4"}]}},"_links":{"self":[{"href":"https:\/\/aconteceunovale.com.br\/portal\/index.php?rest_route=\/wp\/v2\/posts\/189024","targetHints":{"allow":["GET"]}}],"collection":[{"href":"https:\/\/aconteceunovale.com.br\/portal\/index.php?rest_route=\/wp\/v2\/posts"}],"about":[{"href":"https:\/\/aconteceunovale.com.br\/portal\/index.php?rest_route=\/wp\/v2\/types\/post"}],"author":[{"embeddable":true,"href":"https:\/\/aconteceunovale.com.br\/portal\/index.php?rest_route=\/wp\/v2\/users\/4"}],"replies":[{"embeddable":true,"href":"https:\/\/aconteceunovale.com.br\/portal\/index.php?rest_route=%2Fwp%2Fv2%2Fcomments&post=189024"}],"version-history":[{"count":1,"href":"https:\/\/aconteceunovale.com.br\/portal\/index.php?rest_route=\/wp\/v2\/posts\/189024\/revisions"}],"predecessor-version":[{"id":189026,"href":"https:\/\/aconteceunovale.com.br\/portal\/index.php?rest_route=\/wp\/v2\/posts\/189024\/revisions\/189026"}],"wp:featuredmedia":[{"embeddable":true,"href":"https:\/\/aconteceunovale.com.br\/portal\/index.php?rest_route=\/wp\/v2\/media\/189025"}],"wp:attachment":[{"href":"https:\/\/aconteceunovale.com.br\/portal\/index.php?rest_route=%2Fwp%2Fv2%2Fmedia&parent=189024"}],"wp:term":[{"taxonomy":"category","embeddable":true,"href":"https:\/\/aconteceunovale.com.br\/portal\/index.php?rest_route=%2Fwp%2Fv2%2Fcategories&post=189024"},{"taxonomy":"post_tag","embeddable":true,"href":"https:\/\/aconteceunovale.com.br\/portal\/index.php?rest_route=%2Fwp%2Fv2%2Ftags&post=189024"}],"curies":[{"name":"wp","href":"https:\/\/api.w.org\/{rel}","templated":true}]}}