{"id":189011,"date":"2022-05-14T19:31:01","date_gmt":"2022-05-14T22:31:01","guid":{"rendered":"https:\/\/aconteceunovale.com.br\/portal\/?p=189011"},"modified":"2022-05-14T19:31:54","modified_gmt":"2022-05-14T22:31:54","slug":"petrobras-tem-que-cumprir-sua-funcao-social-diz-presidente","status":"publish","type":"post","link":"https:\/\/aconteceunovale.com.br\/portal\/?p=189011","title":{"rendered":"Petrobras tem que cumprir sua fun\u00e7\u00e3o social, diz presidente"},"content":{"rendered":"\n<p class=\"wp-block-paragraph\">O presidente Jair Bolsonaro voltou a falar sobre o pre\u00e7o dos combust\u00edveis nesta sexta-feira (13), durante sua participa\u00e7\u00e3o na abertura da 56\u00aa Conven\u00e7\u00e3o Nacional do Com\u00e9rcio Lojista, em Campos do Jord\u00e3o (SP). Ele disse esperar que, com a\u00a0troca no comando do Minist\u00e9rio de Minas e Energia, seja poss\u00edvel fazer com que a estatal, que domina o mercado de petr\u00f3leo no pa\u00eds, cumpra sua fun\u00e7\u00e3o social.<\/p>\n\n\n\n<p class=\"wp-block-paragraph\">&#8220;Eu espero, nos pr\u00f3ximos dias, com as mudan\u00e7as que fiz no Minist\u00e9rio de Minas e Energia, que n\u00f3s consigamos mexer com a Petrobras, fazer com que ela cumpra um dispositivo constitucional, que fala do fim social da empresa&#8221;, afirmou o presidente.<\/p>\n\n\n\n<p class=\"wp-block-paragraph\">Durante sua fala no encontro de lojistas do varejo, Bolsonaro tamb\u00e9m criticou o que ele considera como lucro excessivo da Petrobras, comparada com outras empresas do setor. &#8220;N\u00e3o podemos ter uma empresa que tem um lucro acima de 30%, enquanto nas maiores petrol\u00edferas do mundo, o lucro \u00e9 no m\u00e1ximo de 15%. E essas outras petrol\u00edferas abriram m\u00e3o de lucro para ajudar os seus pa\u00edses. A Petrobras n\u00e3o pode continuar a ser indiferente a tudo isso&#8221;.&nbsp;<\/p>\n\n\n\n<p class=\"wp-block-paragraph\">A Petrobras anunciou essa semana mais um reajuste, dessa vez de\u00a08,87% no pre\u00e7o do diesel\u00a0para as distribuidoras. No acumulado dos \u00faltimos 12 meses, o reajuste do diesel chegou a 49%. O combust\u00edvel \u00e9 o principal usado no transporte p\u00fablico e de cargas e, por isso, tem impacto direto na infla\u00e7\u00e3o geral dos produtos.<\/p>\n\n\n\n<p class=\"wp-block-paragraph\">O presidente diz que haver\u00e1 novos aumentos de pre\u00e7o no setor. &#8220;H\u00e1 poucas semanas, a R\u00fassia fechou o fornecimento de g\u00e1s para a Pol\u00f4nica e a Bulg\u00e1ria. E agora, acaba de fechar tamb\u00e9m para a Finl\u00e2ndia e a Alemanha. Isso vai impactar em novos pre\u00e7os de combust\u00edveis&#8221;.<\/p>\n\n\n\n<h2 class=\"wp-block-heading\">ICMS<\/h2>\n\n\n\n<p class=\"wp-block-paragraph\">No in\u00edcio de sua fala, o presidente celebrou\u00a0decis\u00e3o do ministro do Supremo Tribunal Federal (STF)\u00a0Andr\u00e9 Mendon\u00e7a, que suspendeu nesta sexta-feira (13) parte da resolu\u00e7\u00e3o do Conselho Nacional de Pol\u00edtica Fazend\u00e1ria (Confaz) que trata da cobran\u00e7a do Imposto sobre a Circula\u00e7\u00e3o de Mercadorias e Servi\u00e7os (ICMS) sobre o diesel . O ICMS \u00e9 um tributo estadual.\u00a0<\/p>\n\n\n\n<p class=\"wp-block-paragraph\">Mendon\u00e7a atendeu ao pedido feito pelo presidente, que, por meio da Advocacia-Geral da Uni\u00e3o (AGU), diz que a medida \u00e9 inconstitucional por permitir a diferencia\u00e7\u00e3o de al\u00edquotas do diesel entre os estados, prejudicando o consumidor com aumentos excessivos do combust\u00edvel.<\/p>\n\n\n\n<p class=\"wp-block-paragraph\">&#8220;N\u00e3o vai existir mais, espero que o pleno ratifique isso, cada estado ter um percentual&#8221;, disse Bolsonaro.<\/p>\n\n\n\n<p class=\"wp-block-paragraph\">Em mar\u00e7o, uma lei aprovada pelo Congresso Nacional e sancionada por Bolsonaro estabeleceu que deveria haver uma al\u00edquota \u00fanica do ICMS sobre o diesel. Depois disso, o Confaz se reuniu e fixou um valor \u00fanico do ICMS sobre o diesel, de R$ 1,006 por litro, mas com permiss\u00e3o para descontos. O valor, na pr\u00e1tica, ficou superior ao que vinha sendo cobrado nas bombas antes da nova lei, o que contrariou a pretens\u00e3o do governo federal.<\/p>\n\n\n\n<p class=\"wp-block-paragraph\">&#8212;&#8212;&#8212;&#8212;&#8212;&#8212;<br><br><strong>Sabia que o Aconteceu no Vale est\u00e1 tamb\u00e9m no Telegram? <a rel=\"noreferrer noopener\" href=\"https:\/\/t.me\/aconteceunovaleoficial\" target=\"_blank\">Inscreva-se no canal<\/a>.<\/strong><br><br><strong>J\u00e1 curtiu ou seguiu nossas p\u00e1ginas nas redes sociais?\u00a0Receba as not\u00edcias em primeira m\u00e3o:<\/strong><br>\u2022 <a rel=\"noreferrer noopener\" href=\"https:\/\/news.google.com\/publications\/CAAqBwgKMNjklQswi4etAw?hl=pt-BR&amp;gl=BR&amp;ceid=BR%3Apt-419\" target=\"_blank\">Google News<\/a><br>\u2022 <a rel=\"noreferrer noopener\" href=\"https:\/\/www.facebook.com\/aconteceunovale\/\" target=\"_blank\">Facebook<\/a><br>\u2022 <a rel=\"noreferrer noopener\" href=\"https:\/\/twitter.com\/noticiadosvales\" target=\"_blank\">Twitter<\/a><br>\u2022 <a rel=\"noreferrer noopener\" href=\"https:\/\/www.instagram.com\/aconteceunovale\" target=\"_blank\">Instagram<\/a><br>\u2022 <a rel=\"noreferrer noopener\" href=\"https:\/\/www.youtube.com\/AconteceunoValeOficial\" target=\"_blank\">Youtube<\/a><br>\u2022 <a rel=\"noreferrer noopener\" href=\"https:\/\/www.tiktok.com\/@aconteceunovale\" target=\"_blank\">TikTok<\/a><\/p>\n","protected":false},"excerpt":{"rendered":"<p>O presidente Jair Bolsonaro voltou a falar sobre o pre\u00e7o dos combust\u00edveis nesta sexta-feira (13), durante sua participa\u00e7\u00e3o na abertura da 56\u00aa Conven\u00e7\u00e3o Nacional do Com\u00e9rcio Lojista, em Campos do Jord\u00e3o (SP). Ele disse esperar que, com a\u00a0troca no comando do Minist\u00e9rio de Minas e Energia, seja poss\u00edvel fazer com que a estatal, que domina [&hellip;]<\/p>\n","protected":false},"author":4,"featured_media":189012,"comment_status":"open","ping_status":"closed","sticky":false,"template":"","format":"standard","meta":{"amp_status":"","footnotes":""},"categories":[6,40239],"tags":[261158,33296,21580,168725,158851,213102,156769,241654,159430,221379,221385,241653,128940,261204,174631,238648,238649,238653,1018,120595,259816,174865,238645,238646,238647,112547,57624,201573,36463,158853,221382,241651,238652,238651,238650,235056,5499,257143,259815,261156,221759,236754,236755,241650,241649,236756,236757,236758,261205,235060,235057,166470,257146,257144,257145,257147,168726,213104,163300,241652,221380,158812,221381,221384,221383,235059,235058],"class_list":["post-189011","post","type-post","status-publish","format-standard","has-post-thumbnail","hentry","category-br","category-economia-2","tag-87-preco-do-diesel","tag-anp","tag-aumento-da-gasolina","tag-aumento-da-gasolina-petrobras","tag-aumento-de-precos-petrobras","tag-aumento-do-gas-de-cozinha","tag-aumento-do-preco-do-gas-de-cozinha","tag-aumento-do-preco-do-gas-petrobras","tag-aumento-do-preco-do-glp","tag-aumento-do-valor-da-gasolina","tag-aumento-do-valor-da-gasolina-petrobras","tag-aumento-do-valor-do-botijao-de-13-kg","tag-aumento-dos-combustiveis","tag-bolsonaro-petrobras","tag-composicao-do-preco-da-gasolina","tag-composicao-do-preco-do-diesel","tag-composicao-do-preco-do-gas-de-cozinha","tag-composicao-dos-precos-dos-combustiveis","tag-destaque","tag-diesel","tag-diesel-e-gas-de-cozinha","tag-diesel-petrobras","tag-entenda-como-e-composto-o-preco-da-gasolina","tag-entenda-como-e-composto-o-preco-do-diesel","tag-entenda-como-e-composto-o-preco-do-gas-de-cozinha","tag-gas-de-cozinha","tag-gas-de-cozinha-mais-caro","tag-gas-de-cozinha-petrobras","tag-gasolina","tag-gasolina-petrobras","tag-gasolina-vai-subir-12-nas-refinarias","tag-glp-mais-caro","tag-impostos-na-gasolina","tag-impostos-no-diesel","tag-impostos-no-gas-de-cozinha","tag-litro-da-gasolina","tag-petrobras","tag-petrobras-anuncia-aumento-nos-precos-da-gasolina-e-do-diesel","tag-petrobras-anuncia-aumento-nos-precos-de-gasolina","tag-petrobras-aumenta-em-8","tag-petrobras-aumenta-preco-da-gasolina-em-10","tag-petrobras-aumenta-preco-da-gasolina-em-cerca-de-8","tag-petrobras-aumenta-preco-do-diesel-em-cerca-de-6","tag-petrobras-aumenta-preco-do-gas-de-cozinha","tag-petrobras-aumenta-preco-do-gas-de-cozinha-em-5","tag-petrobras-aumenta-preco-do-gas-de-cozinha-em-cerca-de-5","tag-petrobras-aumenta-preco-do-glp-em-cerca-de-5","tag-petrobras-aumenta-precos-de-combustiveis","tag-petrobras-bolsonaro","tag-preco-do-litro-da-gasolina","tag-preco-do-litro-da-gasolina-nas-refinarias","tag-precos-dos-combustiveis","tag-primeiro-aumento-da-petrobras-em-2022","tag-primeiro-aumento-na-gasolina-em-2022","tag-primeiro-aumento-no-diesel-em-2022","tag-primeiro-aumento-nos-combustiveis-em-2022","tag-reajuste-da-gasolina-petrobras","tag-reajuste-do-gas-de-cozinha","tag-reajuste-do-preco-do-gas-de-cozinha","tag-reajuste-do-preco-do-glp","tag-reajuste-do-valor-da-gasolina","tag-reajuste-dos-combustiveis","tag-reajuste-na-gasolina","tag-reajuste-no-valor-da-gasolina-petrobras","tag-valor-da-gasolina-petrobras","tag-valor-do-litro-da-gasolina","tag-valor-do-litro-da-gasolina-nas-refinarias"],"yoast_head":"<!-- This site is optimized with the Yoast SEO plugin v28.3 - https:\/\/yoast.com\/product\/yoast-seo-wordpress\/ -->\n<title>Petrobras tem que cumprir sua fun\u00e7\u00e3o social, diz presidente - Aconteceu no Vale<\/title>\n<meta name=\"robots\" content=\"index, follow, max-snippet:-1, max-image-preview:large, max-video-preview:-1\" \/>\n<link rel=\"canonical\" href=\"https:\/\/aconteceunovale.com.br\/portal\/?p=189011\" \/>\n<meta property=\"og:locale\" content=\"pt_BR\" \/>\n<meta property=\"og:type\" content=\"article\" \/>\n<meta property=\"og:title\" content=\"Petrobras tem que cumprir sua fun\u00e7\u00e3o social, diz presidente - Aconteceu no Vale\" \/>\n<meta property=\"og:description\" content=\"O presidente Jair Bolsonaro voltou a falar sobre o pre\u00e7o dos combust\u00edveis nesta sexta-feira (13), durante sua participa\u00e7\u00e3o na abertura da 56\u00aa Conven\u00e7\u00e3o Nacional do Com\u00e9rcio Lojista, em Campos do Jord\u00e3o (SP). Ele disse esperar que, com a\u00a0troca no comando do Minist\u00e9rio de Minas e Energia, seja poss\u00edvel fazer com que a estatal, que domina [&hellip;]\" \/>\n<meta property=\"og:url\" content=\"https:\/\/aconteceunovale.com.br\/portal\/?p=189011\" \/>\n<meta property=\"og:site_name\" content=\"Aconteceu no Vale\" \/>\n<meta property=\"article:publisher\" content=\"https:\/\/www.facebook.com\/aconteceunovale\/\" \/>\n<meta property=\"article:published_time\" content=\"2022-05-14T22:31:01+00:00\" \/>\n<meta property=\"article:modified_time\" content=\"2022-05-14T22:31:54+00:00\" \/>\n<meta property=\"og:image\" content=\"https:\/\/aconteceunovale.com.br\/portal\/wp-content\/uploads\/2022\/05\/bolsonaro_petrobras.jpg\" \/>\n\t<meta property=\"og:image:width\" content=\"678\" \/>\n\t<meta property=\"og:image:height\" content=\"406\" \/>\n\t<meta property=\"og:image:type\" content=\"image\/jpeg\" \/>\n<meta name=\"author\" content=\"Reda\u00e7\u00e3o Aconteceu no Vale\" \/>\n<meta name=\"twitter:card\" content=\"summary_large_image\" \/>\n<meta name=\"twitter:creator\" content=\"@noticiadosvales\" \/>\n<meta name=\"twitter:site\" content=\"@noticiadosvales\" \/>\n<meta name=\"twitter:label1\" content=\"Escrito por\" \/>\n\t<meta name=\"twitter:data1\" content=\"Reda\u00e7\u00e3o Aconteceu no Vale\" \/>\n\t<meta name=\"twitter:label2\" content=\"Est. tempo de leitura\" \/>\n\t<meta name=\"twitter:data2\" content=\"3 minutos\" \/>\n<script type=\"application\/ld+json\" class=\"yoast-schema-graph\">{\"@context\":\"https:\\\/\\\/schema.org\",\"@graph\":[{\"@type\":\"Article\",\"@id\":\"https:\\\/\\\/aconteceunovale.com.br\\\/portal\\\/?p=189011#article\",\"isPartOf\":{\"@id\":\"https:\\\/\\\/aconteceunovale.com.br\\\/portal\\\/?p=189011\"},\"author\":{\"name\":\"Reda\u00e7\u00e3o Aconteceu no Vale\",\"@id\":\"https:\\\/\\\/aconteceunovale.com.br\\\/portal\\\/#\\\/schema\\\/person\\\/7d2f26d1483f8a63de73da1ee0754d35\"},\"headline\":\"Petrobras tem que cumprir sua fun\u00e7\u00e3o social, diz presidente\",\"datePublished\":\"2022-05-14T22:31:01+00:00\",\"dateModified\":\"2022-05-14T22:31:54+00:00\",\"mainEntityOfPage\":{\"@id\":\"https:\\\/\\\/aconteceunovale.com.br\\\/portal\\\/?p=189011\"},\"wordCount\":568,\"commentCount\":0,\"image\":{\"@id\":\"https:\\\/\\\/aconteceunovale.com.br\\\/portal\\\/?p=189011#primaryimage\"},\"thumbnailUrl\":\"https:\\\/\\\/aconteceunovale.com.br\\\/portal\\\/wp-content\\\/uploads\\\/2022\\\/05\\\/bolsonaro_petrobras.jpg\",\"keywords\":[\"87% pre\u00e7o do diesel\",\"ANP\",\"aumento da gasolina\",\"Aumento da gasolina Petrobras\",\"Aumento de pre\u00e7os Petrobras\",\"Aumento do G\u00e1s de cozinha\",\"Aumento do pre\u00e7o do g\u00e1s de cozinha\",\"Aumento do pre\u00e7o do g\u00e1s Petrobras\",\"Aumento do pre\u00e7o do GLP\",\"Aumento do valor da gasolina\",\"Aumento do valor da gasolina Petrobras\",\"Aumento do valor do botij\u00e3o de 13 kg\",\"aumento dos combust\u00edveis\",\"Bolsonaro Petrobras\",\"Composi\u00e7\u00e3o do pre\u00e7o da gasolina\",\"Composi\u00e7\u00e3o do pre\u00e7o do diesel\",\"Composi\u00e7\u00e3o do pre\u00e7o do g\u00e1s de cozinha\",\"Composi\u00e7\u00e3o dos pre\u00e7os dos combust\u00edveis\",\"destaque\",\"diesel\",\"diesel e g\u00e1s de cozinha\",\"Diesel Petrobras\",\"Entenda como \u00e9 composto o pre\u00e7o da gasolina\",\"Entenda como \u00e9 composto o pre\u00e7o do diesel\",\"Entenda como \u00e9 composto o pre\u00e7o do g\u00e1s de cozinha\",\"g\u00e1s de cozinha\",\"g\u00e1s de cozinha mais caro\",\"G\u00e1s de cozinha Petrobras\",\"gasolina\",\"Gasolina Petrobras\",\"Gasolina vai subir 12% nas refinarias\",\"GLP mais caro\",\"Impostos na gasolina\",\"Impostos no diesel\",\"Impostos no g\u00e1s de cozinha\",\"Litro da gasolina\",\"petrobras\",\"Petrobras anuncia aumento nos pre\u00e7os da gasolina e do diesel\",\"Petrobras anuncia aumento nos pre\u00e7os de gasolina\",\"Petrobras aumenta em 8\",\"Petrobras aumenta pre\u00e7o da gasolina em 10%\",\"Petrobras aumenta pre\u00e7o da gasolina em cerca de 8%\",\"Petrobras aumenta pre\u00e7o do diesel em cerca de 6%\",\"Petrobras aumenta pre\u00e7o do g\u00e1s de cozinha\",\"Petrobras aumenta pre\u00e7o do g\u00e1s de cozinha em 5%\",\"Petrobras aumenta pre\u00e7o do g\u00e1s de cozinha em cerca de 5%\",\"Petrobras aumenta pre\u00e7o do GLP em cerca de 5%\",\"Petrobras aumenta pre\u00e7os de combust\u00edveis\",\"Petrobras Bolsonaro\",\"Pre\u00e7o do Litro da gasolina\",\"Pre\u00e7o do Litro da gasolina nas refinarias\",\"pre\u00e7os dos combust\u00edveis\",\"Primeiro aumento da Petrobras em 2022\",\"Primeiro aumento na gasolina em 2022\",\"Primeiro aumento no diesel em 2022\",\"Primeiro aumento nos combust\u00edveis em 2022\",\"Reajuste da gasolina Petrobras\",\"Reajuste do G\u00e1s de cozinha\",\"Reajuste do pre\u00e7o do g\u00e1s de cozinha\",\"Reajuste do pre\u00e7o do GLP\",\"Reajuste do valor da gasolina\",\"Reajuste dos combust\u00edveis\",\"Reajuste na gasolina\",\"Reajuste no valor da gasolina Petrobras\",\"Valor da gasolina Petrobras\",\"Valor do Litro da gasolina\",\"Valor do Litro da gasolina nas refinarias\"],\"articleSection\":[\"Brasil\",\"Economia\"],\"inLanguage\":\"pt-BR\",\"potentialAction\":[{\"@type\":\"CommentAction\",\"name\":\"Comment\",\"target\":[\"https:\\\/\\\/aconteceunovale.com.br\\\/portal\\\/?p=189011#respond\"]}]},{\"@type\":\"WebPage\",\"@id\":\"https:\\\/\\\/aconteceunovale.com.br\\\/portal\\\/?p=189011\",\"url\":\"https:\\\/\\\/aconteceunovale.com.br\\\/portal\\\/?p=189011\",\"name\":\"Petrobras tem que cumprir sua fun\u00e7\u00e3o social, diz presidente - Aconteceu no Vale\",\"isPartOf\":{\"@id\":\"https:\\\/\\\/aconteceunovale.com.br\\\/portal\\\/#website\"},\"primaryImageOfPage\":{\"@id\":\"https:\\\/\\\/aconteceunovale.com.br\\\/portal\\\/?p=189011#primaryimage\"},\"image\":{\"@id\":\"https:\\\/\\\/aconteceunovale.com.br\\\/portal\\\/?p=189011#primaryimage\"},\"thumbnailUrl\":\"https:\\\/\\\/aconteceunovale.com.br\\\/portal\\\/wp-content\\\/uploads\\\/2022\\\/05\\\/bolsonaro_petrobras.jpg\",\"datePublished\":\"2022-05-14T22:31:01+00:00\",\"dateModified\":\"2022-05-14T22:31:54+00:00\",\"author\":{\"@id\":\"https:\\\/\\\/aconteceunovale.com.br\\\/portal\\\/#\\\/schema\\\/person\\\/7d2f26d1483f8a63de73da1ee0754d35\"},\"breadcrumb\":{\"@id\":\"https:\\\/\\\/aconteceunovale.com.br\\\/portal\\\/?p=189011#breadcrumb\"},\"inLanguage\":\"pt-BR\",\"potentialAction\":[{\"@type\":\"ReadAction\",\"target\":[\"https:\\\/\\\/aconteceunovale.com.br\\\/portal\\\/?p=189011\"]}]},{\"@type\":\"ImageObject\",\"inLanguage\":\"pt-BR\",\"@id\":\"https:\\\/\\\/aconteceunovale.com.br\\\/portal\\\/?p=189011#primaryimage\",\"url\":\"https:\\\/\\\/aconteceunovale.com.br\\\/portal\\\/wp-content\\\/uploads\\\/2022\\\/05\\\/bolsonaro_petrobras.jpg\",\"contentUrl\":\"https:\\\/\\\/aconteceunovale.com.br\\\/portal\\\/wp-content\\\/uploads\\\/2022\\\/05\\\/bolsonaro_petrobras.jpg\",\"width\":678,\"height\":406,\"caption\":\"O presidente Jair Bolsonaro durante o lan\u00e7amento do Canal Educa\u00e7\u00e3o e do Canal Libras, no Pal\u00e1cio do Planalto.\"},{\"@type\":\"BreadcrumbList\",\"@id\":\"https:\\\/\\\/aconteceunovale.com.br\\\/portal\\\/?p=189011#breadcrumb\",\"itemListElement\":[{\"@type\":\"ListItem\",\"position\":1,\"name\":\"In\u00edcio\",\"item\":\"https:\\\/\\\/aconteceunovale.com.br\\\/portal\\\/\"},{\"@type\":\"ListItem\",\"position\":2,\"name\":\"Petrobras tem que cumprir sua fun\u00e7\u00e3o social, diz presidente\"}]},{\"@type\":\"WebSite\",\"@id\":\"https:\\\/\\\/aconteceunovale.com.br\\\/portal\\\/#website\",\"url\":\"https:\\\/\\\/aconteceunovale.com.br\\\/portal\\\/\",\"name\":\"Aconteceu no Vale\",\"description\":\"Portal de Not\u00edcias\",\"potentialAction\":[{\"@type\":\"SearchAction\",\"target\":{\"@type\":\"EntryPoint\",\"urlTemplate\":\"https:\\\/\\\/aconteceunovale.com.br\\\/portal\\\/?s={search_term_string}\"},\"query-input\":{\"@type\":\"PropertyValueSpecification\",\"valueRequired\":true,\"valueName\":\"search_term_string\"}}],\"inLanguage\":\"pt-BR\"},{\"@type\":\"Person\",\"@id\":\"https:\\\/\\\/aconteceunovale.com.br\\\/portal\\\/#\\\/schema\\\/person\\\/7d2f26d1483f8a63de73da1ee0754d35\",\"name\":\"Reda\u00e7\u00e3o Aconteceu no Vale\",\"description\":\"Equipe de reportagem do Aconteceu no Vale, portal de not\u00edcias do Vale do Jequitinhonha, em Minas Gerais. Cobrimos as 51 cidades do Vale desde 2013. Sugest\u00f5es de pauta e pedidos de corre\u00e7\u00e3o: contato@aconteceunovale.com.br\",\"url\":\"https:\\\/\\\/aconteceunovale.com.br\\\/portal\\\/?author=4\"}]}<\/script>\n<!-- \/ Yoast SEO plugin. -->","yoast_head_json":{"title":"Petrobras tem que cumprir sua fun\u00e7\u00e3o social, diz presidente - Aconteceu no Vale","robots":{"index":"index","follow":"follow","max-snippet":"max-snippet:-1","max-image-preview":"max-image-preview:large","max-video-preview":"max-video-preview:-1"},"canonical":"https:\/\/aconteceunovale.com.br\/portal\/?p=189011","og_locale":"pt_BR","og_type":"article","og_title":"Petrobras tem que cumprir sua fun\u00e7\u00e3o social, diz presidente - Aconteceu no Vale","og_description":"O presidente Jair Bolsonaro voltou a falar sobre o pre\u00e7o dos combust\u00edveis nesta sexta-feira (13), durante sua participa\u00e7\u00e3o na abertura da 56\u00aa Conven\u00e7\u00e3o Nacional do Com\u00e9rcio Lojista, em Campos do Jord\u00e3o (SP). Ele disse esperar que, com a\u00a0troca no comando do Minist\u00e9rio de Minas e Energia, seja poss\u00edvel fazer com que a estatal, que domina [&hellip;]","og_url":"https:\/\/aconteceunovale.com.br\/portal\/?p=189011","og_site_name":"Aconteceu no Vale","article_publisher":"https:\/\/www.facebook.com\/aconteceunovale\/","article_published_time":"2022-05-14T22:31:01+00:00","article_modified_time":"2022-05-14T22:31:54+00:00","og_image":[{"width":678,"height":406,"url":"https:\/\/aconteceunovale.com.br\/portal\/wp-content\/uploads\/2022\/05\/bolsonaro_petrobras.jpg","type":"image\/jpeg"}],"author":"Reda\u00e7\u00e3o Aconteceu no Vale","twitter_card":"summary_large_image","twitter_creator":"@noticiadosvales","twitter_site":"@noticiadosvales","twitter_misc":{"Escrito por":"Reda\u00e7\u00e3o Aconteceu no Vale","Est. tempo de leitura":"3 minutos"},"schema":{"@context":"https:\/\/schema.org","@graph":[{"@type":"Article","@id":"https:\/\/aconteceunovale.com.br\/portal\/?p=189011#article","isPartOf":{"@id":"https:\/\/aconteceunovale.com.br\/portal\/?p=189011"},"author":{"name":"Reda\u00e7\u00e3o Aconteceu no Vale","@id":"https:\/\/aconteceunovale.com.br\/portal\/#\/schema\/person\/7d2f26d1483f8a63de73da1ee0754d35"},"headline":"Petrobras tem que cumprir sua fun\u00e7\u00e3o social, diz presidente","datePublished":"2022-05-14T22:31:01+00:00","dateModified":"2022-05-14T22:31:54+00:00","mainEntityOfPage":{"@id":"https:\/\/aconteceunovale.com.br\/portal\/?p=189011"},"wordCount":568,"commentCount":0,"image":{"@id":"https:\/\/aconteceunovale.com.br\/portal\/?p=189011#primaryimage"},"thumbnailUrl":"https:\/\/aconteceunovale.com.br\/portal\/wp-content\/uploads\/2022\/05\/bolsonaro_petrobras.jpg","keywords":["87% pre\u00e7o do diesel","ANP","aumento da gasolina","Aumento da gasolina Petrobras","Aumento de pre\u00e7os Petrobras","Aumento do G\u00e1s de cozinha","Aumento do pre\u00e7o do g\u00e1s de cozinha","Aumento do pre\u00e7o do g\u00e1s Petrobras","Aumento do pre\u00e7o do GLP","Aumento do valor da gasolina","Aumento do valor da gasolina Petrobras","Aumento do valor do botij\u00e3o de 13 kg","aumento dos combust\u00edveis","Bolsonaro Petrobras","Composi\u00e7\u00e3o do pre\u00e7o da gasolina","Composi\u00e7\u00e3o do pre\u00e7o do diesel","Composi\u00e7\u00e3o do pre\u00e7o do g\u00e1s de cozinha","Composi\u00e7\u00e3o dos pre\u00e7os dos combust\u00edveis","destaque","diesel","diesel e g\u00e1s de cozinha","Diesel Petrobras","Entenda como \u00e9 composto o pre\u00e7o da gasolina","Entenda como \u00e9 composto o pre\u00e7o do diesel","Entenda como \u00e9 composto o pre\u00e7o do g\u00e1s de cozinha","g\u00e1s de cozinha","g\u00e1s de cozinha mais caro","G\u00e1s de cozinha Petrobras","gasolina","Gasolina Petrobras","Gasolina vai subir 12% nas refinarias","GLP mais caro","Impostos na gasolina","Impostos no diesel","Impostos no g\u00e1s de cozinha","Litro da gasolina","petrobras","Petrobras anuncia aumento nos pre\u00e7os da gasolina e do diesel","Petrobras anuncia aumento nos pre\u00e7os de gasolina","Petrobras aumenta em 8","Petrobras aumenta pre\u00e7o da gasolina em 10%","Petrobras aumenta pre\u00e7o da gasolina em cerca de 8%","Petrobras aumenta pre\u00e7o do diesel em cerca de 6%","Petrobras aumenta pre\u00e7o do g\u00e1s de cozinha","Petrobras aumenta pre\u00e7o do g\u00e1s de cozinha em 5%","Petrobras aumenta pre\u00e7o do g\u00e1s de cozinha em cerca de 5%","Petrobras aumenta pre\u00e7o do GLP em cerca de 5%","Petrobras aumenta pre\u00e7os de combust\u00edveis","Petrobras Bolsonaro","Pre\u00e7o do Litro da gasolina","Pre\u00e7o do Litro da gasolina nas refinarias","pre\u00e7os dos combust\u00edveis","Primeiro aumento da Petrobras em 2022","Primeiro aumento na gasolina em 2022","Primeiro aumento no diesel em 2022","Primeiro aumento nos combust\u00edveis em 2022","Reajuste da gasolina Petrobras","Reajuste do G\u00e1s de cozinha","Reajuste do pre\u00e7o do g\u00e1s de cozinha","Reajuste do pre\u00e7o do GLP","Reajuste do valor da gasolina","Reajuste dos combust\u00edveis","Reajuste na gasolina","Reajuste no valor da gasolina Petrobras","Valor da gasolina Petrobras","Valor do Litro da gasolina","Valor do Litro da gasolina nas refinarias"],"articleSection":["Brasil","Economia"],"inLanguage":"pt-BR","potentialAction":[{"@type":"CommentAction","name":"Comment","target":["https:\/\/aconteceunovale.com.br\/portal\/?p=189011#respond"]}]},{"@type":"WebPage","@id":"https:\/\/aconteceunovale.com.br\/portal\/?p=189011","url":"https:\/\/aconteceunovale.com.br\/portal\/?p=189011","name":"Petrobras tem que cumprir sua fun\u00e7\u00e3o social, diz presidente - Aconteceu no Vale","isPartOf":{"@id":"https:\/\/aconteceunovale.com.br\/portal\/#website"},"primaryImageOfPage":{"@id":"https:\/\/aconteceunovale.com.br\/portal\/?p=189011#primaryimage"},"image":{"@id":"https:\/\/aconteceunovale.com.br\/portal\/?p=189011#primaryimage"},"thumbnailUrl":"https:\/\/aconteceunovale.com.br\/portal\/wp-content\/uploads\/2022\/05\/bolsonaro_petrobras.jpg","datePublished":"2022-05-14T22:31:01+00:00","dateModified":"2022-05-14T22:31:54+00:00","author":{"@id":"https:\/\/aconteceunovale.com.br\/portal\/#\/schema\/person\/7d2f26d1483f8a63de73da1ee0754d35"},"breadcrumb":{"@id":"https:\/\/aconteceunovale.com.br\/portal\/?p=189011#breadcrumb"},"inLanguage":"pt-BR","potentialAction":[{"@type":"ReadAction","target":["https:\/\/aconteceunovale.com.br\/portal\/?p=189011"]}]},{"@type":"ImageObject","inLanguage":"pt-BR","@id":"https:\/\/aconteceunovale.com.br\/portal\/?p=189011#primaryimage","url":"https:\/\/aconteceunovale.com.br\/portal\/wp-content\/uploads\/2022\/05\/bolsonaro_petrobras.jpg","contentUrl":"https:\/\/aconteceunovale.com.br\/portal\/wp-content\/uploads\/2022\/05\/bolsonaro_petrobras.jpg","width":678,"height":406,"caption":"O presidente Jair Bolsonaro durante o lan\u00e7amento do Canal Educa\u00e7\u00e3o e do Canal Libras, no Pal\u00e1cio do Planalto."},{"@type":"BreadcrumbList","@id":"https:\/\/aconteceunovale.com.br\/portal\/?p=189011#breadcrumb","itemListElement":[{"@type":"ListItem","position":1,"name":"In\u00edcio","item":"https:\/\/aconteceunovale.com.br\/portal\/"},{"@type":"ListItem","position":2,"name":"Petrobras tem que cumprir sua fun\u00e7\u00e3o social, diz presidente"}]},{"@type":"WebSite","@id":"https:\/\/aconteceunovale.com.br\/portal\/#website","url":"https:\/\/aconteceunovale.com.br\/portal\/","name":"Aconteceu no Vale","description":"Portal de Not\u00edcias","potentialAction":[{"@type":"SearchAction","target":{"@type":"EntryPoint","urlTemplate":"https:\/\/aconteceunovale.com.br\/portal\/?s={search_term_string}"},"query-input":{"@type":"PropertyValueSpecification","valueRequired":true,"valueName":"search_term_string"}}],"inLanguage":"pt-BR"},{"@type":"Person","@id":"https:\/\/aconteceunovale.com.br\/portal\/#\/schema\/person\/7d2f26d1483f8a63de73da1ee0754d35","name":"Reda\u00e7\u00e3o Aconteceu no Vale","description":"Equipe de reportagem do Aconteceu no Vale, portal de not\u00edcias do Vale do Jequitinhonha, em Minas Gerais. Cobrimos as 51 cidades do Vale desde 2013. Sugest\u00f5es de pauta e pedidos de corre\u00e7\u00e3o: contato@aconteceunovale.com.br","url":"https:\/\/aconteceunovale.com.br\/portal\/?author=4"}]}},"_links":{"self":[{"href":"https:\/\/aconteceunovale.com.br\/portal\/index.php?rest_route=\/wp\/v2\/posts\/189011","targetHints":{"allow":["GET"]}}],"collection":[{"href":"https:\/\/aconteceunovale.com.br\/portal\/index.php?rest_route=\/wp\/v2\/posts"}],"about":[{"href":"https:\/\/aconteceunovale.com.br\/portal\/index.php?rest_route=\/wp\/v2\/types\/post"}],"author":[{"embeddable":true,"href":"https:\/\/aconteceunovale.com.br\/portal\/index.php?rest_route=\/wp\/v2\/users\/4"}],"replies":[{"embeddable":true,"href":"https:\/\/aconteceunovale.com.br\/portal\/index.php?rest_route=%2Fwp%2Fv2%2Fcomments&post=189011"}],"version-history":[{"count":1,"href":"https:\/\/aconteceunovale.com.br\/portal\/index.php?rest_route=\/wp\/v2\/posts\/189011\/revisions"}],"predecessor-version":[{"id":189013,"href":"https:\/\/aconteceunovale.com.br\/portal\/index.php?rest_route=\/wp\/v2\/posts\/189011\/revisions\/189013"}],"wp:featuredmedia":[{"embeddable":true,"href":"https:\/\/aconteceunovale.com.br\/portal\/index.php?rest_route=\/wp\/v2\/media\/189012"}],"wp:attachment":[{"href":"https:\/\/aconteceunovale.com.br\/portal\/index.php?rest_route=%2Fwp%2Fv2%2Fmedia&parent=189011"}],"wp:term":[{"taxonomy":"category","embeddable":true,"href":"https:\/\/aconteceunovale.com.br\/portal\/index.php?rest_route=%2Fwp%2Fv2%2Fcategories&post=189011"},{"taxonomy":"post_tag","embeddable":true,"href":"https:\/\/aconteceunovale.com.br\/portal\/index.php?rest_route=%2Fwp%2Fv2%2Ftags&post=189011"}],"curies":[{"name":"wp","href":"https:\/\/api.w.org\/{rel}","templated":true}]}}