{"id":188931,"date":"2022-05-02T17:52:00","date_gmt":"2022-05-02T20:52:00","guid":{"rendered":"https:\/\/aconteceunovale.com.br\/portal\/?p=188931"},"modified":"2022-05-04T00:03:59","modified_gmt":"2022-05-04T03:03:59","slug":"investigado-por-homicidio-tentado-e-preso-em-flagrante-por-trafico-em-sao-joao-evangelista%ef%bf%bc","status":"publish","type":"post","link":"https:\/\/aconteceunovale.com.br\/portal\/?p=188931","title":{"rendered":"Investigado por homic\u00eddio tentado \u00e9 preso em flagrante por tr\u00e1fico em S\u00e3o Jo\u00e3o Evangelista"},"content":{"rendered":"\n<p class=\"wp-block-paragraph\">A Pol\u00edcia Civil de Minas Gerais (PCMG) realizou, na \u00faltima sexta-feira (29\/4\/2022), em S\u00e3o Jo\u00e3o Evangelista, uma opera\u00e7\u00e3o objetivando o cumprimento de mandados de pris\u00e3o e de busca e apreens\u00e3o contra dois investigados por uma tentativa de homic\u00eddio ocorrida na cidade. Um homem, de 20 anos, foi preso em flagrante por tr\u00e1fico de drogas.<\/p>\n\n\n\n<p class=\"wp-block-paragraph\">Na casa do investigado, segundo a PCMG, foi localizada quantidade significativa de drogas e dinheiro, motivo pelo qual foi autuado em flagrante. Contra ele, tamb\u00e9m havia mandado de pris\u00e3o tempor\u00e1ria. Assim, ap\u00f3s os procedimentos na Delegacia de Pol\u00edcia, o homem foi encaminhado ao sistema prisional, ficando \u00e0 disposi\u00e7\u00e3o da Justi\u00e7a.<\/p>\n\n\n\n<p class=\"wp-block-paragraph\">O crime de homic\u00eddio tentado ocorreu no dia 4 de mar\u00e7o deste ano. Conforme apurado, a v\u00edtima, um adolescente de 17 anos, teria envolvimento no tr\u00e1fico de drogas. A PCMG prossegue com as investiga\u00e7\u00f5es e trabalha na localiza\u00e7\u00e3o do segundo suspeito identificado.<\/p>\n\n\n\n<p class=\"wp-block-paragraph\">&#8212;&#8212;&#8212;&#8212;&#8212;&#8212;<br><br><strong>Sabia que o Aconteceu no Vale est\u00e1 tamb\u00e9m no Telegram? <a rel=\"noreferrer noopener\" href=\"https:\/\/t.me\/aconteceunovaleoficial\" target=\"_blank\">Inscreva-se no canal<\/a>.<\/strong><br><br><strong>J\u00e1 curtiu ou seguiu nossas p\u00e1ginas nas redes sociais?\u00a0Receba as not\u00edcias em primeira m\u00e3o:<\/strong><br>\u2022 <a rel=\"noreferrer noopener\" href=\"https:\/\/news.google.com\/publications\/CAAqBwgKMNjklQswi4etAw?hl=pt-BR&amp;gl=BR&amp;ceid=BR%3Apt-419\" target=\"_blank\">Google News<\/a><br>\u2022 <a rel=\"noreferrer noopener\" href=\"https:\/\/www.facebook.com\/aconteceunovale\/\" target=\"_blank\">Facebook<\/a><br>\u2022 <a rel=\"noreferrer noopener\" href=\"https:\/\/twitter.com\/noticiadosvales\" target=\"_blank\">Twitter<\/a><br>\u2022 <a rel=\"noreferrer noopener\" href=\"https:\/\/www.instagram.com\/aconteceunovale\" target=\"_blank\">Instagram<\/a><br>\u2022 <a rel=\"noreferrer noopener\" href=\"https:\/\/www.youtube.com\/AconteceunoValeOficial\" target=\"_blank\">Youtube<\/a><br>\u2022 <a rel=\"noreferrer noopener\" href=\"https:\/\/www.tiktok.com\/@aconteceunovale\" target=\"_blank\">TikTok<\/a><\/p>\n","protected":false},"excerpt":{"rendered":"<p>A Pol\u00edcia Civil de Minas Gerais (PCMG) realizou, na \u00faltima sexta-feira (29\/4\/2022), em S\u00e3o Jo\u00e3o Evangelista, uma opera\u00e7\u00e3o objetivando o cumprimento de mandados de pris\u00e3o e de busca e apreens\u00e3o contra dois investigados por uma tentativa de homic\u00eddio ocorrida na cidade. Um homem, de 20 anos, foi preso em flagrante por tr\u00e1fico de drogas. Na [&hellip;]<\/p>\n","protected":false},"author":4,"featured_media":182727,"comment_status":"open","ping_status":"closed","sticky":false,"template":"","format":"standard","meta":{"amp_status":"","footnotes":""},"categories":[121],"tags":[261105,252635,48029,48030,162],"class_list":["post-188931","post","type-post","status-publish","format-standard","has-post-thumbnail","hentry","category-leste","tag-investigado-por-homicidio-tentado-e-preso-em-flagrante-por-trafico-em-sao-joao-evangelista","tag-pcmg-em-sao-joao-evangelista","tag-preso-em-sao-joao-evangelista","tag-preso-por-trafico-em-sao-joao-evangelista","tag-sao-joao-evangelista"],"yoast_head":"<!-- This site is optimized with the Yoast SEO plugin v28.3 - https:\/\/yoast.com\/product\/yoast-seo-wordpress\/ -->\n<title>Investigado por homic\u00eddio tentado \u00e9 preso em flagrante por tr\u00e1fico em S\u00e3o Jo\u00e3o Evangelista - Aconteceu no Vale<\/title>\n<meta name=\"robots\" content=\"index, follow, max-snippet:-1, max-image-preview:large, max-video-preview:-1\" \/>\n<link rel=\"canonical\" href=\"https:\/\/aconteceunovale.com.br\/portal\/?p=188931\" \/>\n<meta property=\"og:locale\" content=\"pt_BR\" \/>\n<meta property=\"og:type\" content=\"article\" \/>\n<meta property=\"og:title\" content=\"Investigado por homic\u00eddio tentado \u00e9 preso em flagrante por tr\u00e1fico em S\u00e3o Jo\u00e3o Evangelista - Aconteceu no Vale\" \/>\n<meta property=\"og:description\" content=\"A Pol\u00edcia Civil de Minas Gerais (PCMG) realizou, na \u00faltima sexta-feira (29\/4\/2022), em S\u00e3o Jo\u00e3o Evangelista, uma opera\u00e7\u00e3o objetivando o cumprimento de mandados de pris\u00e3o e de busca e apreens\u00e3o contra dois investigados por uma tentativa de homic\u00eddio ocorrida na cidade. Um homem, de 20 anos, foi preso em flagrante por tr\u00e1fico de drogas. Na [&hellip;]\" \/>\n<meta property=\"og:url\" content=\"https:\/\/aconteceunovale.com.br\/portal\/?p=188931\" \/>\n<meta property=\"og:site_name\" content=\"Aconteceu no Vale\" \/>\n<meta property=\"article:publisher\" content=\"https:\/\/www.facebook.com\/aconteceunovale\/\" \/>\n<meta property=\"article:published_time\" content=\"2022-05-02T20:52:00+00:00\" \/>\n<meta property=\"article:modified_time\" content=\"2022-05-04T03:03:59+00:00\" \/>\n<meta property=\"og:image\" content=\"https:\/\/aconteceunovale.com.br\/portal\/wp-content\/uploads\/2021\/10\/pcmg_sao_joao_evangelista_sje.jpeg\" \/>\n\t<meta property=\"og:image:width\" content=\"671\" \/>\n\t<meta property=\"og:image:height\" content=\"450\" \/>\n\t<meta property=\"og:image:type\" content=\"image\/jpeg\" \/>\n<meta name=\"author\" content=\"Reda\u00e7\u00e3o Aconteceu no Vale\" \/>\n<meta name=\"twitter:card\" content=\"summary_large_image\" \/>\n<meta name=\"twitter:creator\" content=\"@noticiadosvales\" \/>\n<meta name=\"twitter:site\" content=\"@noticiadosvales\" \/>\n<meta name=\"twitter:label1\" content=\"Escrito por\" \/>\n\t<meta name=\"twitter:data1\" content=\"Reda\u00e7\u00e3o Aconteceu no Vale\" \/>\n\t<meta name=\"twitter:label2\" content=\"Est. tempo de leitura\" \/>\n\t<meta name=\"twitter:data2\" content=\"1 minuto\" \/>\n<script type=\"application\/ld+json\" class=\"yoast-schema-graph\">{\"@context\":\"https:\\\/\\\/schema.org\",\"@graph\":[{\"@type\":\"Article\",\"@id\":\"https:\\\/\\\/aconteceunovale.com.br\\\/portal\\\/?p=188931#article\",\"isPartOf\":{\"@id\":\"https:\\\/\\\/aconteceunovale.com.br\\\/portal\\\/?p=188931\"},\"author\":{\"name\":\"Reda\u00e7\u00e3o Aconteceu no Vale\",\"@id\":\"https:\\\/\\\/aconteceunovale.com.br\\\/portal\\\/#\\\/schema\\\/person\\\/7d2f26d1483f8a63de73da1ee0754d35\"},\"headline\":\"Investigado por homic\u00eddio tentado \u00e9 preso em flagrante por tr\u00e1fico em S\u00e3o Jo\u00e3o Evangelista\",\"datePublished\":\"2022-05-02T20:52:00+00:00\",\"dateModified\":\"2022-05-04T03:03:59+00:00\",\"mainEntityOfPage\":{\"@id\":\"https:\\\/\\\/aconteceunovale.com.br\\\/portal\\\/?p=188931\"},\"wordCount\":219,\"commentCount\":0,\"image\":{\"@id\":\"https:\\\/\\\/aconteceunovale.com.br\\\/portal\\\/?p=188931#primaryimage\"},\"thumbnailUrl\":\"https:\\\/\\\/aconteceunovale.com.br\\\/portal\\\/wp-content\\\/uploads\\\/2021\\\/10\\\/pcmg_sao_joao_evangelista_sje.jpeg\",\"keywords\":[\"Investigado por homic\u00eddio tentado \u00e9 preso em flagrante por tr\u00e1fico em S\u00e3o Jo\u00e3o Evangelista\",\"PCMG em S\u00e3o Jo\u00e3o Evangelista\",\"Preso em S\u00e3o Jo\u00e3o Evangelista\",\"preso por tr\u00e1fico em S\u00e3o Jo\u00e3o Evangelista\",\"S\u00e3o Jo\u00e3o Evangelista\"],\"articleSection\":[\"Leste de Minas\"],\"inLanguage\":\"pt-BR\",\"potentialAction\":[{\"@type\":\"CommentAction\",\"name\":\"Comment\",\"target\":[\"https:\\\/\\\/aconteceunovale.com.br\\\/portal\\\/?p=188931#respond\"]}]},{\"@type\":\"WebPage\",\"@id\":\"https:\\\/\\\/aconteceunovale.com.br\\\/portal\\\/?p=188931\",\"url\":\"https:\\\/\\\/aconteceunovale.com.br\\\/portal\\\/?p=188931\",\"name\":\"Investigado por homic\u00eddio tentado \u00e9 preso em flagrante por tr\u00e1fico em S\u00e3o Jo\u00e3o Evangelista - Aconteceu no Vale\",\"isPartOf\":{\"@id\":\"https:\\\/\\\/aconteceunovale.com.br\\\/portal\\\/#website\"},\"primaryImageOfPage\":{\"@id\":\"https:\\\/\\\/aconteceunovale.com.br\\\/portal\\\/?p=188931#primaryimage\"},\"image\":{\"@id\":\"https:\\\/\\\/aconteceunovale.com.br\\\/portal\\\/?p=188931#primaryimage\"},\"thumbnailUrl\":\"https:\\\/\\\/aconteceunovale.com.br\\\/portal\\\/wp-content\\\/uploads\\\/2021\\\/10\\\/pcmg_sao_joao_evangelista_sje.jpeg\",\"datePublished\":\"2022-05-02T20:52:00+00:00\",\"dateModified\":\"2022-05-04T03:03:59+00:00\",\"author\":{\"@id\":\"https:\\\/\\\/aconteceunovale.com.br\\\/portal\\\/#\\\/schema\\\/person\\\/7d2f26d1483f8a63de73da1ee0754d35\"},\"breadcrumb\":{\"@id\":\"https:\\\/\\\/aconteceunovale.com.br\\\/portal\\\/?p=188931#breadcrumb\"},\"inLanguage\":\"pt-BR\",\"potentialAction\":[{\"@type\":\"ReadAction\",\"target\":[\"https:\\\/\\\/aconteceunovale.com.br\\\/portal\\\/?p=188931\"]}]},{\"@type\":\"ImageObject\",\"inLanguage\":\"pt-BR\",\"@id\":\"https:\\\/\\\/aconteceunovale.com.br\\\/portal\\\/?p=188931#primaryimage\",\"url\":\"https:\\\/\\\/aconteceunovale.com.br\\\/portal\\\/wp-content\\\/uploads\\\/2021\\\/10\\\/pcmg_sao_joao_evangelista_sje.jpeg\",\"contentUrl\":\"https:\\\/\\\/aconteceunovale.com.br\\\/portal\\\/wp-content\\\/uploads\\\/2021\\\/10\\\/pcmg_sao_joao_evangelista_sje.jpeg\",\"width\":671,\"height\":450},{\"@type\":\"BreadcrumbList\",\"@id\":\"https:\\\/\\\/aconteceunovale.com.br\\\/portal\\\/?p=188931#breadcrumb\",\"itemListElement\":[{\"@type\":\"ListItem\",\"position\":1,\"name\":\"In\u00edcio\",\"item\":\"https:\\\/\\\/aconteceunovale.com.br\\\/portal\\\/\"},{\"@type\":\"ListItem\",\"position\":2,\"name\":\"Investigado por homic\u00eddio tentado \u00e9 preso em flagrante por tr\u00e1fico em S\u00e3o Jo\u00e3o Evangelista\"}]},{\"@type\":\"WebSite\",\"@id\":\"https:\\\/\\\/aconteceunovale.com.br\\\/portal\\\/#website\",\"url\":\"https:\\\/\\\/aconteceunovale.com.br\\\/portal\\\/\",\"name\":\"Aconteceu no Vale\",\"description\":\"Portal de Not\u00edcias\",\"potentialAction\":[{\"@type\":\"SearchAction\",\"target\":{\"@type\":\"EntryPoint\",\"urlTemplate\":\"https:\\\/\\\/aconteceunovale.com.br\\\/portal\\\/?s={search_term_string}\"},\"query-input\":{\"@type\":\"PropertyValueSpecification\",\"valueRequired\":true,\"valueName\":\"search_term_string\"}}],\"inLanguage\":\"pt-BR\"},{\"@type\":\"Person\",\"@id\":\"https:\\\/\\\/aconteceunovale.com.br\\\/portal\\\/#\\\/schema\\\/person\\\/7d2f26d1483f8a63de73da1ee0754d35\",\"name\":\"Reda\u00e7\u00e3o Aconteceu no Vale\",\"description\":\"Equipe de reportagem do Aconteceu no Vale, portal de not\u00edcias do Vale do Jequitinhonha, em Minas Gerais. Cobrimos as 51 cidades do Vale desde 2013. Sugest\u00f5es de pauta e pedidos de corre\u00e7\u00e3o: contato@aconteceunovale.com.br\",\"url\":\"https:\\\/\\\/aconteceunovale.com.br\\\/portal\\\/?author=4\"}]}<\/script>\n<!-- \/ Yoast SEO plugin. -->","yoast_head_json":{"title":"Investigado por homic\u00eddio tentado \u00e9 preso em flagrante por tr\u00e1fico em S\u00e3o Jo\u00e3o Evangelista - Aconteceu no Vale","robots":{"index":"index","follow":"follow","max-snippet":"max-snippet:-1","max-image-preview":"max-image-preview:large","max-video-preview":"max-video-preview:-1"},"canonical":"https:\/\/aconteceunovale.com.br\/portal\/?p=188931","og_locale":"pt_BR","og_type":"article","og_title":"Investigado por homic\u00eddio tentado \u00e9 preso em flagrante por tr\u00e1fico em S\u00e3o Jo\u00e3o Evangelista - Aconteceu no Vale","og_description":"A Pol\u00edcia Civil de Minas Gerais (PCMG) realizou, na \u00faltima sexta-feira (29\/4\/2022), em S\u00e3o Jo\u00e3o Evangelista, uma opera\u00e7\u00e3o objetivando o cumprimento de mandados de pris\u00e3o e de busca e apreens\u00e3o contra dois investigados por uma tentativa de homic\u00eddio ocorrida na cidade. Um homem, de 20 anos, foi preso em flagrante por tr\u00e1fico de drogas. Na [&hellip;]","og_url":"https:\/\/aconteceunovale.com.br\/portal\/?p=188931","og_site_name":"Aconteceu no Vale","article_publisher":"https:\/\/www.facebook.com\/aconteceunovale\/","article_published_time":"2022-05-02T20:52:00+00:00","article_modified_time":"2022-05-04T03:03:59+00:00","og_image":[{"width":671,"height":450,"url":"https:\/\/aconteceunovale.com.br\/portal\/wp-content\/uploads\/2021\/10\/pcmg_sao_joao_evangelista_sje.jpeg","type":"image\/jpeg"}],"author":"Reda\u00e7\u00e3o Aconteceu no Vale","twitter_card":"summary_large_image","twitter_creator":"@noticiadosvales","twitter_site":"@noticiadosvales","twitter_misc":{"Escrito por":"Reda\u00e7\u00e3o Aconteceu no Vale","Est. tempo de leitura":"1 minuto"},"schema":{"@context":"https:\/\/schema.org","@graph":[{"@type":"Article","@id":"https:\/\/aconteceunovale.com.br\/portal\/?p=188931#article","isPartOf":{"@id":"https:\/\/aconteceunovale.com.br\/portal\/?p=188931"},"author":{"name":"Reda\u00e7\u00e3o Aconteceu no Vale","@id":"https:\/\/aconteceunovale.com.br\/portal\/#\/schema\/person\/7d2f26d1483f8a63de73da1ee0754d35"},"headline":"Investigado por homic\u00eddio tentado \u00e9 preso em flagrante por tr\u00e1fico em S\u00e3o Jo\u00e3o Evangelista","datePublished":"2022-05-02T20:52:00+00:00","dateModified":"2022-05-04T03:03:59+00:00","mainEntityOfPage":{"@id":"https:\/\/aconteceunovale.com.br\/portal\/?p=188931"},"wordCount":219,"commentCount":0,"image":{"@id":"https:\/\/aconteceunovale.com.br\/portal\/?p=188931#primaryimage"},"thumbnailUrl":"https:\/\/aconteceunovale.com.br\/portal\/wp-content\/uploads\/2021\/10\/pcmg_sao_joao_evangelista_sje.jpeg","keywords":["Investigado por homic\u00eddio tentado \u00e9 preso em flagrante por tr\u00e1fico em S\u00e3o Jo\u00e3o Evangelista","PCMG em S\u00e3o Jo\u00e3o Evangelista","Preso em S\u00e3o Jo\u00e3o Evangelista","preso por tr\u00e1fico em S\u00e3o Jo\u00e3o Evangelista","S\u00e3o Jo\u00e3o Evangelista"],"articleSection":["Leste de Minas"],"inLanguage":"pt-BR","potentialAction":[{"@type":"CommentAction","name":"Comment","target":["https:\/\/aconteceunovale.com.br\/portal\/?p=188931#respond"]}]},{"@type":"WebPage","@id":"https:\/\/aconteceunovale.com.br\/portal\/?p=188931","url":"https:\/\/aconteceunovale.com.br\/portal\/?p=188931","name":"Investigado por homic\u00eddio tentado \u00e9 preso em flagrante por tr\u00e1fico em S\u00e3o Jo\u00e3o Evangelista - Aconteceu no Vale","isPartOf":{"@id":"https:\/\/aconteceunovale.com.br\/portal\/#website"},"primaryImageOfPage":{"@id":"https:\/\/aconteceunovale.com.br\/portal\/?p=188931#primaryimage"},"image":{"@id":"https:\/\/aconteceunovale.com.br\/portal\/?p=188931#primaryimage"},"thumbnailUrl":"https:\/\/aconteceunovale.com.br\/portal\/wp-content\/uploads\/2021\/10\/pcmg_sao_joao_evangelista_sje.jpeg","datePublished":"2022-05-02T20:52:00+00:00","dateModified":"2022-05-04T03:03:59+00:00","author":{"@id":"https:\/\/aconteceunovale.com.br\/portal\/#\/schema\/person\/7d2f26d1483f8a63de73da1ee0754d35"},"breadcrumb":{"@id":"https:\/\/aconteceunovale.com.br\/portal\/?p=188931#breadcrumb"},"inLanguage":"pt-BR","potentialAction":[{"@type":"ReadAction","target":["https:\/\/aconteceunovale.com.br\/portal\/?p=188931"]}]},{"@type":"ImageObject","inLanguage":"pt-BR","@id":"https:\/\/aconteceunovale.com.br\/portal\/?p=188931#primaryimage","url":"https:\/\/aconteceunovale.com.br\/portal\/wp-content\/uploads\/2021\/10\/pcmg_sao_joao_evangelista_sje.jpeg","contentUrl":"https:\/\/aconteceunovale.com.br\/portal\/wp-content\/uploads\/2021\/10\/pcmg_sao_joao_evangelista_sje.jpeg","width":671,"height":450},{"@type":"BreadcrumbList","@id":"https:\/\/aconteceunovale.com.br\/portal\/?p=188931#breadcrumb","itemListElement":[{"@type":"ListItem","position":1,"name":"In\u00edcio","item":"https:\/\/aconteceunovale.com.br\/portal\/"},{"@type":"ListItem","position":2,"name":"Investigado por homic\u00eddio tentado \u00e9 preso em flagrante por tr\u00e1fico em S\u00e3o Jo\u00e3o Evangelista"}]},{"@type":"WebSite","@id":"https:\/\/aconteceunovale.com.br\/portal\/#website","url":"https:\/\/aconteceunovale.com.br\/portal\/","name":"Aconteceu no Vale","description":"Portal de Not\u00edcias","potentialAction":[{"@type":"SearchAction","target":{"@type":"EntryPoint","urlTemplate":"https:\/\/aconteceunovale.com.br\/portal\/?s={search_term_string}"},"query-input":{"@type":"PropertyValueSpecification","valueRequired":true,"valueName":"search_term_string"}}],"inLanguage":"pt-BR"},{"@type":"Person","@id":"https:\/\/aconteceunovale.com.br\/portal\/#\/schema\/person\/7d2f26d1483f8a63de73da1ee0754d35","name":"Reda\u00e7\u00e3o Aconteceu no Vale","description":"Equipe de reportagem do Aconteceu no Vale, portal de not\u00edcias do Vale do Jequitinhonha, em Minas Gerais. Cobrimos as 51 cidades do Vale desde 2013. Sugest\u00f5es de pauta e pedidos de corre\u00e7\u00e3o: contato@aconteceunovale.com.br","url":"https:\/\/aconteceunovale.com.br\/portal\/?author=4"}]}},"_links":{"self":[{"href":"https:\/\/aconteceunovale.com.br\/portal\/index.php?rest_route=\/wp\/v2\/posts\/188931","targetHints":{"allow":["GET"]}}],"collection":[{"href":"https:\/\/aconteceunovale.com.br\/portal\/index.php?rest_route=\/wp\/v2\/posts"}],"about":[{"href":"https:\/\/aconteceunovale.com.br\/portal\/index.php?rest_route=\/wp\/v2\/types\/post"}],"author":[{"embeddable":true,"href":"https:\/\/aconteceunovale.com.br\/portal\/index.php?rest_route=\/wp\/v2\/users\/4"}],"replies":[{"embeddable":true,"href":"https:\/\/aconteceunovale.com.br\/portal\/index.php?rest_route=%2Fwp%2Fv2%2Fcomments&post=188931"}],"version-history":[{"count":2,"href":"https:\/\/aconteceunovale.com.br\/portal\/index.php?rest_route=\/wp\/v2\/posts\/188931\/revisions"}],"predecessor-version":[{"id":188936,"href":"https:\/\/aconteceunovale.com.br\/portal\/index.php?rest_route=\/wp\/v2\/posts\/188931\/revisions\/188936"}],"wp:featuredmedia":[{"embeddable":true,"href":"https:\/\/aconteceunovale.com.br\/portal\/index.php?rest_route=\/wp\/v2\/media\/182727"}],"wp:attachment":[{"href":"https:\/\/aconteceunovale.com.br\/portal\/index.php?rest_route=%2Fwp%2Fv2%2Fmedia&parent=188931"}],"wp:term":[{"taxonomy":"category","embeddable":true,"href":"https:\/\/aconteceunovale.com.br\/portal\/index.php?rest_route=%2Fwp%2Fv2%2Fcategories&post=188931"},{"taxonomy":"post_tag","embeddable":true,"href":"https:\/\/aconteceunovale.com.br\/portal\/index.php?rest_route=%2Fwp%2Fv2%2Ftags&post=188931"}],"curies":[{"name":"wp","href":"https:\/\/api.w.org\/{rel}","templated":true}]}}