{"id":188893,"date":"2022-05-02T14:53:11","date_gmt":"2022-05-02T17:53:11","guid":{"rendered":"https:\/\/aconteceunovale.com.br\/portal\/?p=188893"},"modified":"2022-05-02T14:53:32","modified_gmt":"2022-05-02T17:53:32","slug":"milhares-de-pessoas-prestigiaram-as-comemoracoes-do-aniversario-de-ipatinga","status":"publish","type":"post","link":"https:\/\/aconteceunovale.com.br\/portal\/?p=188893","title":{"rendered":"Milhares de pessoas prestigiaram as comemora\u00e7\u00f5es do anivers\u00e1rio de Ipatinga"},"content":{"rendered":"\n<p class=\"wp-block-paragraph\">Com shows, 1,5 tonelada de bolo comemorativo, mutir\u00e3o de cidadania e rever\u00eancias especiais \u00e0 hist\u00f3ria do munic\u00edpio, o Parque Ipanema voltou a ser palco de grande confraterniza\u00e7\u00e3o dos moradores e visitantes de cidades vizinhas.<\/p>\n\n\n\n<figure class=\"wp-block-gallery has-nested-images columns-default is-cropped wp-block-gallery-1 is-layout-flex wp-block-gallery-is-layout-flex\">\n<figure class=\"wp-block-image size-large\"><img loading=\"lazy\" decoding=\"async\" width=\"656\" height=\"450\" data-id=\"188894\" src=\"https:\/\/aconteceunovale.com.br\/portal\/wp-content\/uploads\/2022\/05\/aniversario_ipatinga_1.jpeg\" alt=\"\" class=\"wp-image-188894\" srcset=\"https:\/\/aconteceunovale.com.br\/portal\/wp-content\/uploads\/2022\/05\/aniversario_ipatinga_1.jpeg 656w, https:\/\/aconteceunovale.com.br\/portal\/wp-content\/uploads\/2022\/05\/aniversario_ipatinga_1-300x206.jpeg 300w, https:\/\/aconteceunovale.com.br\/portal\/wp-content\/uploads\/2022\/05\/aniversario_ipatinga_1-100x70.jpeg 100w, https:\/\/aconteceunovale.com.br\/portal\/wp-content\/uploads\/2022\/05\/aniversario_ipatinga_1-218x150.jpeg 218w, https:\/\/aconteceunovale.com.br\/portal\/wp-content\/uploads\/2022\/05\/aniversario_ipatinga_1-612x420.jpeg 612w\" sizes=\"auto, (max-width: 656px) 100vw, 656px\" \/><figcaption><em><sub>Foto: Divulga\u00e7\u00e3o \/ Prefeitura de Ipatinga<\/sub><\/em><\/figcaption><\/figure>\n<\/figure>\n\n\n\n<p class=\"wp-block-paragraph\">De acordo com dados da Sescon (Secretaria de Seguran\u00e7a e Conviv\u00eancia Cidad\u00e3), entre os dias 27 de abril e 1\u00ba de maio cerca de 60 mil pessoas passaram pelo Parque Ipanema, palco principal dos festejos do 58\u00ba anivers\u00e1rio de Ipatinga.<\/p>\n\n\n\n<p class=\"wp-block-paragraph\">Ap\u00f3s dois anos de restri\u00e7\u00f5es sanit\u00e1rias impostas pela pandemia de Coronav\u00edrus, a cidade vivenciou dias especiais e hist\u00f3ricos para celebrar a sua emancipa\u00e7\u00e3o pol\u00edtico-administrativa.<\/p>\n\n\n\n<p class=\"wp-block-paragraph\">O sucesso das comemora\u00e7\u00f5es do 58\u00ba anivers\u00e1rio de Ipatinga j\u00e1 havia sido sinalizado com eventos realizados nos \u00faltimos dias. O Pescando no Parque, no dia 10 de abril, e o Festival da Banana, em 23 e 24 de abril, na comunidade de Pedra Branca; o Festival de Cinema Infantil Casa Cult, no pier do Parque, entre os dias 21 e 24; as incr\u00edveis acrobacias da Esquadrilha da Fuma\u00e7a, no dia 23; a partida entre Ipatinga e Tupi, na noite de quarta-feira (27), com vit\u00f3ria da equipe local por 2 a 0, valendo pela primeira rodada do M\u00f3dulo II do Campeonato Mineiro.<\/p>\n\n\n\n<p class=\"wp-block-paragraph\"><strong>Confira o resumo das festividades:<\/strong><\/p>\n\n\n\n<h3 class=\"wp-block-heading\"><strong>28 de abril &#8211; quinta-feira<\/strong><\/h3>\n\n\n\n<p class=\"wp-block-paragraph\"><strong>Noite Gospel<\/strong><\/p>\n\n\n\n<p class=\"wp-block-paragraph\">Na noite de quinta-feira (28), v\u00e9spera da data oficial de anivers\u00e1rio da cidade, o Parque Ipanema recebeu um grande p\u00fablico para prestigiar a Noite Gospel, com apresenta\u00e7\u00f5es das bandas Evang\u00e9lico Lar Music e Cat\u00f3lico Minist\u00e9rio Liberi (CDD).<\/p>\n\n\n\n<p class=\"wp-block-paragraph\"><strong>29 de Abril &#8211; sexta-feira<\/strong><\/p>\n\n\n\n<p class=\"wp-block-paragraph\">O dia come\u00e7ou festivo na cidade. Foi realizado um passeio cicl\u00edstico abra\u00e7ado por centenas de adeptos, que desfilaram por um percurso de 12 km, passando pelo Centro e bairros adjacentes at\u00e9 retornar ao local de partida. O prefeito Gustavo Nunes, acompanhado da noiva Rafaela Gon\u00e7alves, abriu a programa\u00e7\u00e3o da data oficial de celebra\u00e7\u00e3o da autonomia do munic\u00edpio-polo do Vale do A\u00e7o participando de uma cerim\u00f4nia no galp\u00e3o principal. Ali tamb\u00e9m se apresentaram, com anima\u00e7\u00e3o contagiante, o grupo Renascer de terceira idade, do bairro Limoeiro; a banda Apaexonados, da APAE, e uma equipe do Educand\u00e1rio Fam\u00edlia de Nazar\u00e9 (EFAN).<\/p>\n\n\n\n<p class=\"wp-block-paragraph\"><strong>Tradicional bolo<\/strong><\/p>\n\n\n\n<figure class=\"wp-block-gallery has-nested-images columns-default is-cropped wp-block-gallery-2 is-layout-flex wp-block-gallery-is-layout-flex\">\n<figure class=\"wp-block-image size-large\"><img loading=\"lazy\" decoding=\"async\" width=\"675\" height=\"450\" data-id=\"188895\" src=\"https:\/\/aconteceunovale.com.br\/portal\/wp-content\/uploads\/2022\/05\/aniversario_ipatinga_2.jpeg\" alt=\"\" class=\"wp-image-188895\" srcset=\"https:\/\/aconteceunovale.com.br\/portal\/wp-content\/uploads\/2022\/05\/aniversario_ipatinga_2.jpeg 675w, https:\/\/aconteceunovale.com.br\/portal\/wp-content\/uploads\/2022\/05\/aniversario_ipatinga_2-300x200.jpeg 300w, https:\/\/aconteceunovale.com.br\/portal\/wp-content\/uploads\/2022\/05\/aniversario_ipatinga_2-630x420.jpeg 630w\" sizes=\"auto, (max-width: 675px) 100vw, 675px\" \/><figcaption><em><sub>Foto: Divulga\u00e7\u00e3o \/ Prefeitura de Ipatinga<\/sub><\/em><\/figcaption><\/figure>\n<\/figure>\n\n\n\n<p class=\"wp-block-paragraph\">O \u00e1pice da festa, ainda pela manh\u00e3, foi o parab\u00e9ns \u00e0 cidade, cantado por todo o p\u00fablico nas proximidades da lagoa do Parque, com o acompanhamento da banda da Escola de M\u00fasica Tenente Oswaldo Machado (TOM) e performances de artistas da Escola Municipal de Artes C\u00eanicas (EMAC). O local foi onde aconteceu tamb\u00e9m, sob uma grande tenda, a tradicional distribui\u00e7\u00e3o do bolo de anivers\u00e1rio. O prefeito e sua noiva tamb\u00e9m participaram do ato, auxiliados por cantineiras das escolas municipais e volunt\u00e1rios de diversas entidades parceiras. Este ano, por quest\u00f5es de higiene e preven\u00e7\u00e3o, a guloseima foi fracionada em mais de 10 mil potinhos, atitude que foi muito elogiada pelos mun\u00edcipes.<\/p>\n\n\n\n<p class=\"wp-block-paragraph\"><strong>Mutir\u00e3o da Cidadania<\/strong><\/p>\n\n\n\n<p class=\"wp-block-paragraph\">Ainda como parte das comemora\u00e7\u00f5es do 29 de abril, aconteceu no Parque Ipanema, em v\u00e1rios estandes municipais e de entidades parceiras, o Mutir\u00e3o da Cidadania, com oferta de m\u00faltiplos servi\u00e7os de sa\u00fade, servi\u00e7os de beleza e corte de cabelo, apresenta\u00e7\u00f5es teatrais e musicais, recrea\u00e7\u00e3o (brinquedos infl\u00e1veis, oficinas de pinturas de rosto, pipoca, algod\u00e3o-doce), aul\u00e3o de dan\u00e7a e divulga\u00e7\u00e3o de campanhas educativas com conscientiza\u00e7\u00e3o sobre temas diversos. Ainda, houve uma visita oficial do chefe do Executivo, secret\u00e1rios e representantes do Legislativo ao Parque da Ci\u00eancia, revitalizado pela gest\u00e3o municipal.<\/p>\n\n\n\n<figure class=\"wp-block-gallery has-nested-images columns-default is-cropped wp-block-gallery-3 is-layout-flex wp-block-gallery-is-layout-flex\">\n<figure class=\"wp-block-image size-large\"><img loading=\"lazy\" decoding=\"async\" width=\"675\" height=\"450\" data-id=\"188897\" src=\"https:\/\/aconteceunovale.com.br\/portal\/wp-content\/uploads\/2022\/05\/aniversario_ipatinga_4.jpeg\" alt=\"\" class=\"wp-image-188897\" srcset=\"https:\/\/aconteceunovale.com.br\/portal\/wp-content\/uploads\/2022\/05\/aniversario_ipatinga_4.jpeg 675w, https:\/\/aconteceunovale.com.br\/portal\/wp-content\/uploads\/2022\/05\/aniversario_ipatinga_4-300x200.jpeg 300w, https:\/\/aconteceunovale.com.br\/portal\/wp-content\/uploads\/2022\/05\/aniversario_ipatinga_4-630x420.jpeg 630w\" sizes=\"auto, (max-width: 675px) 100vw, 675px\" \/><figcaption><em><sub>Foto: Divulga\u00e7\u00e3o \/ Prefeitura de Ipatinga<\/sub><\/em><\/figcaption><\/figure>\n<\/figure>\n\n\n\n<p class=\"wp-block-paragraph\"><strong>M\u00fasica e Nota Premiada<\/strong><\/p>\n\n\n\n<p class=\"wp-block-paragraph\">A festa do 29 de abril teve shows das irm\u00e3s Leslie &amp; Laurie, a banda Art Vitrola e o grupo Dan\u00e7a Comigo. Com a presen\u00e7a do prefeito, foi realizada, no palco, a entrega de pr\u00eamios aos ganhadores do programa Nota Premiada (cheques de R$ 1 mil e bicicletas).<\/p>\n\n\n\n<figure class=\"wp-block-gallery has-nested-images columns-default is-cropped wp-block-gallery-4 is-layout-flex wp-block-gallery-is-layout-flex\">\n<figure class=\"wp-block-image size-large\"><img loading=\"lazy\" decoding=\"async\" width=\"675\" height=\"450\" data-id=\"188898\" src=\"https:\/\/aconteceunovale.com.br\/portal\/wp-content\/uploads\/2022\/05\/aniversario_ipatinga_5.jpeg\" alt=\"\" class=\"wp-image-188898\" srcset=\"https:\/\/aconteceunovale.com.br\/portal\/wp-content\/uploads\/2022\/05\/aniversario_ipatinga_5.jpeg 675w, https:\/\/aconteceunovale.com.br\/portal\/wp-content\/uploads\/2022\/05\/aniversario_ipatinga_5-300x200.jpeg 300w, https:\/\/aconteceunovale.com.br\/portal\/wp-content\/uploads\/2022\/05\/aniversario_ipatinga_5-630x420.jpeg 630w\" sizes=\"auto, (max-width: 675px) 100vw, 675px\" \/><figcaption><em><sub>Foto: Divulga\u00e7\u00e3o \/ Prefeitura de Ipatinga<\/sub><\/em><\/figcaption><\/figure>\n<\/figure>\n\n\n\n<h3 class=\"wp-block-heading\"><strong>30 de Abril \u2013 s\u00e1bado<\/strong><\/h3>\n\n\n\n<p class=\"wp-block-paragraph\">No s\u00e1bado (30), al\u00e9m da Feirarte especial que funcionou durante todos os dias de festa no Parque Ipanema, com muitas op\u00e7\u00f5es de gastronomia e artesanato, no per\u00edodo da tarde aconteceu o Grande Pr\u00eamio de Kart 58 Anos, no Kart\u00f3dromo Emerson Fittipaldi. \u00c0 partir de 18h30, as atra\u00e7\u00f5es foram shows com a Equipe Dan\u00e7a Comigo, Tsunami do Forr\u00f3 e o Grupo Bol\u00earos do Samba. Novamente, no palco montado no Parque, foram entregues bicicletas e cheques de R$ 1 mil aos ganhadores do programa Nota Premiada.<\/p>\n\n\n\n<figure class=\"wp-block-gallery has-nested-images columns-default is-cropped wp-block-gallery-5 is-layout-flex wp-block-gallery-is-layout-flex\">\n<figure class=\"wp-block-image size-large\"><img loading=\"lazy\" decoding=\"async\" width=\"675\" height=\"450\" data-id=\"188896\" src=\"https:\/\/aconteceunovale.com.br\/portal\/wp-content\/uploads\/2022\/05\/aniversario_ipatinga_3.jpeg\" alt=\"\" class=\"wp-image-188896\" srcset=\"https:\/\/aconteceunovale.com.br\/portal\/wp-content\/uploads\/2022\/05\/aniversario_ipatinga_3.jpeg 675w, https:\/\/aconteceunovale.com.br\/portal\/wp-content\/uploads\/2022\/05\/aniversario_ipatinga_3-300x200.jpeg 300w, https:\/\/aconteceunovale.com.br\/portal\/wp-content\/uploads\/2022\/05\/aniversario_ipatinga_3-630x420.jpeg 630w\" sizes=\"auto, (max-width: 675px) 100vw, 675px\" \/><figcaption><em><sub>Foto: Divulga\u00e7\u00e3o \/ Prefeitura de Ipatinga<\/sub><\/em><\/figcaption><\/figure>\n<\/figure>\n\n\n\n<h3 class=\"wp-block-heading\"><strong>1\u00ba de maio &#8211; Domingo<\/strong><\/h3>\n\n\n\n<p class=\"wp-block-paragraph\">No domingo (1), Dia do Trabalhador, a festa no palco montado na avenida Burle Marx come\u00e7ou \u00e0s 16h, com DJ Daniel Natal, al\u00e9m de shows com a Equipe Dan\u00e7a Comigo e Cham\u00f4 pro Samba. E o encerramento das festividades foi com o cantor Caio Lopes.<\/p>\n\n\n\n<p class=\"wp-block-paragraph\">&#8212;&#8212;&#8212;&#8212;&#8212;&#8212;<br><br><strong>Sabia que o Aconteceu no Vale est\u00e1 tamb\u00e9m no Telegram? <a rel=\"noreferrer noopener\" href=\"https:\/\/t.me\/aconteceunovaleoficial\" target=\"_blank\">Inscreva-se no canal<\/a>.<\/strong><br><br><strong>J\u00e1 curtiu ou seguiu nossas p\u00e1ginas nas redes sociais?\u00a0Receba as not\u00edcias em primeira m\u00e3o:<\/strong><br>\u2022 <a rel=\"noreferrer noopener\" href=\"https:\/\/news.google.com\/publications\/CAAqBwgKMNjklQswi4etAw?hl=pt-BR&amp;gl=BR&amp;ceid=BR%3Apt-419\" target=\"_blank\">Google News<\/a><br>\u2022 <a rel=\"noreferrer noopener\" href=\"https:\/\/www.facebook.com\/aconteceunovale\/\" target=\"_blank\">Facebook<\/a><br>\u2022 <a rel=\"noreferrer noopener\" href=\"https:\/\/twitter.com\/noticiadosvales\" target=\"_blank\">Twitter<\/a><br>\u2022 <a rel=\"noreferrer noopener\" href=\"https:\/\/www.instagram.com\/aconteceunovale\" target=\"_blank\">Instagram<\/a><br>\u2022 <a rel=\"noreferrer noopener\" href=\"https:\/\/www.youtube.com\/AconteceunoValeOficial\" target=\"_blank\">Youtube<\/a><br>\u2022 <a rel=\"noreferrer noopener\" href=\"https:\/\/www.tiktok.com\/@aconteceunovale\" target=\"_blank\">TikTok<\/a><\/p>\n","protected":false},"excerpt":{"rendered":"<p>Com shows, 1,5 tonelada de bolo comemorativo, mutir\u00e3o de cidadania e rever\u00eancias especiais \u00e0 hist\u00f3ria do munic\u00edpio, o Parque Ipanema voltou a ser palco de grande confraterniza\u00e7\u00e3o dos moradores e visitantes de cidades vizinhas. De acordo com dados da Sescon (Secretaria de Seguran\u00e7a e Conviv\u00eancia Cidad\u00e3), entre os dias 27 de abril e 1\u00ba de [&hellip;]<\/p>\n","protected":false},"author":4,"featured_media":188894,"comment_status":"open","ping_status":"closed","sticky":false,"template":"","format":"standard","meta":{"amp_status":"","footnotes":""},"categories":[125,121],"tags":[260857,261078,1018,261076,261077,46322],"class_list":["post-188893","post","type-post","status-publish","format-standard","has-post-thumbnail","hentry","category-noticias","category-leste","tag-aniversario-de-ipatinga","tag-comemoracoes-do-aniversario-de-ipatinga","tag-destaque","tag-milhares-de-pessoas-prestigiaram-as-comemoracoes-do-aniversario-de-ipatinga","tag-parque-ipanema-ipatinga","tag-prefeitura-de-ipatinga"],"yoast_head":"<!-- This site is optimized with the Yoast SEO plugin v28.3 - https:\/\/yoast.com\/product\/yoast-seo-wordpress\/ -->\n<title>Milhares de pessoas prestigiaram as comemora\u00e7\u00f5es do anivers\u00e1rio de Ipatinga - Aconteceu no Vale<\/title>\n<meta name=\"robots\" content=\"index, follow, max-snippet:-1, max-image-preview:large, max-video-preview:-1\" \/>\n<link rel=\"canonical\" href=\"https:\/\/aconteceunovale.com.br\/portal\/?p=188893\" \/>\n<meta property=\"og:locale\" content=\"pt_BR\" \/>\n<meta property=\"og:type\" content=\"article\" \/>\n<meta property=\"og:title\" content=\"Milhares de pessoas prestigiaram as comemora\u00e7\u00f5es do anivers\u00e1rio de Ipatinga - Aconteceu no Vale\" \/>\n<meta property=\"og:description\" content=\"Com shows, 1,5 tonelada de bolo comemorativo, mutir\u00e3o de cidadania e rever\u00eancias especiais \u00e0 hist\u00f3ria do munic\u00edpio, o Parque Ipanema voltou a ser palco de grande confraterniza\u00e7\u00e3o dos moradores e visitantes de cidades vizinhas. De acordo com dados da Sescon (Secretaria de Seguran\u00e7a e Conviv\u00eancia Cidad\u00e3), entre os dias 27 de abril e 1\u00ba de [&hellip;]\" \/>\n<meta property=\"og:url\" content=\"https:\/\/aconteceunovale.com.br\/portal\/?p=188893\" \/>\n<meta property=\"og:site_name\" content=\"Aconteceu no Vale\" \/>\n<meta property=\"article:publisher\" content=\"https:\/\/www.facebook.com\/aconteceunovale\/\" \/>\n<meta property=\"article:published_time\" content=\"2022-05-02T17:53:11+00:00\" \/>\n<meta property=\"article:modified_time\" content=\"2022-05-02T17:53:32+00:00\" \/>\n<meta property=\"og:image\" content=\"https:\/\/aconteceunovale.com.br\/portal\/wp-content\/uploads\/2022\/05\/aniversario_ipatinga_1.jpeg\" \/>\n\t<meta property=\"og:image:width\" content=\"656\" \/>\n\t<meta property=\"og:image:height\" content=\"450\" \/>\n\t<meta property=\"og:image:type\" content=\"image\/jpeg\" \/>\n<meta name=\"author\" content=\"Reda\u00e7\u00e3o Aconteceu no Vale\" \/>\n<meta name=\"twitter:card\" content=\"summary_large_image\" \/>\n<meta name=\"twitter:creator\" content=\"@noticiadosvales\" \/>\n<meta name=\"twitter:site\" content=\"@noticiadosvales\" \/>\n<meta name=\"twitter:label1\" content=\"Escrito por\" \/>\n\t<meta name=\"twitter:data1\" content=\"Reda\u00e7\u00e3o Aconteceu no Vale\" \/>\n\t<meta name=\"twitter:label2\" content=\"Est. tempo de leitura\" \/>\n\t<meta name=\"twitter:data2\" content=\"4 minutos\" \/>\n<script type=\"application\/ld+json\" class=\"yoast-schema-graph\">{\"@context\":\"https:\\\/\\\/schema.org\",\"@graph\":[{\"@type\":\"Article\",\"@id\":\"https:\\\/\\\/aconteceunovale.com.br\\\/portal\\\/?p=188893#article\",\"isPartOf\":{\"@id\":\"https:\\\/\\\/aconteceunovale.com.br\\\/portal\\\/?p=188893\"},\"author\":{\"name\":\"Reda\u00e7\u00e3o Aconteceu no Vale\",\"@id\":\"https:\\\/\\\/aconteceunovale.com.br\\\/portal\\\/#\\\/schema\\\/person\\\/7d2f26d1483f8a63de73da1ee0754d35\"},\"headline\":\"Milhares de pessoas prestigiaram as comemora\u00e7\u00f5es do anivers\u00e1rio de Ipatinga\",\"datePublished\":\"2022-05-02T17:53:11+00:00\",\"dateModified\":\"2022-05-02T17:53:32+00:00\",\"mainEntityOfPage\":{\"@id\":\"https:\\\/\\\/aconteceunovale.com.br\\\/portal\\\/?p=188893\"},\"wordCount\":885,\"commentCount\":0,\"image\":{\"@id\":\"https:\\\/\\\/aconteceunovale.com.br\\\/portal\\\/?p=188893#primaryimage\"},\"thumbnailUrl\":\"https:\\\/\\\/aconteceunovale.com.br\\\/portal\\\/wp-content\\\/uploads\\\/2022\\\/05\\\/aniversario_ipatinga_1.jpeg\",\"keywords\":[\"Anivers\u00e1rio de Ipatinga\",\"Comemora\u00e7\u00f5es do anivers\u00e1rio de Ipatinga\",\"destaque\",\"Milhares de pessoas prestigiaram as comemora\u00e7\u00f5es do anivers\u00e1rio de Ipatinga\",\"Parque Ipanema Ipatinga\",\"Prefeitura de Ipatinga\"],\"articleSection\":[\"Eventos\",\"Leste de Minas\"],\"inLanguage\":\"pt-BR\",\"potentialAction\":[{\"@type\":\"CommentAction\",\"name\":\"Comment\",\"target\":[\"https:\\\/\\\/aconteceunovale.com.br\\\/portal\\\/?p=188893#respond\"]}]},{\"@type\":\"WebPage\",\"@id\":\"https:\\\/\\\/aconteceunovale.com.br\\\/portal\\\/?p=188893\",\"url\":\"https:\\\/\\\/aconteceunovale.com.br\\\/portal\\\/?p=188893\",\"name\":\"Milhares de pessoas prestigiaram as comemora\u00e7\u00f5es do anivers\u00e1rio de Ipatinga - Aconteceu no Vale\",\"isPartOf\":{\"@id\":\"https:\\\/\\\/aconteceunovale.com.br\\\/portal\\\/#website\"},\"primaryImageOfPage\":{\"@id\":\"https:\\\/\\\/aconteceunovale.com.br\\\/portal\\\/?p=188893#primaryimage\"},\"image\":{\"@id\":\"https:\\\/\\\/aconteceunovale.com.br\\\/portal\\\/?p=188893#primaryimage\"},\"thumbnailUrl\":\"https:\\\/\\\/aconteceunovale.com.br\\\/portal\\\/wp-content\\\/uploads\\\/2022\\\/05\\\/aniversario_ipatinga_1.jpeg\",\"datePublished\":\"2022-05-02T17:53:11+00:00\",\"dateModified\":\"2022-05-02T17:53:32+00:00\",\"author\":{\"@id\":\"https:\\\/\\\/aconteceunovale.com.br\\\/portal\\\/#\\\/schema\\\/person\\\/7d2f26d1483f8a63de73da1ee0754d35\"},\"breadcrumb\":{\"@id\":\"https:\\\/\\\/aconteceunovale.com.br\\\/portal\\\/?p=188893#breadcrumb\"},\"inLanguage\":\"pt-BR\",\"potentialAction\":[{\"@type\":\"ReadAction\",\"target\":[\"https:\\\/\\\/aconteceunovale.com.br\\\/portal\\\/?p=188893\"]}]},{\"@type\":\"ImageObject\",\"inLanguage\":\"pt-BR\",\"@id\":\"https:\\\/\\\/aconteceunovale.com.br\\\/portal\\\/?p=188893#primaryimage\",\"url\":\"https:\\\/\\\/aconteceunovale.com.br\\\/portal\\\/wp-content\\\/uploads\\\/2022\\\/05\\\/aniversario_ipatinga_1.jpeg\",\"contentUrl\":\"https:\\\/\\\/aconteceunovale.com.br\\\/portal\\\/wp-content\\\/uploads\\\/2022\\\/05\\\/aniversario_ipatinga_1.jpeg\",\"width\":656,\"height\":450},{\"@type\":\"BreadcrumbList\",\"@id\":\"https:\\\/\\\/aconteceunovale.com.br\\\/portal\\\/?p=188893#breadcrumb\",\"itemListElement\":[{\"@type\":\"ListItem\",\"position\":1,\"name\":\"In\u00edcio\",\"item\":\"https:\\\/\\\/aconteceunovale.com.br\\\/portal\\\/\"},{\"@type\":\"ListItem\",\"position\":2,\"name\":\"Milhares de pessoas prestigiaram as comemora\u00e7\u00f5es do anivers\u00e1rio de Ipatinga\"}]},{\"@type\":\"WebSite\",\"@id\":\"https:\\\/\\\/aconteceunovale.com.br\\\/portal\\\/#website\",\"url\":\"https:\\\/\\\/aconteceunovale.com.br\\\/portal\\\/\",\"name\":\"Aconteceu no Vale\",\"description\":\"Portal de Not\u00edcias\",\"potentialAction\":[{\"@type\":\"SearchAction\",\"target\":{\"@type\":\"EntryPoint\",\"urlTemplate\":\"https:\\\/\\\/aconteceunovale.com.br\\\/portal\\\/?s={search_term_string}\"},\"query-input\":{\"@type\":\"PropertyValueSpecification\",\"valueRequired\":true,\"valueName\":\"search_term_string\"}}],\"inLanguage\":\"pt-BR\"},{\"@type\":\"Person\",\"@id\":\"https:\\\/\\\/aconteceunovale.com.br\\\/portal\\\/#\\\/schema\\\/person\\\/7d2f26d1483f8a63de73da1ee0754d35\",\"name\":\"Reda\u00e7\u00e3o Aconteceu no Vale\",\"description\":\"Equipe de reportagem do Aconteceu no Vale, portal de not\u00edcias do Vale do Jequitinhonha, em Minas Gerais. Cobrimos as 51 cidades do Vale desde 2013. Sugest\u00f5es de pauta e pedidos de corre\u00e7\u00e3o: contato@aconteceunovale.com.br\",\"url\":\"https:\\\/\\\/aconteceunovale.com.br\\\/portal\\\/?author=4\"}]}<\/script>\n<!-- \/ Yoast SEO plugin. -->","yoast_head_json":{"title":"Milhares de pessoas prestigiaram as comemora\u00e7\u00f5es do anivers\u00e1rio de Ipatinga - Aconteceu no Vale","robots":{"index":"index","follow":"follow","max-snippet":"max-snippet:-1","max-image-preview":"max-image-preview:large","max-video-preview":"max-video-preview:-1"},"canonical":"https:\/\/aconteceunovale.com.br\/portal\/?p=188893","og_locale":"pt_BR","og_type":"article","og_title":"Milhares de pessoas prestigiaram as comemora\u00e7\u00f5es do anivers\u00e1rio de Ipatinga - Aconteceu no Vale","og_description":"Com shows, 1,5 tonelada de bolo comemorativo, mutir\u00e3o de cidadania e rever\u00eancias especiais \u00e0 hist\u00f3ria do munic\u00edpio, o Parque Ipanema voltou a ser palco de grande confraterniza\u00e7\u00e3o dos moradores e visitantes de cidades vizinhas. De acordo com dados da Sescon (Secretaria de Seguran\u00e7a e Conviv\u00eancia Cidad\u00e3), entre os dias 27 de abril e 1\u00ba de [&hellip;]","og_url":"https:\/\/aconteceunovale.com.br\/portal\/?p=188893","og_site_name":"Aconteceu no Vale","article_publisher":"https:\/\/www.facebook.com\/aconteceunovale\/","article_published_time":"2022-05-02T17:53:11+00:00","article_modified_time":"2022-05-02T17:53:32+00:00","og_image":[{"width":656,"height":450,"url":"https:\/\/aconteceunovale.com.br\/portal\/wp-content\/uploads\/2022\/05\/aniversario_ipatinga_1.jpeg","type":"image\/jpeg"}],"author":"Reda\u00e7\u00e3o Aconteceu no Vale","twitter_card":"summary_large_image","twitter_creator":"@noticiadosvales","twitter_site":"@noticiadosvales","twitter_misc":{"Escrito por":"Reda\u00e7\u00e3o Aconteceu no Vale","Est. tempo de leitura":"4 minutos"},"schema":{"@context":"https:\/\/schema.org","@graph":[{"@type":"Article","@id":"https:\/\/aconteceunovale.com.br\/portal\/?p=188893#article","isPartOf":{"@id":"https:\/\/aconteceunovale.com.br\/portal\/?p=188893"},"author":{"name":"Reda\u00e7\u00e3o Aconteceu no Vale","@id":"https:\/\/aconteceunovale.com.br\/portal\/#\/schema\/person\/7d2f26d1483f8a63de73da1ee0754d35"},"headline":"Milhares de pessoas prestigiaram as comemora\u00e7\u00f5es do anivers\u00e1rio de Ipatinga","datePublished":"2022-05-02T17:53:11+00:00","dateModified":"2022-05-02T17:53:32+00:00","mainEntityOfPage":{"@id":"https:\/\/aconteceunovale.com.br\/portal\/?p=188893"},"wordCount":885,"commentCount":0,"image":{"@id":"https:\/\/aconteceunovale.com.br\/portal\/?p=188893#primaryimage"},"thumbnailUrl":"https:\/\/aconteceunovale.com.br\/portal\/wp-content\/uploads\/2022\/05\/aniversario_ipatinga_1.jpeg","keywords":["Anivers\u00e1rio de Ipatinga","Comemora\u00e7\u00f5es do anivers\u00e1rio de Ipatinga","destaque","Milhares de pessoas prestigiaram as comemora\u00e7\u00f5es do anivers\u00e1rio de Ipatinga","Parque Ipanema Ipatinga","Prefeitura de Ipatinga"],"articleSection":["Eventos","Leste de Minas"],"inLanguage":"pt-BR","potentialAction":[{"@type":"CommentAction","name":"Comment","target":["https:\/\/aconteceunovale.com.br\/portal\/?p=188893#respond"]}]},{"@type":"WebPage","@id":"https:\/\/aconteceunovale.com.br\/portal\/?p=188893","url":"https:\/\/aconteceunovale.com.br\/portal\/?p=188893","name":"Milhares de pessoas prestigiaram as comemora\u00e7\u00f5es do anivers\u00e1rio de Ipatinga - Aconteceu no Vale","isPartOf":{"@id":"https:\/\/aconteceunovale.com.br\/portal\/#website"},"primaryImageOfPage":{"@id":"https:\/\/aconteceunovale.com.br\/portal\/?p=188893#primaryimage"},"image":{"@id":"https:\/\/aconteceunovale.com.br\/portal\/?p=188893#primaryimage"},"thumbnailUrl":"https:\/\/aconteceunovale.com.br\/portal\/wp-content\/uploads\/2022\/05\/aniversario_ipatinga_1.jpeg","datePublished":"2022-05-02T17:53:11+00:00","dateModified":"2022-05-02T17:53:32+00:00","author":{"@id":"https:\/\/aconteceunovale.com.br\/portal\/#\/schema\/person\/7d2f26d1483f8a63de73da1ee0754d35"},"breadcrumb":{"@id":"https:\/\/aconteceunovale.com.br\/portal\/?p=188893#breadcrumb"},"inLanguage":"pt-BR","potentialAction":[{"@type":"ReadAction","target":["https:\/\/aconteceunovale.com.br\/portal\/?p=188893"]}]},{"@type":"ImageObject","inLanguage":"pt-BR","@id":"https:\/\/aconteceunovale.com.br\/portal\/?p=188893#primaryimage","url":"https:\/\/aconteceunovale.com.br\/portal\/wp-content\/uploads\/2022\/05\/aniversario_ipatinga_1.jpeg","contentUrl":"https:\/\/aconteceunovale.com.br\/portal\/wp-content\/uploads\/2022\/05\/aniversario_ipatinga_1.jpeg","width":656,"height":450},{"@type":"BreadcrumbList","@id":"https:\/\/aconteceunovale.com.br\/portal\/?p=188893#breadcrumb","itemListElement":[{"@type":"ListItem","position":1,"name":"In\u00edcio","item":"https:\/\/aconteceunovale.com.br\/portal\/"},{"@type":"ListItem","position":2,"name":"Milhares de pessoas prestigiaram as comemora\u00e7\u00f5es do anivers\u00e1rio de Ipatinga"}]},{"@type":"WebSite","@id":"https:\/\/aconteceunovale.com.br\/portal\/#website","url":"https:\/\/aconteceunovale.com.br\/portal\/","name":"Aconteceu no Vale","description":"Portal de Not\u00edcias","potentialAction":[{"@type":"SearchAction","target":{"@type":"EntryPoint","urlTemplate":"https:\/\/aconteceunovale.com.br\/portal\/?s={search_term_string}"},"query-input":{"@type":"PropertyValueSpecification","valueRequired":true,"valueName":"search_term_string"}}],"inLanguage":"pt-BR"},{"@type":"Person","@id":"https:\/\/aconteceunovale.com.br\/portal\/#\/schema\/person\/7d2f26d1483f8a63de73da1ee0754d35","name":"Reda\u00e7\u00e3o Aconteceu no Vale","description":"Equipe de reportagem do Aconteceu no Vale, portal de not\u00edcias do Vale do Jequitinhonha, em Minas Gerais. Cobrimos as 51 cidades do Vale desde 2013. Sugest\u00f5es de pauta e pedidos de corre\u00e7\u00e3o: contato@aconteceunovale.com.br","url":"https:\/\/aconteceunovale.com.br\/portal\/?author=4"}]}},"_links":{"self":[{"href":"https:\/\/aconteceunovale.com.br\/portal\/index.php?rest_route=\/wp\/v2\/posts\/188893","targetHints":{"allow":["GET"]}}],"collection":[{"href":"https:\/\/aconteceunovale.com.br\/portal\/index.php?rest_route=\/wp\/v2\/posts"}],"about":[{"href":"https:\/\/aconteceunovale.com.br\/portal\/index.php?rest_route=\/wp\/v2\/types\/post"}],"author":[{"embeddable":true,"href":"https:\/\/aconteceunovale.com.br\/portal\/index.php?rest_route=\/wp\/v2\/users\/4"}],"replies":[{"embeddable":true,"href":"https:\/\/aconteceunovale.com.br\/portal\/index.php?rest_route=%2Fwp%2Fv2%2Fcomments&post=188893"}],"version-history":[{"count":1,"href":"https:\/\/aconteceunovale.com.br\/portal\/index.php?rest_route=\/wp\/v2\/posts\/188893\/revisions"}],"predecessor-version":[{"id":188899,"href":"https:\/\/aconteceunovale.com.br\/portal\/index.php?rest_route=\/wp\/v2\/posts\/188893\/revisions\/188899"}],"wp:featuredmedia":[{"embeddable":true,"href":"https:\/\/aconteceunovale.com.br\/portal\/index.php?rest_route=\/wp\/v2\/media\/188894"}],"wp:attachment":[{"href":"https:\/\/aconteceunovale.com.br\/portal\/index.php?rest_route=%2Fwp%2Fv2%2Fmedia&parent=188893"}],"wp:term":[{"taxonomy":"category","embeddable":true,"href":"https:\/\/aconteceunovale.com.br\/portal\/index.php?rest_route=%2Fwp%2Fv2%2Fcategories&post=188893"},{"taxonomy":"post_tag","embeddable":true,"href":"https:\/\/aconteceunovale.com.br\/portal\/index.php?rest_route=%2Fwp%2Fv2%2Ftags&post=188893"}],"curies":[{"name":"wp","href":"https:\/\/api.w.org\/{rel}","templated":true}]}}