{"id":188890,"date":"2022-05-02T14:41:08","date_gmt":"2022-05-02T17:41:08","guid":{"rendered":"https:\/\/aconteceunovale.com.br\/portal\/?p=188890"},"modified":"2022-05-02T14:41:45","modified_gmt":"2022-05-02T17:41:45","slug":"minas-gerais-tem-mais-de-78-mil-vagas-de-emprego-disponiveis-confira","status":"publish","type":"post","link":"https:\/\/aconteceunovale.com.br\/portal\/?p=188890","title":{"rendered":"Minas Gerais tem mais de 7,8 mil vagas de emprego dispon\u00edveis; confira"},"content":{"rendered":"\n<p class=\"wp-block-paragraph\">Maio come\u00e7a com novas oportunidades de trabalho para os mineiros. Segundo o\u00a0<a rel=\"noreferrer noopener\" href=\"https:\/\/app.powerbi.com\/view?r=eyJrIjoiZWZjNWFmOWMtMTYwNS00ZDQ3LWFhOTgtMTU5YTQwZmE5ZTJiIiwidCI6ImMwZTY1MzllLThjZGUtNDZlNy1hOTc4LWI1YTNmZTlmMGMzOSJ9&amp;pageName=ReportSection\" target=\"_blank\">Painel de Informa\u00e7\u00f5es sobre o Sistema Nacional de Emprego (Sine\/MG)<\/a>, atualizado nesta segunda-feira (2\/5\/2022), o total de vagas chega a 7.899, sendo 237 para pessoas com defici\u00eancia (PCDs).<\/p>\n\n\n\n<figure class=\"wp-block-gallery has-nested-images columns-default is-cropped wp-block-gallery-1 is-layout-flex wp-block-gallery-is-layout-flex\">\n<figure class=\"wp-block-image size-large\"><img loading=\"lazy\" decoding=\"async\" width=\"675\" height=\"450\" data-id=\"188891\" src=\"https:\/\/aconteceunovale.com.br\/portal\/wp-content\/uploads\/2022\/05\/painel_sine_2maio.jpg\" alt=\"\" class=\"wp-image-188891\" srcset=\"https:\/\/aconteceunovale.com.br\/portal\/wp-content\/uploads\/2022\/05\/painel_sine_2maio.jpg 675w, https:\/\/aconteceunovale.com.br\/portal\/wp-content\/uploads\/2022\/05\/painel_sine_2maio-300x200.jpg 300w, https:\/\/aconteceunovale.com.br\/portal\/wp-content\/uploads\/2022\/05\/painel_sine_2maio-630x420.jpg 630w\" sizes=\"auto, (max-width: 675px) 100vw, 675px\" \/><figcaption><em><sub>Foto: Gil Leonardi \/ Imprensa MG<\/sub><\/em><\/figcaption><\/figure>\n<\/figure>\n\n\n\n<p class=\"wp-block-paragraph\">O painel mostra as oportunidades dispon\u00edveis nas mais de cem unidades do Sine distribu\u00eddas pelo estado. No in\u00edcio desta semana, h\u00e1 680 vagas dispon\u00edveis para alimentador de linha de produ\u00e7\u00e3o. H\u00e1 outras 665 para servente de obras, 534 para pedreiro, 318 para operador de telemarketing ativo e receptivo e 317 para motorista de caminh\u00e3o (rotas regionais e internacionais).<\/p>\n\n\n\n<p class=\"wp-block-paragraph\">A unidade com o maior n\u00famero de vagas \u00e9 o Sine Uberl\u00e2ndia, no Tri\u00e2ngulo Mineiro, com 1.443. Em segundo lugar, est\u00e1 o Sine Mariana, na regi\u00e3o Central, com 641 vagas. O Sine BH Central de Vagas, na capital, disponibiliza hoje 573 vagas. O Sine Ituiutaba, no Tri\u00e2ngulo, h\u00e1 501 vagas e o Sine Par\u00e1 de Minas, na regi\u00e3o Central do estado, h\u00e1 290 vagas.<\/p>\n\n\n\n<p class=\"wp-block-paragraph\">Todas as vagas de emprego disponibilizadas pelas unidades do Sine em Minas est\u00e3o dispon\u00edveis no\u00a0<a rel=\"noreferrer noopener\" href=\"https:\/\/empregabrasil.mte.gov.br\/\" target=\"_blank\">Portal Emprega Brasil<\/a>. Interessados tamb\u00e9m podem se cadastrar no app Sine F\u00e1cil, dispon\u00edvel para os aparelhos celulares com sistemas operacionais Android ou iOS. O atendimento presencial \u00e9 feito por meio de\u00a0<a rel=\"noreferrer noopener\" href=\"https:\/\/www.mg.gov.br\/servico\/intermediar-mao-de-obra\" target=\"_blank\">agendamento pela internet<\/a>.<\/p>\n\n\n\n<p class=\"wp-block-paragraph\">&#8212;&#8212;&#8212;&#8212;&#8212;&#8212;<br><br><strong>Sabia que o Aconteceu no Vale est\u00e1 tamb\u00e9m no Telegram? <a rel=\"noreferrer noopener\" href=\"https:\/\/t.me\/aconteceunovaleoficial\" target=\"_blank\">Inscreva-se no canal<\/a>.<\/strong><br><br><strong>J\u00e1 curtiu ou seguiu nossas p\u00e1ginas nas redes sociais?\u00a0Receba as not\u00edcias em primeira m\u00e3o:<\/strong><br>\u2022 <a rel=\"noreferrer noopener\" href=\"https:\/\/news.google.com\/publications\/CAAqBwgKMNjklQswi4etAw?hl=pt-BR&amp;gl=BR&amp;ceid=BR%3Apt-419\" target=\"_blank\">Google News<\/a><br>\u2022 <a rel=\"noreferrer noopener\" href=\"https:\/\/www.facebook.com\/aconteceunovale\/\" target=\"_blank\">Facebook<\/a><br>\u2022 <a rel=\"noreferrer noopener\" href=\"https:\/\/twitter.com\/noticiadosvales\" target=\"_blank\">Twitter<\/a><br>\u2022 <a rel=\"noreferrer noopener\" href=\"https:\/\/www.instagram.com\/aconteceunovale\" target=\"_blank\">Instagram<\/a><br>\u2022 <a rel=\"noreferrer noopener\" href=\"https:\/\/www.youtube.com\/AconteceunoValeOficial\" target=\"_blank\">Youtube<\/a><br>\u2022 <a rel=\"noreferrer noopener\" href=\"https:\/\/www.tiktok.com\/@aconteceunovale\" target=\"_blank\">TikTok<\/a><\/p>\n","protected":false},"excerpt":{"rendered":"<p>Maio come\u00e7a com novas oportunidades de trabalho para os mineiros. Segundo o\u00a0Painel de Informa\u00e7\u00f5es sobre o Sistema Nacional de Emprego (Sine\/MG), atualizado nesta segunda-feira (2\/5\/2022), o total de vagas chega a 7.899, sendo 237 para pessoas com defici\u00eancia (PCDs). O painel mostra as oportunidades dispon\u00edveis nas mais de cem unidades do Sine distribu\u00eddas pelo estado. [&hellip;]<\/p>\n","protected":false},"author":4,"featured_media":188891,"comment_status":"open","ping_status":"closed","sticky":false,"template":"","format":"standard","meta":{"amp_status":"","footnotes":""},"categories":[40236,123],"tags":[1551,194,1495,1017,143275,259739,260174,1018,231462,149486,104101,149488,201,1497,131,260977,259738,249404,260173,1515,260978,143272,214,1505,214031,37400,72125,220,221,72124,72123],"class_list":["post-188890","post","type-post","status-publish","format-standard","has-post-thumbnail","hentry","category-empregos-2","category-gerais","tag-arapora","tag-belo-horizonte","tag-betim","tag-bh","tag-caged-minas-gerais","tag-construcao-civil-minas-gerais","tag-crescimento-economico-em-minas-gerais","tag-destaque","tag-emprego-formal-em-minas-gerais","tag-empregos-em-minas-gerais","tag-empregos-minas-gerais","tag-geracao-de-empregos-em-minas-gerais","tag-ipatinga","tag-matozinhos","tag-minas-gerais","tag-minas-gerais-tem-a-segunda-maior-geracao-de-empregos-formais-no-brasil","tag-minas-gerais-tem-cerca-de-mil-vagas-de-emprego-para-construcao-civil","tag-ministerio-do-trabalho-e-previdencia","tag-municipios-que-mais-geraram-empregos-em-minas-gerais","tag-nova-serrana","tag-novo-caged-minas-gerais","tag-oportunidades-de-trabalho-em-minas-gerais","tag-patos-de-minas","tag-sacramento","tag-sedese-mg","tag-sine-minas-gerais","tag-trabalho-em-minas-gerais","tag-uberaba","tag-uberlandia","tag-vagas-de-emprego-em-minas-gerais","tag-vagas-de-trabalho-em-minas-gerais"],"yoast_head":"<!-- This site is optimized with the Yoast SEO plugin v28.3 - https:\/\/yoast.com\/product\/yoast-seo-wordpress\/ -->\n<title>Minas Gerais tem mais de 7,8 mil vagas de emprego dispon\u00edveis; confira - Aconteceu no Vale<\/title>\n<meta name=\"robots\" content=\"index, follow, max-snippet:-1, max-image-preview:large, max-video-preview:-1\" \/>\n<link rel=\"canonical\" href=\"https:\/\/aconteceunovale.com.br\/portal\/?p=188890\" \/>\n<meta property=\"og:locale\" content=\"pt_BR\" \/>\n<meta property=\"og:type\" content=\"article\" \/>\n<meta property=\"og:title\" content=\"Minas Gerais tem mais de 7,8 mil vagas de emprego dispon\u00edveis; confira - Aconteceu no Vale\" \/>\n<meta property=\"og:description\" content=\"Maio come\u00e7a com novas oportunidades de trabalho para os mineiros. Segundo o\u00a0Painel de Informa\u00e7\u00f5es sobre o Sistema Nacional de Emprego (Sine\/MG), atualizado nesta segunda-feira (2\/5\/2022), o total de vagas chega a 7.899, sendo 237 para pessoas com defici\u00eancia (PCDs). O painel mostra as oportunidades dispon\u00edveis nas mais de cem unidades do Sine distribu\u00eddas pelo estado. [&hellip;]\" \/>\n<meta property=\"og:url\" content=\"https:\/\/aconteceunovale.com.br\/portal\/?p=188890\" \/>\n<meta property=\"og:site_name\" content=\"Aconteceu no Vale\" \/>\n<meta property=\"article:publisher\" content=\"https:\/\/www.facebook.com\/aconteceunovale\/\" \/>\n<meta property=\"article:published_time\" content=\"2022-05-02T17:41:08+00:00\" \/>\n<meta property=\"article:modified_time\" content=\"2022-05-02T17:41:45+00:00\" \/>\n<meta property=\"og:image\" content=\"https:\/\/aconteceunovale.com.br\/portal\/wp-content\/uploads\/2022\/05\/painel_sine_2maio.jpg\" \/>\n\t<meta property=\"og:image:width\" content=\"675\" \/>\n\t<meta property=\"og:image:height\" content=\"450\" \/>\n\t<meta property=\"og:image:type\" content=\"image\/jpeg\" \/>\n<meta name=\"author\" content=\"Reda\u00e7\u00e3o Aconteceu no Vale\" \/>\n<meta name=\"twitter:card\" content=\"summary_large_image\" \/>\n<meta name=\"twitter:creator\" content=\"@noticiadosvales\" \/>\n<meta name=\"twitter:site\" content=\"@noticiadosvales\" \/>\n<meta name=\"twitter:label1\" content=\"Escrito por\" \/>\n\t<meta name=\"twitter:data1\" content=\"Reda\u00e7\u00e3o Aconteceu no Vale\" \/>\n\t<meta name=\"twitter:label2\" content=\"Est. tempo de leitura\" \/>\n\t<meta name=\"twitter:data2\" content=\"1 minuto\" \/>\n<script type=\"application\/ld+json\" class=\"yoast-schema-graph\">{\"@context\":\"https:\\\/\\\/schema.org\",\"@graph\":[{\"@type\":\"Article\",\"@id\":\"https:\\\/\\\/aconteceunovale.com.br\\\/portal\\\/?p=188890#article\",\"isPartOf\":{\"@id\":\"https:\\\/\\\/aconteceunovale.com.br\\\/portal\\\/?p=188890\"},\"author\":{\"name\":\"Reda\u00e7\u00e3o Aconteceu no Vale\",\"@id\":\"https:\\\/\\\/aconteceunovale.com.br\\\/portal\\\/#\\\/schema\\\/person\\\/7d2f26d1483f8a63de73da1ee0754d35\"},\"headline\":\"Minas Gerais tem mais de 7,8 mil vagas de emprego dispon\u00edveis; confira\",\"datePublished\":\"2022-05-02T17:41:08+00:00\",\"dateModified\":\"2022-05-02T17:41:45+00:00\",\"mainEntityOfPage\":{\"@id\":\"https:\\\/\\\/aconteceunovale.com.br\\\/portal\\\/?p=188890\"},\"wordCount\":274,\"commentCount\":0,\"image\":{\"@id\":\"https:\\\/\\\/aconteceunovale.com.br\\\/portal\\\/?p=188890#primaryimage\"},\"thumbnailUrl\":\"https:\\\/\\\/aconteceunovale.com.br\\\/portal\\\/wp-content\\\/uploads\\\/2022\\\/05\\\/painel_sine_2maio.jpg\",\"keywords\":[\"Arapor\u00e3\",\"Belo Horizonte\",\"Betim\",\"bh\",\"Caged Minas Gerais\",\"Constru\u00e7\u00e3o Civil Minas Gerais\",\"Crescimento econ\u00f4mico em Minas Gerais\",\"destaque\",\"Emprego formal em Minas Gerais\",\"Empregos em Minas Gerais\",\"empregos Minas Gerais\",\"Gera\u00e7\u00e3o de empregos em Minas Gerais\",\"Ipatinga\",\"Matozinhos\",\"Minas Gerais\",\"Minas Gerais tem a segunda maior gera\u00e7\u00e3o de empregos formais no Brasil\",\"Minas Gerais tem cerca de mil vagas de emprego para constru\u00e7\u00e3o civil\",\"Minist\u00e9rio do Trabalho e Previd\u00eancia\",\"Munic\u00edpios que mais geraram empregos em Minas Gerais\",\"Nova Serrana\",\"Novo Caged Minas Gerais\",\"Oportunidades de trabalho em Minas Gerais\",\"Patos de Minas\",\"Sacramento\",\"Sedese-MG\",\"sine minas gerais\",\"trabalho em minas gerais\",\"Uberaba\",\"Uberl\u00e2ndia\",\"vagas de emprego em minas gerais\",\"vagas de trabalho em minas gerais\"],\"articleSection\":[\"Empregos\",\"Minas Gerais\"],\"inLanguage\":\"pt-BR\",\"potentialAction\":[{\"@type\":\"CommentAction\",\"name\":\"Comment\",\"target\":[\"https:\\\/\\\/aconteceunovale.com.br\\\/portal\\\/?p=188890#respond\"]}]},{\"@type\":\"WebPage\",\"@id\":\"https:\\\/\\\/aconteceunovale.com.br\\\/portal\\\/?p=188890\",\"url\":\"https:\\\/\\\/aconteceunovale.com.br\\\/portal\\\/?p=188890\",\"name\":\"Minas Gerais tem mais de 7,8 mil vagas de emprego dispon\u00edveis; confira - Aconteceu no Vale\",\"isPartOf\":{\"@id\":\"https:\\\/\\\/aconteceunovale.com.br\\\/portal\\\/#website\"},\"primaryImageOfPage\":{\"@id\":\"https:\\\/\\\/aconteceunovale.com.br\\\/portal\\\/?p=188890#primaryimage\"},\"image\":{\"@id\":\"https:\\\/\\\/aconteceunovale.com.br\\\/portal\\\/?p=188890#primaryimage\"},\"thumbnailUrl\":\"https:\\\/\\\/aconteceunovale.com.br\\\/portal\\\/wp-content\\\/uploads\\\/2022\\\/05\\\/painel_sine_2maio.jpg\",\"datePublished\":\"2022-05-02T17:41:08+00:00\",\"dateModified\":\"2022-05-02T17:41:45+00:00\",\"author\":{\"@id\":\"https:\\\/\\\/aconteceunovale.com.br\\\/portal\\\/#\\\/schema\\\/person\\\/7d2f26d1483f8a63de73da1ee0754d35\"},\"breadcrumb\":{\"@id\":\"https:\\\/\\\/aconteceunovale.com.br\\\/portal\\\/?p=188890#breadcrumb\"},\"inLanguage\":\"pt-BR\",\"potentialAction\":[{\"@type\":\"ReadAction\",\"target\":[\"https:\\\/\\\/aconteceunovale.com.br\\\/portal\\\/?p=188890\"]}]},{\"@type\":\"ImageObject\",\"inLanguage\":\"pt-BR\",\"@id\":\"https:\\\/\\\/aconteceunovale.com.br\\\/portal\\\/?p=188890#primaryimage\",\"url\":\"https:\\\/\\\/aconteceunovale.com.br\\\/portal\\\/wp-content\\\/uploads\\\/2022\\\/05\\\/painel_sine_2maio.jpg\",\"contentUrl\":\"https:\\\/\\\/aconteceunovale.com.br\\\/portal\\\/wp-content\\\/uploads\\\/2022\\\/05\\\/painel_sine_2maio.jpg\",\"width\":675,\"height\":450},{\"@type\":\"BreadcrumbList\",\"@id\":\"https:\\\/\\\/aconteceunovale.com.br\\\/portal\\\/?p=188890#breadcrumb\",\"itemListElement\":[{\"@type\":\"ListItem\",\"position\":1,\"name\":\"In\u00edcio\",\"item\":\"https:\\\/\\\/aconteceunovale.com.br\\\/portal\\\/\"},{\"@type\":\"ListItem\",\"position\":2,\"name\":\"Minas Gerais tem mais de 7,8 mil vagas de emprego dispon\u00edveis; confira\"}]},{\"@type\":\"WebSite\",\"@id\":\"https:\\\/\\\/aconteceunovale.com.br\\\/portal\\\/#website\",\"url\":\"https:\\\/\\\/aconteceunovale.com.br\\\/portal\\\/\",\"name\":\"Aconteceu no Vale\",\"description\":\"Portal de Not\u00edcias\",\"potentialAction\":[{\"@type\":\"SearchAction\",\"target\":{\"@type\":\"EntryPoint\",\"urlTemplate\":\"https:\\\/\\\/aconteceunovale.com.br\\\/portal\\\/?s={search_term_string}\"},\"query-input\":{\"@type\":\"PropertyValueSpecification\",\"valueRequired\":true,\"valueName\":\"search_term_string\"}}],\"inLanguage\":\"pt-BR\"},{\"@type\":\"Person\",\"@id\":\"https:\\\/\\\/aconteceunovale.com.br\\\/portal\\\/#\\\/schema\\\/person\\\/7d2f26d1483f8a63de73da1ee0754d35\",\"name\":\"Reda\u00e7\u00e3o Aconteceu no Vale\",\"description\":\"Equipe de reportagem do Aconteceu no Vale, portal de not\u00edcias do Vale do Jequitinhonha, em Minas Gerais. Cobrimos as 51 cidades do Vale desde 2013. Sugest\u00f5es de pauta e pedidos de corre\u00e7\u00e3o: contato@aconteceunovale.com.br\",\"url\":\"https:\\\/\\\/aconteceunovale.com.br\\\/portal\\\/?author=4\"}]}<\/script>\n<!-- \/ Yoast SEO plugin. -->","yoast_head_json":{"title":"Minas Gerais tem mais de 7,8 mil vagas de emprego dispon\u00edveis; confira - Aconteceu no Vale","robots":{"index":"index","follow":"follow","max-snippet":"max-snippet:-1","max-image-preview":"max-image-preview:large","max-video-preview":"max-video-preview:-1"},"canonical":"https:\/\/aconteceunovale.com.br\/portal\/?p=188890","og_locale":"pt_BR","og_type":"article","og_title":"Minas Gerais tem mais de 7,8 mil vagas de emprego dispon\u00edveis; confira - Aconteceu no Vale","og_description":"Maio come\u00e7a com novas oportunidades de trabalho para os mineiros. Segundo o\u00a0Painel de Informa\u00e7\u00f5es sobre o Sistema Nacional de Emprego (Sine\/MG), atualizado nesta segunda-feira (2\/5\/2022), o total de vagas chega a 7.899, sendo 237 para pessoas com defici\u00eancia (PCDs). O painel mostra as oportunidades dispon\u00edveis nas mais de cem unidades do Sine distribu\u00eddas pelo estado. [&hellip;]","og_url":"https:\/\/aconteceunovale.com.br\/portal\/?p=188890","og_site_name":"Aconteceu no Vale","article_publisher":"https:\/\/www.facebook.com\/aconteceunovale\/","article_published_time":"2022-05-02T17:41:08+00:00","article_modified_time":"2022-05-02T17:41:45+00:00","og_image":[{"width":675,"height":450,"url":"https:\/\/aconteceunovale.com.br\/portal\/wp-content\/uploads\/2022\/05\/painel_sine_2maio.jpg","type":"image\/jpeg"}],"author":"Reda\u00e7\u00e3o Aconteceu no Vale","twitter_card":"summary_large_image","twitter_creator":"@noticiadosvales","twitter_site":"@noticiadosvales","twitter_misc":{"Escrito por":"Reda\u00e7\u00e3o Aconteceu no Vale","Est. tempo de leitura":"1 minuto"},"schema":{"@context":"https:\/\/schema.org","@graph":[{"@type":"Article","@id":"https:\/\/aconteceunovale.com.br\/portal\/?p=188890#article","isPartOf":{"@id":"https:\/\/aconteceunovale.com.br\/portal\/?p=188890"},"author":{"name":"Reda\u00e7\u00e3o Aconteceu no Vale","@id":"https:\/\/aconteceunovale.com.br\/portal\/#\/schema\/person\/7d2f26d1483f8a63de73da1ee0754d35"},"headline":"Minas Gerais tem mais de 7,8 mil vagas de emprego dispon\u00edveis; confira","datePublished":"2022-05-02T17:41:08+00:00","dateModified":"2022-05-02T17:41:45+00:00","mainEntityOfPage":{"@id":"https:\/\/aconteceunovale.com.br\/portal\/?p=188890"},"wordCount":274,"commentCount":0,"image":{"@id":"https:\/\/aconteceunovale.com.br\/portal\/?p=188890#primaryimage"},"thumbnailUrl":"https:\/\/aconteceunovale.com.br\/portal\/wp-content\/uploads\/2022\/05\/painel_sine_2maio.jpg","keywords":["Arapor\u00e3","Belo Horizonte","Betim","bh","Caged Minas Gerais","Constru\u00e7\u00e3o Civil Minas Gerais","Crescimento econ\u00f4mico em Minas Gerais","destaque","Emprego formal em Minas Gerais","Empregos em Minas Gerais","empregos Minas Gerais","Gera\u00e7\u00e3o de empregos em Minas Gerais","Ipatinga","Matozinhos","Minas Gerais","Minas Gerais tem a segunda maior gera\u00e7\u00e3o de empregos formais no Brasil","Minas Gerais tem cerca de mil vagas de emprego para constru\u00e7\u00e3o civil","Minist\u00e9rio do Trabalho e Previd\u00eancia","Munic\u00edpios que mais geraram empregos em Minas Gerais","Nova Serrana","Novo Caged Minas Gerais","Oportunidades de trabalho em Minas Gerais","Patos de Minas","Sacramento","Sedese-MG","sine minas gerais","trabalho em minas gerais","Uberaba","Uberl\u00e2ndia","vagas de emprego em minas gerais","vagas de trabalho em minas gerais"],"articleSection":["Empregos","Minas Gerais"],"inLanguage":"pt-BR","potentialAction":[{"@type":"CommentAction","name":"Comment","target":["https:\/\/aconteceunovale.com.br\/portal\/?p=188890#respond"]}]},{"@type":"WebPage","@id":"https:\/\/aconteceunovale.com.br\/portal\/?p=188890","url":"https:\/\/aconteceunovale.com.br\/portal\/?p=188890","name":"Minas Gerais tem mais de 7,8 mil vagas de emprego dispon\u00edveis; confira - Aconteceu no Vale","isPartOf":{"@id":"https:\/\/aconteceunovale.com.br\/portal\/#website"},"primaryImageOfPage":{"@id":"https:\/\/aconteceunovale.com.br\/portal\/?p=188890#primaryimage"},"image":{"@id":"https:\/\/aconteceunovale.com.br\/portal\/?p=188890#primaryimage"},"thumbnailUrl":"https:\/\/aconteceunovale.com.br\/portal\/wp-content\/uploads\/2022\/05\/painel_sine_2maio.jpg","datePublished":"2022-05-02T17:41:08+00:00","dateModified":"2022-05-02T17:41:45+00:00","author":{"@id":"https:\/\/aconteceunovale.com.br\/portal\/#\/schema\/person\/7d2f26d1483f8a63de73da1ee0754d35"},"breadcrumb":{"@id":"https:\/\/aconteceunovale.com.br\/portal\/?p=188890#breadcrumb"},"inLanguage":"pt-BR","potentialAction":[{"@type":"ReadAction","target":["https:\/\/aconteceunovale.com.br\/portal\/?p=188890"]}]},{"@type":"ImageObject","inLanguage":"pt-BR","@id":"https:\/\/aconteceunovale.com.br\/portal\/?p=188890#primaryimage","url":"https:\/\/aconteceunovale.com.br\/portal\/wp-content\/uploads\/2022\/05\/painel_sine_2maio.jpg","contentUrl":"https:\/\/aconteceunovale.com.br\/portal\/wp-content\/uploads\/2022\/05\/painel_sine_2maio.jpg","width":675,"height":450},{"@type":"BreadcrumbList","@id":"https:\/\/aconteceunovale.com.br\/portal\/?p=188890#breadcrumb","itemListElement":[{"@type":"ListItem","position":1,"name":"In\u00edcio","item":"https:\/\/aconteceunovale.com.br\/portal\/"},{"@type":"ListItem","position":2,"name":"Minas Gerais tem mais de 7,8 mil vagas de emprego dispon\u00edveis; confira"}]},{"@type":"WebSite","@id":"https:\/\/aconteceunovale.com.br\/portal\/#website","url":"https:\/\/aconteceunovale.com.br\/portal\/","name":"Aconteceu no Vale","description":"Portal de Not\u00edcias","potentialAction":[{"@type":"SearchAction","target":{"@type":"EntryPoint","urlTemplate":"https:\/\/aconteceunovale.com.br\/portal\/?s={search_term_string}"},"query-input":{"@type":"PropertyValueSpecification","valueRequired":true,"valueName":"search_term_string"}}],"inLanguage":"pt-BR"},{"@type":"Person","@id":"https:\/\/aconteceunovale.com.br\/portal\/#\/schema\/person\/7d2f26d1483f8a63de73da1ee0754d35","name":"Reda\u00e7\u00e3o Aconteceu no Vale","description":"Equipe de reportagem do Aconteceu no Vale, portal de not\u00edcias do Vale do Jequitinhonha, em Minas Gerais. Cobrimos as 51 cidades do Vale desde 2013. Sugest\u00f5es de pauta e pedidos de corre\u00e7\u00e3o: contato@aconteceunovale.com.br","url":"https:\/\/aconteceunovale.com.br\/portal\/?author=4"}]}},"_links":{"self":[{"href":"https:\/\/aconteceunovale.com.br\/portal\/index.php?rest_route=\/wp\/v2\/posts\/188890","targetHints":{"allow":["GET"]}}],"collection":[{"href":"https:\/\/aconteceunovale.com.br\/portal\/index.php?rest_route=\/wp\/v2\/posts"}],"about":[{"href":"https:\/\/aconteceunovale.com.br\/portal\/index.php?rest_route=\/wp\/v2\/types\/post"}],"author":[{"embeddable":true,"href":"https:\/\/aconteceunovale.com.br\/portal\/index.php?rest_route=\/wp\/v2\/users\/4"}],"replies":[{"embeddable":true,"href":"https:\/\/aconteceunovale.com.br\/portal\/index.php?rest_route=%2Fwp%2Fv2%2Fcomments&post=188890"}],"version-history":[{"count":1,"href":"https:\/\/aconteceunovale.com.br\/portal\/index.php?rest_route=\/wp\/v2\/posts\/188890\/revisions"}],"predecessor-version":[{"id":188892,"href":"https:\/\/aconteceunovale.com.br\/portal\/index.php?rest_route=\/wp\/v2\/posts\/188890\/revisions\/188892"}],"wp:featuredmedia":[{"embeddable":true,"href":"https:\/\/aconteceunovale.com.br\/portal\/index.php?rest_route=\/wp\/v2\/media\/188891"}],"wp:attachment":[{"href":"https:\/\/aconteceunovale.com.br\/portal\/index.php?rest_route=%2Fwp%2Fv2%2Fmedia&parent=188890"}],"wp:term":[{"taxonomy":"category","embeddable":true,"href":"https:\/\/aconteceunovale.com.br\/portal\/index.php?rest_route=%2Fwp%2Fv2%2Fcategories&post=188890"},{"taxonomy":"post_tag","embeddable":true,"href":"https:\/\/aconteceunovale.com.br\/portal\/index.php?rest_route=%2Fwp%2Fv2%2Ftags&post=188890"}],"curies":[{"name":"wp","href":"https:\/\/api.w.org\/{rel}","templated":true}]}}