{"id":188888,"date":"2022-05-02T11:45:32","date_gmt":"2022-05-02T14:45:32","guid":{"rendered":"https:\/\/aconteceunovale.com.br\/portal\/?p=188888"},"modified":"2022-05-02T11:46:04","modified_gmt":"2022-05-02T14:46:04","slug":"prazo-para-emitir-ou-regularizar-titulo-de-eleitor-termina-no-dia-4-de-maio","status":"publish","type":"post","link":"https:\/\/aconteceunovale.com.br\/portal\/?p=188888","title":{"rendered":"Prazo para emitir ou regularizar t\u00edtulo de eleitor termina no dia 4 de maio"},"content":{"rendered":"\n<p class=\"wp-block-paragraph\">Quem quiser votar nas elei\u00e7\u00f5es 2022 tem at\u00e9 a pr\u00f3xima\u00a0quarta-feira (4\/5) para emitir ou regularizar o\u00a0t\u00edtulo de eleitor. Esse \u00e9 o prazo legal para que a Justi\u00e7a Eleitoral conclua o cadastro de todo o eleitorado apto a votar em outubro.<\/p>\n\n\n\n<p class=\"wp-block-paragraph\">O mesmo prazo vale para quem quiser transferir o domic\u00edlio eleitoral, mudando o munic\u00edpio onde vota, bem como para incluir o nome social no t\u00edtulo de eleitor \u2013 no caso de pessoas transsexuais e travestis. A data vale tamb\u00e9m para idosos e pessoas com mobilidade reduzida solicitarem a transfer\u00eancia do local de vota\u00e7\u00e3o para uma se\u00e7\u00e3o acess\u00edvel.<\/p>\n\n\n\n<p class=\"wp-block-paragraph\">Assim como em todo ciclo eleitoral, a busca por regularizar a situa\u00e7\u00e3o do t\u00edtulo tem aumentado com a proximidade do fim do prazo, o que levou a Justi\u00e7a Eleitoral de diversos estados a ampliar\u00a0o hor\u00e1rio de\u00a0funcionamento dos cart\u00f3rios\u00a0eleitorais.\u00a0<\/p>\n\n\n\n<p class=\"wp-block-paragraph\">Vale lembrar, contudo, que todos os procedimentos relativos ao t\u00edtulo de eleitor, incluindo a emiss\u00e3o do documento pela primeira vez, podem ser realizados inteiramente<em>\u00a0online<\/em>, sem a necessidade de sair de casa, por meio do\u00a0<a href=\"https:\/\/www.tse.jus.br\/eleitor\/titulo-de-eleitor\/tudo-sobre-titulo-de-eleitor\/\" target=\"_blank\" rel=\"noreferrer noopener\">Atendimento Online<\/a>\u00a0ao eleitor.<\/p>\n\n\n\n<p class=\"wp-block-paragraph\">Por meio da internet \u00e9 poss\u00edvel, por exemplo, pagar multas eleitorais atrasadas e solicitar a revis\u00e3o de dados no caso de t\u00edtulo cancelados. De acordo com a Justi\u00e7a Eleitoral, mais de 6 milh\u00f5es de t\u00edtulos foram cancelados de 2018 a&nbsp;2021.<\/p>\n\n\n\n<p class=\"wp-block-paragraph\">Isso pode acontecer, por exemplo, quando o eleitor n\u00e3o comparece \u00e0 vota\u00e7\u00e3o nem justifica a aus\u00eancia por tr\u00eas elei\u00e7\u00f5es consecutivas, apesar de se enquadrar nos crit\u00e9rios de obrigatoriedade do voto.<\/p>\n\n\n\n<p class=\"wp-block-paragraph\">Contudo, quem teve o t\u00edtulo cancelado por&nbsp;ter&nbsp;faltado \u00e0 revis\u00e3o do eleitorado e \u00e0 coleta de biometria em seu estado n\u00e3o precisa se preocupar. No m\u00eas passado, o Tribunal Superior Eleitoral (TSE) suspendeu os efeitos do cancelamento devido \u00e0 continuidade da pandemia de covid-19. Dessa maneira, os eleitores nessa situa\u00e7\u00e3o poder\u00e3o votar normalmente em outubro.&nbsp;<\/p>\n\n\n\n<p class=\"wp-block-paragraph\">Para verificar e resolver pend\u00eancias relativas ao t\u00edtulo, o eleitor dever\u00e1\u00a0ter\u00a0em m\u00e3os documentos como cadastro de pessoa f\u00edsica. Em alguns casos \u00e9 necess\u00e1rio tirar fotos de rosto e de documentos, entre eles RG e comprovante de resid\u00eancia, para solicitar determinados procedimentos. Todas as informa\u00e7\u00f5es est\u00e3o dispon\u00edveis no\u00a0<a href=\"https:\/\/www.tse.jus.br\/eleitor\/titulo-de-eleitor\/tudo-sobre-titulo-de-eleitor\/\" target=\"_blank\" rel=\"noreferrer noopener\">portal da Justi\u00e7a Eleitoral<\/a>.\u00a0<\/p>\n\n\n\n<p class=\"wp-block-paragraph\">O prazo limite para emitir ou modificar informa\u00e7\u00f5es relativas ao t\u00edtulo de eleitor \u00e9 decorrente da Lei das Elei\u00e7\u00f5es, que prev\u00ea o fechamento do cadastro eleitoral 150 dias antes do pleito. Neste ano, a data do fechamento \u00e9\u00a05 de maio.<\/p>\n\n\n\n<p class=\"wp-block-paragraph\">&#8212;&#8212;&#8212;&#8212;&#8212;&#8212;<br><br><strong>Sabia que o Aconteceu no Vale est\u00e1 tamb\u00e9m no Telegram? <a rel=\"noreferrer noopener\" href=\"https:\/\/t.me\/aconteceunovaleoficial\" target=\"_blank\">Inscreva-se no canal<\/a>.<\/strong><br><br><strong>J\u00e1 curtiu ou seguiu nossas p\u00e1ginas nas redes sociais?\u00a0Receba as not\u00edcias em primeira m\u00e3o:<\/strong><br>\u2022 <a rel=\"noreferrer noopener\" href=\"https:\/\/news.google.com\/publications\/CAAqBwgKMNjklQswi4etAw?hl=pt-BR&amp;gl=BR&amp;ceid=BR%3Apt-419\" target=\"_blank\">Google News<\/a><br>\u2022 <a rel=\"noreferrer noopener\" href=\"https:\/\/www.facebook.com\/aconteceunovale\/\" target=\"_blank\">Facebook<\/a><br>\u2022 <a rel=\"noreferrer noopener\" href=\"https:\/\/twitter.com\/noticiadosvales\" target=\"_blank\">Twitter<\/a><br>\u2022 <a rel=\"noreferrer noopener\" href=\"https:\/\/www.instagram.com\/aconteceunovale\" target=\"_blank\">Instagram<\/a><br>\u2022 <a rel=\"noreferrer noopener\" href=\"https:\/\/www.youtube.com\/AconteceunoValeOficial\" target=\"_blank\">Youtube<\/a><br>\u2022 <a rel=\"noreferrer noopener\" href=\"https:\/\/www.tiktok.com\/@aconteceunovale\" target=\"_blank\">TikTok<\/a><\/p>\n","protected":false},"excerpt":{"rendered":"<p>Quem quiser votar nas elei\u00e7\u00f5es 2022 tem at\u00e9 a pr\u00f3xima\u00a0quarta-feira (4\/5) para emitir ou regularizar o\u00a0t\u00edtulo de eleitor. Esse \u00e9 o prazo legal para que a Justi\u00e7a Eleitoral conclua o cadastro de todo o eleitorado apto a votar em outubro. O mesmo prazo vale para quem quiser transferir o domic\u00edlio eleitoral, mudando o munic\u00edpio onde [&hellip;]<\/p>\n","protected":false},"author":4,"featured_media":145421,"comment_status":"open","ping_status":"closed","sticky":false,"template":"","format":"standard","meta":{"amp_status":"","footnotes":""},"categories":[6,249933],"tags":[254118,1018,254122,254121,252238,259533,17165,254119,131,254116,254117,252247,259534,259532,219651,140697,254120,115951,94060,267],"class_list":["post-188888","post","type-post","status-publish","format-standard","has-post-thumbnail","hentry","category-br","category-eleicoes-2022","tag-cadastro-eleitoral-para-2022","tag-destaque","tag-documentos-para-regularizar-titulo-de-eleitor","tag-documentos-para-tirar-titulo-de-eleitor","tag-eleicoes-2022","tag-eleicoes-gerais-de-2022","tag-justica-eleitoral","tag-justica-eleitoral-de-minas-gerais","tag-minas-gerais","tag-prazo-para-regularizar-titulo-de-eleitor-para-as-eleicoes-2022","tag-prazo-para-tirar-titulo-de-eleitor-para-as-eleicoes-2022","tag-prazos-eleicoes-2022","tag-regularizacao-de-titulo","tag-regularizar-o-titulo-de-eleitor","tag-saiba-como-regularizar-o-titulo-de-eleitor","tag-titulo-de-eleitor","tag-titulo-net-minas-gerais","tag-tre-mg","tag-tribunal-superior-eleitoral","tag-tse"],"yoast_head":"<!-- This site is optimized with the Yoast SEO plugin v28.3 - https:\/\/yoast.com\/product\/yoast-seo-wordpress\/ -->\n<title>Prazo para emitir ou regularizar t\u00edtulo de eleitor termina no dia 4 de maio - Aconteceu no Vale<\/title>\n<meta name=\"robots\" content=\"index, follow, max-snippet:-1, max-image-preview:large, max-video-preview:-1\" \/>\n<link rel=\"canonical\" href=\"https:\/\/aconteceunovale.com.br\/portal\/?p=188888\" \/>\n<meta property=\"og:locale\" content=\"pt_BR\" \/>\n<meta property=\"og:type\" content=\"article\" \/>\n<meta property=\"og:title\" content=\"Prazo para emitir ou regularizar t\u00edtulo de eleitor termina no dia 4 de maio - Aconteceu no Vale\" \/>\n<meta property=\"og:description\" content=\"Quem quiser votar nas elei\u00e7\u00f5es 2022 tem at\u00e9 a pr\u00f3xima\u00a0quarta-feira (4\/5) para emitir ou regularizar o\u00a0t\u00edtulo de eleitor. Esse \u00e9 o prazo legal para que a Justi\u00e7a Eleitoral conclua o cadastro de todo o eleitorado apto a votar em outubro. O mesmo prazo vale para quem quiser transferir o domic\u00edlio eleitoral, mudando o munic\u00edpio onde [&hellip;]\" \/>\n<meta property=\"og:url\" content=\"https:\/\/aconteceunovale.com.br\/portal\/?p=188888\" \/>\n<meta property=\"og:site_name\" content=\"Aconteceu no Vale\" \/>\n<meta property=\"article:publisher\" content=\"https:\/\/www.facebook.com\/aconteceunovale\/\" \/>\n<meta property=\"article:published_time\" content=\"2022-05-02T14:45:32+00:00\" \/>\n<meta property=\"article:modified_time\" content=\"2022-05-02T14:46:04+00:00\" \/>\n<meta property=\"og:image\" content=\"https:\/\/aconteceunovale.com.br\/portal\/wp-content\/uploads\/2019\/03\/etitulo.jpeg\" \/>\n\t<meta property=\"og:image:width\" content=\"543\" \/>\n\t<meta property=\"og:image:height\" content=\"263\" \/>\n\t<meta property=\"og:image:type\" content=\"image\/jpeg\" \/>\n<meta name=\"author\" content=\"Reda\u00e7\u00e3o Aconteceu no Vale\" \/>\n<meta name=\"twitter:card\" content=\"summary_large_image\" \/>\n<meta name=\"twitter:creator\" content=\"@noticiadosvales\" \/>\n<meta name=\"twitter:site\" content=\"@noticiadosvales\" \/>\n<meta name=\"twitter:label1\" content=\"Escrito por\" \/>\n\t<meta name=\"twitter:data1\" content=\"Reda\u00e7\u00e3o Aconteceu no Vale\" \/>\n\t<meta name=\"twitter:label2\" content=\"Est. tempo de leitura\" \/>\n\t<meta name=\"twitter:data2\" content=\"2 minutos\" \/>\n<script type=\"application\/ld+json\" class=\"yoast-schema-graph\">{\"@context\":\"https:\\\/\\\/schema.org\",\"@graph\":[{\"@type\":\"Article\",\"@id\":\"https:\\\/\\\/aconteceunovale.com.br\\\/portal\\\/?p=188888#article\",\"isPartOf\":{\"@id\":\"https:\\\/\\\/aconteceunovale.com.br\\\/portal\\\/?p=188888\"},\"author\":{\"name\":\"Reda\u00e7\u00e3o Aconteceu no Vale\",\"@id\":\"https:\\\/\\\/aconteceunovale.com.br\\\/portal\\\/#\\\/schema\\\/person\\\/7d2f26d1483f8a63de73da1ee0754d35\"},\"headline\":\"Prazo para emitir ou regularizar t\u00edtulo de eleitor termina no dia 4 de maio\",\"datePublished\":\"2022-05-02T14:45:32+00:00\",\"dateModified\":\"2022-05-02T14:46:04+00:00\",\"mainEntityOfPage\":{\"@id\":\"https:\\\/\\\/aconteceunovale.com.br\\\/portal\\\/?p=188888\"},\"wordCount\":491,\"commentCount\":0,\"image\":{\"@id\":\"https:\\\/\\\/aconteceunovale.com.br\\\/portal\\\/?p=188888#primaryimage\"},\"thumbnailUrl\":\"https:\\\/\\\/aconteceunovale.com.br\\\/portal\\\/wp-content\\\/uploads\\\/2019\\\/03\\\/etitulo.jpeg\",\"keywords\":[\"Cadastro eleitoral para 2022\",\"destaque\",\"Documentos para regularizar t\u00edtulo de eleitor\",\"Documentos para tirar t\u00edtulo de eleitor\",\"Elei\u00e7\u00f5es 2022\",\"Elei\u00e7\u00f5es gerais de 2022\",\"Justi\u00e7a Eleitoral\",\"Justi\u00e7a Eleitoral de Minas Gerais\",\"Minas Gerais\",\"Prazo para regularizar t\u00edtulo de eleitor para as Elei\u00e7\u00f5es 2022\",\"Prazo para tirar t\u00edtulo de eleitor para as Elei\u00e7\u00f5es 2022\",\"Prazos Elei\u00e7\u00f5es 2022\",\"Regulariza\u00e7\u00e3o de t\u00edtulo\",\"Regularizar o t\u00edtulo de eleitor\",\"Saiba como regularizar o t\u00edtulo de eleitor\",\"t\u00edtulo de eleitor\",\"T\u00edtulo Net Minas Gerais\",\"TRE-MG\",\"Tribunal Superior Eleitoral\",\"TSE\"],\"articleSection\":[\"Brasil\",\"Elei\u00e7\u00f5es 2022\"],\"inLanguage\":\"pt-BR\",\"potentialAction\":[{\"@type\":\"CommentAction\",\"name\":\"Comment\",\"target\":[\"https:\\\/\\\/aconteceunovale.com.br\\\/portal\\\/?p=188888#respond\"]}]},{\"@type\":\"WebPage\",\"@id\":\"https:\\\/\\\/aconteceunovale.com.br\\\/portal\\\/?p=188888\",\"url\":\"https:\\\/\\\/aconteceunovale.com.br\\\/portal\\\/?p=188888\",\"name\":\"Prazo para emitir ou regularizar t\u00edtulo de eleitor termina no dia 4 de maio - Aconteceu no Vale\",\"isPartOf\":{\"@id\":\"https:\\\/\\\/aconteceunovale.com.br\\\/portal\\\/#website\"},\"primaryImageOfPage\":{\"@id\":\"https:\\\/\\\/aconteceunovale.com.br\\\/portal\\\/?p=188888#primaryimage\"},\"image\":{\"@id\":\"https:\\\/\\\/aconteceunovale.com.br\\\/portal\\\/?p=188888#primaryimage\"},\"thumbnailUrl\":\"https:\\\/\\\/aconteceunovale.com.br\\\/portal\\\/wp-content\\\/uploads\\\/2019\\\/03\\\/etitulo.jpeg\",\"datePublished\":\"2022-05-02T14:45:32+00:00\",\"dateModified\":\"2022-05-02T14:46:04+00:00\",\"author\":{\"@id\":\"https:\\\/\\\/aconteceunovale.com.br\\\/portal\\\/#\\\/schema\\\/person\\\/7d2f26d1483f8a63de73da1ee0754d35\"},\"breadcrumb\":{\"@id\":\"https:\\\/\\\/aconteceunovale.com.br\\\/portal\\\/?p=188888#breadcrumb\"},\"inLanguage\":\"pt-BR\",\"potentialAction\":[{\"@type\":\"ReadAction\",\"target\":[\"https:\\\/\\\/aconteceunovale.com.br\\\/portal\\\/?p=188888\"]}]},{\"@type\":\"ImageObject\",\"inLanguage\":\"pt-BR\",\"@id\":\"https:\\\/\\\/aconteceunovale.com.br\\\/portal\\\/?p=188888#primaryimage\",\"url\":\"https:\\\/\\\/aconteceunovale.com.br\\\/portal\\\/wp-content\\\/uploads\\\/2019\\\/03\\\/etitulo.jpeg\",\"contentUrl\":\"https:\\\/\\\/aconteceunovale.com.br\\\/portal\\\/wp-content\\\/uploads\\\/2019\\\/03\\\/etitulo.jpeg\",\"width\":543,\"height\":263},{\"@type\":\"BreadcrumbList\",\"@id\":\"https:\\\/\\\/aconteceunovale.com.br\\\/portal\\\/?p=188888#breadcrumb\",\"itemListElement\":[{\"@type\":\"ListItem\",\"position\":1,\"name\":\"In\u00edcio\",\"item\":\"https:\\\/\\\/aconteceunovale.com.br\\\/portal\\\/\"},{\"@type\":\"ListItem\",\"position\":2,\"name\":\"Prazo para emitir ou regularizar t\u00edtulo de eleitor termina no dia 4 de maio\"}]},{\"@type\":\"WebSite\",\"@id\":\"https:\\\/\\\/aconteceunovale.com.br\\\/portal\\\/#website\",\"url\":\"https:\\\/\\\/aconteceunovale.com.br\\\/portal\\\/\",\"name\":\"Aconteceu no Vale\",\"description\":\"Portal de Not\u00edcias\",\"potentialAction\":[{\"@type\":\"SearchAction\",\"target\":{\"@type\":\"EntryPoint\",\"urlTemplate\":\"https:\\\/\\\/aconteceunovale.com.br\\\/portal\\\/?s={search_term_string}\"},\"query-input\":{\"@type\":\"PropertyValueSpecification\",\"valueRequired\":true,\"valueName\":\"search_term_string\"}}],\"inLanguage\":\"pt-BR\"},{\"@type\":\"Person\",\"@id\":\"https:\\\/\\\/aconteceunovale.com.br\\\/portal\\\/#\\\/schema\\\/person\\\/7d2f26d1483f8a63de73da1ee0754d35\",\"name\":\"Reda\u00e7\u00e3o Aconteceu no Vale\",\"description\":\"Equipe de reportagem do Aconteceu no Vale, portal de not\u00edcias do Vale do Jequitinhonha, em Minas Gerais. Cobrimos as 51 cidades do Vale desde 2013. Sugest\u00f5es de pauta e pedidos de corre\u00e7\u00e3o: contato@aconteceunovale.com.br\",\"url\":\"https:\\\/\\\/aconteceunovale.com.br\\\/portal\\\/?author=4\"}]}<\/script>\n<!-- \/ Yoast SEO plugin. -->","yoast_head_json":{"title":"Prazo para emitir ou regularizar t\u00edtulo de eleitor termina no dia 4 de maio - Aconteceu no Vale","robots":{"index":"index","follow":"follow","max-snippet":"max-snippet:-1","max-image-preview":"max-image-preview:large","max-video-preview":"max-video-preview:-1"},"canonical":"https:\/\/aconteceunovale.com.br\/portal\/?p=188888","og_locale":"pt_BR","og_type":"article","og_title":"Prazo para emitir ou regularizar t\u00edtulo de eleitor termina no dia 4 de maio - Aconteceu no Vale","og_description":"Quem quiser votar nas elei\u00e7\u00f5es 2022 tem at\u00e9 a pr\u00f3xima\u00a0quarta-feira (4\/5) para emitir ou regularizar o\u00a0t\u00edtulo de eleitor. Esse \u00e9 o prazo legal para que a Justi\u00e7a Eleitoral conclua o cadastro de todo o eleitorado apto a votar em outubro. O mesmo prazo vale para quem quiser transferir o domic\u00edlio eleitoral, mudando o munic\u00edpio onde [&hellip;]","og_url":"https:\/\/aconteceunovale.com.br\/portal\/?p=188888","og_site_name":"Aconteceu no Vale","article_publisher":"https:\/\/www.facebook.com\/aconteceunovale\/","article_published_time":"2022-05-02T14:45:32+00:00","article_modified_time":"2022-05-02T14:46:04+00:00","og_image":[{"width":543,"height":263,"url":"https:\/\/aconteceunovale.com.br\/portal\/wp-content\/uploads\/2019\/03\/etitulo.jpeg","type":"image\/jpeg"}],"author":"Reda\u00e7\u00e3o Aconteceu no Vale","twitter_card":"summary_large_image","twitter_creator":"@noticiadosvales","twitter_site":"@noticiadosvales","twitter_misc":{"Escrito por":"Reda\u00e7\u00e3o Aconteceu no Vale","Est. tempo de leitura":"2 minutos"},"schema":{"@context":"https:\/\/schema.org","@graph":[{"@type":"Article","@id":"https:\/\/aconteceunovale.com.br\/portal\/?p=188888#article","isPartOf":{"@id":"https:\/\/aconteceunovale.com.br\/portal\/?p=188888"},"author":{"name":"Reda\u00e7\u00e3o Aconteceu no Vale","@id":"https:\/\/aconteceunovale.com.br\/portal\/#\/schema\/person\/7d2f26d1483f8a63de73da1ee0754d35"},"headline":"Prazo para emitir ou regularizar t\u00edtulo de eleitor termina no dia 4 de maio","datePublished":"2022-05-02T14:45:32+00:00","dateModified":"2022-05-02T14:46:04+00:00","mainEntityOfPage":{"@id":"https:\/\/aconteceunovale.com.br\/portal\/?p=188888"},"wordCount":491,"commentCount":0,"image":{"@id":"https:\/\/aconteceunovale.com.br\/portal\/?p=188888#primaryimage"},"thumbnailUrl":"https:\/\/aconteceunovale.com.br\/portal\/wp-content\/uploads\/2019\/03\/etitulo.jpeg","keywords":["Cadastro eleitoral para 2022","destaque","Documentos para regularizar t\u00edtulo de eleitor","Documentos para tirar t\u00edtulo de eleitor","Elei\u00e7\u00f5es 2022","Elei\u00e7\u00f5es gerais de 2022","Justi\u00e7a Eleitoral","Justi\u00e7a Eleitoral de Minas Gerais","Minas Gerais","Prazo para regularizar t\u00edtulo de eleitor para as Elei\u00e7\u00f5es 2022","Prazo para tirar t\u00edtulo de eleitor para as Elei\u00e7\u00f5es 2022","Prazos Elei\u00e7\u00f5es 2022","Regulariza\u00e7\u00e3o de t\u00edtulo","Regularizar o t\u00edtulo de eleitor","Saiba como regularizar o t\u00edtulo de eleitor","t\u00edtulo de eleitor","T\u00edtulo Net Minas Gerais","TRE-MG","Tribunal Superior Eleitoral","TSE"],"articleSection":["Brasil","Elei\u00e7\u00f5es 2022"],"inLanguage":"pt-BR","potentialAction":[{"@type":"CommentAction","name":"Comment","target":["https:\/\/aconteceunovale.com.br\/portal\/?p=188888#respond"]}]},{"@type":"WebPage","@id":"https:\/\/aconteceunovale.com.br\/portal\/?p=188888","url":"https:\/\/aconteceunovale.com.br\/portal\/?p=188888","name":"Prazo para emitir ou regularizar t\u00edtulo de eleitor termina no dia 4 de maio - Aconteceu no Vale","isPartOf":{"@id":"https:\/\/aconteceunovale.com.br\/portal\/#website"},"primaryImageOfPage":{"@id":"https:\/\/aconteceunovale.com.br\/portal\/?p=188888#primaryimage"},"image":{"@id":"https:\/\/aconteceunovale.com.br\/portal\/?p=188888#primaryimage"},"thumbnailUrl":"https:\/\/aconteceunovale.com.br\/portal\/wp-content\/uploads\/2019\/03\/etitulo.jpeg","datePublished":"2022-05-02T14:45:32+00:00","dateModified":"2022-05-02T14:46:04+00:00","author":{"@id":"https:\/\/aconteceunovale.com.br\/portal\/#\/schema\/person\/7d2f26d1483f8a63de73da1ee0754d35"},"breadcrumb":{"@id":"https:\/\/aconteceunovale.com.br\/portal\/?p=188888#breadcrumb"},"inLanguage":"pt-BR","potentialAction":[{"@type":"ReadAction","target":["https:\/\/aconteceunovale.com.br\/portal\/?p=188888"]}]},{"@type":"ImageObject","inLanguage":"pt-BR","@id":"https:\/\/aconteceunovale.com.br\/portal\/?p=188888#primaryimage","url":"https:\/\/aconteceunovale.com.br\/portal\/wp-content\/uploads\/2019\/03\/etitulo.jpeg","contentUrl":"https:\/\/aconteceunovale.com.br\/portal\/wp-content\/uploads\/2019\/03\/etitulo.jpeg","width":543,"height":263},{"@type":"BreadcrumbList","@id":"https:\/\/aconteceunovale.com.br\/portal\/?p=188888#breadcrumb","itemListElement":[{"@type":"ListItem","position":1,"name":"In\u00edcio","item":"https:\/\/aconteceunovale.com.br\/portal\/"},{"@type":"ListItem","position":2,"name":"Prazo para emitir ou regularizar t\u00edtulo de eleitor termina no dia 4 de maio"}]},{"@type":"WebSite","@id":"https:\/\/aconteceunovale.com.br\/portal\/#website","url":"https:\/\/aconteceunovale.com.br\/portal\/","name":"Aconteceu no Vale","description":"Portal de Not\u00edcias","potentialAction":[{"@type":"SearchAction","target":{"@type":"EntryPoint","urlTemplate":"https:\/\/aconteceunovale.com.br\/portal\/?s={search_term_string}"},"query-input":{"@type":"PropertyValueSpecification","valueRequired":true,"valueName":"search_term_string"}}],"inLanguage":"pt-BR"},{"@type":"Person","@id":"https:\/\/aconteceunovale.com.br\/portal\/#\/schema\/person\/7d2f26d1483f8a63de73da1ee0754d35","name":"Reda\u00e7\u00e3o Aconteceu no Vale","description":"Equipe de reportagem do Aconteceu no Vale, portal de not\u00edcias do Vale do Jequitinhonha, em Minas Gerais. Cobrimos as 51 cidades do Vale desde 2013. Sugest\u00f5es de pauta e pedidos de corre\u00e7\u00e3o: contato@aconteceunovale.com.br","url":"https:\/\/aconteceunovale.com.br\/portal\/?author=4"}]}},"_links":{"self":[{"href":"https:\/\/aconteceunovale.com.br\/portal\/index.php?rest_route=\/wp\/v2\/posts\/188888","targetHints":{"allow":["GET"]}}],"collection":[{"href":"https:\/\/aconteceunovale.com.br\/portal\/index.php?rest_route=\/wp\/v2\/posts"}],"about":[{"href":"https:\/\/aconteceunovale.com.br\/portal\/index.php?rest_route=\/wp\/v2\/types\/post"}],"author":[{"embeddable":true,"href":"https:\/\/aconteceunovale.com.br\/portal\/index.php?rest_route=\/wp\/v2\/users\/4"}],"replies":[{"embeddable":true,"href":"https:\/\/aconteceunovale.com.br\/portal\/index.php?rest_route=%2Fwp%2Fv2%2Fcomments&post=188888"}],"version-history":[{"count":1,"href":"https:\/\/aconteceunovale.com.br\/portal\/index.php?rest_route=\/wp\/v2\/posts\/188888\/revisions"}],"predecessor-version":[{"id":188889,"href":"https:\/\/aconteceunovale.com.br\/portal\/index.php?rest_route=\/wp\/v2\/posts\/188888\/revisions\/188889"}],"wp:featuredmedia":[{"embeddable":true,"href":"https:\/\/aconteceunovale.com.br\/portal\/index.php?rest_route=\/wp\/v2\/media\/145421"}],"wp:attachment":[{"href":"https:\/\/aconteceunovale.com.br\/portal\/index.php?rest_route=%2Fwp%2Fv2%2Fmedia&parent=188888"}],"wp:term":[{"taxonomy":"category","embeddable":true,"href":"https:\/\/aconteceunovale.com.br\/portal\/index.php?rest_route=%2Fwp%2Fv2%2Fcategories&post=188888"},{"taxonomy":"post_tag","embeddable":true,"href":"https:\/\/aconteceunovale.com.br\/portal\/index.php?rest_route=%2Fwp%2Fv2%2Ftags&post=188888"}],"curies":[{"name":"wp","href":"https:\/\/api.w.org\/{rel}","templated":true}]}}