{"id":188886,"date":"2022-05-02T11:40:22","date_gmt":"2022-05-02T14:40:22","guid":{"rendered":"https:\/\/aconteceunovale.com.br\/portal\/?p=188886"},"modified":"2022-05-02T11:41:28","modified_gmt":"2022-05-02T14:41:28","slug":"comeca-a-segunda-etapa-da-campanha-de-vacinacao-contra-influenza-e-sarampo","status":"publish","type":"post","link":"https:\/\/aconteceunovale.com.br\/portal\/?p=188886","title":{"rendered":"Come\u00e7a a segunda etapa da Campanha de Vacina\u00e7\u00e3o contra Influenza e Sarampo"},"content":{"rendered":"\n<p class=\"wp-block-paragraph\">O Minist\u00e9rio da Sa\u00fade iniciou nesta segunda-feira (2\/5\/2022) a\u00a0 2\u00aa etapa da Campanha Nacional de Vacina\u00e7\u00e3o contra a Influenza e Sarampo. At\u00e9 o dia 3 de junho, al\u00e9m de idosos e trabalhadores da \u00e1rea de sa\u00fade, a imuniza\u00e7\u00e3o ser\u00e1 estendida a crian\u00e7as com idade entre 6 meses e menores de 5 anos de idade (4 anos, 11 meses e 29 dias). Gestantes e pu\u00e9rperas, povos ind\u00edgenas, professores e pessoas com comorbidades tamb\u00e9m devem se vacinar. A expectativa \u00e9 de que 90% do p\u00fablico-alvo da campanha que tem 76,5 milh\u00f5es de brasileiros seja imunizado nas cerca de 38 mil unidades b\u00e1sicas de sa\u00fade (UBS) do pa\u00eds.<\/p>\n\n\n\n<p class=\"wp-block-paragraph\">\u201c\u00c9 importante tomar [a vacina] em qualquer \u00e9poca. As vacinas do Plano Nacional de Imuniza\u00e7\u00e3o (PNI) est\u00e3o dispon\u00edveis. Gastamos mais de R$ 4 bilh\u00f5es com vacinas para o PNI, fora a da covid-19. O presidente Bolsonaro investiu cerca de R$ 30 bilh\u00f5es em vacinas contra covid-19\u201d, disse o\u00a0ministro da Sa\u00fade, Marcelo Queiroga, em entrevista \u00e0\u00a0Voz do Brasil\u00a0no lan\u00e7amento da campanha.<\/p>\n\n\n\n<h2 class=\"wp-block-heading\">Vacina\u00e7\u00e3o de crian\u00e7as<\/h2>\n\n\n\n<p class=\"wp-block-paragraph\">De acordo com o minist\u00e9rio, no caso das crian\u00e7as de seis meses a menores de 5 anos que j\u00e1 receberam ao menos uma dose da vacina Influenza ao longo da vida em anos anteriores, deve se considerar o esquema vacinal com a apenas uma dose em 2022. J\u00e1 para as crian\u00e7as que ser\u00e3o vacinadas pela primeira vez, a orienta\u00e7\u00e3o \u00e9 agendar a segunda dose da vacina contra gripe para 30 dias ap\u00f3s a primeira dose. No caso das crian\u00e7as que precisam tomar a vacina contra o sarampo, n\u00e3o h\u00e1 necessidade de cumprir intervalo com a vacina da gripe. As duas vacinas poder\u00e3o ser administradas no mesmo dia.<\/p>\n\n\n\n<p class=\"wp-block-paragraph\">O objetivo da campanha, segundo o Minist\u00e9rio da Sa\u00fade, \u00e9 prevenir o surgimento de complica\u00e7\u00f5es decorrentes das doen\u00e7as, evitando novos \u00f3bitos e poss\u00edvel press\u00e3o sobre o sistema de sa\u00fade. Ao todo, o Governo Federal enviou mais de 80 milh\u00f5es de doses do imunizante da gripe aos estados e ao Distrito Federal para que a vacina\u00e7\u00e3o aconte\u00e7a.<\/p>\n\n\n\n<p class=\"wp-block-paragraph\"><strong>Confira quais p\u00fablicos ser\u00e3o atendidos nesta segunda etapa<\/strong><\/p>\n\n\n\n<p class=\"wp-block-paragraph\"><strong>2\u00aa etapa &#8211; de 02\/05 a 03\/06<\/strong><\/p>\n\n\n\n<ul class=\"wp-block-list\"><li>Crian\u00e7as de 6 meses a menores de 5 anos de idade (4 anos, 11 meses e 29 dias);<\/li><li>Gestantes e pu\u00e9rperas;<\/li><li>Povos ind\u00edgenas;<\/li><li>Professores;<\/li><li>Comorbidades;<\/li><li>Pessoas com defici\u00eancia permanente;<\/li><li>For\u00e7as de seguran\u00e7a e salvamento e For\u00e7as Armadas;<\/li><li>Caminhoneiros e trabalhadores de transporte coletivo rodovi\u00e1rio de passageiros urbano e de longo curso;<\/li><li>Trabalhadores portu\u00e1rios;<\/li><li>Funcion\u00e1rios do sistema prisional;<\/li><li>Adolescentes e jovens de 12 a 21 anos de idade sob medidas socioeducativas;<\/li><li>Popula\u00e7\u00e3o privada de liberdade.<\/li><\/ul>\n\n\n\n<p class=\"wp-block-paragraph\">&#8212;&#8212;&#8212;&#8212;&#8212;&#8212;<br><br><strong>Sabia que o Aconteceu no Vale est\u00e1 tamb\u00e9m no Telegram? <a rel=\"noreferrer noopener\" href=\"https:\/\/t.me\/aconteceunovaleoficial\" target=\"_blank\">Inscreva-se no canal<\/a>.<\/strong><br><br><strong>J\u00e1 curtiu ou seguiu nossas p\u00e1ginas nas redes sociais?\u00a0Receba as not\u00edcias em primeira m\u00e3o:<\/strong><br>\u2022 <a rel=\"noreferrer noopener\" href=\"https:\/\/news.google.com\/publications\/CAAqBwgKMNjklQswi4etAw?hl=pt-BR&amp;gl=BR&amp;ceid=BR%3Apt-419\" target=\"_blank\">Google News<\/a><br>\u2022 <a rel=\"noreferrer noopener\" href=\"https:\/\/www.facebook.com\/aconteceunovale\/\" target=\"_blank\">Facebook<\/a><br>\u2022 <a rel=\"noreferrer noopener\" href=\"https:\/\/twitter.com\/noticiadosvales\" target=\"_blank\">Twitter<\/a><br>\u2022 <a rel=\"noreferrer noopener\" href=\"https:\/\/www.instagram.com\/aconteceunovale\" target=\"_blank\">Instagram<\/a><br>\u2022 <a rel=\"noreferrer noopener\" href=\"https:\/\/www.youtube.com\/AconteceunoValeOficial\" target=\"_blank\">Youtube<\/a><br>\u2022 <a rel=\"noreferrer noopener\" href=\"https:\/\/www.tiktok.com\/@aconteceunovale\" target=\"_blank\">TikTok<\/a><\/p>\n","protected":false},"excerpt":{"rendered":"<p>O Minist\u00e9rio da Sa\u00fade iniciou nesta segunda-feira (2\/5\/2022) a\u00a0 2\u00aa etapa da Campanha Nacional de Vacina\u00e7\u00e3o contra a Influenza e Sarampo. At\u00e9 o dia 3 de junho, al\u00e9m de idosos e trabalhadores da \u00e1rea de sa\u00fade, a imuniza\u00e7\u00e3o ser\u00e1 estendida a crian\u00e7as com idade entre 6 meses e menores de 5 anos de idade (4 [&hellip;]<\/p>\n","protected":false},"author":4,"featured_media":180504,"comment_status":"open","ping_status":"closed","sticky":false,"template":"","format":"standard","meta":{"amp_status":"","footnotes":""},"categories":[6,40242],"tags":[242928,242589,242588,6224,229876,242927,202671,208141,214884,216498,1018,43373,147989,202670,150317,216144,239762,131,260207,242994,19326,23476,23479,140166,242593,242592,242591,52113,174897,242594,242590,43700,242926,89380,242995,169797,203844],"class_list":["post-188886","post","type-post","status-publish","format-standard","has-post-thumbnail","hentry","category-br","category-saude-2","tag-arnaldo-medeiros","tag-campanha-de-imunizacao-contra-a-gripe","tag-campanha-de-imunizacao-contra-a-gripe-comeca-no-dia-12-de-abril","tag-campanha-de-vacinacao-contra-a-gripe","tag-campanha-de-vacinacao-contra-o-sarampo-em-minas-gerais","tag-campanha-nacional-de-vacinacao-contra-a-gripe-influenza","tag-campanha-nacional-de-vacinacao-contra-a-influenza","tag-campanha-nacional-de-vacinacao-contra-o-sarampo","tag-coronavirus","tag-covid-19","tag-destaque","tag-gripe","tag-imunizacao-contra-a-gripe","tag-imunizacao-contra-gripe-em-minas-gerais","tag-influenza","tag-josianne-dias-gusmao","tag-marcelo-queiroga","tag-minas-gerais","tag-minas-gerais-convoca-para-vacinacao-contra-o-sarampo-a-partir-do-dia-4-de-abril","tag-minas-gerais-inicia-vacinacao-contra-a-influenza","tag-ministerio-da-saude","tag-oms","tag-organizacao-mundial-da-saude","tag-pandemia","tag-publico-alvo-da-vacina-da-gripe","tag-publico-alvo-da-vacinacao-contra-a-gripe","tag-publico-prioritario-de-vacinacao-contra-a-gripe","tag-ses-mg","tag-vacina-da-gripe","tag-vacina-da-gripe-e-covid-19","tag-vacina-gripe","tag-vacinacao-contra-a-gripe","tag-vacinacao-contra-a-gripe-deve-atingir-80-milhoes-de-brasileiros","tag-vacinacao-contra-gripe-em-minas-gerais","tag-vacinacao-contra-influenza-em-minas-gerais","tag-vacinacao-contra-sarampo-em-minas-gerais","tag-vigilancia-em-saude"],"yoast_head":"<!-- This site is optimized with the Yoast SEO plugin v28.3 - https:\/\/yoast.com\/product\/yoast-seo-wordpress\/ -->\n<title>Come\u00e7a a segunda etapa da Campanha de Vacina\u00e7\u00e3o contra Influenza e Sarampo - Aconteceu no Vale<\/title>\n<meta name=\"robots\" content=\"index, follow, max-snippet:-1, max-image-preview:large, max-video-preview:-1\" \/>\n<link rel=\"canonical\" href=\"https:\/\/aconteceunovale.com.br\/portal\/?p=188886\" \/>\n<meta property=\"og:locale\" content=\"pt_BR\" \/>\n<meta property=\"og:type\" content=\"article\" \/>\n<meta property=\"og:title\" content=\"Come\u00e7a a segunda etapa da Campanha de Vacina\u00e7\u00e3o contra Influenza e Sarampo - Aconteceu no Vale\" \/>\n<meta property=\"og:description\" content=\"O Minist\u00e9rio da Sa\u00fade iniciou nesta segunda-feira (2\/5\/2022) a\u00a0 2\u00aa etapa da Campanha Nacional de Vacina\u00e7\u00e3o contra a Influenza e Sarampo. At\u00e9 o dia 3 de junho, al\u00e9m de idosos e trabalhadores da \u00e1rea de sa\u00fade, a imuniza\u00e7\u00e3o ser\u00e1 estendida a crian\u00e7as com idade entre 6 meses e menores de 5 anos de idade (4 [&hellip;]\" \/>\n<meta property=\"og:url\" content=\"https:\/\/aconteceunovale.com.br\/portal\/?p=188886\" \/>\n<meta property=\"og:site_name\" content=\"Aconteceu no Vale\" \/>\n<meta property=\"article:publisher\" content=\"https:\/\/www.facebook.com\/aconteceunovale\/\" \/>\n<meta property=\"article:published_time\" content=\"2022-05-02T14:40:22+00:00\" \/>\n<meta property=\"article:modified_time\" content=\"2022-05-02T14:41:28+00:00\" \/>\n<meta property=\"og:image\" content=\"https:\/\/aconteceunovale.com.br\/portal\/wp-content\/uploads\/2021\/07\/vacina_100_milhoes.jpg\" \/>\n\t<meta property=\"og:image:width\" content=\"678\" \/>\n\t<meta property=\"og:image:height\" content=\"406\" \/>\n\t<meta property=\"og:image:type\" content=\"image\/jpeg\" \/>\n<meta name=\"author\" content=\"Reda\u00e7\u00e3o Aconteceu no Vale\" \/>\n<meta name=\"twitter:card\" content=\"summary_large_image\" \/>\n<meta name=\"twitter:creator\" content=\"@noticiadosvales\" \/>\n<meta name=\"twitter:site\" content=\"@noticiadosvales\" \/>\n<meta name=\"twitter:label1\" content=\"Escrito por\" \/>\n\t<meta name=\"twitter:data1\" content=\"Reda\u00e7\u00e3o Aconteceu no Vale\" \/>\n\t<meta name=\"twitter:label2\" content=\"Est. tempo de leitura\" \/>\n\t<meta name=\"twitter:data2\" content=\"2 minutos\" \/>\n<script type=\"application\/ld+json\" class=\"yoast-schema-graph\">{\"@context\":\"https:\\\/\\\/schema.org\",\"@graph\":[{\"@type\":\"Article\",\"@id\":\"https:\\\/\\\/aconteceunovale.com.br\\\/portal\\\/?p=188886#article\",\"isPartOf\":{\"@id\":\"https:\\\/\\\/aconteceunovale.com.br\\\/portal\\\/?p=188886\"},\"author\":{\"name\":\"Reda\u00e7\u00e3o Aconteceu no Vale\",\"@id\":\"https:\\\/\\\/aconteceunovale.com.br\\\/portal\\\/#\\\/schema\\\/person\\\/7d2f26d1483f8a63de73da1ee0754d35\"},\"headline\":\"Come\u00e7a a segunda etapa da Campanha de Vacina\u00e7\u00e3o contra Influenza e Sarampo\",\"datePublished\":\"2022-05-02T14:40:22+00:00\",\"dateModified\":\"2022-05-02T14:41:28+00:00\",\"mainEntityOfPage\":{\"@id\":\"https:\\\/\\\/aconteceunovale.com.br\\\/portal\\\/?p=188886\"},\"wordCount\":501,\"commentCount\":0,\"image\":{\"@id\":\"https:\\\/\\\/aconteceunovale.com.br\\\/portal\\\/?p=188886#primaryimage\"},\"thumbnailUrl\":\"https:\\\/\\\/aconteceunovale.com.br\\\/portal\\\/wp-content\\\/uploads\\\/2021\\\/07\\\/vacina_100_milhoes.jpg\",\"keywords\":[\"Arnaldo Medeiros\",\"Campanha de imuniza\u00e7\u00e3o contra a gripe\",\"Campanha de imuniza\u00e7\u00e3o contra a gripe come\u00e7a no dia 12 de abril\",\"Campanha de Vacina\u00e7\u00e3o contra a Gripe\",\"Campanha de vacina\u00e7\u00e3o contra o sarampo em Minas Gerais\",\"Campanha Nacional de Vacina\u00e7\u00e3o contra a gripe influenza\",\"Campanha Nacional de Vacina\u00e7\u00e3o contra a Influenza\",\"Campanha Nacional de Vacina\u00e7\u00e3o contra o Sarampo\",\"Coronav\u00edrus\",\"COVID-19\",\"destaque\",\"gripe\",\"Imuniza\u00e7\u00e3o contra a gripe\",\"Imuniza\u00e7\u00e3o contra gripe em Minas Gerais\",\"Influenza\",\"Josianne Dias Gusm\u00e3o\",\"Marcelo Queiroga\",\"Minas Gerais\",\"Minas Gerais convoca para vacina\u00e7\u00e3o contra o sarampo a partir do dia 4 de abril\",\"Minas Gerais inicia vacina\u00e7\u00e3o contra a Influenza\",\"Minist\u00e9rio da Sa\u00fade\",\"OMS\",\"Organiza\u00e7\u00e3o Mundial da Sa\u00fade\",\"pandemia\",\"P\u00fablico alvo da vacina da gripe\",\"P\u00fablico alvo da vacina\u00e7\u00e3o contra a gripe\",\"P\u00fablico priorit\u00e1rio de vacina\u00e7\u00e3o contra a gripe\",\"SES-MG\",\"Vacina da gripe\",\"Vacina da gripe e Covid-19\",\"Vacina gripe\",\"Vacina\u00e7\u00e3o contra a Gripe\",\"Vacina\u00e7\u00e3o contra a gripe deve atingir 80 milh\u00f5es de brasileiros\",\"Vacina\u00e7\u00e3o contra gripe em minas gerais\",\"Vacina\u00e7\u00e3o contra influenza em Minas Gerais\",\"Vacina\u00e7\u00e3o contra sarampo em Minas Gerais\",\"Vigil\u00e2ncia em Sa\u00fade\"],\"articleSection\":[\"Brasil\",\"Sa\u00fade\"],\"inLanguage\":\"pt-BR\",\"potentialAction\":[{\"@type\":\"CommentAction\",\"name\":\"Comment\",\"target\":[\"https:\\\/\\\/aconteceunovale.com.br\\\/portal\\\/?p=188886#respond\"]}]},{\"@type\":\"WebPage\",\"@id\":\"https:\\\/\\\/aconteceunovale.com.br\\\/portal\\\/?p=188886\",\"url\":\"https:\\\/\\\/aconteceunovale.com.br\\\/portal\\\/?p=188886\",\"name\":\"Come\u00e7a a segunda etapa da Campanha de Vacina\u00e7\u00e3o contra Influenza e Sarampo - Aconteceu no Vale\",\"isPartOf\":{\"@id\":\"https:\\\/\\\/aconteceunovale.com.br\\\/portal\\\/#website\"},\"primaryImageOfPage\":{\"@id\":\"https:\\\/\\\/aconteceunovale.com.br\\\/portal\\\/?p=188886#primaryimage\"},\"image\":{\"@id\":\"https:\\\/\\\/aconteceunovale.com.br\\\/portal\\\/?p=188886#primaryimage\"},\"thumbnailUrl\":\"https:\\\/\\\/aconteceunovale.com.br\\\/portal\\\/wp-content\\\/uploads\\\/2021\\\/07\\\/vacina_100_milhoes.jpg\",\"datePublished\":\"2022-05-02T14:40:22+00:00\",\"dateModified\":\"2022-05-02T14:41:28+00:00\",\"author\":{\"@id\":\"https:\\\/\\\/aconteceunovale.com.br\\\/portal\\\/#\\\/schema\\\/person\\\/7d2f26d1483f8a63de73da1ee0754d35\"},\"breadcrumb\":{\"@id\":\"https:\\\/\\\/aconteceunovale.com.br\\\/portal\\\/?p=188886#breadcrumb\"},\"inLanguage\":\"pt-BR\",\"potentialAction\":[{\"@type\":\"ReadAction\",\"target\":[\"https:\\\/\\\/aconteceunovale.com.br\\\/portal\\\/?p=188886\"]}]},{\"@type\":\"ImageObject\",\"inLanguage\":\"pt-BR\",\"@id\":\"https:\\\/\\\/aconteceunovale.com.br\\\/portal\\\/?p=188886#primaryimage\",\"url\":\"https:\\\/\\\/aconteceunovale.com.br\\\/portal\\\/wp-content\\\/uploads\\\/2021\\\/07\\\/vacina_100_milhoes.jpg\",\"contentUrl\":\"https:\\\/\\\/aconteceunovale.com.br\\\/portal\\\/wp-content\\\/uploads\\\/2021\\\/07\\\/vacina_100_milhoes.jpg\",\"width\":678,\"height\":406,\"caption\":\"Vacina\u00e7\u00e3o Covid ubs asa sul Bras\u00edlia-DF, 11\\\/06\\\/2021 Foto: Walterson Rosa\\\/MS\"},{\"@type\":\"BreadcrumbList\",\"@id\":\"https:\\\/\\\/aconteceunovale.com.br\\\/portal\\\/?p=188886#breadcrumb\",\"itemListElement\":[{\"@type\":\"ListItem\",\"position\":1,\"name\":\"In\u00edcio\",\"item\":\"https:\\\/\\\/aconteceunovale.com.br\\\/portal\\\/\"},{\"@type\":\"ListItem\",\"position\":2,\"name\":\"Come\u00e7a a segunda etapa da Campanha de Vacina\u00e7\u00e3o contra Influenza e Sarampo\"}]},{\"@type\":\"WebSite\",\"@id\":\"https:\\\/\\\/aconteceunovale.com.br\\\/portal\\\/#website\",\"url\":\"https:\\\/\\\/aconteceunovale.com.br\\\/portal\\\/\",\"name\":\"Aconteceu no Vale\",\"description\":\"Portal de Not\u00edcias\",\"potentialAction\":[{\"@type\":\"SearchAction\",\"target\":{\"@type\":\"EntryPoint\",\"urlTemplate\":\"https:\\\/\\\/aconteceunovale.com.br\\\/portal\\\/?s={search_term_string}\"},\"query-input\":{\"@type\":\"PropertyValueSpecification\",\"valueRequired\":true,\"valueName\":\"search_term_string\"}}],\"inLanguage\":\"pt-BR\"},{\"@type\":\"Person\",\"@id\":\"https:\\\/\\\/aconteceunovale.com.br\\\/portal\\\/#\\\/schema\\\/person\\\/7d2f26d1483f8a63de73da1ee0754d35\",\"name\":\"Reda\u00e7\u00e3o Aconteceu no Vale\",\"description\":\"Equipe de reportagem do Aconteceu no Vale, portal de not\u00edcias do Vale do Jequitinhonha, em Minas Gerais. Cobrimos as 51 cidades do Vale desde 2013. Sugest\u00f5es de pauta e pedidos de corre\u00e7\u00e3o: contato@aconteceunovale.com.br\",\"url\":\"https:\\\/\\\/aconteceunovale.com.br\\\/portal\\\/?author=4\"}]}<\/script>\n<!-- \/ Yoast SEO plugin. -->","yoast_head_json":{"title":"Come\u00e7a a segunda etapa da Campanha de Vacina\u00e7\u00e3o contra Influenza e Sarampo - Aconteceu no Vale","robots":{"index":"index","follow":"follow","max-snippet":"max-snippet:-1","max-image-preview":"max-image-preview:large","max-video-preview":"max-video-preview:-1"},"canonical":"https:\/\/aconteceunovale.com.br\/portal\/?p=188886","og_locale":"pt_BR","og_type":"article","og_title":"Come\u00e7a a segunda etapa da Campanha de Vacina\u00e7\u00e3o contra Influenza e Sarampo - Aconteceu no Vale","og_description":"O Minist\u00e9rio da Sa\u00fade iniciou nesta segunda-feira (2\/5\/2022) a\u00a0 2\u00aa etapa da Campanha Nacional de Vacina\u00e7\u00e3o contra a Influenza e Sarampo. At\u00e9 o dia 3 de junho, al\u00e9m de idosos e trabalhadores da \u00e1rea de sa\u00fade, a imuniza\u00e7\u00e3o ser\u00e1 estendida a crian\u00e7as com idade entre 6 meses e menores de 5 anos de idade (4 [&hellip;]","og_url":"https:\/\/aconteceunovale.com.br\/portal\/?p=188886","og_site_name":"Aconteceu no Vale","article_publisher":"https:\/\/www.facebook.com\/aconteceunovale\/","article_published_time":"2022-05-02T14:40:22+00:00","article_modified_time":"2022-05-02T14:41:28+00:00","og_image":[{"width":678,"height":406,"url":"https:\/\/aconteceunovale.com.br\/portal\/wp-content\/uploads\/2021\/07\/vacina_100_milhoes.jpg","type":"image\/jpeg"}],"author":"Reda\u00e7\u00e3o Aconteceu no Vale","twitter_card":"summary_large_image","twitter_creator":"@noticiadosvales","twitter_site":"@noticiadosvales","twitter_misc":{"Escrito por":"Reda\u00e7\u00e3o Aconteceu no Vale","Est. tempo de leitura":"2 minutos"},"schema":{"@context":"https:\/\/schema.org","@graph":[{"@type":"Article","@id":"https:\/\/aconteceunovale.com.br\/portal\/?p=188886#article","isPartOf":{"@id":"https:\/\/aconteceunovale.com.br\/portal\/?p=188886"},"author":{"name":"Reda\u00e7\u00e3o Aconteceu no Vale","@id":"https:\/\/aconteceunovale.com.br\/portal\/#\/schema\/person\/7d2f26d1483f8a63de73da1ee0754d35"},"headline":"Come\u00e7a a segunda etapa da Campanha de Vacina\u00e7\u00e3o contra Influenza e Sarampo","datePublished":"2022-05-02T14:40:22+00:00","dateModified":"2022-05-02T14:41:28+00:00","mainEntityOfPage":{"@id":"https:\/\/aconteceunovale.com.br\/portal\/?p=188886"},"wordCount":501,"commentCount":0,"image":{"@id":"https:\/\/aconteceunovale.com.br\/portal\/?p=188886#primaryimage"},"thumbnailUrl":"https:\/\/aconteceunovale.com.br\/portal\/wp-content\/uploads\/2021\/07\/vacina_100_milhoes.jpg","keywords":["Arnaldo Medeiros","Campanha de imuniza\u00e7\u00e3o contra a gripe","Campanha de imuniza\u00e7\u00e3o contra a gripe come\u00e7a no dia 12 de abril","Campanha de Vacina\u00e7\u00e3o contra a Gripe","Campanha de vacina\u00e7\u00e3o contra o sarampo em Minas Gerais","Campanha Nacional de Vacina\u00e7\u00e3o contra a gripe influenza","Campanha Nacional de Vacina\u00e7\u00e3o contra a Influenza","Campanha Nacional de Vacina\u00e7\u00e3o contra o Sarampo","Coronav\u00edrus","COVID-19","destaque","gripe","Imuniza\u00e7\u00e3o contra a gripe","Imuniza\u00e7\u00e3o contra gripe em Minas Gerais","Influenza","Josianne Dias Gusm\u00e3o","Marcelo Queiroga","Minas Gerais","Minas Gerais convoca para vacina\u00e7\u00e3o contra o sarampo a partir do dia 4 de abril","Minas Gerais inicia vacina\u00e7\u00e3o contra a Influenza","Minist\u00e9rio da Sa\u00fade","OMS","Organiza\u00e7\u00e3o Mundial da Sa\u00fade","pandemia","P\u00fablico alvo da vacina da gripe","P\u00fablico alvo da vacina\u00e7\u00e3o contra a gripe","P\u00fablico priorit\u00e1rio de vacina\u00e7\u00e3o contra a gripe","SES-MG","Vacina da gripe","Vacina da gripe e Covid-19","Vacina gripe","Vacina\u00e7\u00e3o contra a Gripe","Vacina\u00e7\u00e3o contra a gripe deve atingir 80 milh\u00f5es de brasileiros","Vacina\u00e7\u00e3o contra gripe em minas gerais","Vacina\u00e7\u00e3o contra influenza em Minas Gerais","Vacina\u00e7\u00e3o contra sarampo em Minas Gerais","Vigil\u00e2ncia em Sa\u00fade"],"articleSection":["Brasil","Sa\u00fade"],"inLanguage":"pt-BR","potentialAction":[{"@type":"CommentAction","name":"Comment","target":["https:\/\/aconteceunovale.com.br\/portal\/?p=188886#respond"]}]},{"@type":"WebPage","@id":"https:\/\/aconteceunovale.com.br\/portal\/?p=188886","url":"https:\/\/aconteceunovale.com.br\/portal\/?p=188886","name":"Come\u00e7a a segunda etapa da Campanha de Vacina\u00e7\u00e3o contra Influenza e Sarampo - Aconteceu no Vale","isPartOf":{"@id":"https:\/\/aconteceunovale.com.br\/portal\/#website"},"primaryImageOfPage":{"@id":"https:\/\/aconteceunovale.com.br\/portal\/?p=188886#primaryimage"},"image":{"@id":"https:\/\/aconteceunovale.com.br\/portal\/?p=188886#primaryimage"},"thumbnailUrl":"https:\/\/aconteceunovale.com.br\/portal\/wp-content\/uploads\/2021\/07\/vacina_100_milhoes.jpg","datePublished":"2022-05-02T14:40:22+00:00","dateModified":"2022-05-02T14:41:28+00:00","author":{"@id":"https:\/\/aconteceunovale.com.br\/portal\/#\/schema\/person\/7d2f26d1483f8a63de73da1ee0754d35"},"breadcrumb":{"@id":"https:\/\/aconteceunovale.com.br\/portal\/?p=188886#breadcrumb"},"inLanguage":"pt-BR","potentialAction":[{"@type":"ReadAction","target":["https:\/\/aconteceunovale.com.br\/portal\/?p=188886"]}]},{"@type":"ImageObject","inLanguage":"pt-BR","@id":"https:\/\/aconteceunovale.com.br\/portal\/?p=188886#primaryimage","url":"https:\/\/aconteceunovale.com.br\/portal\/wp-content\/uploads\/2021\/07\/vacina_100_milhoes.jpg","contentUrl":"https:\/\/aconteceunovale.com.br\/portal\/wp-content\/uploads\/2021\/07\/vacina_100_milhoes.jpg","width":678,"height":406,"caption":"Vacina\u00e7\u00e3o Covid ubs asa sul Bras\u00edlia-DF, 11\/06\/2021 Foto: Walterson Rosa\/MS"},{"@type":"BreadcrumbList","@id":"https:\/\/aconteceunovale.com.br\/portal\/?p=188886#breadcrumb","itemListElement":[{"@type":"ListItem","position":1,"name":"In\u00edcio","item":"https:\/\/aconteceunovale.com.br\/portal\/"},{"@type":"ListItem","position":2,"name":"Come\u00e7a a segunda etapa da Campanha de Vacina\u00e7\u00e3o contra Influenza e Sarampo"}]},{"@type":"WebSite","@id":"https:\/\/aconteceunovale.com.br\/portal\/#website","url":"https:\/\/aconteceunovale.com.br\/portal\/","name":"Aconteceu no Vale","description":"Portal de Not\u00edcias","potentialAction":[{"@type":"SearchAction","target":{"@type":"EntryPoint","urlTemplate":"https:\/\/aconteceunovale.com.br\/portal\/?s={search_term_string}"},"query-input":{"@type":"PropertyValueSpecification","valueRequired":true,"valueName":"search_term_string"}}],"inLanguage":"pt-BR"},{"@type":"Person","@id":"https:\/\/aconteceunovale.com.br\/portal\/#\/schema\/person\/7d2f26d1483f8a63de73da1ee0754d35","name":"Reda\u00e7\u00e3o Aconteceu no Vale","description":"Equipe de reportagem do Aconteceu no Vale, portal de not\u00edcias do Vale do Jequitinhonha, em Minas Gerais. Cobrimos as 51 cidades do Vale desde 2013. Sugest\u00f5es de pauta e pedidos de corre\u00e7\u00e3o: contato@aconteceunovale.com.br","url":"https:\/\/aconteceunovale.com.br\/portal\/?author=4"}]}},"_links":{"self":[{"href":"https:\/\/aconteceunovale.com.br\/portal\/index.php?rest_route=\/wp\/v2\/posts\/188886","targetHints":{"allow":["GET"]}}],"collection":[{"href":"https:\/\/aconteceunovale.com.br\/portal\/index.php?rest_route=\/wp\/v2\/posts"}],"about":[{"href":"https:\/\/aconteceunovale.com.br\/portal\/index.php?rest_route=\/wp\/v2\/types\/post"}],"author":[{"embeddable":true,"href":"https:\/\/aconteceunovale.com.br\/portal\/index.php?rest_route=\/wp\/v2\/users\/4"}],"replies":[{"embeddable":true,"href":"https:\/\/aconteceunovale.com.br\/portal\/index.php?rest_route=%2Fwp%2Fv2%2Fcomments&post=188886"}],"version-history":[{"count":1,"href":"https:\/\/aconteceunovale.com.br\/portal\/index.php?rest_route=\/wp\/v2\/posts\/188886\/revisions"}],"predecessor-version":[{"id":188887,"href":"https:\/\/aconteceunovale.com.br\/portal\/index.php?rest_route=\/wp\/v2\/posts\/188886\/revisions\/188887"}],"wp:featuredmedia":[{"embeddable":true,"href":"https:\/\/aconteceunovale.com.br\/portal\/index.php?rest_route=\/wp\/v2\/media\/180504"}],"wp:attachment":[{"href":"https:\/\/aconteceunovale.com.br\/portal\/index.php?rest_route=%2Fwp%2Fv2%2Fmedia&parent=188886"}],"wp:term":[{"taxonomy":"category","embeddable":true,"href":"https:\/\/aconteceunovale.com.br\/portal\/index.php?rest_route=%2Fwp%2Fv2%2Fcategories&post=188886"},{"taxonomy":"post_tag","embeddable":true,"href":"https:\/\/aconteceunovale.com.br\/portal\/index.php?rest_route=%2Fwp%2Fv2%2Ftags&post=188886"}],"curies":[{"name":"wp","href":"https:\/\/api.w.org\/{rel}","templated":true}]}}