{"id":188879,"date":"2022-05-01T20:59:23","date_gmt":"2022-05-01T23:59:23","guid":{"rendered":"https:\/\/aconteceunovale.com.br\/portal\/?p=188879"},"modified":"2022-05-01T21:06:21","modified_gmt":"2022-05-02T00:06:21","slug":"acidente-deixa-quatro-mortos-em-conceicao-do-mato-dentro","status":"publish","type":"post","link":"https:\/\/aconteceunovale.com.br\/portal\/?p=188879","title":{"rendered":"Acidente deixa quatro mortos em Concei\u00e7\u00e3o do Mato Dentro"},"content":{"rendered":"\n<p class=\"wp-block-paragraph\">Quatro pessoas morreram ap\u00f3s um carro cair dentro de um c\u00f3rrego \u00e0s margens da MG-010, em Concei\u00e7\u00e3o do Mato Dentro, na madrugada deste domingo (1\/5\/2022). Uma das v\u00edtimas conseguiu sair do ve\u00edculo e foi encaminhada para uma unidade de sa\u00fade municipal.&nbsp;<\/p>\n\n\n\n<figure class=\"wp-block-gallery has-nested-images columns-default is-cropped wp-block-gallery-1 is-layout-flex wp-block-gallery-is-layout-flex\">\n<figure class=\"wp-block-image size-large\"><img loading=\"lazy\" decoding=\"async\" width=\"678\" height=\"425\" data-id=\"188882\" src=\"https:\/\/aconteceunovale.com.br\/portal\/wp-content\/uploads\/2022\/05\/vitimas_cmd_2.png\" alt=\"\" class=\"wp-image-188882\" srcset=\"https:\/\/aconteceunovale.com.br\/portal\/wp-content\/uploads\/2022\/05\/vitimas_cmd_2.png 678w, https:\/\/aconteceunovale.com.br\/portal\/wp-content\/uploads\/2022\/05\/vitimas_cmd_2-300x188.png 300w, https:\/\/aconteceunovale.com.br\/portal\/wp-content\/uploads\/2022\/05\/vitimas_cmd_2-670x420.png 670w\" sizes=\"auto, (max-width: 678px) 100vw, 678px\" \/><figcaption><em><sub>Fotos: Divulga\u00e7\u00e3o \/ Corpo de Bombeiros<\/sub><\/em><\/figcaption><\/figure>\n<\/figure>\n\n\n\n<p class=\"wp-block-paragraph\">Segundo informa\u00e7\u00f5es das autoridades locais, o autom\u00f3vel ficou parcialmente submerso e com as quatro rodas para cima. Dois homens e duas mulheres foram encontrados mortos dentro do ve\u00edculo.&nbsp;<\/p>\n\n\n\n<p class=\"wp-block-paragraph\">O grupo estaria voltando de uma festa de anivers\u00e1rio. O motorista tamb\u00e9m conseguiu sair do carro e deixou a cena do acidente\u00a0antes da chegada da pol\u00edcia. \u00a0<\/p>\n\n\n\n<p class=\"wp-block-paragraph\">A per\u00edcia da Pol\u00edcia Civil compareceu ao local e liberou os corpos para o Instituto M\u00e9dico-Legal (IML) da regi\u00e3o. As causas da trag\u00e9dia ser\u00e3o apuradas.&nbsp;<\/p>\n\n\n\n<h2 class=\"wp-block-heading\">V\u00edtimas&nbsp;<\/h2>\n\n\n\n<p class=\"wp-block-paragraph\">A Prefeitura Municipal de Concei\u00e7\u00e3o do Mato Dentro divulgou nota de pesar com os nomes das v\u00edtimas e suas idades. Confira abaixo:<\/p>\n\n\n\n<figure class=\"wp-block-gallery has-nested-images columns-default is-cropped wp-block-gallery-2 is-layout-flex wp-block-gallery-is-layout-flex\">\n<figure class=\"wp-block-image size-large\"><img loading=\"lazy\" decoding=\"async\" width=\"669\" height=\"450\" data-id=\"188881\" src=\"https:\/\/aconteceunovale.com.br\/portal\/wp-content\/uploads\/2022\/05\/vitimas_cmd_1-1.png\" alt=\"\" class=\"wp-image-188881\" srcset=\"https:\/\/aconteceunovale.com.br\/portal\/wp-content\/uploads\/2022\/05\/vitimas_cmd_1-1.png 669w, https:\/\/aconteceunovale.com.br\/portal\/wp-content\/uploads\/2022\/05\/vitimas_cmd_1-1-300x202.png 300w, https:\/\/aconteceunovale.com.br\/portal\/wp-content\/uploads\/2022\/05\/vitimas_cmd_1-1-624x420.png 624w\" sizes=\"auto, (max-width: 669px) 100vw, 669px\" \/><\/figure>\n<\/figure>\n\n\n\n<ul class=\"wp-block-list\"><li>Cassimiro Pires de Souza Neto, de 27 anos<\/li><li>Jos\u00e9 Ferreira da Silva Neto, de 21 anos<\/li><li>Carla de F\u00e1tima Silva, de 34 anos<\/li><li>Itamara Lima da Silva, de 24 anos<\/li><\/ul>\n\n\n\n<p class=\"wp-block-paragraph\"><em>&#8220;A Prefeitura de Concei\u00e7\u00e3o do Mato Dentro se solidariza com os familiares e amigos e expressa as mais sinceras condol\u00eancias pela perda&#8221;,<\/em> diz o texto divulgado.<\/p>\n\n\n\n<p class=\"wp-block-paragraph\">&#8212;&#8212;&#8212;&#8212;&#8212;&#8212;<br><br><strong>Sabia que o Aconteceu no Vale est\u00e1 tamb\u00e9m no Telegram? <a rel=\"noreferrer noopener\" href=\"https:\/\/t.me\/aconteceunovaleoficial\" target=\"_blank\">Inscreva-se no canal<\/a>.<\/strong><br><br><strong>J\u00e1 curtiu ou seguiu nossas p\u00e1ginas nas redes sociais?&nbsp;Receba as not\u00edcias em primeira m\u00e3o:<\/strong><br>\u2022 <a rel=\"noreferrer noopener\" href=\"https:\/\/news.google.com\/publications\/CAAqBwgKMNjklQswi4etAw?hl=pt-BR&amp;gl=BR&amp;ceid=BR%3Apt-419\" target=\"_blank\">Google News<\/a><br>\u2022 <a rel=\"noreferrer noopener\" href=\"https:\/\/www.facebook.com\/aconteceunovale\/\" target=\"_blank\">Facebook<\/a><br>\u2022 <a rel=\"noreferrer noopener\" href=\"https:\/\/twitter.com\/noticiadosvales\" target=\"_blank\">Twitter<\/a><br>\u2022 <a rel=\"noreferrer noopener\" href=\"https:\/\/www.instagram.com\/aconteceunovale\" target=\"_blank\">Instagram<\/a><br>\u2022 <a rel=\"noreferrer noopener\" href=\"https:\/\/www.youtube.com\/AconteceunoValeOficial\" target=\"_blank\">Youtube<\/a><br>\u2022 <a rel=\"noreferrer noopener\" href=\"https:\/\/www.tiktok.com\/@aconteceunovale\" target=\"_blank\">TikTok<\/a><\/p>\n","protected":false},"excerpt":{"rendered":"<p>Quatro pessoas morreram ap\u00f3s um carro cair dentro de um c\u00f3rrego \u00e0s margens da MG-010, em Concei\u00e7\u00e3o do Mato Dentro, na madrugada deste domingo (1\/5\/2022). Uma das v\u00edtimas conseguiu sair do ve\u00edculo e foi encaminhada para uma unidade de sa\u00fade municipal.&nbsp; Segundo informa\u00e7\u00f5es das autoridades locais, o autom\u00f3vel ficou parcialmente submerso e com as quatro [&hellip;]<\/p>\n","protected":false},"author":4,"featured_media":188883,"comment_status":"open","ping_status":"closed","sticky":false,"template":"","format":"standard","meta":{"amp_status":"","footnotes":""},"categories":[123],"tags":[207661,261067,25213,261069,101222,216780,261074,261071,261072,628,1018,261075,261073,72360,32980,261068,261070],"class_list":["post-188879","post","type-post","status-publish","format-standard","has-post-thumbnail","hentry","category-gerais","tag-acidente-com-carro-em-conceicao-do-mato-dentro","tag-acidente-deixa-quatro-mortos-em-conceicao-do-mato-dentro","tag-acidente-em-conceicao-do-mato-dentro","tag-acidente-em-corrego-de-conceicao-do-mato-dentro","tag-acidente-na-mg-010-em-conceicao-do-mato-dentro","tag-acidente-na-mg-010-2","tag-carla-de-fatima-silva","tag-carro-cai-dentro-de-corrego-em-conceicao-do-mato-dentro","tag-cassimiro-pires-de-souza-neto","tag-conceicao-do-mato-dentro","tag-destaque","tag-itamara-lima-da-silva","tag-jose-ferreira-da-silva-neto","tag-mg-010","tag-prefeitura-de-conceicao-do-mato-dentro","tag-tragedia-em-conceicao-do-mato-dentro","tag-tragedia-no-transito-em-conceicao-do-mato-dentro"],"yoast_head":"<!-- This site is optimized with the Yoast SEO plugin v28.3 - https:\/\/yoast.com\/product\/yoast-seo-wordpress\/ -->\n<title>Acidente deixa quatro mortos em Concei\u00e7\u00e3o do Mato Dentro - Aconteceu no Vale<\/title>\n<meta name=\"robots\" content=\"index, follow, max-snippet:-1, max-image-preview:large, max-video-preview:-1\" \/>\n<link rel=\"canonical\" href=\"https:\/\/aconteceunovale.com.br\/portal\/?p=188879\" \/>\n<meta property=\"og:locale\" content=\"pt_BR\" \/>\n<meta property=\"og:type\" content=\"article\" \/>\n<meta property=\"og:title\" content=\"Acidente deixa quatro mortos em Concei\u00e7\u00e3o do Mato Dentro - Aconteceu no Vale\" \/>\n<meta property=\"og:description\" content=\"Quatro pessoas morreram ap\u00f3s um carro cair dentro de um c\u00f3rrego \u00e0s margens da MG-010, em Concei\u00e7\u00e3o do Mato Dentro, na madrugada deste domingo (1\/5\/2022). Uma das v\u00edtimas conseguiu sair do ve\u00edculo e foi encaminhada para uma unidade de sa\u00fade municipal.&nbsp; Segundo informa\u00e7\u00f5es das autoridades locais, o autom\u00f3vel ficou parcialmente submerso e com as quatro [&hellip;]\" \/>\n<meta property=\"og:url\" content=\"https:\/\/aconteceunovale.com.br\/portal\/?p=188879\" \/>\n<meta property=\"og:site_name\" content=\"Aconteceu no Vale\" \/>\n<meta property=\"article:publisher\" content=\"https:\/\/www.facebook.com\/aconteceunovale\/\" \/>\n<meta property=\"article:published_time\" content=\"2022-05-01T23:59:23+00:00\" \/>\n<meta property=\"article:modified_time\" content=\"2022-05-02T00:06:21+00:00\" \/>\n<meta property=\"og:image\" content=\"https:\/\/aconteceunovale.com.br\/portal\/wp-content\/uploads\/2022\/05\/vitimas_cmd_3.png\" \/>\n\t<meta property=\"og:image:width\" content=\"678\" \/>\n\t<meta property=\"og:image:height\" content=\"422\" \/>\n\t<meta property=\"og:image:type\" content=\"image\/png\" \/>\n<meta name=\"author\" content=\"Reda\u00e7\u00e3o Aconteceu no Vale\" \/>\n<meta name=\"twitter:card\" content=\"summary_large_image\" \/>\n<meta name=\"twitter:creator\" content=\"@noticiadosvales\" \/>\n<meta name=\"twitter:site\" content=\"@noticiadosvales\" \/>\n<meta name=\"twitter:label1\" content=\"Escrito por\" \/>\n\t<meta name=\"twitter:data1\" content=\"Reda\u00e7\u00e3o Aconteceu no Vale\" \/>\n\t<meta name=\"twitter:label2\" content=\"Est. tempo de leitura\" \/>\n\t<meta name=\"twitter:data2\" content=\"1 minuto\" \/>\n<script type=\"application\/ld+json\" class=\"yoast-schema-graph\">{\"@context\":\"https:\\\/\\\/schema.org\",\"@graph\":[{\"@type\":\"Article\",\"@id\":\"https:\\\/\\\/aconteceunovale.com.br\\\/portal\\\/?p=188879#article\",\"isPartOf\":{\"@id\":\"https:\\\/\\\/aconteceunovale.com.br\\\/portal\\\/?p=188879\"},\"author\":{\"name\":\"Reda\u00e7\u00e3o Aconteceu no Vale\",\"@id\":\"https:\\\/\\\/aconteceunovale.com.br\\\/portal\\\/#\\\/schema\\\/person\\\/7d2f26d1483f8a63de73da1ee0754d35\"},\"headline\":\"Acidente deixa quatro mortos em Concei\u00e7\u00e3o do Mato Dentro\",\"datePublished\":\"2022-05-01T23:59:23+00:00\",\"dateModified\":\"2022-05-02T00:06:21+00:00\",\"mainEntityOfPage\":{\"@id\":\"https:\\\/\\\/aconteceunovale.com.br\\\/portal\\\/?p=188879\"},\"wordCount\":280,\"commentCount\":0,\"image\":{\"@id\":\"https:\\\/\\\/aconteceunovale.com.br\\\/portal\\\/?p=188879#primaryimage\"},\"thumbnailUrl\":\"https:\\\/\\\/aconteceunovale.com.br\\\/portal\\\/wp-content\\\/uploads\\\/2022\\\/05\\\/vitimas_cmd_3.png\",\"keywords\":[\"Acidente com carro em Concei\u00e7\u00e3o do Mato Dentro\",\"Acidente deixa quatro mortos em Concei\u00e7\u00e3o do Mato Dentro\",\"acidente em concei\u00e7\u00e3o do mato dentro\",\"Acidente em c\u00f3rrego de Concei\u00e7\u00e3o do Mato Dentro\",\"Acidente na MG 010 em Concei\u00e7\u00e3o do Mato Dentro\",\"Acidente na MG-010\",\"Carla de F\u00e1tima Silva\",\"Carro cai dentro de c\u00f3rrego em Concei\u00e7\u00e3o do Mato Dentro\",\"Cassimiro Pires de Souza Neto\",\"Concei\u00e7\u00e3o do Mato Dentro\",\"destaque\",\"Itamara Lima da Silva\",\"Jos\u00e9 Ferreira da Silva Neto\",\"MG-010\",\"Prefeitura de Concei\u00e7\u00e3o do Mato Dentro\",\"Trag\u00e9dia em Concei\u00e7\u00e3o do Mato Dentro\",\"Trag\u00e9dia no tr\u00e2nsito em Concei\u00e7\u00e3o do Mato Dentro\"],\"articleSection\":[\"Minas Gerais\"],\"inLanguage\":\"pt-BR\",\"potentialAction\":[{\"@type\":\"CommentAction\",\"name\":\"Comment\",\"target\":[\"https:\\\/\\\/aconteceunovale.com.br\\\/portal\\\/?p=188879#respond\"]}]},{\"@type\":\"WebPage\",\"@id\":\"https:\\\/\\\/aconteceunovale.com.br\\\/portal\\\/?p=188879\",\"url\":\"https:\\\/\\\/aconteceunovale.com.br\\\/portal\\\/?p=188879\",\"name\":\"Acidente deixa quatro mortos em Concei\u00e7\u00e3o do Mato Dentro - Aconteceu no Vale\",\"isPartOf\":{\"@id\":\"https:\\\/\\\/aconteceunovale.com.br\\\/portal\\\/#website\"},\"primaryImageOfPage\":{\"@id\":\"https:\\\/\\\/aconteceunovale.com.br\\\/portal\\\/?p=188879#primaryimage\"},\"image\":{\"@id\":\"https:\\\/\\\/aconteceunovale.com.br\\\/portal\\\/?p=188879#primaryimage\"},\"thumbnailUrl\":\"https:\\\/\\\/aconteceunovale.com.br\\\/portal\\\/wp-content\\\/uploads\\\/2022\\\/05\\\/vitimas_cmd_3.png\",\"datePublished\":\"2022-05-01T23:59:23+00:00\",\"dateModified\":\"2022-05-02T00:06:21+00:00\",\"author\":{\"@id\":\"https:\\\/\\\/aconteceunovale.com.br\\\/portal\\\/#\\\/schema\\\/person\\\/7d2f26d1483f8a63de73da1ee0754d35\"},\"breadcrumb\":{\"@id\":\"https:\\\/\\\/aconteceunovale.com.br\\\/portal\\\/?p=188879#breadcrumb\"},\"inLanguage\":\"pt-BR\",\"potentialAction\":[{\"@type\":\"ReadAction\",\"target\":[\"https:\\\/\\\/aconteceunovale.com.br\\\/portal\\\/?p=188879\"]}]},{\"@type\":\"ImageObject\",\"inLanguage\":\"pt-BR\",\"@id\":\"https:\\\/\\\/aconteceunovale.com.br\\\/portal\\\/?p=188879#primaryimage\",\"url\":\"https:\\\/\\\/aconteceunovale.com.br\\\/portal\\\/wp-content\\\/uploads\\\/2022\\\/05\\\/vitimas_cmd_3.png\",\"contentUrl\":\"https:\\\/\\\/aconteceunovale.com.br\\\/portal\\\/wp-content\\\/uploads\\\/2022\\\/05\\\/vitimas_cmd_3.png\",\"width\":678,\"height\":422},{\"@type\":\"BreadcrumbList\",\"@id\":\"https:\\\/\\\/aconteceunovale.com.br\\\/portal\\\/?p=188879#breadcrumb\",\"itemListElement\":[{\"@type\":\"ListItem\",\"position\":1,\"name\":\"In\u00edcio\",\"item\":\"https:\\\/\\\/aconteceunovale.com.br\\\/portal\\\/\"},{\"@type\":\"ListItem\",\"position\":2,\"name\":\"Acidente deixa quatro mortos em Concei\u00e7\u00e3o do Mato Dentro\"}]},{\"@type\":\"WebSite\",\"@id\":\"https:\\\/\\\/aconteceunovale.com.br\\\/portal\\\/#website\",\"url\":\"https:\\\/\\\/aconteceunovale.com.br\\\/portal\\\/\",\"name\":\"Aconteceu no Vale\",\"description\":\"Portal de Not\u00edcias\",\"potentialAction\":[{\"@type\":\"SearchAction\",\"target\":{\"@type\":\"EntryPoint\",\"urlTemplate\":\"https:\\\/\\\/aconteceunovale.com.br\\\/portal\\\/?s={search_term_string}\"},\"query-input\":{\"@type\":\"PropertyValueSpecification\",\"valueRequired\":true,\"valueName\":\"search_term_string\"}}],\"inLanguage\":\"pt-BR\"},{\"@type\":\"Person\",\"@id\":\"https:\\\/\\\/aconteceunovale.com.br\\\/portal\\\/#\\\/schema\\\/person\\\/7d2f26d1483f8a63de73da1ee0754d35\",\"name\":\"Reda\u00e7\u00e3o Aconteceu no Vale\",\"description\":\"Equipe de reportagem do Aconteceu no Vale, portal de not\u00edcias do Vale do Jequitinhonha, em Minas Gerais. Cobrimos as 51 cidades do Vale desde 2013. Sugest\u00f5es de pauta e pedidos de corre\u00e7\u00e3o: contato@aconteceunovale.com.br\",\"url\":\"https:\\\/\\\/aconteceunovale.com.br\\\/portal\\\/?author=4\"}]}<\/script>\n<!-- \/ Yoast SEO plugin. -->","yoast_head_json":{"title":"Acidente deixa quatro mortos em Concei\u00e7\u00e3o do Mato Dentro - Aconteceu no Vale","robots":{"index":"index","follow":"follow","max-snippet":"max-snippet:-1","max-image-preview":"max-image-preview:large","max-video-preview":"max-video-preview:-1"},"canonical":"https:\/\/aconteceunovale.com.br\/portal\/?p=188879","og_locale":"pt_BR","og_type":"article","og_title":"Acidente deixa quatro mortos em Concei\u00e7\u00e3o do Mato Dentro - Aconteceu no Vale","og_description":"Quatro pessoas morreram ap\u00f3s um carro cair dentro de um c\u00f3rrego \u00e0s margens da MG-010, em Concei\u00e7\u00e3o do Mato Dentro, na madrugada deste domingo (1\/5\/2022). Uma das v\u00edtimas conseguiu sair do ve\u00edculo e foi encaminhada para uma unidade de sa\u00fade municipal.&nbsp; Segundo informa\u00e7\u00f5es das autoridades locais, o autom\u00f3vel ficou parcialmente submerso e com as quatro [&hellip;]","og_url":"https:\/\/aconteceunovale.com.br\/portal\/?p=188879","og_site_name":"Aconteceu no Vale","article_publisher":"https:\/\/www.facebook.com\/aconteceunovale\/","article_published_time":"2022-05-01T23:59:23+00:00","article_modified_time":"2022-05-02T00:06:21+00:00","og_image":[{"width":678,"height":422,"url":"https:\/\/aconteceunovale.com.br\/portal\/wp-content\/uploads\/2022\/05\/vitimas_cmd_3.png","type":"image\/png"}],"author":"Reda\u00e7\u00e3o Aconteceu no Vale","twitter_card":"summary_large_image","twitter_creator":"@noticiadosvales","twitter_site":"@noticiadosvales","twitter_misc":{"Escrito por":"Reda\u00e7\u00e3o Aconteceu no Vale","Est. tempo de leitura":"1 minuto"},"schema":{"@context":"https:\/\/schema.org","@graph":[{"@type":"Article","@id":"https:\/\/aconteceunovale.com.br\/portal\/?p=188879#article","isPartOf":{"@id":"https:\/\/aconteceunovale.com.br\/portal\/?p=188879"},"author":{"name":"Reda\u00e7\u00e3o Aconteceu no Vale","@id":"https:\/\/aconteceunovale.com.br\/portal\/#\/schema\/person\/7d2f26d1483f8a63de73da1ee0754d35"},"headline":"Acidente deixa quatro mortos em Concei\u00e7\u00e3o do Mato Dentro","datePublished":"2022-05-01T23:59:23+00:00","dateModified":"2022-05-02T00:06:21+00:00","mainEntityOfPage":{"@id":"https:\/\/aconteceunovale.com.br\/portal\/?p=188879"},"wordCount":280,"commentCount":0,"image":{"@id":"https:\/\/aconteceunovale.com.br\/portal\/?p=188879#primaryimage"},"thumbnailUrl":"https:\/\/aconteceunovale.com.br\/portal\/wp-content\/uploads\/2022\/05\/vitimas_cmd_3.png","keywords":["Acidente com carro em Concei\u00e7\u00e3o do Mato Dentro","Acidente deixa quatro mortos em Concei\u00e7\u00e3o do Mato Dentro","acidente em concei\u00e7\u00e3o do mato dentro","Acidente em c\u00f3rrego de Concei\u00e7\u00e3o do Mato Dentro","Acidente na MG 010 em Concei\u00e7\u00e3o do Mato Dentro","Acidente na MG-010","Carla de F\u00e1tima Silva","Carro cai dentro de c\u00f3rrego em Concei\u00e7\u00e3o do Mato Dentro","Cassimiro Pires de Souza Neto","Concei\u00e7\u00e3o do Mato Dentro","destaque","Itamara Lima da Silva","Jos\u00e9 Ferreira da Silva Neto","MG-010","Prefeitura de Concei\u00e7\u00e3o do Mato Dentro","Trag\u00e9dia em Concei\u00e7\u00e3o do Mato Dentro","Trag\u00e9dia no tr\u00e2nsito em Concei\u00e7\u00e3o do Mato Dentro"],"articleSection":["Minas Gerais"],"inLanguage":"pt-BR","potentialAction":[{"@type":"CommentAction","name":"Comment","target":["https:\/\/aconteceunovale.com.br\/portal\/?p=188879#respond"]}]},{"@type":"WebPage","@id":"https:\/\/aconteceunovale.com.br\/portal\/?p=188879","url":"https:\/\/aconteceunovale.com.br\/portal\/?p=188879","name":"Acidente deixa quatro mortos em Concei\u00e7\u00e3o do Mato Dentro - Aconteceu no Vale","isPartOf":{"@id":"https:\/\/aconteceunovale.com.br\/portal\/#website"},"primaryImageOfPage":{"@id":"https:\/\/aconteceunovale.com.br\/portal\/?p=188879#primaryimage"},"image":{"@id":"https:\/\/aconteceunovale.com.br\/portal\/?p=188879#primaryimage"},"thumbnailUrl":"https:\/\/aconteceunovale.com.br\/portal\/wp-content\/uploads\/2022\/05\/vitimas_cmd_3.png","datePublished":"2022-05-01T23:59:23+00:00","dateModified":"2022-05-02T00:06:21+00:00","author":{"@id":"https:\/\/aconteceunovale.com.br\/portal\/#\/schema\/person\/7d2f26d1483f8a63de73da1ee0754d35"},"breadcrumb":{"@id":"https:\/\/aconteceunovale.com.br\/portal\/?p=188879#breadcrumb"},"inLanguage":"pt-BR","potentialAction":[{"@type":"ReadAction","target":["https:\/\/aconteceunovale.com.br\/portal\/?p=188879"]}]},{"@type":"ImageObject","inLanguage":"pt-BR","@id":"https:\/\/aconteceunovale.com.br\/portal\/?p=188879#primaryimage","url":"https:\/\/aconteceunovale.com.br\/portal\/wp-content\/uploads\/2022\/05\/vitimas_cmd_3.png","contentUrl":"https:\/\/aconteceunovale.com.br\/portal\/wp-content\/uploads\/2022\/05\/vitimas_cmd_3.png","width":678,"height":422},{"@type":"BreadcrumbList","@id":"https:\/\/aconteceunovale.com.br\/portal\/?p=188879#breadcrumb","itemListElement":[{"@type":"ListItem","position":1,"name":"In\u00edcio","item":"https:\/\/aconteceunovale.com.br\/portal\/"},{"@type":"ListItem","position":2,"name":"Acidente deixa quatro mortos em Concei\u00e7\u00e3o do Mato Dentro"}]},{"@type":"WebSite","@id":"https:\/\/aconteceunovale.com.br\/portal\/#website","url":"https:\/\/aconteceunovale.com.br\/portal\/","name":"Aconteceu no Vale","description":"Portal de Not\u00edcias","potentialAction":[{"@type":"SearchAction","target":{"@type":"EntryPoint","urlTemplate":"https:\/\/aconteceunovale.com.br\/portal\/?s={search_term_string}"},"query-input":{"@type":"PropertyValueSpecification","valueRequired":true,"valueName":"search_term_string"}}],"inLanguage":"pt-BR"},{"@type":"Person","@id":"https:\/\/aconteceunovale.com.br\/portal\/#\/schema\/person\/7d2f26d1483f8a63de73da1ee0754d35","name":"Reda\u00e7\u00e3o Aconteceu no Vale","description":"Equipe de reportagem do Aconteceu no Vale, portal de not\u00edcias do Vale do Jequitinhonha, em Minas Gerais. Cobrimos as 51 cidades do Vale desde 2013. Sugest\u00f5es de pauta e pedidos de corre\u00e7\u00e3o: contato@aconteceunovale.com.br","url":"https:\/\/aconteceunovale.com.br\/portal\/?author=4"}]}},"_links":{"self":[{"href":"https:\/\/aconteceunovale.com.br\/portal\/index.php?rest_route=\/wp\/v2\/posts\/188879","targetHints":{"allow":["GET"]}}],"collection":[{"href":"https:\/\/aconteceunovale.com.br\/portal\/index.php?rest_route=\/wp\/v2\/posts"}],"about":[{"href":"https:\/\/aconteceunovale.com.br\/portal\/index.php?rest_route=\/wp\/v2\/types\/post"}],"author":[{"embeddable":true,"href":"https:\/\/aconteceunovale.com.br\/portal\/index.php?rest_route=\/wp\/v2\/users\/4"}],"replies":[{"embeddable":true,"href":"https:\/\/aconteceunovale.com.br\/portal\/index.php?rest_route=%2Fwp%2Fv2%2Fcomments&post=188879"}],"version-history":[{"count":2,"href":"https:\/\/aconteceunovale.com.br\/portal\/index.php?rest_route=\/wp\/v2\/posts\/188879\/revisions"}],"predecessor-version":[{"id":188885,"href":"https:\/\/aconteceunovale.com.br\/portal\/index.php?rest_route=\/wp\/v2\/posts\/188879\/revisions\/188885"}],"wp:featuredmedia":[{"embeddable":true,"href":"https:\/\/aconteceunovale.com.br\/portal\/index.php?rest_route=\/wp\/v2\/media\/188883"}],"wp:attachment":[{"href":"https:\/\/aconteceunovale.com.br\/portal\/index.php?rest_route=%2Fwp%2Fv2%2Fmedia&parent=188879"}],"wp:term":[{"taxonomy":"category","embeddable":true,"href":"https:\/\/aconteceunovale.com.br\/portal\/index.php?rest_route=%2Fwp%2Fv2%2Fcategories&post=188879"},{"taxonomy":"post_tag","embeddable":true,"href":"https:\/\/aconteceunovale.com.br\/portal\/index.php?rest_route=%2Fwp%2Fv2%2Ftags&post=188879"}],"curies":[{"name":"wp","href":"https:\/\/api.w.org\/{rel}","templated":true}]}}