{"id":188845,"date":"2022-04-30T20:13:38","date_gmt":"2022-04-30T23:13:38","guid":{"rendered":"https:\/\/aconteceunovale.com.br\/portal\/?p=188845"},"modified":"2022-04-30T20:20:06","modified_gmt":"2022-04-30T23:20:06","slug":"coelho-comemora-aniversario-de-110-anos-com-vitoria-contra-o-furacao","status":"publish","type":"post","link":"https:\/\/aconteceunovale.com.br\/portal\/?p=188845","title":{"rendered":"Coelho comemora anivers\u00e1rio de 110 anos com vit\u00f3ria contra o Furac\u00e3o"},"content":{"rendered":"\n<p>O Am\u00e9rica-MG venceu o Athletico-PR por 1 a 0 na tarde deste s\u00e1bado (30\/4\/2022), na Arena Independ\u00eancia, em Belo Horizonte, pela quarta rodada da S\u00e9rie A do Campeonato Brasileiro. O gol foi marcado pelo colombiano \u00cdndio Ramirez aos 29 minutos do segundo tempo.<\/p>\n\n\n\n<figure class=\"wp-block-gallery has-nested-images columns-default is-cropped wp-block-gallery-1 is-layout-flex wp-block-gallery-is-layout-flex\">\n<figure class=\"wp-block-image size-large\"><img loading=\"lazy\" decoding=\"async\" width=\"678\" height=\"450\" data-id=\"188846\" src=\"https:\/\/aconteceunovale.com.br\/portal\/wp-content\/uploads\/2022\/04\/america_furacao.jpg\" alt=\"\" class=\"wp-image-188846\" srcset=\"https:\/\/aconteceunovale.com.br\/portal\/wp-content\/uploads\/2022\/04\/america_furacao.jpg 678w, https:\/\/aconteceunovale.com.br\/portal\/wp-content\/uploads\/2022\/04\/america_furacao-300x199.jpg 300w, https:\/\/aconteceunovale.com.br\/portal\/wp-content\/uploads\/2022\/04\/america_furacao-633x420.jpg 633w\" sizes=\"auto, (max-width: 678px) 100vw, 678px\" \/><figcaption><em><sub>Foto: Mour\u00e3o Panda \/ Am\u00e9rica-MG<\/sub><\/em><\/figcaption><\/figure>\n<\/figure>\n\n\n\n<p>Com a vit\u00f3ria, o Coelho, que comemora 110 anos de hist\u00f3ria, chegou a seis pontos e entrou provisoriamente no G6 da competi\u00e7\u00e3o. J\u00e1 o Furac\u00e3o, que amargou a terceira derrota na competi\u00e7\u00e3o, tem apenas tr\u00eas pontos e est\u00e1 no limite do Z4.<\/p>\n\n\n\n<h2 class=\"wp-block-heading\">Bragantino vence o Cear\u00e1<\/h2>\n\n\n\n<p>Quem tamb\u00e9m venceu neste s\u00e1bado foi o Bragantino. O Massa Bruta visitou o Voz\u00e3o no Castel\u00e3o e somou mais tr\u00eas pontos gra\u00e7as a um gol de ytalo aos 16 minutos do primeiro tempo.<\/p>\n\n\n\n<p>Com o importante resultado, o Bragantino chegou aos oito pontos e lidera a competi\u00e7\u00e3o temporariamente. O Cear\u00e1 perdeu a segunda seguida na S\u00e9rie A e permanece com apenas tr\u00eas pontos, provisoriamente na 16\u00aa posi\u00e7\u00e3o.<\/p>\n\n\n\n<h2 class=\"wp-block-heading\">Pr\u00f3ximos jogos<\/h2>\n\n\n\n<p><strong>3\/5\/2022 (ter\u00e7a-feira):<\/strong><\/p>\n\n\n\n<ul class=\"wp-block-list\"><li>The Strongest x Athletico-PR &#8211; \u00e0s 19h15, no Herlando Siles (Libertadores)<\/li><li>Am\u00e9rica-MG x Atl\u00e9tico-MG &#8211; \u00e0s 21h30, no Independ\u00eancia (Libertadores)<\/li><li>Cear\u00e1 x La Guaira &#8211; \u00e0s 21h30, no Castel\u00e3o (Sul-Americana)<\/li><\/ul>\n\n\n\n<p><strong>7\/5\/2022 (s\u00e1bado):<\/strong><\/p>\n\n\n\n<ul class=\"wp-block-list\"><li>Atl\u00e9tico-MG x Am\u00e9rica-MG &#8211; \u00e0s 16h30, no Mineir\u00e3o (Brasileir\u00e3o)<\/li><li>Athletico-PR x Cear\u00e1 &#8211; \u00e0s 20h30, na Arena da Baixada (Brasileir\u00e3o)<\/li><\/ul>\n\n\n\n<p><strong>8\/5\/2022 (domingo):<\/strong><\/p>\n\n\n\n<ul class=\"wp-block-list\"><li>Bragantino x Corinthians &#8211; \u00e0s 18h00, no Nabi Abi Chedid (Brasileir\u00e3o)<\/li><\/ul>\n\n\n\n<p>&#8212;&#8212;&#8212;&#8212;&#8212;&#8212;<br><br><strong>Sabia que o Aconteceu no Vale est\u00e1 tamb\u00e9m no Telegram? <a rel=\"noreferrer noopener\" href=\"https:\/\/t.me\/aconteceunovaleoficial\" target=\"_blank\">Inscreva-se no canal<\/a>.<\/strong><br><br><strong>J\u00e1 curtiu ou seguiu nossas p\u00e1ginas nas redes sociais?&nbsp;Receba as not\u00edcias em primeira m\u00e3o:<\/strong><br>\u2022 <a rel=\"noreferrer noopener\" href=\"https:\/\/news.google.com\/publications\/CAAqBwgKMNjklQswi4etAw?hl=pt-BR&amp;gl=BR&amp;ceid=BR%3Apt-419\" target=\"_blank\">Google News<\/a><br>\u2022 <a rel=\"noreferrer noopener\" href=\"https:\/\/www.facebook.com\/aconteceunovale\/\" target=\"_blank\">Facebook<\/a><br>\u2022 <a rel=\"noreferrer noopener\" href=\"https:\/\/twitter.com\/noticiadosvales\" target=\"_blank\">Twitter<\/a><br>\u2022 <a rel=\"noreferrer noopener\" href=\"https:\/\/www.instagram.com\/aconteceunovale\" target=\"_blank\">Instagram<\/a><br>\u2022 <a rel=\"noreferrer noopener\" href=\"https:\/\/www.youtube.com\/AconteceunoValeOficial\" target=\"_blank\">Youtube<\/a><br>\u2022 <a rel=\"noreferrer noopener\" href=\"https:\/\/www.tiktok.com\/@aconteceunovale\" target=\"_blank\">TikTok<\/a><\/p>\n","protected":false},"excerpt":{"rendered":"<p>O Am\u00e9rica-MG venceu o Athletico-PR por 1 a 0 na tarde deste s\u00e1bado (30\/4\/2022), na Arena Independ\u00eancia, em Belo Horizonte, pela quarta rodada da S\u00e9rie A do Campeonato Brasileiro. O gol foi marcado pelo colombiano \u00cdndio Ramirez aos 29 minutos do segundo tempo. Com a vit\u00f3ria, o Coelho, que comemora 110 anos de hist\u00f3ria, chegou [&hellip;]<\/p>\n","protected":false},"author":4,"featured_media":188846,"comment_status":"open","ping_status":"closed","sticky":false,"template":"","format":"standard","meta":{"amp_status":"","footnotes":""},"categories":[6,59,123],"tags":[34528,16165,75846,261043,232467,230820,227153,194,1017,13044,253736,13043,253737,34527,261042,21553,22725,25960,260424,94648,260737,227638,150843],"class_list":["post-188845","post","type-post","status-publish","format-standard","has-post-thumbnail","hentry","category-br","category-sports","category-gerais","tag-america","tag-america-mineiro","tag-america-mg","tag-aniversario-de-110-anos-do-america-mineiro","tag-athletico","tag-athletico-paranaense","tag-athletico-pr","tag-belo-horizonte","tag-bh","tag-brasileirao","tag-brasileirao-2022","tag-campeonato-brasileiro","tag-campeonato-brasileiro-2022","tag-coelho","tag-coelho-comemora-aniversario-de-110-anos-com-vitoria-contra-o-furacao","tag-furacao","tag-independencia","tag-serie-a","tag-serie-a-2022","tag-serie-a-do-campeonato-brasileiro","tag-terceira-rodada-da-serie-a","tag-terceira-rodada-do-brasileirao","tag-terceira-rodada-do-campeonato-brasileiro"],"_links":{"self":[{"href":"https:\/\/aconteceunovale.com.br\/portal\/index.php?rest_route=\/wp\/v2\/posts\/188845","targetHints":{"allow":["GET"]}}],"collection":[{"href":"https:\/\/aconteceunovale.com.br\/portal\/index.php?rest_route=\/wp\/v2\/posts"}],"about":[{"href":"https:\/\/aconteceunovale.com.br\/portal\/index.php?rest_route=\/wp\/v2\/types\/post"}],"author":[{"embeddable":true,"href":"https:\/\/aconteceunovale.com.br\/portal\/index.php?rest_route=\/wp\/v2\/users\/4"}],"replies":[{"embeddable":true,"href":"https:\/\/aconteceunovale.com.br\/portal\/index.php?rest_route=%2Fwp%2Fv2%2Fcomments&post=188845"}],"version-history":[{"count":2,"href":"https:\/\/aconteceunovale.com.br\/portal\/index.php?rest_route=\/wp\/v2\/posts\/188845\/revisions"}],"predecessor-version":[{"id":188849,"href":"https:\/\/aconteceunovale.com.br\/portal\/index.php?rest_route=\/wp\/v2\/posts\/188845\/revisions\/188849"}],"wp:featuredmedia":[{"embeddable":true,"href":"https:\/\/aconteceunovale.com.br\/portal\/index.php?rest_route=\/wp\/v2\/media\/188846"}],"wp:attachment":[{"href":"https:\/\/aconteceunovale.com.br\/portal\/index.php?rest_route=%2Fwp%2Fv2%2Fmedia&parent=188845"}],"wp:term":[{"taxonomy":"category","embeddable":true,"href":"https:\/\/aconteceunovale.com.br\/portal\/index.php?rest_route=%2Fwp%2Fv2%2Fcategories&post=188845"},{"taxonomy":"post_tag","embeddable":true,"href":"https:\/\/aconteceunovale.com.br\/portal\/index.php?rest_route=%2Fwp%2Fv2%2Ftags&post=188845"}],"curies":[{"name":"wp","href":"https:\/\/api.w.org\/{rel}","templated":true}]}}