{"id":188800,"date":"2022-04-29T18:57:18","date_gmt":"2022-04-29T21:57:18","guid":{"rendered":"https:\/\/aconteceunovale.com.br\/portal\/?p=188800"},"modified":"2022-04-29T19:01:41","modified_gmt":"2022-04-29T22:01:41","slug":"receita-federal-abre-prazo-de-adesao-a-parcelamento-especial-do-simples-nacional","status":"publish","type":"post","link":"https:\/\/aconteceunovale.com.br\/portal\/?p=188800","title":{"rendered":"Receita Federal abre prazo de ades\u00e3o a parcelamento especial do Simples Nacional"},"content":{"rendered":"\n<p>Depois de tr\u00eas meses de espera, as micro e pequenas empresas e os microempreendedores individuais (MEI) poder\u00e3o aderir ao parcelamento especial criado para renegociar d\u00edvidas com o governo. A Receita Federal publicou hoje (29) a\u00a0<a rel=\"noreferrer noopener\" href=\"https:\/\/www.in.gov.br\/web\/dou\/-\/instrucao-normativa-rfb-n-2.078-de-28-de-abril-de-2022-396449323\" target=\"_blank\">instru\u00e7\u00e3o normativa<\/a>\u00a0que cria o Programa de Reescalonamento do Pagamento de D\u00e9bitos no \u00c2mbito do Simples Nacional (Relp).<\/p>\n\n\n\n<p>Por meio do Relp, as micro e pequenas empresas e os MEI afetados pela pandemia de covid-19 podem renegociar d\u00edvidas em at\u00e9 15 anos. O parcelamento prev\u00ea desconto de at\u00e9 90% nas multas e nos juros de mora e de at\u00e9 100% dos encargos legais. Tamb\u00e9m haver\u00e1 um desconto na parcela de entrada proporcional \u00e0 perda de faturamento de mar\u00e7o a dezembro de 2020 em rela\u00e7\u00e3o ao mesmo per\u00edodo de 2019. Quem foi mais afetado pagar\u00e1 menos.<\/p>\n\n\n\n<p>A Receita Federal calcula que cerca de 400 mil empresas aderir\u00e3o ao programa, parcelando cerca de R$ 8 bilh\u00f5es. No entanto, a renegocia\u00e7\u00e3o poder\u00e1 custar at\u00e9 R$ 50 bilh\u00f5es ao governo, caso todas as d\u00edvidas, recentes ou de parcelamentos atuais, entrem no programa.<\/p>\n\n\n\n<p>Para evitar perda de arrecada\u00e7\u00e3o, o governo editou, ontem (28) \u00e0 noite, uma&nbsp;<a rel=\"noreferrer noopener\" href=\"https:\/\/www.in.gov.br\/en\/web\/dou\/-\/medida-provisoria-n-1.115-de-28-de-abril-2022-396063960\" target=\"_blank\">medida provis\u00f3ria<\/a>&nbsp;que aumenta a Contribui\u00e7\u00e3o Social sobre o Lucro L\u00edquido (CSLL) das institui\u00e7\u00f5es financeiras. A al\u00edquota dos bancos subiu de 20% para 21% at\u00e9 31 de dezembro. Para as demais institui\u00e7\u00f5es, o imposto aumentou de 15% para 16%, tamb\u00e9m at\u00e9 o fim de dezembro.<\/p>\n\n\n\n<p>O aumento de tributos para os bancos acabou com o impasse que h\u00e1 meses impedia a equipe econ\u00f4mica de liberar o sistema de negocia\u00e7\u00e3o e publicar a instru\u00e7\u00e3o normativa. Por causa do atraso, o Comit\u00ea Gestor do Simples Nacional prorrogou, para 31 de maio, o&nbsp;prazo de ades\u00e3o ao Relp.<\/p>\n\n\n\n<h2 class=\"wp-block-heading\">Como aderir<\/h2>\n\n\n\n<p>Para aderir ao programa, o representante da empresa deve acessar o&nbsp;<a href=\"https:\/\/cav.receita.fazenda.gov.br\/autenticacao\/login\" target=\"_blank\" rel=\"noreferrer noopener\">Centro Virtual de Atendimento da Receita Federal (e-CAC)<\/a>&nbsp;e clicar em \u201cPagamentos e Parcelamentos\u201d. Em seguida, o contribuinte clicar\u00e1 em \u201cParcelar d\u00edvidas do SN pela LC 193\/2022 (Relp)\u201d ou \u201cParcelar d\u00edvidas do MEI pela LC 193\/2022 (Relp)\u201d, conforme o caso. A ades\u00e3o tamb\u00e9m pode ser feita pelo&nbsp;<a href=\"http:\/\/www.gov.br\/receitafederal\/simples\" target=\"_blank\" rel=\"noreferrer noopener\">Portal do Simples Nacional<\/a>. O prazo de ades\u00e3o acaba em 31 de maio.<\/p>\n\n\n\n<p>Durante o processo, a micro e pequena empresa ou o MEI dever\u00e1 indicar as d\u00edvidas a serem inclu\u00eddas no programa. Se optar por incluir d\u00edvidas parceladas ou em discuss\u00e3o administrativa, precisar\u00e1 desistir do parcelamento ou do processo, sem pagar honor\u00e1rios advocat\u00edcios de sucumb\u00eancia. A aprova\u00e7\u00e3o do pedido de ades\u00e3o s\u00f3 ser\u00e1 consumada ap\u00f3s o pagamento da primeira parcela da entrada.<\/p>\n\n\n\n<p>Para contribuintes que aderirem hoje, a primeira parcela ter\u00e1 vencimento no mesmo dia, por ser o \u00faltimo dia \u00fatil de abril. Quem n\u00e3o pagar integralmente os valores de entrada at\u00e9 o oitavo m\u00eas depois da ades\u00e3o ao Relp ser\u00e1 exclu\u00eddo do programa.<\/p>\n\n\n\n<h2 class=\"wp-block-heading\">Condi\u00e7\u00f5es<\/h2>\n\n\n\n<p>Poder\u00e3o aderir ao Relp tanto empresas inscritas no Simples Nacional (regime especial para micro e pequenas empresas) como neg\u00f3cios que foram desenquadrados ou exclu\u00eddos do regime por estarem inadimplentes. A renegocia\u00e7\u00e3o abranger\u00e1 d\u00edvidas com vencimento at\u00e9 fevereiro de 2022, m\u00eas anterior \u00e0 derrubada pelo Congresso do veto ao programa de renegocia\u00e7\u00e3o especial.<\/p>\n\n\n\n<p>O pagamento poder\u00e1 ser feito em at\u00e9 180 vezes (15 anos), com redu\u00e7\u00e3o de at\u00e9 90% das multas e juros. O valor da entrada e o desconto depender\u00e1 do grau de perda de receita da empresa com a pandemia. A Receita Federal comparar\u00e1 o faturamento de mar\u00e7o a dezembro de 2020 em rela\u00e7\u00e3o ao mesmo per\u00edodo de 2019. Quem tiver perdas maiores pagar\u00e1 entrada mais baixa e ter\u00e1 descontos maiores.<\/p>\n\n\n\n<p>Empresas que fecharam durante a pandemia tamb\u00e9m podem participar. Parcelamentos rescindidos ou em andamento tamb\u00e9m poder\u00e3o ser inclu\u00eddos na renegocia\u00e7\u00e3o.<\/p>\n\n\n\n<h2 class=\"wp-block-heading\">Abrang\u00eancia<\/h2>\n\n\n\n<p>Poder\u00e1 ser parcelada qualquer d\u00edvida do Simples Nacional vencida at\u00e9 fevereiro deste ano. D\u00e9bitos com a Previd\u00eancia Social poder\u00e3o ser parcelados em at\u00e9 60 meses (cinco anos). D\u00edvidas com outros programas especiais de parcelamento, de 2016 e 2018, tamb\u00e9m poder\u00e3o ser renegociadas. A \u00fanica modalidade de d\u00e9bitos em que n\u00e3o haver\u00e1 desconto ser\u00e1 para parcelamentos de 36 meses previstos em plano de recupera\u00e7\u00e3o judicial.<\/p>\n\n\n\n<p>O contribuinte ser\u00e1 exclu\u00eddo do refinanciamento se n\u00e3o pagar tr\u00eas parcelas consecutivas ou seis alternadas, se n\u00e3o pagar a \u00faltima parcela, se for constatada fraude no patrim\u00f4nio para n\u00e3o cumprir o parcelamento ou se n\u00e3o pagar os tributos ou as contribui\u00e7\u00f5es para o FGTS que vencer\u00e3o ap\u00f3s a ades\u00e3o ao Relp.<\/p>\n\n\n\n<p>N\u00e3o entram no Relp as multas por descumprimento de obriga\u00e7\u00e3o acess\u00f3ria, como as multas por atraso na entrega de declara\u00e7\u00f5es, alguns tipos de contribui\u00e7\u00e3o previdenci\u00e1ria e os demais d\u00e9bitos n\u00e3o abrangidos pelo Simples Nacional e as d\u00edvidas de empresas com fal\u00eancia decretada.<\/p>\n\n\n\n<p>&#8212;&#8212;&#8212;&#8212;&#8212;&#8212;<br><br><strong>Sabia que o Aconteceu no Vale est\u00e1 tamb\u00e9m no Telegram? <a rel=\"noreferrer noopener\" href=\"https:\/\/t.me\/aconteceunovaleoficial\" target=\"_blank\">Inscreva-se no canal<\/a>.<\/strong><br><br><strong>J\u00e1 curtiu ou seguiu nossas p\u00e1ginas nas redes sociais?&nbsp;Receba as not\u00edcias em primeira m\u00e3o:<\/strong><br>\u2022 <a rel=\"noreferrer noopener\" href=\"https:\/\/news.google.com\/publications\/CAAqBwgKMNjklQswi4etAw?hl=pt-BR&amp;gl=BR&amp;ceid=BR%3Apt-419\" target=\"_blank\">Google News<\/a><br>\u2022 <a rel=\"noreferrer noopener\" href=\"https:\/\/www.facebook.com\/aconteceunovale\/\" target=\"_blank\">Facebook<\/a><br>\u2022 <a rel=\"noreferrer noopener\" href=\"https:\/\/twitter.com\/noticiadosvales\" target=\"_blank\">Twitter<\/a><br>\u2022 <a rel=\"noreferrer noopener\" href=\"https:\/\/www.instagram.com\/aconteceunovale\" target=\"_blank\">Instagram<\/a><br>\u2022 <a rel=\"noreferrer noopener\" href=\"https:\/\/www.youtube.com\/AconteceunoValeOficial\" target=\"_blank\">Youtube<\/a><br>\u2022 <a rel=\"noreferrer noopener\" href=\"https:\/\/www.tiktok.com\/@aconteceunovale\" target=\"_blank\">TikTok<\/a><\/p>\n","protected":false},"excerpt":{"rendered":"<p>Depois de tr\u00eas meses de espera, as micro e pequenas empresas e os microempreendedores individuais (MEI) poder\u00e3o aderir ao parcelamento especial criado para renegociar d\u00edvidas com o governo. A Receita Federal publicou hoje (29) a\u00a0instru\u00e7\u00e3o normativa\u00a0que cria o Programa de Reescalonamento do Pagamento de D\u00e9bitos no \u00c2mbito do Simples Nacional (Relp). Por meio do Relp, [&hellip;]<\/p>\n","protected":false},"author":4,"featured_media":155573,"comment_status":"open","ping_status":"closed","sticky":false,"template":"","format":"standard","meta":{"amp_status":"","footnotes":""},"categories":[6,40239],"tags":[1018,259999,260685,1464,261001,28130],"class_list":["post-188800","post","type-post","status-publish","format-standard","has-post-thumbnail","hentry","category-br","category-economia-2","tag-destaque","tag-parcelamento-do-simples-nacional","tag-parcelamento-especial-do-simples-nacional","tag-receita-federal","tag-receita-federal-abre-prazo-de-adesao-a-parcelamento-especial-do-simples-nacional","tag-simples-nacional"],"_links":{"self":[{"href":"https:\/\/aconteceunovale.com.br\/portal\/index.php?rest_route=\/wp\/v2\/posts\/188800","targetHints":{"allow":["GET"]}}],"collection":[{"href":"https:\/\/aconteceunovale.com.br\/portal\/index.php?rest_route=\/wp\/v2\/posts"}],"about":[{"href":"https:\/\/aconteceunovale.com.br\/portal\/index.php?rest_route=\/wp\/v2\/types\/post"}],"author":[{"embeddable":true,"href":"https:\/\/aconteceunovale.com.br\/portal\/index.php?rest_route=\/wp\/v2\/users\/4"}],"replies":[{"embeddable":true,"href":"https:\/\/aconteceunovale.com.br\/portal\/index.php?rest_route=%2Fwp%2Fv2%2Fcomments&post=188800"}],"version-history":[{"count":2,"href":"https:\/\/aconteceunovale.com.br\/portal\/index.php?rest_route=\/wp\/v2\/posts\/188800\/revisions"}],"predecessor-version":[{"id":188803,"href":"https:\/\/aconteceunovale.com.br\/portal\/index.php?rest_route=\/wp\/v2\/posts\/188800\/revisions\/188803"}],"wp:featuredmedia":[{"embeddable":true,"href":"https:\/\/aconteceunovale.com.br\/portal\/index.php?rest_route=\/wp\/v2\/media\/155573"}],"wp:attachment":[{"href":"https:\/\/aconteceunovale.com.br\/portal\/index.php?rest_route=%2Fwp%2Fv2%2Fmedia&parent=188800"}],"wp:term":[{"taxonomy":"category","embeddable":true,"href":"https:\/\/aconteceunovale.com.br\/portal\/index.php?rest_route=%2Fwp%2Fv2%2Fcategories&post=188800"},{"taxonomy":"post_tag","embeddable":true,"href":"https:\/\/aconteceunovale.com.br\/portal\/index.php?rest_route=%2Fwp%2Fv2%2Ftags&post=188800"}],"curies":[{"name":"wp","href":"https:\/\/api.w.org\/{rel}","templated":true}]}}