{"id":18880,"date":"2014-01-19T16:30:31","date_gmt":"2014-01-19T18:30:31","guid":{"rendered":"http:\/\/aconteceunovale.com.br\/portal\/?p=18880"},"modified":"2014-01-19T16:30:31","modified_gmt":"2014-01-19T18:30:31","slug":"sabinopolis-abertura-oficial-da-tradicional-festa-de-sao-sebastiao-da-cidade","status":"publish","type":"post","link":"https:\/\/aconteceunovale.com.br\/portal\/?p=18880","title":{"rendered":"SABIN\u00d3POLIS: Abertura oficial da tradicional Festa de S\u00e3o Sebasti\u00e3o da cidade"},"content":{"rendered":"<p><strong>Por Pedro \u00c1vila<\/strong><\/p>\n<p>Aconteceu no in\u00edcio da tarde deste domingo (19\/01), em Sabin\u00f3polis\/MG, a abertura oficial da Festa de s\u00e3o Sebasti\u00e3o, padroeiro do munic\u00edpio. <\/p>\n<p><img decoding=\"async\" src=\"http:\/\/aconteceunovale.com.br\/portal\/wp-content\/uploads\/2014\/01\/sabinopolis_festa_sao_sebastiao.jpg\" alt=\"\" \/><\/p>\n<p>Como j\u00e1 \u00e9 tradi\u00e7\u00e3o, o primeiro dia \u00e9 marcado pela queima de fogos, apresenta\u00e7\u00e3o da Banda Maria Imaculada e a Ben\u00e7\u00e3o dos Cavaleiros, tudo isso acontece a partir das 12 badaladas do meio dia, um an\u00fancio de que a festa se iniciou. <\/p>\n<p>Neste mesmo dia, logo ap\u00f3s a missa e novena, ser\u00e1 feito o levantamento do mastro de S\u00e3o Sebasti\u00e3o, um momento tamb\u00e9m esperado, pela beleza das apresenta\u00e7\u00f5es folcl\u00f3ricas e o show pirot\u00e9cnico.<\/p>\n<p><em>(Imagens TV em Foco)<\/em><br \/>\n<iframe loading=\"lazy\" width=\"640\" height=\"360\" src=\"\/\/www.youtube.com\/embed\/i4UmaoKogp8\" frameborder=\"0\" allowfullscreen><\/iframe><\/p>\n","protected":false},"excerpt":{"rendered":"<p>Por Pedro \u00c1vila Aconteceu no in\u00edcio da tarde deste domingo (19\/01), em Sabin\u00f3polis\/MG, a abertura oficial da Festa de s\u00e3o Sebasti\u00e3o, padroeiro do munic\u00edpio. Como j\u00e1 \u00e9 tradi\u00e7\u00e3o, o primeiro dia \u00e9 marcado pela queima de fogos, apresenta\u00e7\u00e3o da Banda Maria Imaculada e a Ben\u00e7\u00e3o dos Cavaleiros, tudo isso acontece a partir das 12 badaladas [&hellip;]<\/p>\n","protected":false},"author":1,"featured_media":18881,"comment_status":"open","ping_status":"closed","sticky":false,"template":"","format":"standard","meta":{"amp_status":"","footnotes":""},"categories":[121],"tags":[3203,3204,310],"class_list":["post-18880","post","type-post","status-publish","format-standard","has-post-thumbnail","hentry","category-leste","tag-abertura-oficial-da-tradicional-festa-de-sao-sebastiao-de-sabinopolis","tag-festa-de-sao-sebastiao-de-sabinopolis","tag-sabinopolis"],"_links":{"self":[{"href":"https:\/\/aconteceunovale.com.br\/portal\/index.php?rest_route=\/wp\/v2\/posts\/18880","targetHints":{"allow":["GET"]}}],"collection":[{"href":"https:\/\/aconteceunovale.com.br\/portal\/index.php?rest_route=\/wp\/v2\/posts"}],"about":[{"href":"https:\/\/aconteceunovale.com.br\/portal\/index.php?rest_route=\/wp\/v2\/types\/post"}],"author":[{"embeddable":true,"href":"https:\/\/aconteceunovale.com.br\/portal\/index.php?rest_route=\/wp\/v2\/users\/1"}],"replies":[{"embeddable":true,"href":"https:\/\/aconteceunovale.com.br\/portal\/index.php?rest_route=%2Fwp%2Fv2%2Fcomments&post=18880"}],"version-history":[{"count":0,"href":"https:\/\/aconteceunovale.com.br\/portal\/index.php?rest_route=\/wp\/v2\/posts\/18880\/revisions"}],"wp:featuredmedia":[{"embeddable":true,"href":"https:\/\/aconteceunovale.com.br\/portal\/index.php?rest_route=\/wp\/v2\/media\/18881"}],"wp:attachment":[{"href":"https:\/\/aconteceunovale.com.br\/portal\/index.php?rest_route=%2Fwp%2Fv2%2Fmedia&parent=18880"}],"wp:term":[{"taxonomy":"category","embeddable":true,"href":"https:\/\/aconteceunovale.com.br\/portal\/index.php?rest_route=%2Fwp%2Fv2%2Fcategories&post=18880"},{"taxonomy":"post_tag","embeddable":true,"href":"https:\/\/aconteceunovale.com.br\/portal\/index.php?rest_route=%2Fwp%2Fv2%2Ftags&post=18880"}],"curies":[{"name":"wp","href":"https:\/\/api.w.org\/{rel}","templated":true}]}}