{"id":188776,"date":"2022-04-28T21:12:39","date_gmt":"2022-04-29T00:12:39","guid":{"rendered":"https:\/\/aconteceunovale.com.br\/portal\/?p=188776"},"modified":"2022-04-28T21:12:53","modified_gmt":"2022-04-29T00:12:53","slug":"minas-gerais-tem-a-segunda-maior-geracao-de-empregos-formais-no-brasil","status":"publish","type":"post","link":"https:\/\/aconteceunovale.com.br\/portal\/?p=188776","title":{"rendered":"Minas Gerais tem a segunda maior gera\u00e7\u00e3o de empregos formais no Brasil"},"content":{"rendered":"\n<p>Minas Gerais registrou em mar\u00e7o a segunda maior gera\u00e7\u00e3o de empregos com carteira assinada no pa\u00eds. Segundo dado do Novo Cadastro Geral de Empregados e Desempregados (Novo Caged), do Minist\u00e9rio do Trabalho e Previd\u00eancia, o estado teve saldo positivo de 27.452 postos de trabalho no m\u00eas passado, ficando atr\u00e1s apenas de S\u00e3o Paulo, que alcan\u00e7ou, no mesmo per\u00edodo, a cria\u00e7\u00e3o de 34.010 postos de trabalho. No acumulado do ano, j\u00e1 houve a gera\u00e7\u00e3o de 62.421 oportunidades com carteira assinada para os mineiros.<\/p>\n\n\n\n<figure class=\"wp-block-gallery has-nested-images columns-default is-cropped wp-block-gallery-1 is-layout-flex wp-block-gallery-is-layout-flex\">\n<figure class=\"wp-block-image size-large\"><img loading=\"lazy\" decoding=\"async\" width=\"675\" height=\"450\" data-id=\"188777\" src=\"https:\/\/aconteceunovale.com.br\/portal\/wp-content\/uploads\/2022\/04\/emprego_mg.jpg\" alt=\"\" class=\"wp-image-188777\" srcset=\"https:\/\/aconteceunovale.com.br\/portal\/wp-content\/uploads\/2022\/04\/emprego_mg.jpg 675w, https:\/\/aconteceunovale.com.br\/portal\/wp-content\/uploads\/2022\/04\/emprego_mg-300x200.jpg 300w, https:\/\/aconteceunovale.com.br\/portal\/wp-content\/uploads\/2022\/04\/emprego_mg-630x420.jpg 630w\" sizes=\"auto, (max-width: 675px) 100vw, 675px\" \/><figcaption><em><sub>Foto: Gil Leonardi \/ Ag\u00eancia Minas<\/sub><\/em><\/figcaption><\/figure>\n<\/figure>\n\n\n\n<p>O saldo positivo de mar\u00e7o \u00e9 resultado da admiss\u00e3o de 220.304&nbsp; trabalhadores no mercado formal e do desligamento de outros 192.852 no mesmo per\u00edodo. Ap\u00f3s um desempenho negativo em janeiro deste ano, com a perda de 1.562 vagas de emprego, a gera\u00e7\u00e3o de vagas voltou a crescer a partir de fevereiro, m\u00eas em que foi registrado saldo de 36.495 empregos formais no estado.<\/p>\n\n\n\n<p>Por segmento de atividade econ\u00f4mica, os servi\u00e7os lideraram a gera\u00e7\u00e3o de postos de trabalho em mar\u00e7o, com saldo de 15.098 vagas de emprego, seguido por agropecu\u00e1ria (6.023), ind\u00fastria (3.519), constru\u00e7\u00e3o civil (2.099) e com\u00e9rcio (713).<\/p>\n\n\n\n<p>Segundo a diretora de Monitoramento e Articula\u00e7\u00e3o de Oportunidade de Trabalho da\u00a0Secretaria de Estado de Desenvolvimento Social (Sedese), Amanda Siqueira Carvalho, os dados do Caged mostram uma tend\u00eancia de expans\u00e3o do mercado formal de trabalho em Minas Gerais, tendo em vista que as contrata\u00e7\u00f5es t\u00eam superado as demiss\u00f5es.<\/p>\n\n\n\n<p>\u201cOs destaques no m\u00eas passado puderam ser verificados nos segmentos de servi\u00e7os e ind\u00fastria, que lideram a abertura de vagas de emprego neste primeiro trimestre, o que pode ser atribu\u00eddo \u00e0 grande atra\u00e7\u00e3o de investimentos realizada pelo governo mineiro nos \u00faltimos anos\u201d, avalia a diretora.<\/p>\n\n\n\n<h2 class=\"wp-block-heading\"><strong>Oportunidades de emprego<\/strong><\/h2>\n\n\n\n<p>Em Minas Gerais, os trabalhadores que se encontram desempregados \u00e0 procura de uma oportunidade para entrar ou reingressar no mercado formal de trabalho, podem consultar as vagas dispon\u00edveis nas 133 unidades do Sistema Nacional de Emprego (Sine), disponibilizadas pela Sedese no endere\u00e7o\u00a0<a href=\"https:\/\/app.powerbi.com\/view?r=eyJrIjoiZWZjNWFmOWMtMTYwNS00ZDQ3LWFhOTgtMTU5YTQwZmE5ZTJiIiwidCI6ImMwZTY1MzllLThjZGUtNDZlNy1hOTc4LWI1YTNmZTlmMGMzOSJ9&amp;pageName=ReportSection\" target=\"_blank\" rel=\"noreferrer noopener\">https:\/\/bit.ly\/painel_vagas_Sine<\/a>.<\/p>\n\n\n\n<h2 class=\"wp-block-heading\"><strong>Dados do Brasil<\/strong><\/h2>\n\n\n\n<p>Tamb\u00e9m em mar\u00e7o, o pa\u00eds\u00a0 alcan\u00e7ou a gera\u00e7\u00e3o de 136.189 empregos formais, segundo o Novo Caged. O saldo \u00e9 resultado de 1.953.071 contrata\u00e7\u00f5es menos 1.816.882 de demiss\u00f5es.\u00a0 O setor de servi\u00e7os tamb\u00e9m liderou a gera\u00e7\u00e3o de empregos formais, com saldo de 111.513 vagas. No acumulado do ano, foi registrado saldo de 615.173 empregos.<\/p>\n\n\n\n<p>&#8212;&#8212;&#8212;&#8212;&#8212;&#8212;<br><br><strong>Sabia que o Aconteceu no Vale est\u00e1 tamb\u00e9m no Telegram? <a rel=\"noreferrer noopener\" href=\"https:\/\/t.me\/aconteceunovaleoficial\" target=\"_blank\">Inscreva-se no canal<\/a>.<\/strong><br><br><strong>J\u00e1 curtiu ou seguiu nossas p\u00e1ginas nas redes sociais?\u00a0Receba as not\u00edcias em primeira m\u00e3o:<\/strong><br>\u2022 <a rel=\"noreferrer noopener\" href=\"https:\/\/news.google.com\/publications\/CAAqBwgKMNjklQswi4etAw?hl=pt-BR&amp;gl=BR&amp;ceid=BR%3Apt-419\" target=\"_blank\">Google News<\/a><br>\u2022 <a rel=\"noreferrer noopener\" href=\"https:\/\/www.facebook.com\/aconteceunovale\/\" target=\"_blank\">Facebook<\/a><br>\u2022 <a rel=\"noreferrer noopener\" href=\"https:\/\/twitter.com\/noticiadosvales\" target=\"_blank\">Twitter<\/a><br>\u2022 <a rel=\"noreferrer noopener\" href=\"https:\/\/www.instagram.com\/aconteceunovale\" target=\"_blank\">Instagram<\/a><br>\u2022 <a rel=\"noreferrer noopener\" href=\"https:\/\/www.youtube.com\/AconteceunoValeOficial\" target=\"_blank\">Youtube<\/a><br>\u2022 <a rel=\"noreferrer noopener\" href=\"https:\/\/www.tiktok.com\/@aconteceunovale\" target=\"_blank\">TikTok<\/a><\/p>\n","protected":false},"excerpt":{"rendered":"<p>Minas Gerais registrou em mar\u00e7o a segunda maior gera\u00e7\u00e3o de empregos com carteira assinada no pa\u00eds. Segundo dado do Novo Cadastro Geral de Empregados e Desempregados (Novo Caged), do Minist\u00e9rio do Trabalho e Previd\u00eancia, o estado teve saldo positivo de 27.452 postos de trabalho no m\u00eas passado, ficando atr\u00e1s apenas de S\u00e3o Paulo, que alcan\u00e7ou, [&hellip;]<\/p>\n","protected":false},"author":4,"featured_media":188777,"comment_status":"open","ping_status":"closed","sticky":false,"template":"","format":"standard","meta":{"amp_status":"","footnotes":""},"categories":[6,40236,123],"tags":[143275,1018,231462,149486,131,260977,249404,260978,72125],"class_list":["post-188776","post","type-post","status-publish","format-standard","has-post-thumbnail","hentry","category-br","category-empregos-2","category-gerais","tag-caged-minas-gerais","tag-destaque","tag-emprego-formal-em-minas-gerais","tag-empregos-em-minas-gerais","tag-minas-gerais","tag-minas-gerais-tem-a-segunda-maior-geracao-de-empregos-formais-no-brasil","tag-ministerio-do-trabalho-e-previdencia","tag-novo-caged-minas-gerais","tag-trabalho-em-minas-gerais"],"_links":{"self":[{"href":"https:\/\/aconteceunovale.com.br\/portal\/index.php?rest_route=\/wp\/v2\/posts\/188776","targetHints":{"allow":["GET"]}}],"collection":[{"href":"https:\/\/aconteceunovale.com.br\/portal\/index.php?rest_route=\/wp\/v2\/posts"}],"about":[{"href":"https:\/\/aconteceunovale.com.br\/portal\/index.php?rest_route=\/wp\/v2\/types\/post"}],"author":[{"embeddable":true,"href":"https:\/\/aconteceunovale.com.br\/portal\/index.php?rest_route=\/wp\/v2\/users\/4"}],"replies":[{"embeddable":true,"href":"https:\/\/aconteceunovale.com.br\/portal\/index.php?rest_route=%2Fwp%2Fv2%2Fcomments&post=188776"}],"version-history":[{"count":1,"href":"https:\/\/aconteceunovale.com.br\/portal\/index.php?rest_route=\/wp\/v2\/posts\/188776\/revisions"}],"predecessor-version":[{"id":188778,"href":"https:\/\/aconteceunovale.com.br\/portal\/index.php?rest_route=\/wp\/v2\/posts\/188776\/revisions\/188778"}],"wp:featuredmedia":[{"embeddable":true,"href":"https:\/\/aconteceunovale.com.br\/portal\/index.php?rest_route=\/wp\/v2\/media\/188777"}],"wp:attachment":[{"href":"https:\/\/aconteceunovale.com.br\/portal\/index.php?rest_route=%2Fwp%2Fv2%2Fmedia&parent=188776"}],"wp:term":[{"taxonomy":"category","embeddable":true,"href":"https:\/\/aconteceunovale.com.br\/portal\/index.php?rest_route=%2Fwp%2Fv2%2Fcategories&post=188776"},{"taxonomy":"post_tag","embeddable":true,"href":"https:\/\/aconteceunovale.com.br\/portal\/index.php?rest_route=%2Fwp%2Fv2%2Ftags&post=188776"}],"curies":[{"name":"wp","href":"https:\/\/api.w.org\/{rel}","templated":true}]}}