{"id":18858,"date":"2014-01-19T12:12:53","date_gmt":"2014-01-19T14:12:53","guid":{"rendered":"http:\/\/aconteceunovale.com.br\/portal\/?p=18858"},"modified":"2014-01-19T12:13:38","modified_gmt":"2014-01-19T14:13:38","slug":"festa-de-65-anos-de-coronel-fabriciano-nao-tera-shows-musicais-em-solidariedade-as-familias-atingidas-pelas-chuvas-de-dezembro","status":"publish","type":"post","link":"https:\/\/aconteceunovale.com.br\/portal\/?p=18858","title":{"rendered":"Comemora\u00e7\u00e3o dos 65 anos de Coronel Fabriciano n\u00e3o ter\u00e1 shows musicais em solidariedade \u00e0s fam\u00edlias atingidas pelas chuvas de dezembro"},"content":{"rendered":"<p>Nesta segunda-feira (20\/01), Fabriciano completa 65 anos de emancipa\u00e7\u00e3o pol\u00edtica. A data ser\u00e1 lembrada com a Manh\u00e3 C\u00edvica, na Pra\u00e7a da Esta\u00e7\u00e3o, a partir das 8h. Na solenidade haver\u00e1 momento ecum\u00eanico, fala das autoridades, corte do bolo de anivers\u00e1rio e apresenta\u00e7\u00f5es dos alunos da Educa\u00e7\u00e3o em Tempo Integral e da Marujada do Cocais.<\/p>\n<p><img decoding=\"async\" src=\"http:\/\/aconteceunovale.com.br\/portal\/wp-content\/uploads\/2014\/01\/coronel_fabriciano_mg.jpg\" alt=\"\" \/><br \/>\n<em><strong>No dia 20 de janeiro, a cidade de Coronel Fabriciano comemora 65 anos de emancipa\u00e7\u00e3o pol\u00edtica e administrativa. (Foto: site da prefeitura de Coronel Fabriciano)<\/strong><\/em><\/p>\n<p>Em solidariedade \u00e0s fam\u00edlias atingidas pelas chuvas de dezembro e pelo fato de a Prefeitura estar focada na recupera\u00e7\u00e3o da cidade, a festa de anivers\u00e1rio, com shows musicais e eventos como a Corrida R\u00fastica de S\u00e3o Sebasti\u00e3o, foi cancelada, diz a chefe do executivo Ros\u00e2ngela Mendes.<\/p>\n<p>\u201cGostaria muito de comemorar os 65 anos de Fabriciano com uma grande festa, como sempre fazemos. Mas estamos com as aten\u00e7\u00f5es voltadas \u00e0s fam\u00edlias atingidas e investindo na recupera\u00e7\u00e3o da cidade. Muitas fam\u00edlias perderam tudo e, diante do grande problema que enfrentamos, \u00e9 nosso dever sermos solid\u00e1rios. Tenho certeza que aqueles que esperavam por uma grande festa entender\u00e3o nossa posi\u00e7\u00e3o nesse momento\u201d, explica a prefeita Ros\u00e2ngela Mendes.<\/p>\n<p>A dona de casa Maria da Consola\u00e7\u00e3o Ramos concorda com a atitude da prefeita. A aposentada perdeu praticamente todos os m\u00f3veis e eletrodom\u00e9stico de sua casa, com as chuvas que atingiu sua resid\u00eancia no m\u00eas de dezembro.<\/p>\n<p>\u201cComemorar o aniversario da minha cidade, s\u00f3 teria sentido caso a popula\u00e7\u00e3o n\u00e3o estivesse passando por tantos problemas. Infelizmente com as \u00faltimas chuvas, o munic\u00edpio ficou destru\u00eddo e entendemos que festejar n\u00e3o \u00e9 a prioridade, visto que a prefeitura precisa concertar muitas ruas, pontes, al\u00e9m de ter que abrigar dezenas de fam\u00edlia que perderam suas casas\u201d, diz.<\/p>\n<p>O comerciante Ant\u00f4nio Linhares discorda. Morador de Fabriciano h\u00e1 mais de 30 anos, o empres\u00e1rio entende que as chuvas foi devastadora para o munic\u00edpio, mas ele acredita que a popula\u00e7\u00e3o n\u00e3o deveria ser penalizada com a falta de uma comemora\u00e7\u00e3o.<\/p>\n<p>\u201cEntendo a situa\u00e7\u00e3o das fam\u00edlias e tamb\u00e9m do munic\u00edpio, mas a festa de anivers\u00e1rio de Coronel Fabriciano \u00e9 uma tradi\u00e7\u00e3o na nossa cidade. J\u00e1 ficamos prejudicado com a falta de estrutura da nossa cidade, e agora tamb\u00e9m vamos perder as festividades?\u201d, lamenta.<\/p>\n<p><strong>SOLENIDADE E MISSA<\/strong><\/p>\n<p>A programa\u00e7\u00e3o come\u00e7a \u00e0s 8h, com o momento solene e as apresenta\u00e7\u00f5es culturais. \u201cA Orquestra de Percuss\u00e3o e os alunos do bal\u00e9 nos presentear\u00e3o com bel\u00edssimas apresenta\u00e7\u00f5es.<\/p>\n<p>A Marujada do Cocais tamb\u00e9m marcar\u00e1 presen\u00e7a na nossa Manh\u00e3 C\u00edvica\u201d, revela o gerente de Cultura da Prefeitura de Fabriciano, Amir Jos\u00e9 de Melo. \u00c0 noite, ap\u00f3s a Missa na Catedral do padroeiro S\u00e3o Sebasti\u00e3o.<\/p>\n<p><strong>(Fonte: Inter TV dos Vales)<\/strong><\/p>\n","protected":false},"excerpt":{"rendered":"<p>Nesta segunda-feira (20\/01), Fabriciano completa 65 anos de emancipa\u00e7\u00e3o pol\u00edtica. A data ser\u00e1 lembrada com a Manh\u00e3 C\u00edvica, na Pra\u00e7a da Esta\u00e7\u00e3o, a partir das 8h. Na solenidade haver\u00e1 momento ecum\u00eanico, fala das autoridades, corte do bolo de anivers\u00e1rio e apresenta\u00e7\u00f5es dos alunos da Educa\u00e7\u00e3o em Tempo Integral e da Marujada do Cocais. No dia [&hellip;]<\/p>\n","protected":false},"author":1,"featured_media":18859,"comment_status":"open","ping_status":"closed","sticky":false,"template":"","format":"standard","meta":{"amp_status":"","footnotes":""},"categories":[121],"tags":[3191,3194,3192,1524,3190,3195,3196,3193],"class_list":["post-18858","post","type-post","status-publish","format-standard","has-post-thumbnail","hentry","category-leste","tag-65-anos-de-coronel-fabriciano","tag-65-anos-de-emancipacao-politica-de-coronel-fabriciano","tag-aniversario-de-65-anos-de-coronel-fabriciano","tag-coronel-fabriciano","tag-fabriciano-comemora-65-anos-sem-festa-devido-aos-estragos-das-chuvas","tag-festa-de-65-anos-de-coronel-fabriciano-nao-tera-shows-musicais-devido-aos-estragos-causados-pelas-chuvas-de-dezembro","tag-festa-de-65-anos-de-coronel-fabriciano-nao-tera-shows-musicais-em-solidariedade-as-familias-atingidas-pelas-chuvas-de-dezembro","tag-festa-de-aniversario-de-65-anos-de-coronel-fabriciano"],"_links":{"self":[{"href":"https:\/\/aconteceunovale.com.br\/portal\/index.php?rest_route=\/wp\/v2\/posts\/18858","targetHints":{"allow":["GET"]}}],"collection":[{"href":"https:\/\/aconteceunovale.com.br\/portal\/index.php?rest_route=\/wp\/v2\/posts"}],"about":[{"href":"https:\/\/aconteceunovale.com.br\/portal\/index.php?rest_route=\/wp\/v2\/types\/post"}],"author":[{"embeddable":true,"href":"https:\/\/aconteceunovale.com.br\/portal\/index.php?rest_route=\/wp\/v2\/users\/1"}],"replies":[{"embeddable":true,"href":"https:\/\/aconteceunovale.com.br\/portal\/index.php?rest_route=%2Fwp%2Fv2%2Fcomments&post=18858"}],"version-history":[{"count":0,"href":"https:\/\/aconteceunovale.com.br\/portal\/index.php?rest_route=\/wp\/v2\/posts\/18858\/revisions"}],"wp:featuredmedia":[{"embeddable":true,"href":"https:\/\/aconteceunovale.com.br\/portal\/index.php?rest_route=\/wp\/v2\/media\/18859"}],"wp:attachment":[{"href":"https:\/\/aconteceunovale.com.br\/portal\/index.php?rest_route=%2Fwp%2Fv2%2Fmedia&parent=18858"}],"wp:term":[{"taxonomy":"category","embeddable":true,"href":"https:\/\/aconteceunovale.com.br\/portal\/index.php?rest_route=%2Fwp%2Fv2%2Fcategories&post=18858"},{"taxonomy":"post_tag","embeddable":true,"href":"https:\/\/aconteceunovale.com.br\/portal\/index.php?rest_route=%2Fwp%2Fv2%2Ftags&post=18858"}],"curies":[{"name":"wp","href":"https:\/\/api.w.org\/{rel}","templated":true}]}}