{"id":188537,"date":"2022-04-22T21:04:22","date_gmt":"2022-04-23T00:04:22","guid":{"rendered":"https:\/\/aconteceunovale.com.br\/portal\/?p=188537"},"modified":"2022-04-22T21:04:35","modified_gmt":"2022-04-23T00:04:35","slug":"alta-de-precos-de-hortalicas-puxa-inflacao-para-cima","status":"publish","type":"post","link":"https:\/\/aconteceunovale.com.br\/portal\/?p=188537","title":{"rendered":"Alta de pre\u00e7os de hortali\u00e7as puxa infla\u00e7\u00e3o para cima"},"content":{"rendered":"\n<p class=\"wp-block-paragraph\">O IPCA (\u00cdndice Nacional de Pre\u00e7os ao Consumidor Amplo) subiu 1,62% em mar\u00e7o, o maior patamar para o m\u00eas desde 1994, segundo dados divulgados pelo IBGE no dia 8 de abril. A alta da infla\u00e7\u00e3o vem puxada principalmente pelos alimentos, sendo que oito dos dez produtos que mais subiram s\u00e3o g\u00eaneros aliment\u00edcios e bebidas. A cenoura foi o item com maior eleva\u00e7\u00e3o: 166% em 12 meses.<\/p>\n\n\n\n<figure class=\"wp-block-gallery has-nested-images columns-default is-cropped wp-block-gallery-1 is-layout-flex wp-block-gallery-is-layout-flex\">\n<figure class=\"wp-block-image size-full\"><img loading=\"lazy\" decoding=\"async\" width=\"678\" height=\"402\" data-id=\"188539\" src=\"https:\/\/aconteceunovale.com.br\/portal\/wp-content\/uploads\/2022\/04\/cenoura_emater.png\" alt=\"\" class=\"wp-image-188539\" srcset=\"https:\/\/aconteceunovale.com.br\/portal\/wp-content\/uploads\/2022\/04\/cenoura_emater.png 678w, https:\/\/aconteceunovale.com.br\/portal\/wp-content\/uploads\/2022\/04\/cenoura_emater-300x178.png 300w\" sizes=\"auto, (max-width: 678px) 100vw, 678px\" \/><figcaption><em><sub>Foto: Emater-MG \/ Divulga\u00e7\u00e3o<\/sub><\/em><\/figcaption><\/figure>\n<\/figure>\n\n\n\n<p class=\"wp-block-paragraph\">A forte alta de pre\u00e7os n\u00e3o \u00e9 novidade para quem costuma ir ao supermercado e sacol\u00f5es. Os consumidores j\u00e1 sentiram no bolso que v\u00e1rios produtos hortigranjeiros est\u00e3o bem mais caros. Inclusive, Minas Gerais e S\u00e3o Paulo, maiores estados&nbsp;produtores de cenoura do Brasil, sofreram bastante com problemas clim\u00e1ticos no in\u00edcio do ano, como observa o coordenador estadual de Olericultura da&nbsp;Emater-MG, Georgeton Soares.<\/p>\n\n\n\n<p class=\"wp-block-paragraph\">\u201cEm janeiro e at\u00e9 o m\u00eas de fevereiro, houve um excesso de chuvas nessas regi\u00f5es produtoras, o que causou perdas das lavouras que estavam no campo, devido \u00e0 dificuldade de controle fitossanit\u00e1rio. As fortes precipita\u00e7\u00f5es tamb\u00e9m impediram o cultivo de novas \u00e1reas e o escalonamento da produ\u00e7\u00e3o como ocorre normalmente. Com isso, houve uma descontinuidade da produ\u00e7\u00e3o e a menor oferta de cenoura provocou a alta do produto\u201d, explica Georgeton.<\/p>\n\n\n\n<p class=\"wp-block-paragraph\">A mesma explica\u00e7\u00e3o serve para outro alimento que figura nas primeiras posi\u00e7\u00f5es do ranking do IBGE (Instituto Brasileiro de Geografia e Estat\u00edstica): o tomate. O pre\u00e7o do alimento subiu 94,55% e, segundo Georgeton, \u00e9 uma cultura de alto risco no per\u00edodo chuvoso. \u201cPor ser em campo aberto, o produtor reduz o cultivo na \u00e9poca de chuvas. Atualmente, o custo de produ\u00e7\u00e3o de um hectare de tomate \u00e9 cerca de R$110 mil, um preju\u00edzo muito alto em caso de perda, principalmente se levarmos em conta que aproximadamente 60% dos produtores da cultura s\u00e3o da agricultura familiar\u201d, comenta o coordenador da Emater-MG.<\/p>\n\n\n\n<h2 class=\"wp-block-heading\"><strong>Tend\u00eancia dos pre\u00e7os<\/strong><\/h2>\n\n\n\n<p class=\"wp-block-paragraph\">Desde&nbsp;mar\u00e7o, segundo Georgeton, voltou a ocorrer o escalonamento da produ\u00e7\u00e3o. Com isso,&nbsp;a expectativa \u00e9 de um aumento da oferta de cenoura e de tomate em maio, o que deve trazer uma maior equil\u00edbrio dos pre\u00e7os para esses produtos, assim como v\u00e1rias outras culturas que sofreram com as chuvas do in\u00edcio do ano.<\/p>\n\n\n\n<p class=\"wp-block-paragraph\">Al\u00e9m da cenoura e tomate, os outros alimentos que subiram mais de 50% no acumulado de 12 meses e ajudaram a puxar a infla\u00e7\u00e3o para cima, segundo o IBGE, foram o piment\u00e3o (80,44%), o mel\u00e3o (68,95%), a melancia (66,42%), o repolho (64,79%), o caf\u00e9 mo\u00eddo (64,66%) e o mam\u00e3o (54,95%).<\/p>\n\n\n\n<p class=\"wp-block-paragraph\">O coordenador da Emater-MG comenta que, em momentos de menor oferta de alguns alimentos, \u00e9 comum haver especula\u00e7\u00e3o de pre\u00e7os no mercado, ent\u00e3o o consumidor deve estar atento para fazer as melhores compras.<\/p>\n\n\n\n<p class=\"wp-block-paragraph\">\u201cA expectativa \u00e9 que os pre\u00e7os praticados no varejo da maioria das hortali\u00e7as se normalizem em maio, com a maior oferta de muitas oler\u00edcolas. Mas, enquanto isso, \u00e9 recomendado o consumidor pesquisar pre\u00e7os e at\u00e9 fazer a substitui\u00e7\u00e3o do card\u00e1pio por alimentos que est\u00e3o mais em conta, atualmente, como o inhame, a mandioca, a moranga e o pepino\u201d, sugere o coordenador.<\/p>\n\n\n\n<p class=\"wp-block-paragraph\">&#8212;&#8212;&#8212;&#8212;&#8212;&#8212;<br><br><strong>Sabia que o Aconteceu no Vale est\u00e1 tamb\u00e9m no Telegram? <a rel=\"noreferrer noopener\" href=\"https:\/\/t.me\/aconteceunovaleoficial\" target=\"_blank\">Inscreva-se no canal<\/a>.<\/strong><br><br><strong>J\u00e1 curtiu ou seguiu nossas p\u00e1ginas nas redes sociais?&nbsp;Receba as not\u00edcias em primeira m\u00e3o:<\/strong><br>\u2022 <a rel=\"noreferrer noopener\" href=\"https:\/\/news.google.com\/publications\/CAAqBwgKMNjklQswi4etAw?hl=pt-BR&amp;gl=BR&amp;ceid=BR%3Apt-419\" target=\"_blank\">Google News<\/a><br>\u2022 <a rel=\"noreferrer noopener\" href=\"https:\/\/www.facebook.com\/aconteceunovale\/\" target=\"_blank\">Facebook<\/a><br>\u2022 <a rel=\"noreferrer noopener\" href=\"https:\/\/twitter.com\/noticiadosvales\" target=\"_blank\">Twitter<\/a><br>\u2022 <a rel=\"noreferrer noopener\" href=\"https:\/\/www.instagram.com\/aconteceunovale\" target=\"_blank\">Instagram<\/a><br>\u2022 <a rel=\"noreferrer noopener\" href=\"https:\/\/www.youtube.com\/AconteceunoValeOficial\" target=\"_blank\">Youtube<\/a><br>\u2022 <a rel=\"noreferrer noopener\" href=\"https:\/\/www.tiktok.com\/@aconteceunovale\" target=\"_blank\">TikTok<\/a><\/p>\n","protected":false},"excerpt":{"rendered":"<p>O IPCA (\u00cdndice Nacional de Pre\u00e7os ao Consumidor Amplo) subiu 1,62% em mar\u00e7o, o maior patamar para o m\u00eas desde 1994, segundo dados divulgados pelo IBGE no dia 8 de abril. A alta da infla\u00e7\u00e3o vem puxada principalmente pelos alimentos, sendo que oito dos dez produtos que mais subiram s\u00e3o g\u00eaneros aliment\u00edcios e bebidas. A [&hellip;]<\/p>\n","protected":false},"author":4,"featured_media":188539,"comment_status":"open","ping_status":"closed","sticky":false,"template":"","format":"standard","meta":{"amp_status":"","footnotes":""},"categories":[40239,123],"tags":[260723,260722,260726,260724,1018,25775,260727,1062,13319,260725],"class_list":["post-188537","post","type-post","status-publish","format-standard","has-post-thumbnail","hentry","category-economia-2","category-gerais","tag-alta-de-precos-de-hortalicas","tag-alta-de-precos-de-hortalicas-puxa-inflacao-para-cima","tag-alta-dos-precos","tag-consequencias-da-alta-de-precos-de-hortalicas","tag-destaque","tag-emater-mg","tag-georgeton-soares","tag-ibge","tag-ipca","tag-precos-ao-consumidor"],"yoast_head":"<!-- This site is optimized with the Yoast SEO plugin v28.3 - https:\/\/yoast.com\/product\/yoast-seo-wordpress\/ -->\n<title>Alta de pre\u00e7os de hortali\u00e7as puxa infla\u00e7\u00e3o para cima - Aconteceu no Vale<\/title>\n<meta name=\"robots\" content=\"index, follow, max-snippet:-1, max-image-preview:large, max-video-preview:-1\" \/>\n<link rel=\"canonical\" href=\"https:\/\/aconteceunovale.com.br\/portal\/?p=188537\" \/>\n<meta property=\"og:locale\" content=\"pt_BR\" \/>\n<meta property=\"og:type\" content=\"article\" \/>\n<meta property=\"og:title\" content=\"Alta de pre\u00e7os de hortali\u00e7as puxa infla\u00e7\u00e3o para cima - Aconteceu no Vale\" \/>\n<meta property=\"og:description\" content=\"O IPCA (\u00cdndice Nacional de Pre\u00e7os ao Consumidor Amplo) subiu 1,62% em mar\u00e7o, o maior patamar para o m\u00eas desde 1994, segundo dados divulgados pelo IBGE no dia 8 de abril. A alta da infla\u00e7\u00e3o vem puxada principalmente pelos alimentos, sendo que oito dos dez produtos que mais subiram s\u00e3o g\u00eaneros aliment\u00edcios e bebidas. A [&hellip;]\" \/>\n<meta property=\"og:url\" content=\"https:\/\/aconteceunovale.com.br\/portal\/?p=188537\" \/>\n<meta property=\"og:site_name\" content=\"Aconteceu no Vale\" \/>\n<meta property=\"article:publisher\" content=\"https:\/\/www.facebook.com\/aconteceunovale\/\" \/>\n<meta property=\"article:published_time\" content=\"2022-04-23T00:04:22+00:00\" \/>\n<meta property=\"article:modified_time\" content=\"2022-04-23T00:04:35+00:00\" \/>\n<meta property=\"og:image\" content=\"https:\/\/aconteceunovale.com.br\/portal\/wp-content\/uploads\/2022\/04\/cenoura_emater.png\" \/>\n\t<meta property=\"og:image:width\" content=\"678\" \/>\n\t<meta property=\"og:image:height\" content=\"402\" \/>\n\t<meta property=\"og:image:type\" content=\"image\/png\" \/>\n<meta name=\"author\" content=\"Reda\u00e7\u00e3o Aconteceu no Vale\" \/>\n<meta name=\"twitter:card\" content=\"summary_large_image\" \/>\n<meta name=\"twitter:creator\" content=\"@noticiadosvales\" \/>\n<meta name=\"twitter:site\" content=\"@noticiadosvales\" \/>\n<meta name=\"twitter:label1\" content=\"Escrito por\" \/>\n\t<meta name=\"twitter:data1\" content=\"Reda\u00e7\u00e3o Aconteceu no Vale\" \/>\n\t<meta name=\"twitter:label2\" content=\"Est. tempo de leitura\" \/>\n\t<meta name=\"twitter:data2\" content=\"3 minutos\" \/>\n<script type=\"application\/ld+json\" class=\"yoast-schema-graph\">{\"@context\":\"https:\\\/\\\/schema.org\",\"@graph\":[{\"@type\":\"Article\",\"@id\":\"https:\\\/\\\/aconteceunovale.com.br\\\/portal\\\/?p=188537#article\",\"isPartOf\":{\"@id\":\"https:\\\/\\\/aconteceunovale.com.br\\\/portal\\\/?p=188537\"},\"author\":{\"name\":\"Reda\u00e7\u00e3o Aconteceu no Vale\",\"@id\":\"https:\\\/\\\/aconteceunovale.com.br\\\/portal\\\/#\\\/schema\\\/person\\\/7d2f26d1483f8a63de73da1ee0754d35\"},\"headline\":\"Alta de pre\u00e7os de hortali\u00e7as puxa infla\u00e7\u00e3o para cima\",\"datePublished\":\"2022-04-23T00:04:22+00:00\",\"dateModified\":\"2022-04-23T00:04:35+00:00\",\"mainEntityOfPage\":{\"@id\":\"https:\\\/\\\/aconteceunovale.com.br\\\/portal\\\/?p=188537\"},\"wordCount\":593,\"commentCount\":0,\"image\":{\"@id\":\"https:\\\/\\\/aconteceunovale.com.br\\\/portal\\\/?p=188537#primaryimage\"},\"thumbnailUrl\":\"https:\\\/\\\/aconteceunovale.com.br\\\/portal\\\/wp-content\\\/uploads\\\/2022\\\/04\\\/cenoura_emater.png\",\"keywords\":[\"Alta de pre\u00e7os de hortali\u00e7as\",\"Alta de pre\u00e7os de hortali\u00e7as puxa infla\u00e7\u00e3o para cima\",\"Alta dos pre\u00e7os\",\"Consequ\u00eancias da Alta de pre\u00e7os de hortali\u00e7as\",\"destaque\",\"Emater-MG\",\"Georgeton Soares\",\"ibge\",\"IPCA\",\"Pre\u00e7os ao Consumidor\"],\"articleSection\":[\"Economia\",\"Minas Gerais\"],\"inLanguage\":\"pt-BR\",\"potentialAction\":[{\"@type\":\"CommentAction\",\"name\":\"Comment\",\"target\":[\"https:\\\/\\\/aconteceunovale.com.br\\\/portal\\\/?p=188537#respond\"]}]},{\"@type\":\"WebPage\",\"@id\":\"https:\\\/\\\/aconteceunovale.com.br\\\/portal\\\/?p=188537\",\"url\":\"https:\\\/\\\/aconteceunovale.com.br\\\/portal\\\/?p=188537\",\"name\":\"Alta de pre\u00e7os de hortali\u00e7as puxa infla\u00e7\u00e3o para cima - Aconteceu no Vale\",\"isPartOf\":{\"@id\":\"https:\\\/\\\/aconteceunovale.com.br\\\/portal\\\/#website\"},\"primaryImageOfPage\":{\"@id\":\"https:\\\/\\\/aconteceunovale.com.br\\\/portal\\\/?p=188537#primaryimage\"},\"image\":{\"@id\":\"https:\\\/\\\/aconteceunovale.com.br\\\/portal\\\/?p=188537#primaryimage\"},\"thumbnailUrl\":\"https:\\\/\\\/aconteceunovale.com.br\\\/portal\\\/wp-content\\\/uploads\\\/2022\\\/04\\\/cenoura_emater.png\",\"datePublished\":\"2022-04-23T00:04:22+00:00\",\"dateModified\":\"2022-04-23T00:04:35+00:00\",\"author\":{\"@id\":\"https:\\\/\\\/aconteceunovale.com.br\\\/portal\\\/#\\\/schema\\\/person\\\/7d2f26d1483f8a63de73da1ee0754d35\"},\"breadcrumb\":{\"@id\":\"https:\\\/\\\/aconteceunovale.com.br\\\/portal\\\/?p=188537#breadcrumb\"},\"inLanguage\":\"pt-BR\",\"potentialAction\":[{\"@type\":\"ReadAction\",\"target\":[\"https:\\\/\\\/aconteceunovale.com.br\\\/portal\\\/?p=188537\"]}]},{\"@type\":\"ImageObject\",\"inLanguage\":\"pt-BR\",\"@id\":\"https:\\\/\\\/aconteceunovale.com.br\\\/portal\\\/?p=188537#primaryimage\",\"url\":\"https:\\\/\\\/aconteceunovale.com.br\\\/portal\\\/wp-content\\\/uploads\\\/2022\\\/04\\\/cenoura_emater.png\",\"contentUrl\":\"https:\\\/\\\/aconteceunovale.com.br\\\/portal\\\/wp-content\\\/uploads\\\/2022\\\/04\\\/cenoura_emater.png\",\"width\":678,\"height\":402},{\"@type\":\"BreadcrumbList\",\"@id\":\"https:\\\/\\\/aconteceunovale.com.br\\\/portal\\\/?p=188537#breadcrumb\",\"itemListElement\":[{\"@type\":\"ListItem\",\"position\":1,\"name\":\"In\u00edcio\",\"item\":\"https:\\\/\\\/aconteceunovale.com.br\\\/portal\\\/\"},{\"@type\":\"ListItem\",\"position\":2,\"name\":\"Alta de pre\u00e7os de hortali\u00e7as puxa infla\u00e7\u00e3o para cima\"}]},{\"@type\":\"WebSite\",\"@id\":\"https:\\\/\\\/aconteceunovale.com.br\\\/portal\\\/#website\",\"url\":\"https:\\\/\\\/aconteceunovale.com.br\\\/portal\\\/\",\"name\":\"Aconteceu no Vale\",\"description\":\"Portal de Not\u00edcias\",\"potentialAction\":[{\"@type\":\"SearchAction\",\"target\":{\"@type\":\"EntryPoint\",\"urlTemplate\":\"https:\\\/\\\/aconteceunovale.com.br\\\/portal\\\/?s={search_term_string}\"},\"query-input\":{\"@type\":\"PropertyValueSpecification\",\"valueRequired\":true,\"valueName\":\"search_term_string\"}}],\"inLanguage\":\"pt-BR\"},{\"@type\":\"Person\",\"@id\":\"https:\\\/\\\/aconteceunovale.com.br\\\/portal\\\/#\\\/schema\\\/person\\\/7d2f26d1483f8a63de73da1ee0754d35\",\"name\":\"Reda\u00e7\u00e3o Aconteceu no Vale\",\"description\":\"Equipe de reportagem do Aconteceu no Vale, portal de not\u00edcias do Vale do Jequitinhonha, em Minas Gerais. Cobrimos as 51 cidades do Vale desde 2013. Sugest\u00f5es de pauta e pedidos de corre\u00e7\u00e3o: contato@aconteceunovale.com.br\",\"url\":\"https:\\\/\\\/aconteceunovale.com.br\\\/portal\\\/?author=4\"}]}<\/script>\n<!-- \/ Yoast SEO plugin. -->","yoast_head_json":{"title":"Alta de pre\u00e7os de hortali\u00e7as puxa infla\u00e7\u00e3o para cima - Aconteceu no Vale","robots":{"index":"index","follow":"follow","max-snippet":"max-snippet:-1","max-image-preview":"max-image-preview:large","max-video-preview":"max-video-preview:-1"},"canonical":"https:\/\/aconteceunovale.com.br\/portal\/?p=188537","og_locale":"pt_BR","og_type":"article","og_title":"Alta de pre\u00e7os de hortali\u00e7as puxa infla\u00e7\u00e3o para cima - Aconteceu no Vale","og_description":"O IPCA (\u00cdndice Nacional de Pre\u00e7os ao Consumidor Amplo) subiu 1,62% em mar\u00e7o, o maior patamar para o m\u00eas desde 1994, segundo dados divulgados pelo IBGE no dia 8 de abril. A alta da infla\u00e7\u00e3o vem puxada principalmente pelos alimentos, sendo que oito dos dez produtos que mais subiram s\u00e3o g\u00eaneros aliment\u00edcios e bebidas. A [&hellip;]","og_url":"https:\/\/aconteceunovale.com.br\/portal\/?p=188537","og_site_name":"Aconteceu no Vale","article_publisher":"https:\/\/www.facebook.com\/aconteceunovale\/","article_published_time":"2022-04-23T00:04:22+00:00","article_modified_time":"2022-04-23T00:04:35+00:00","og_image":[{"width":678,"height":402,"url":"https:\/\/aconteceunovale.com.br\/portal\/wp-content\/uploads\/2022\/04\/cenoura_emater.png","type":"image\/png"}],"author":"Reda\u00e7\u00e3o Aconteceu no Vale","twitter_card":"summary_large_image","twitter_creator":"@noticiadosvales","twitter_site":"@noticiadosvales","twitter_misc":{"Escrito por":"Reda\u00e7\u00e3o Aconteceu no Vale","Est. tempo de leitura":"3 minutos"},"schema":{"@context":"https:\/\/schema.org","@graph":[{"@type":"Article","@id":"https:\/\/aconteceunovale.com.br\/portal\/?p=188537#article","isPartOf":{"@id":"https:\/\/aconteceunovale.com.br\/portal\/?p=188537"},"author":{"name":"Reda\u00e7\u00e3o Aconteceu no Vale","@id":"https:\/\/aconteceunovale.com.br\/portal\/#\/schema\/person\/7d2f26d1483f8a63de73da1ee0754d35"},"headline":"Alta de pre\u00e7os de hortali\u00e7as puxa infla\u00e7\u00e3o para cima","datePublished":"2022-04-23T00:04:22+00:00","dateModified":"2022-04-23T00:04:35+00:00","mainEntityOfPage":{"@id":"https:\/\/aconteceunovale.com.br\/portal\/?p=188537"},"wordCount":593,"commentCount":0,"image":{"@id":"https:\/\/aconteceunovale.com.br\/portal\/?p=188537#primaryimage"},"thumbnailUrl":"https:\/\/aconteceunovale.com.br\/portal\/wp-content\/uploads\/2022\/04\/cenoura_emater.png","keywords":["Alta de pre\u00e7os de hortali\u00e7as","Alta de pre\u00e7os de hortali\u00e7as puxa infla\u00e7\u00e3o para cima","Alta dos pre\u00e7os","Consequ\u00eancias da Alta de pre\u00e7os de hortali\u00e7as","destaque","Emater-MG","Georgeton Soares","ibge","IPCA","Pre\u00e7os ao Consumidor"],"articleSection":["Economia","Minas Gerais"],"inLanguage":"pt-BR","potentialAction":[{"@type":"CommentAction","name":"Comment","target":["https:\/\/aconteceunovale.com.br\/portal\/?p=188537#respond"]}]},{"@type":"WebPage","@id":"https:\/\/aconteceunovale.com.br\/portal\/?p=188537","url":"https:\/\/aconteceunovale.com.br\/portal\/?p=188537","name":"Alta de pre\u00e7os de hortali\u00e7as puxa infla\u00e7\u00e3o para cima - Aconteceu no Vale","isPartOf":{"@id":"https:\/\/aconteceunovale.com.br\/portal\/#website"},"primaryImageOfPage":{"@id":"https:\/\/aconteceunovale.com.br\/portal\/?p=188537#primaryimage"},"image":{"@id":"https:\/\/aconteceunovale.com.br\/portal\/?p=188537#primaryimage"},"thumbnailUrl":"https:\/\/aconteceunovale.com.br\/portal\/wp-content\/uploads\/2022\/04\/cenoura_emater.png","datePublished":"2022-04-23T00:04:22+00:00","dateModified":"2022-04-23T00:04:35+00:00","author":{"@id":"https:\/\/aconteceunovale.com.br\/portal\/#\/schema\/person\/7d2f26d1483f8a63de73da1ee0754d35"},"breadcrumb":{"@id":"https:\/\/aconteceunovale.com.br\/portal\/?p=188537#breadcrumb"},"inLanguage":"pt-BR","potentialAction":[{"@type":"ReadAction","target":["https:\/\/aconteceunovale.com.br\/portal\/?p=188537"]}]},{"@type":"ImageObject","inLanguage":"pt-BR","@id":"https:\/\/aconteceunovale.com.br\/portal\/?p=188537#primaryimage","url":"https:\/\/aconteceunovale.com.br\/portal\/wp-content\/uploads\/2022\/04\/cenoura_emater.png","contentUrl":"https:\/\/aconteceunovale.com.br\/portal\/wp-content\/uploads\/2022\/04\/cenoura_emater.png","width":678,"height":402},{"@type":"BreadcrumbList","@id":"https:\/\/aconteceunovale.com.br\/portal\/?p=188537#breadcrumb","itemListElement":[{"@type":"ListItem","position":1,"name":"In\u00edcio","item":"https:\/\/aconteceunovale.com.br\/portal\/"},{"@type":"ListItem","position":2,"name":"Alta de pre\u00e7os de hortali\u00e7as puxa infla\u00e7\u00e3o para cima"}]},{"@type":"WebSite","@id":"https:\/\/aconteceunovale.com.br\/portal\/#website","url":"https:\/\/aconteceunovale.com.br\/portal\/","name":"Aconteceu no Vale","description":"Portal de Not\u00edcias","potentialAction":[{"@type":"SearchAction","target":{"@type":"EntryPoint","urlTemplate":"https:\/\/aconteceunovale.com.br\/portal\/?s={search_term_string}"},"query-input":{"@type":"PropertyValueSpecification","valueRequired":true,"valueName":"search_term_string"}}],"inLanguage":"pt-BR"},{"@type":"Person","@id":"https:\/\/aconteceunovale.com.br\/portal\/#\/schema\/person\/7d2f26d1483f8a63de73da1ee0754d35","name":"Reda\u00e7\u00e3o Aconteceu no Vale","description":"Equipe de reportagem do Aconteceu no Vale, portal de not\u00edcias do Vale do Jequitinhonha, em Minas Gerais. Cobrimos as 51 cidades do Vale desde 2013. Sugest\u00f5es de pauta e pedidos de corre\u00e7\u00e3o: contato@aconteceunovale.com.br","url":"https:\/\/aconteceunovale.com.br\/portal\/?author=4"}]}},"_links":{"self":[{"href":"https:\/\/aconteceunovale.com.br\/portal\/index.php?rest_route=\/wp\/v2\/posts\/188537","targetHints":{"allow":["GET"]}}],"collection":[{"href":"https:\/\/aconteceunovale.com.br\/portal\/index.php?rest_route=\/wp\/v2\/posts"}],"about":[{"href":"https:\/\/aconteceunovale.com.br\/portal\/index.php?rest_route=\/wp\/v2\/types\/post"}],"author":[{"embeddable":true,"href":"https:\/\/aconteceunovale.com.br\/portal\/index.php?rest_route=\/wp\/v2\/users\/4"}],"replies":[{"embeddable":true,"href":"https:\/\/aconteceunovale.com.br\/portal\/index.php?rest_route=%2Fwp%2Fv2%2Fcomments&post=188537"}],"version-history":[{"count":2,"href":"https:\/\/aconteceunovale.com.br\/portal\/index.php?rest_route=\/wp\/v2\/posts\/188537\/revisions"}],"predecessor-version":[{"id":188540,"href":"https:\/\/aconteceunovale.com.br\/portal\/index.php?rest_route=\/wp\/v2\/posts\/188537\/revisions\/188540"}],"wp:featuredmedia":[{"embeddable":true,"href":"https:\/\/aconteceunovale.com.br\/portal\/index.php?rest_route=\/wp\/v2\/media\/188539"}],"wp:attachment":[{"href":"https:\/\/aconteceunovale.com.br\/portal\/index.php?rest_route=%2Fwp%2Fv2%2Fmedia&parent=188537"}],"wp:term":[{"taxonomy":"category","embeddable":true,"href":"https:\/\/aconteceunovale.com.br\/portal\/index.php?rest_route=%2Fwp%2Fv2%2Fcategories&post=188537"},{"taxonomy":"post_tag","embeddable":true,"href":"https:\/\/aconteceunovale.com.br\/portal\/index.php?rest_route=%2Fwp%2Fv2%2Ftags&post=188537"}],"curies":[{"name":"wp","href":"https:\/\/api.w.org\/{rel}","templated":true}]}}