{"id":188531,"date":"2022-04-22T20:34:52","date_gmt":"2022-04-22T23:34:52","guid":{"rendered":"https:\/\/aconteceunovale.com.br\/portal\/?p=188531"},"modified":"2022-04-22T20:35:40","modified_gmt":"2022-04-22T23:35:40","slug":"ministro-do-stf-suspende-emendas-que-reajustam-salarios-para-servidores-da-seguranca-educacao-e-saude-em-minas","status":"publish","type":"post","link":"https:\/\/aconteceunovale.com.br\/portal\/?p=188531","title":{"rendered":"Ministro do STF suspende emendas que reajustam sal\u00e1rios para servidores da seguran\u00e7a, educa\u00e7\u00e3o e sa\u00fade em Minas"},"content":{"rendered":"\n<p class=\"wp-block-paragraph\">O ministro Lu\u00eds Roberto Barroso, do Supremo Tribunal Federal (STF), acolheu a tese da\u00a0Advocacia-Geral do Estado de Minas Gerais (AGE-MG)\u00a0e concedeu liminar que suspende, at\u00e9 o julgamento do m\u00e9rito, os efeitos dos artigos 10 e 11 da Lei n\u00ba 24.035\/2022, que trata da recomposi\u00e7\u00e3o salarial dos servidores do Executivo de Minas Gerais.<\/p>\n\n\n\n<p class=\"wp-block-paragraph\">Na decis\u00e3o, Barroso destacou que <em>&#8220;h\u00e1 verossimilhan\u00e7a na alega\u00e7\u00e3o de viola\u00e7\u00e3o ao artigo 113 do Ato das Disposi\u00e7\u00f5es Constitucionais Transit\u00f3rias (ADCT), de acordo com o qual a proposi\u00e7\u00e3o legislativa que crie ou altere despesa obrigat\u00f3ria dever\u00e1 ser acompanhada da estimativa do seu impacto or\u00e7ament\u00e1rio e financeiro&#8221;.<\/em><\/p>\n\n\n\n<p class=\"wp-block-paragraph\">O ministro ressaltou ainda que est\u00e1 presente o risco de dano irrepar\u00e1vel que justifica a concess\u00e3o da medida cautelar para suspender os efeitos dos dispositivos impugnados.\u00a0<em>&#8220;Isso porque, caso os aumentos sejam efetivamente concedidos e os pagamentos realizados, o Estado n\u00e3o poder\u00e1 reaver os valores recebidos por servidores p\u00fablicos de boa-f\u00e9, a t\u00edtulo de verba alimentar&#8221;.<\/em><\/p>\n\n\n\n<p class=\"wp-block-paragraph\">O Governo de Minas Gerais informou que, em respeito \u00e0 responsabilidade fiscal e \u00e0 legalidade, j\u00e1 havia apontando que n\u00e3o existia, no texto aprovado pela ALMG, previs\u00e3o or\u00e7ament\u00e1ria para arcar com os gastos extras indicados pelos artigos 10 e 11, que criam uma despesa adicional anual de R$ 9 bilh\u00f5es ao Estado, sem indicar a fonte de recursos pagadora.<\/p>\n\n\n\n<p class=\"wp-block-paragraph\">O Executivo do Estado lembra, ainda, que o reajuste salarial de 10,06% para todos servidores p\u00fablicos estaduais foi sancionado no dia 4 de abril de 2022 pelo Governador Romeu Zema e come\u00e7ar\u00e1 a ser pago em maio. Al\u00e9m disso, houve a amplia\u00e7\u00e3o do abono fardamento e do aux\u00edlio vestimenta, que ser\u00e1 pago em quatro parcelas de cerca de R$ 2 mil para os servidores das For\u00e7as de Seguran\u00e7a, tamb\u00e9m a partir de maio. Os valores retroativos previstos na Lei n\u00ba 24.035\/2022 (relativos as folhas de janeiro, fevereiro e mar\u00e7o) ser\u00e3o pagos em junho.<\/p>\n\n\n\n<p class=\"wp-block-paragraph\">&#8212;&#8212;&#8212;&#8212;&#8212;&#8212;<br><br><strong>Sabia que o Aconteceu no Vale est\u00e1 tamb\u00e9m no Telegram? <a rel=\"noreferrer noopener\" href=\"https:\/\/t.me\/aconteceunovaleoficial\" target=\"_blank\">Inscreva-se no canal<\/a>.<\/strong><br><br><strong>J\u00e1 curtiu ou seguiu nossas p\u00e1ginas nas redes sociais?\u00a0Receba as not\u00edcias em primeira m\u00e3o:<\/strong><br>\u2022 <a rel=\"noreferrer noopener\" href=\"https:\/\/news.google.com\/publications\/CAAqBwgKMNjklQswi4etAw?hl=pt-BR&amp;gl=BR&amp;ceid=BR%3Apt-419\" target=\"_blank\">Google News<\/a><br>\u2022 <a rel=\"noreferrer noopener\" href=\"https:\/\/www.facebook.com\/aconteceunovale\/\" target=\"_blank\">Facebook<\/a><br>\u2022 <a rel=\"noreferrer noopener\" href=\"https:\/\/twitter.com\/noticiadosvales\" target=\"_blank\">Twitter<\/a><br>\u2022 <a rel=\"noreferrer noopener\" href=\"https:\/\/www.instagram.com\/aconteceunovale\" target=\"_blank\">Instagram<\/a><br>\u2022 <a rel=\"noreferrer noopener\" href=\"https:\/\/www.youtube.com\/AconteceunoValeOficial\" target=\"_blank\">Youtube<\/a><br>\u2022 <a rel=\"noreferrer noopener\" href=\"https:\/\/www.tiktok.com\/@aconteceunovale\" target=\"_blank\">TikTok<\/a><\/p>\n","protected":false},"excerpt":{"rendered":"<p>O ministro Lu\u00eds Roberto Barroso, do Supremo Tribunal Federal (STF), acolheu a tese da\u00a0Advocacia-Geral do Estado de Minas Gerais (AGE-MG)\u00a0e concedeu liminar que suspende, at\u00e9 o julgamento do m\u00e9rito, os efeitos dos artigos 10 e 11 da Lei n\u00ba 24.035\/2022, que trata da recomposi\u00e7\u00e3o salarial dos servidores do Executivo de Minas Gerais. Na decis\u00e3o, Barroso [&hellip;]<\/p>\n","protected":false},"author":4,"featured_media":166935,"comment_status":"open","ping_status":"closed","sticky":false,"template":"","format":"standard","meta":{"amp_status":"","footnotes":""},"categories":[6,123],"tags":[752,131434,260461,260460,24358,1018,260715,6546,187138,260714,260462,50572,260463,178207],"class_list":["post-188531","post","type-post","status-publish","format-standard","has-post-thumbnail","hentry","category-br","category-gerais","tag-almg","tag-assembleia-de-minas","tag-assembleia-derruba-veto-do-governador-a-reajustes-para-servidores","tag-assembleia-derruba-veto-do-governador-a-reajustes-para-servidores-da-educacao","tag-assembleia-legislativa-de-minas-gerais","tag-destaque","tag-educacao-e-saude-em-minas","tag-governo-de-minas","tag-governo-zema","tag-ministro-do-stf-suspende-emendas-que-reajustam-salarios-para-servidores-da-seguranca","tag-reajuste-para-servidores-da-educacao","tag-reajuste-para-servidores-da-saude","tag-reajuste-para-servidores-da-seguranca","tag-romeu-zema"],"yoast_head":"<!-- This site is optimized with the Yoast SEO plugin v28.3 - https:\/\/yoast.com\/product\/yoast-seo-wordpress\/ -->\n<title>Ministro do STF suspende emendas que reajustam sal\u00e1rios para servidores da seguran\u00e7a, educa\u00e7\u00e3o e sa\u00fade em Minas - Aconteceu no Vale<\/title>\n<meta name=\"robots\" content=\"index, follow, max-snippet:-1, max-image-preview:large, max-video-preview:-1\" \/>\n<link rel=\"canonical\" href=\"https:\/\/aconteceunovale.com.br\/portal\/?p=188531\" \/>\n<meta property=\"og:locale\" content=\"pt_BR\" \/>\n<meta property=\"og:type\" content=\"article\" \/>\n<meta property=\"og:title\" content=\"Ministro do STF suspende emendas que reajustam sal\u00e1rios para servidores da seguran\u00e7a, educa\u00e7\u00e3o e sa\u00fade em Minas - Aconteceu no Vale\" \/>\n<meta property=\"og:description\" content=\"O ministro Lu\u00eds Roberto Barroso, do Supremo Tribunal Federal (STF), acolheu a tese da\u00a0Advocacia-Geral do Estado de Minas Gerais (AGE-MG)\u00a0e concedeu liminar que suspende, at\u00e9 o julgamento do m\u00e9rito, os efeitos dos artigos 10 e 11 da Lei n\u00ba 24.035\/2022, que trata da recomposi\u00e7\u00e3o salarial dos servidores do Executivo de Minas Gerais. Na decis\u00e3o, Barroso [&hellip;]\" \/>\n<meta property=\"og:url\" content=\"https:\/\/aconteceunovale.com.br\/portal\/?p=188531\" \/>\n<meta property=\"og:site_name\" content=\"Aconteceu no Vale\" \/>\n<meta property=\"article:publisher\" content=\"https:\/\/www.facebook.com\/aconteceunovale\/\" \/>\n<meta property=\"article:published_time\" content=\"2022-04-22T23:34:52+00:00\" \/>\n<meta property=\"article:modified_time\" content=\"2022-04-22T23:35:40+00:00\" \/>\n<meta property=\"og:image\" content=\"https:\/\/aconteceunovale.com.br\/portal\/wp-content\/uploads\/2020\/08\/ministro_barroso.jpg\" \/>\n\t<meta property=\"og:image:width\" content=\"678\" \/>\n\t<meta property=\"og:image:height\" content=\"406\" \/>\n\t<meta property=\"og:image:type\" content=\"image\/jpeg\" \/>\n<meta name=\"author\" content=\"Reda\u00e7\u00e3o Aconteceu no Vale\" \/>\n<meta name=\"twitter:card\" content=\"summary_large_image\" \/>\n<meta name=\"twitter:creator\" content=\"@noticiadosvales\" \/>\n<meta name=\"twitter:site\" content=\"@noticiadosvales\" \/>\n<meta name=\"twitter:label1\" content=\"Escrito por\" \/>\n\t<meta name=\"twitter:data1\" content=\"Reda\u00e7\u00e3o Aconteceu no Vale\" \/>\n\t<meta name=\"twitter:label2\" content=\"Est. tempo de leitura\" \/>\n\t<meta name=\"twitter:data2\" content=\"2 minutos\" \/>\n<script type=\"application\/ld+json\" class=\"yoast-schema-graph\">{\"@context\":\"https:\\\/\\\/schema.org\",\"@graph\":[{\"@type\":\"Article\",\"@id\":\"https:\\\/\\\/aconteceunovale.com.br\\\/portal\\\/?p=188531#article\",\"isPartOf\":{\"@id\":\"https:\\\/\\\/aconteceunovale.com.br\\\/portal\\\/?p=188531\"},\"author\":{\"name\":\"Reda\u00e7\u00e3o Aconteceu no Vale\",\"@id\":\"https:\\\/\\\/aconteceunovale.com.br\\\/portal\\\/#\\\/schema\\\/person\\\/7d2f26d1483f8a63de73da1ee0754d35\"},\"headline\":\"Ministro do STF suspende emendas que reajustam sal\u00e1rios para servidores da seguran\u00e7a, educa\u00e7\u00e3o e sa\u00fade em Minas\",\"datePublished\":\"2022-04-22T23:34:52+00:00\",\"dateModified\":\"2022-04-22T23:35:40+00:00\",\"mainEntityOfPage\":{\"@id\":\"https:\\\/\\\/aconteceunovale.com.br\\\/portal\\\/?p=188531\"},\"wordCount\":388,\"commentCount\":0,\"image\":{\"@id\":\"https:\\\/\\\/aconteceunovale.com.br\\\/portal\\\/?p=188531#primaryimage\"},\"thumbnailUrl\":\"https:\\\/\\\/aconteceunovale.com.br\\\/portal\\\/wp-content\\\/uploads\\\/2020\\\/08\\\/ministro_barroso.jpg\",\"keywords\":[\"ALMG\",\"Assembleia de Minas\",\"Assembleia derruba veto do governador a reajustes para servidores\",\"Assembleia derruba veto do governador a reajustes para servidores da educa\u00e7\u00e3o\",\"Assembleia Legislativa de Minas Gerais\",\"destaque\",\"educa\u00e7\u00e3o e sa\u00fade em Minas\",\"Governo de Minas\",\"Governo Zema\",\"Ministro do STF suspende emendas que reajustam sal\u00e1rios para servidores da seguran\u00e7a\",\"Reajuste para servidores da educa\u00e7\u00e3o\",\"reajuste para servidores da sa\u00fade\",\"Reajuste para servidores da seguran\u00e7a\",\"Romeu Zema\"],\"articleSection\":[\"Brasil\",\"Minas Gerais\"],\"inLanguage\":\"pt-BR\",\"potentialAction\":[{\"@type\":\"CommentAction\",\"name\":\"Comment\",\"target\":[\"https:\\\/\\\/aconteceunovale.com.br\\\/portal\\\/?p=188531#respond\"]}]},{\"@type\":\"WebPage\",\"@id\":\"https:\\\/\\\/aconteceunovale.com.br\\\/portal\\\/?p=188531\",\"url\":\"https:\\\/\\\/aconteceunovale.com.br\\\/portal\\\/?p=188531\",\"name\":\"Ministro do STF suspende emendas que reajustam sal\u00e1rios para servidores da seguran\u00e7a, educa\u00e7\u00e3o e sa\u00fade em Minas - Aconteceu no Vale\",\"isPartOf\":{\"@id\":\"https:\\\/\\\/aconteceunovale.com.br\\\/portal\\\/#website\"},\"primaryImageOfPage\":{\"@id\":\"https:\\\/\\\/aconteceunovale.com.br\\\/portal\\\/?p=188531#primaryimage\"},\"image\":{\"@id\":\"https:\\\/\\\/aconteceunovale.com.br\\\/portal\\\/?p=188531#primaryimage\"},\"thumbnailUrl\":\"https:\\\/\\\/aconteceunovale.com.br\\\/portal\\\/wp-content\\\/uploads\\\/2020\\\/08\\\/ministro_barroso.jpg\",\"datePublished\":\"2022-04-22T23:34:52+00:00\",\"dateModified\":\"2022-04-22T23:35:40+00:00\",\"author\":{\"@id\":\"https:\\\/\\\/aconteceunovale.com.br\\\/portal\\\/#\\\/schema\\\/person\\\/7d2f26d1483f8a63de73da1ee0754d35\"},\"breadcrumb\":{\"@id\":\"https:\\\/\\\/aconteceunovale.com.br\\\/portal\\\/?p=188531#breadcrumb\"},\"inLanguage\":\"pt-BR\",\"potentialAction\":[{\"@type\":\"ReadAction\",\"target\":[\"https:\\\/\\\/aconteceunovale.com.br\\\/portal\\\/?p=188531\"]}]},{\"@type\":\"ImageObject\",\"inLanguage\":\"pt-BR\",\"@id\":\"https:\\\/\\\/aconteceunovale.com.br\\\/portal\\\/?p=188531#primaryimage\",\"url\":\"https:\\\/\\\/aconteceunovale.com.br\\\/portal\\\/wp-content\\\/uploads\\\/2020\\\/08\\\/ministro_barroso.jpg\",\"contentUrl\":\"https:\\\/\\\/aconteceunovale.com.br\\\/portal\\\/wp-content\\\/uploads\\\/2020\\\/08\\\/ministro_barroso.jpg\",\"width\":678,\"height\":406,\"caption\":\"Entrevista coletiva do ministro Roberto Barroso por videoconfer\u00eancia. Bras\u00edlia-DF, 26\\\/05\\\/2020 Foto: Roberto Jayme\\\/ASCOM\\\/TSE\"},{\"@type\":\"BreadcrumbList\",\"@id\":\"https:\\\/\\\/aconteceunovale.com.br\\\/portal\\\/?p=188531#breadcrumb\",\"itemListElement\":[{\"@type\":\"ListItem\",\"position\":1,\"name\":\"In\u00edcio\",\"item\":\"https:\\\/\\\/aconteceunovale.com.br\\\/portal\\\/\"},{\"@type\":\"ListItem\",\"position\":2,\"name\":\"Ministro do STF suspende emendas que reajustam sal\u00e1rios para servidores da seguran\u00e7a, educa\u00e7\u00e3o e sa\u00fade em Minas\"}]},{\"@type\":\"WebSite\",\"@id\":\"https:\\\/\\\/aconteceunovale.com.br\\\/portal\\\/#website\",\"url\":\"https:\\\/\\\/aconteceunovale.com.br\\\/portal\\\/\",\"name\":\"Aconteceu no Vale\",\"description\":\"Portal de Not\u00edcias\",\"potentialAction\":[{\"@type\":\"SearchAction\",\"target\":{\"@type\":\"EntryPoint\",\"urlTemplate\":\"https:\\\/\\\/aconteceunovale.com.br\\\/portal\\\/?s={search_term_string}\"},\"query-input\":{\"@type\":\"PropertyValueSpecification\",\"valueRequired\":true,\"valueName\":\"search_term_string\"}}],\"inLanguage\":\"pt-BR\"},{\"@type\":\"Person\",\"@id\":\"https:\\\/\\\/aconteceunovale.com.br\\\/portal\\\/#\\\/schema\\\/person\\\/7d2f26d1483f8a63de73da1ee0754d35\",\"name\":\"Reda\u00e7\u00e3o Aconteceu no Vale\",\"description\":\"Equipe de reportagem do Aconteceu no Vale, portal de not\u00edcias do Vale do Jequitinhonha, em Minas Gerais. Cobrimos as 51 cidades do Vale desde 2013. Sugest\u00f5es de pauta e pedidos de corre\u00e7\u00e3o: contato@aconteceunovale.com.br\",\"url\":\"https:\\\/\\\/aconteceunovale.com.br\\\/portal\\\/?author=4\"}]}<\/script>\n<!-- \/ Yoast SEO plugin. -->","yoast_head_json":{"title":"Ministro do STF suspende emendas que reajustam sal\u00e1rios para servidores da seguran\u00e7a, educa\u00e7\u00e3o e sa\u00fade em Minas - Aconteceu no Vale","robots":{"index":"index","follow":"follow","max-snippet":"max-snippet:-1","max-image-preview":"max-image-preview:large","max-video-preview":"max-video-preview:-1"},"canonical":"https:\/\/aconteceunovale.com.br\/portal\/?p=188531","og_locale":"pt_BR","og_type":"article","og_title":"Ministro do STF suspende emendas que reajustam sal\u00e1rios para servidores da seguran\u00e7a, educa\u00e7\u00e3o e sa\u00fade em Minas - Aconteceu no Vale","og_description":"O ministro Lu\u00eds Roberto Barroso, do Supremo Tribunal Federal (STF), acolheu a tese da\u00a0Advocacia-Geral do Estado de Minas Gerais (AGE-MG)\u00a0e concedeu liminar que suspende, at\u00e9 o julgamento do m\u00e9rito, os efeitos dos artigos 10 e 11 da Lei n\u00ba 24.035\/2022, que trata da recomposi\u00e7\u00e3o salarial dos servidores do Executivo de Minas Gerais. Na decis\u00e3o, Barroso [&hellip;]","og_url":"https:\/\/aconteceunovale.com.br\/portal\/?p=188531","og_site_name":"Aconteceu no Vale","article_publisher":"https:\/\/www.facebook.com\/aconteceunovale\/","article_published_time":"2022-04-22T23:34:52+00:00","article_modified_time":"2022-04-22T23:35:40+00:00","og_image":[{"width":678,"height":406,"url":"https:\/\/aconteceunovale.com.br\/portal\/wp-content\/uploads\/2020\/08\/ministro_barroso.jpg","type":"image\/jpeg"}],"author":"Reda\u00e7\u00e3o Aconteceu no Vale","twitter_card":"summary_large_image","twitter_creator":"@noticiadosvales","twitter_site":"@noticiadosvales","twitter_misc":{"Escrito por":"Reda\u00e7\u00e3o Aconteceu no Vale","Est. tempo de leitura":"2 minutos"},"schema":{"@context":"https:\/\/schema.org","@graph":[{"@type":"Article","@id":"https:\/\/aconteceunovale.com.br\/portal\/?p=188531#article","isPartOf":{"@id":"https:\/\/aconteceunovale.com.br\/portal\/?p=188531"},"author":{"name":"Reda\u00e7\u00e3o Aconteceu no Vale","@id":"https:\/\/aconteceunovale.com.br\/portal\/#\/schema\/person\/7d2f26d1483f8a63de73da1ee0754d35"},"headline":"Ministro do STF suspende emendas que reajustam sal\u00e1rios para servidores da seguran\u00e7a, educa\u00e7\u00e3o e sa\u00fade em Minas","datePublished":"2022-04-22T23:34:52+00:00","dateModified":"2022-04-22T23:35:40+00:00","mainEntityOfPage":{"@id":"https:\/\/aconteceunovale.com.br\/portal\/?p=188531"},"wordCount":388,"commentCount":0,"image":{"@id":"https:\/\/aconteceunovale.com.br\/portal\/?p=188531#primaryimage"},"thumbnailUrl":"https:\/\/aconteceunovale.com.br\/portal\/wp-content\/uploads\/2020\/08\/ministro_barroso.jpg","keywords":["ALMG","Assembleia de Minas","Assembleia derruba veto do governador a reajustes para servidores","Assembleia derruba veto do governador a reajustes para servidores da educa\u00e7\u00e3o","Assembleia Legislativa de Minas Gerais","destaque","educa\u00e7\u00e3o e sa\u00fade em Minas","Governo de Minas","Governo Zema","Ministro do STF suspende emendas que reajustam sal\u00e1rios para servidores da seguran\u00e7a","Reajuste para servidores da educa\u00e7\u00e3o","reajuste para servidores da sa\u00fade","Reajuste para servidores da seguran\u00e7a","Romeu Zema"],"articleSection":["Brasil","Minas Gerais"],"inLanguage":"pt-BR","potentialAction":[{"@type":"CommentAction","name":"Comment","target":["https:\/\/aconteceunovale.com.br\/portal\/?p=188531#respond"]}]},{"@type":"WebPage","@id":"https:\/\/aconteceunovale.com.br\/portal\/?p=188531","url":"https:\/\/aconteceunovale.com.br\/portal\/?p=188531","name":"Ministro do STF suspende emendas que reajustam sal\u00e1rios para servidores da seguran\u00e7a, educa\u00e7\u00e3o e sa\u00fade em Minas - Aconteceu no Vale","isPartOf":{"@id":"https:\/\/aconteceunovale.com.br\/portal\/#website"},"primaryImageOfPage":{"@id":"https:\/\/aconteceunovale.com.br\/portal\/?p=188531#primaryimage"},"image":{"@id":"https:\/\/aconteceunovale.com.br\/portal\/?p=188531#primaryimage"},"thumbnailUrl":"https:\/\/aconteceunovale.com.br\/portal\/wp-content\/uploads\/2020\/08\/ministro_barroso.jpg","datePublished":"2022-04-22T23:34:52+00:00","dateModified":"2022-04-22T23:35:40+00:00","author":{"@id":"https:\/\/aconteceunovale.com.br\/portal\/#\/schema\/person\/7d2f26d1483f8a63de73da1ee0754d35"},"breadcrumb":{"@id":"https:\/\/aconteceunovale.com.br\/portal\/?p=188531#breadcrumb"},"inLanguage":"pt-BR","potentialAction":[{"@type":"ReadAction","target":["https:\/\/aconteceunovale.com.br\/portal\/?p=188531"]}]},{"@type":"ImageObject","inLanguage":"pt-BR","@id":"https:\/\/aconteceunovale.com.br\/portal\/?p=188531#primaryimage","url":"https:\/\/aconteceunovale.com.br\/portal\/wp-content\/uploads\/2020\/08\/ministro_barroso.jpg","contentUrl":"https:\/\/aconteceunovale.com.br\/portal\/wp-content\/uploads\/2020\/08\/ministro_barroso.jpg","width":678,"height":406,"caption":"Entrevista coletiva do ministro Roberto Barroso por videoconfer\u00eancia. Bras\u00edlia-DF, 26\/05\/2020 Foto: Roberto Jayme\/ASCOM\/TSE"},{"@type":"BreadcrumbList","@id":"https:\/\/aconteceunovale.com.br\/portal\/?p=188531#breadcrumb","itemListElement":[{"@type":"ListItem","position":1,"name":"In\u00edcio","item":"https:\/\/aconteceunovale.com.br\/portal\/"},{"@type":"ListItem","position":2,"name":"Ministro do STF suspende emendas que reajustam sal\u00e1rios para servidores da seguran\u00e7a, educa\u00e7\u00e3o e sa\u00fade em Minas"}]},{"@type":"WebSite","@id":"https:\/\/aconteceunovale.com.br\/portal\/#website","url":"https:\/\/aconteceunovale.com.br\/portal\/","name":"Aconteceu no Vale","description":"Portal de Not\u00edcias","potentialAction":[{"@type":"SearchAction","target":{"@type":"EntryPoint","urlTemplate":"https:\/\/aconteceunovale.com.br\/portal\/?s={search_term_string}"},"query-input":{"@type":"PropertyValueSpecification","valueRequired":true,"valueName":"search_term_string"}}],"inLanguage":"pt-BR"},{"@type":"Person","@id":"https:\/\/aconteceunovale.com.br\/portal\/#\/schema\/person\/7d2f26d1483f8a63de73da1ee0754d35","name":"Reda\u00e7\u00e3o Aconteceu no Vale","description":"Equipe de reportagem do Aconteceu no Vale, portal de not\u00edcias do Vale do Jequitinhonha, em Minas Gerais. Cobrimos as 51 cidades do Vale desde 2013. Sugest\u00f5es de pauta e pedidos de corre\u00e7\u00e3o: contato@aconteceunovale.com.br","url":"https:\/\/aconteceunovale.com.br\/portal\/?author=4"}]}},"_links":{"self":[{"href":"https:\/\/aconteceunovale.com.br\/portal\/index.php?rest_route=\/wp\/v2\/posts\/188531","targetHints":{"allow":["GET"]}}],"collection":[{"href":"https:\/\/aconteceunovale.com.br\/portal\/index.php?rest_route=\/wp\/v2\/posts"}],"about":[{"href":"https:\/\/aconteceunovale.com.br\/portal\/index.php?rest_route=\/wp\/v2\/types\/post"}],"author":[{"embeddable":true,"href":"https:\/\/aconteceunovale.com.br\/portal\/index.php?rest_route=\/wp\/v2\/users\/4"}],"replies":[{"embeddable":true,"href":"https:\/\/aconteceunovale.com.br\/portal\/index.php?rest_route=%2Fwp%2Fv2%2Fcomments&post=188531"}],"version-history":[{"count":2,"href":"https:\/\/aconteceunovale.com.br\/portal\/index.php?rest_route=\/wp\/v2\/posts\/188531\/revisions"}],"predecessor-version":[{"id":188533,"href":"https:\/\/aconteceunovale.com.br\/portal\/index.php?rest_route=\/wp\/v2\/posts\/188531\/revisions\/188533"}],"wp:featuredmedia":[{"embeddable":true,"href":"https:\/\/aconteceunovale.com.br\/portal\/index.php?rest_route=\/wp\/v2\/media\/166935"}],"wp:attachment":[{"href":"https:\/\/aconteceunovale.com.br\/portal\/index.php?rest_route=%2Fwp%2Fv2%2Fmedia&parent=188531"}],"wp:term":[{"taxonomy":"category","embeddable":true,"href":"https:\/\/aconteceunovale.com.br\/portal\/index.php?rest_route=%2Fwp%2Fv2%2Fcategories&post=188531"},{"taxonomy":"post_tag","embeddable":true,"href":"https:\/\/aconteceunovale.com.br\/portal\/index.php?rest_route=%2Fwp%2Fv2%2Ftags&post=188531"}],"curies":[{"name":"wp","href":"https:\/\/api.w.org\/{rel}","templated":true}]}}