{"id":188527,"date":"2022-04-22T20:27:19","date_gmt":"2022-04-22T23:27:19","guid":{"rendered":"https:\/\/aconteceunovale.com.br\/portal\/?p=188527"},"modified":"2022-04-22T20:27:45","modified_gmt":"2022-04-22T23:27:45","slug":"vencimento-da-2a-parcela-do-ipva-comeca-na-proxima-segunda","status":"publish","type":"post","link":"https:\/\/aconteceunovale.com.br\/portal\/?p=188527","title":{"rendered":"Vencimento da 2\u00aa parcela do IPVA come\u00e7a na pr\u00f3xima segunda"},"content":{"rendered":"\n<p class=\"wp-block-paragraph\">Come\u00e7a na pr\u00f3xima segunda-feira (25\/4) o vencimento da segunda parcela do Imposto sobre a Propriedade de Ve\u00edculos Automotores (IPVA) 2022 em Minas Gerais, para os finais de placa 1 e 2. A escala segue at\u00e9 o dia 29, se encerrando com os finais de placa 9 e 0. O pagamento poder\u00e1 ser feito diretamente nos agentes arrecadadores (bancos credenciados e casas lot\u00e9ricas), bastando utilizar o n\u00famero do Renavam.<\/p>\n\n\n\n<div class=\"wp-block-image\"><figure class=\"aligncenter size-full\"><img loading=\"lazy\" decoding=\"async\" width=\"612\" height=\"450\" src=\"https:\/\/aconteceunovale.com.br\/portal\/wp-content\/uploads\/2022\/04\/tabela_ipva_mg.jpeg\" alt=\"\" class=\"wp-image-188528\" srcset=\"https:\/\/aconteceunovale.com.br\/portal\/wp-content\/uploads\/2022\/04\/tabela_ipva_mg.jpeg 612w, https:\/\/aconteceunovale.com.br\/portal\/wp-content\/uploads\/2022\/04\/tabela_ipva_mg-300x221.jpeg 300w, https:\/\/aconteceunovale.com.br\/portal\/wp-content\/uploads\/2022\/04\/tabela_ipva_mg-80x60.jpeg 80w, https:\/\/aconteceunovale.com.br\/portal\/wp-content\/uploads\/2022\/04\/tabela_ipva_mg-571x420.jpeg 571w\" sizes=\"auto, (max-width: 612px) 100vw, 612px\" \/><\/figure><\/div>\n\n\n\n<h2 class=\"wp-block-heading\"><strong>Balan\u00e7o<\/strong><\/h2>\n\n\n\n<p class=\"wp-block-paragraph\">O balan\u00e7o parcial aponta uma arrecada\u00e7\u00e3o de R$ 3,9 bilh\u00f5es com o IPVA at\u00e9 o \u00faltimo dia 20, o equivalente a 55% do total de R$ 7,1 previstos. Neste ano, houve aumento do n\u00famero de ve\u00edculos com o imposto quitado em cota \u00fanica, chegando a 4,1 milh\u00f5es de autom\u00f3veis, o que representa 39% da frota tribut\u00e1vel de 10,6 milh\u00f5es.<\/p>\n\n\n\n<p class=\"wp-block-paragraph\">&#8220;Historicamente, cerca de 30% dos ve\u00edculos t\u00eam seu IPVA quitado em cota \u00fanica. Acreditamos que o prazo estendido pelo\u00a0Governo de Minas\u00a0do vencimento contribuiu para que mais propriet\u00e1rios se programassem para pagar o imposto em cota \u00fanica, aproveitando o desconto de 3%&#8221;, analisou o superintendente de Arrecada\u00e7\u00e3o e Informa\u00e7\u00f5es Fiscais da\u00a0Secretaria de Estado de Fazenda (SEF), Le\u00f4nidas Marques.<\/p>\n\n\n\n<p class=\"wp-block-paragraph\">Em 2022, a escala de vencimento do IPVA se iniciou em mar\u00e7o, diferentemente dos anos anteriores, quando come\u00e7ou em janeiro. Tamb\u00e9m neste ano, pela primeira vez na hist\u00f3ria de Minas Gerais, a base de c\u00e1lculo do IPVA n\u00e3o sofreu reajuste em rela\u00e7\u00e3o a 2021.<\/p>\n\n\n\n<h2 class=\"wp-block-heading\"><strong>Pagamento<\/strong><\/h2>\n\n\n\n<p class=\"wp-block-paragraph\">O&nbsp;pagamento do IPVA pode ser feito nos agentes arrecadadores autorizados (Bradesco, Sicoob, Mercantil do Brasil, Caixa Econ\u00f4mica Federal, casas lot\u00e9ricas, Mais BB, Banco Postal Brasileiro, Ita\u00fa e Santander), informando o Renavam nos guich\u00eas, terminais de autoatendimento ou internet\/aplicativos.<\/p>\n\n\n\n<p class=\"wp-block-paragraph\">Le\u00f4nidas Marques lembra que o contribuinte tamb\u00e9m pode emitir a guia de arrecada\u00e7\u00e3o no site da SEF\/MG. Ele alerta ainda que a Secretaria de Fazenda n\u00e3o envia boletos do IPVA por correspond\u00eancia nem por e-mail ou links por aplicativos de mensagem. Caso receba alguma comunica\u00e7\u00e3o desse tipo, o contribuinte deve descartar.<\/p>\n\n\n\n<p class=\"wp-block-paragraph\">O n\u00e3o pagamento do imposto ou a quita\u00e7\u00e3o fora do prazo gera multa de 0,3% ao dia at\u00e9 30\u00ba dia, multa de 20% ap\u00f3s o 30\u00ba dia, al\u00e9m de juros calculados pela Taxa Referencial do Sistema Especial de Liquida\u00e7\u00e3o e de Cust\u00f3dia (Selic).<\/p>\n\n\n\n<p class=\"wp-block-paragraph\">&#8212;&#8212;&#8212;&#8212;&#8212;&#8212;<br><br><strong>Sabia que o Aconteceu no Vale est\u00e1 tamb\u00e9m no Telegram? <a rel=\"noreferrer noopener\" href=\"https:\/\/t.me\/aconteceunovaleoficial\" target=\"_blank\">Inscreva-se no canal<\/a>.<\/strong><br><br><strong>J\u00e1 curtiu ou seguiu nossas p\u00e1ginas nas redes sociais?\u00a0Receba as not\u00edcias em primeira m\u00e3o:<\/strong><br>\u2022 <a rel=\"noreferrer noopener\" href=\"https:\/\/news.google.com\/publications\/CAAqBwgKMNjklQswi4etAw?hl=pt-BR&amp;gl=BR&amp;ceid=BR%3Apt-419\" target=\"_blank\">Google News<\/a><br>\u2022 <a rel=\"noreferrer noopener\" href=\"https:\/\/www.facebook.com\/aconteceunovale\/\" target=\"_blank\">Facebook<\/a><br>\u2022 <a rel=\"noreferrer noopener\" href=\"https:\/\/twitter.com\/noticiadosvales\" target=\"_blank\">Twitter<\/a><br>\u2022 <a rel=\"noreferrer noopener\" href=\"https:\/\/www.instagram.com\/aconteceunovale\" target=\"_blank\">Instagram<\/a><br>\u2022 <a rel=\"noreferrer noopener\" href=\"https:\/\/www.youtube.com\/AconteceunoValeOficial\" target=\"_blank\">Youtube<\/a><br>\u2022 <a rel=\"noreferrer noopener\" href=\"https:\/\/www.tiktok.com\/@aconteceunovale\" target=\"_blank\">TikTok<\/a><\/p>\n","protected":false},"excerpt":{"rendered":"<p>Come\u00e7a na pr\u00f3xima segunda-feira (25\/4) o vencimento da segunda parcela do Imposto sobre a Propriedade de Ve\u00edculos Automotores (IPVA) 2022 em Minas Gerais, para os finais de placa 1 e 2. A escala segue at\u00e9 o dia 29, se encerrando com os finais de placa 9 e 0. O pagamento poder\u00e1 ser feito diretamente nos [&hellip;]<\/p>\n","protected":false},"author":4,"featured_media":188529,"comment_status":"open","ping_status":"closed","sticky":false,"template":"","format":"standard","meta":{"amp_status":"","footnotes":""},"categories":[123],"tags":[3677,752,255956,131434,1600,255957,18473,255960,255959,255958,282,255965,210134,235192,234312,239081,251992,255963,255966,239080,67287,255964,234342,209323,1018,256858,256857,78450,1595,6546,164784,258873,255961,256698,259740,67930,204,205,131,55486,31132,106397,255962,1508],"class_list":["post-188527","post","type-post","status-publish","format-standard","has-post-thumbnail","hentry","category-gerais","tag-alem-paraiba","tag-almg","tag-almg-aprova-projeto-que-congela-aumento-do-ipva","tag-assembleia-de-minas","tag-astolfo-dutra","tag-aumento-do-ipva-em-minas-gerais","tag-bom-sucesso","tag-calculo-do-ipva-em-minas-gerais","tag-congelamento-da-tabela-do-ipva-em-minas-gerais","tag-congelamento-do-ipva-em-minas-gerais","tag-conselheiro-pena","tag-deputada-ana-paula-siqueira","tag-deputada-beatriz-cerqueira","tag-deputado-agostinho-patrus","tag-deputado-andre-quintao","tag-deputado-barto","tag-deputado-bruno-engler","tag-deputado-cassio-soares","tag-deputado-dalmo-ribeiro","tag-deputado-guilherme-da-cunha","tag-deputado-roberto-andrade","tag-deputado-ulysses-gomes","tag-deputado-ze-guilherme","tag-deputado-ze-reis","tag-destaque","tag-escala-do-ipva-2022-em-minas-gerais","tag-escala-do-ipva-2022-em-minas-gerais-comeca-em-21-de-marco","tag-estrela-dalva","tag-fervedouro","tag-governo-de-minas","tag-ibitiura","tag-ipva-2022-e-lancado-oficialmente-pelo-estado","tag-ipva-2022-em-minas-gerais","tag-ipva-2022-em-minas-gerais-nao-tera-reajuste-e-escala-de-pagamento-comecara-em-marco","tag-ipva-deve-ser-quitado-a-partir-do-dia-21-deste-mes","tag-ipva-em-minas-gerais","tag-janauba","tag-januaria","tag-minas-gerais","tag-minduri","tag-piranguinho","tag-sao-sebastiao-do-rio-verde","tag-tabela-do-ipva-2022-em-minas-gerais","tag-tres-pontas"],"yoast_head":"<!-- This site is optimized with the Yoast SEO plugin v28.3 - https:\/\/yoast.com\/product\/yoast-seo-wordpress\/ -->\n<title>Vencimento da 2\u00aa parcela do IPVA come\u00e7a na pr\u00f3xima segunda - Aconteceu no Vale<\/title>\n<meta name=\"robots\" content=\"index, follow, max-snippet:-1, max-image-preview:large, max-video-preview:-1\" \/>\n<link rel=\"canonical\" href=\"https:\/\/aconteceunovale.com.br\/portal\/?p=188527\" \/>\n<meta property=\"og:locale\" content=\"pt_BR\" \/>\n<meta property=\"og:type\" content=\"article\" \/>\n<meta property=\"og:title\" content=\"Vencimento da 2\u00aa parcela do IPVA come\u00e7a na pr\u00f3xima segunda - Aconteceu no Vale\" \/>\n<meta property=\"og:description\" content=\"Come\u00e7a na pr\u00f3xima segunda-feira (25\/4) o vencimento da segunda parcela do Imposto sobre a Propriedade de Ve\u00edculos Automotores (IPVA) 2022 em Minas Gerais, para os finais de placa 1 e 2. A escala segue at\u00e9 o dia 29, se encerrando com os finais de placa 9 e 0. O pagamento poder\u00e1 ser feito diretamente nos [&hellip;]\" \/>\n<meta property=\"og:url\" content=\"https:\/\/aconteceunovale.com.br\/portal\/?p=188527\" \/>\n<meta property=\"og:site_name\" content=\"Aconteceu no Vale\" \/>\n<meta property=\"article:publisher\" content=\"https:\/\/www.facebook.com\/aconteceunovale\/\" \/>\n<meta property=\"article:published_time\" content=\"2022-04-22T23:27:19+00:00\" \/>\n<meta property=\"article:modified_time\" content=\"2022-04-22T23:27:45+00:00\" \/>\n<meta property=\"og:image\" content=\"https:\/\/aconteceunovale.com.br\/portal\/wp-content\/uploads\/2022\/04\/tabela_ipva_mg2.png\" \/>\n\t<meta property=\"og:image:width\" content=\"678\" \/>\n\t<meta property=\"og:image:height\" content=\"360\" \/>\n\t<meta property=\"og:image:type\" content=\"image\/png\" \/>\n<meta name=\"author\" content=\"Reda\u00e7\u00e3o Aconteceu no Vale\" \/>\n<meta name=\"twitter:card\" content=\"summary_large_image\" \/>\n<meta name=\"twitter:creator\" content=\"@noticiadosvales\" \/>\n<meta name=\"twitter:site\" content=\"@noticiadosvales\" \/>\n<meta name=\"twitter:label1\" content=\"Escrito por\" \/>\n\t<meta name=\"twitter:data1\" content=\"Reda\u00e7\u00e3o Aconteceu no Vale\" \/>\n\t<meta name=\"twitter:label2\" content=\"Est. tempo de leitura\" \/>\n\t<meta name=\"twitter:data2\" content=\"2 minutos\" \/>\n<script type=\"application\/ld+json\" class=\"yoast-schema-graph\">{\"@context\":\"https:\\\/\\\/schema.org\",\"@graph\":[{\"@type\":\"Article\",\"@id\":\"https:\\\/\\\/aconteceunovale.com.br\\\/portal\\\/?p=188527#article\",\"isPartOf\":{\"@id\":\"https:\\\/\\\/aconteceunovale.com.br\\\/portal\\\/?p=188527\"},\"author\":{\"name\":\"Reda\u00e7\u00e3o Aconteceu no Vale\",\"@id\":\"https:\\\/\\\/aconteceunovale.com.br\\\/portal\\\/#\\\/schema\\\/person\\\/7d2f26d1483f8a63de73da1ee0754d35\"},\"headline\":\"Vencimento da 2\u00aa parcela do IPVA come\u00e7a na pr\u00f3xima segunda\",\"datePublished\":\"2022-04-22T23:27:19+00:00\",\"dateModified\":\"2022-04-22T23:27:45+00:00\",\"mainEntityOfPage\":{\"@id\":\"https:\\\/\\\/aconteceunovale.com.br\\\/portal\\\/?p=188527\"},\"wordCount\":441,\"commentCount\":0,\"image\":{\"@id\":\"https:\\\/\\\/aconteceunovale.com.br\\\/portal\\\/?p=188527#primaryimage\"},\"thumbnailUrl\":\"https:\\\/\\\/aconteceunovale.com.br\\\/portal\\\/wp-content\\\/uploads\\\/2022\\\/04\\\/tabela_ipva_mg2.png\",\"keywords\":[\"Al\u00e9m Para\u00edba\",\"ALMG\",\"ALMG aprova projeto que congela aumento do IPVA\",\"Assembleia de Minas\",\"Astolfo Dutra\",\"Aumento do IPVA em Minas Gerais\",\"Bom Sucesso\",\"C\u00e1lculo do IPVA em Minas Gerais\",\"Congelamento da tabela do IPVA em Minas Gerais\",\"Congelamento do IPVA em Minas Gerais\",\"Conselheiro Pena\",\"Deputada Ana Paula Siqueira\",\"Deputada Beatriz Cerqueira\",\"Deputado Agostinho Patrus\",\"Deputado Andr\u00e9 Quint\u00e3o\",\"Deputado Bart\u00f4\",\"Deputado Bruno Engler\",\"Deputado C\u00e1ssio Soares\",\"Deputado Dalmo Ribeiro\",\"Deputado Guilherme da Cunha\",\"Deputado Roberto Andrade\",\"Deputado Ulysses Gomes\",\"Deputado Z\u00e9 Guilherme\",\"Deputado Z\u00e9 Reis\",\"destaque\",\"Escala do IPVA 2022 em Minas Gerais\",\"Escala do IPVA 2022 em Minas Gerais come\u00e7a em 21 de mar\u00e7o\",\"Estrela Dalva\",\"Fervedouro\",\"Governo de Minas\",\"Ibiti\u00fara\",\"IPVA 2022 \u00e9 lan\u00e7ado oficialmente pelo Estado\",\"IPVA 2022 em Minas Gerais\",\"IPVA 2022 em Minas Gerais n\u00e3o ter\u00e1 reajuste e escala de pagamento come\u00e7ar\u00e1 em mar\u00e7o\",\"IPVA deve ser quitado a partir do dia 21 deste m\u00eas\",\"IPVA em minas gerais\",\"Jana\u00faba\",\"Janu\u00e1ria\",\"Minas Gerais\",\"Minduri\",\"Piranguinho\",\"S\u00e3o Sebasti\u00e3o do Rio Verde\",\"Tabela do IPVA 2022 em Minas Gerais\",\"Tr\u00eas Pontas\"],\"articleSection\":[\"Minas Gerais\"],\"inLanguage\":\"pt-BR\",\"potentialAction\":[{\"@type\":\"CommentAction\",\"name\":\"Comment\",\"target\":[\"https:\\\/\\\/aconteceunovale.com.br\\\/portal\\\/?p=188527#respond\"]}]},{\"@type\":\"WebPage\",\"@id\":\"https:\\\/\\\/aconteceunovale.com.br\\\/portal\\\/?p=188527\",\"url\":\"https:\\\/\\\/aconteceunovale.com.br\\\/portal\\\/?p=188527\",\"name\":\"Vencimento da 2\u00aa parcela do IPVA come\u00e7a na pr\u00f3xima segunda - Aconteceu no Vale\",\"isPartOf\":{\"@id\":\"https:\\\/\\\/aconteceunovale.com.br\\\/portal\\\/#website\"},\"primaryImageOfPage\":{\"@id\":\"https:\\\/\\\/aconteceunovale.com.br\\\/portal\\\/?p=188527#primaryimage\"},\"image\":{\"@id\":\"https:\\\/\\\/aconteceunovale.com.br\\\/portal\\\/?p=188527#primaryimage\"},\"thumbnailUrl\":\"https:\\\/\\\/aconteceunovale.com.br\\\/portal\\\/wp-content\\\/uploads\\\/2022\\\/04\\\/tabela_ipva_mg2.png\",\"datePublished\":\"2022-04-22T23:27:19+00:00\",\"dateModified\":\"2022-04-22T23:27:45+00:00\",\"author\":{\"@id\":\"https:\\\/\\\/aconteceunovale.com.br\\\/portal\\\/#\\\/schema\\\/person\\\/7d2f26d1483f8a63de73da1ee0754d35\"},\"breadcrumb\":{\"@id\":\"https:\\\/\\\/aconteceunovale.com.br\\\/portal\\\/?p=188527#breadcrumb\"},\"inLanguage\":\"pt-BR\",\"potentialAction\":[{\"@type\":\"ReadAction\",\"target\":[\"https:\\\/\\\/aconteceunovale.com.br\\\/portal\\\/?p=188527\"]}]},{\"@type\":\"ImageObject\",\"inLanguage\":\"pt-BR\",\"@id\":\"https:\\\/\\\/aconteceunovale.com.br\\\/portal\\\/?p=188527#primaryimage\",\"url\":\"https:\\\/\\\/aconteceunovale.com.br\\\/portal\\\/wp-content\\\/uploads\\\/2022\\\/04\\\/tabela_ipva_mg2.png\",\"contentUrl\":\"https:\\\/\\\/aconteceunovale.com.br\\\/portal\\\/wp-content\\\/uploads\\\/2022\\\/04\\\/tabela_ipva_mg2.png\",\"width\":678,\"height\":360},{\"@type\":\"BreadcrumbList\",\"@id\":\"https:\\\/\\\/aconteceunovale.com.br\\\/portal\\\/?p=188527#breadcrumb\",\"itemListElement\":[{\"@type\":\"ListItem\",\"position\":1,\"name\":\"In\u00edcio\",\"item\":\"https:\\\/\\\/aconteceunovale.com.br\\\/portal\\\/\"},{\"@type\":\"ListItem\",\"position\":2,\"name\":\"Vencimento da 2\u00aa parcela do IPVA come\u00e7a na pr\u00f3xima segunda\"}]},{\"@type\":\"WebSite\",\"@id\":\"https:\\\/\\\/aconteceunovale.com.br\\\/portal\\\/#website\",\"url\":\"https:\\\/\\\/aconteceunovale.com.br\\\/portal\\\/\",\"name\":\"Aconteceu no Vale\",\"description\":\"Portal de Not\u00edcias\",\"potentialAction\":[{\"@type\":\"SearchAction\",\"target\":{\"@type\":\"EntryPoint\",\"urlTemplate\":\"https:\\\/\\\/aconteceunovale.com.br\\\/portal\\\/?s={search_term_string}\"},\"query-input\":{\"@type\":\"PropertyValueSpecification\",\"valueRequired\":true,\"valueName\":\"search_term_string\"}}],\"inLanguage\":\"pt-BR\"},{\"@type\":\"Person\",\"@id\":\"https:\\\/\\\/aconteceunovale.com.br\\\/portal\\\/#\\\/schema\\\/person\\\/7d2f26d1483f8a63de73da1ee0754d35\",\"name\":\"Reda\u00e7\u00e3o Aconteceu no Vale\",\"description\":\"Equipe de reportagem do Aconteceu no Vale, portal de not\u00edcias do Vale do Jequitinhonha, em Minas Gerais. Cobrimos as 51 cidades do Vale desde 2013. Sugest\u00f5es de pauta e pedidos de corre\u00e7\u00e3o: contato@aconteceunovale.com.br\",\"url\":\"https:\\\/\\\/aconteceunovale.com.br\\\/portal\\\/?author=4\"}]}<\/script>\n<!-- \/ Yoast SEO plugin. -->","yoast_head_json":{"title":"Vencimento da 2\u00aa parcela do IPVA come\u00e7a na pr\u00f3xima segunda - Aconteceu no Vale","robots":{"index":"index","follow":"follow","max-snippet":"max-snippet:-1","max-image-preview":"max-image-preview:large","max-video-preview":"max-video-preview:-1"},"canonical":"https:\/\/aconteceunovale.com.br\/portal\/?p=188527","og_locale":"pt_BR","og_type":"article","og_title":"Vencimento da 2\u00aa parcela do IPVA come\u00e7a na pr\u00f3xima segunda - Aconteceu no Vale","og_description":"Come\u00e7a na pr\u00f3xima segunda-feira (25\/4) o vencimento da segunda parcela do Imposto sobre a Propriedade de Ve\u00edculos Automotores (IPVA) 2022 em Minas Gerais, para os finais de placa 1 e 2. A escala segue at\u00e9 o dia 29, se encerrando com os finais de placa 9 e 0. O pagamento poder\u00e1 ser feito diretamente nos [&hellip;]","og_url":"https:\/\/aconteceunovale.com.br\/portal\/?p=188527","og_site_name":"Aconteceu no Vale","article_publisher":"https:\/\/www.facebook.com\/aconteceunovale\/","article_published_time":"2022-04-22T23:27:19+00:00","article_modified_time":"2022-04-22T23:27:45+00:00","og_image":[{"width":678,"height":360,"url":"https:\/\/aconteceunovale.com.br\/portal\/wp-content\/uploads\/2022\/04\/tabela_ipva_mg2.png","type":"image\/png"}],"author":"Reda\u00e7\u00e3o Aconteceu no Vale","twitter_card":"summary_large_image","twitter_creator":"@noticiadosvales","twitter_site":"@noticiadosvales","twitter_misc":{"Escrito por":"Reda\u00e7\u00e3o Aconteceu no Vale","Est. tempo de leitura":"2 minutos"},"schema":{"@context":"https:\/\/schema.org","@graph":[{"@type":"Article","@id":"https:\/\/aconteceunovale.com.br\/portal\/?p=188527#article","isPartOf":{"@id":"https:\/\/aconteceunovale.com.br\/portal\/?p=188527"},"author":{"name":"Reda\u00e7\u00e3o Aconteceu no Vale","@id":"https:\/\/aconteceunovale.com.br\/portal\/#\/schema\/person\/7d2f26d1483f8a63de73da1ee0754d35"},"headline":"Vencimento da 2\u00aa parcela do IPVA come\u00e7a na pr\u00f3xima segunda","datePublished":"2022-04-22T23:27:19+00:00","dateModified":"2022-04-22T23:27:45+00:00","mainEntityOfPage":{"@id":"https:\/\/aconteceunovale.com.br\/portal\/?p=188527"},"wordCount":441,"commentCount":0,"image":{"@id":"https:\/\/aconteceunovale.com.br\/portal\/?p=188527#primaryimage"},"thumbnailUrl":"https:\/\/aconteceunovale.com.br\/portal\/wp-content\/uploads\/2022\/04\/tabela_ipva_mg2.png","keywords":["Al\u00e9m Para\u00edba","ALMG","ALMG aprova projeto que congela aumento do IPVA","Assembleia de Minas","Astolfo Dutra","Aumento do IPVA em Minas Gerais","Bom Sucesso","C\u00e1lculo do IPVA em Minas Gerais","Congelamento da tabela do IPVA em Minas Gerais","Congelamento do IPVA em Minas Gerais","Conselheiro Pena","Deputada Ana Paula Siqueira","Deputada Beatriz Cerqueira","Deputado Agostinho Patrus","Deputado Andr\u00e9 Quint\u00e3o","Deputado Bart\u00f4","Deputado Bruno Engler","Deputado C\u00e1ssio Soares","Deputado Dalmo Ribeiro","Deputado Guilherme da Cunha","Deputado Roberto Andrade","Deputado Ulysses Gomes","Deputado Z\u00e9 Guilherme","Deputado Z\u00e9 Reis","destaque","Escala do IPVA 2022 em Minas Gerais","Escala do IPVA 2022 em Minas Gerais come\u00e7a em 21 de mar\u00e7o","Estrela Dalva","Fervedouro","Governo de Minas","Ibiti\u00fara","IPVA 2022 \u00e9 lan\u00e7ado oficialmente pelo Estado","IPVA 2022 em Minas Gerais","IPVA 2022 em Minas Gerais n\u00e3o ter\u00e1 reajuste e escala de pagamento come\u00e7ar\u00e1 em mar\u00e7o","IPVA deve ser quitado a partir do dia 21 deste m\u00eas","IPVA em minas gerais","Jana\u00faba","Janu\u00e1ria","Minas Gerais","Minduri","Piranguinho","S\u00e3o Sebasti\u00e3o do Rio Verde","Tabela do IPVA 2022 em Minas Gerais","Tr\u00eas Pontas"],"articleSection":["Minas Gerais"],"inLanguage":"pt-BR","potentialAction":[{"@type":"CommentAction","name":"Comment","target":["https:\/\/aconteceunovale.com.br\/portal\/?p=188527#respond"]}]},{"@type":"WebPage","@id":"https:\/\/aconteceunovale.com.br\/portal\/?p=188527","url":"https:\/\/aconteceunovale.com.br\/portal\/?p=188527","name":"Vencimento da 2\u00aa parcela do IPVA come\u00e7a na pr\u00f3xima segunda - Aconteceu no Vale","isPartOf":{"@id":"https:\/\/aconteceunovale.com.br\/portal\/#website"},"primaryImageOfPage":{"@id":"https:\/\/aconteceunovale.com.br\/portal\/?p=188527#primaryimage"},"image":{"@id":"https:\/\/aconteceunovale.com.br\/portal\/?p=188527#primaryimage"},"thumbnailUrl":"https:\/\/aconteceunovale.com.br\/portal\/wp-content\/uploads\/2022\/04\/tabela_ipva_mg2.png","datePublished":"2022-04-22T23:27:19+00:00","dateModified":"2022-04-22T23:27:45+00:00","author":{"@id":"https:\/\/aconteceunovale.com.br\/portal\/#\/schema\/person\/7d2f26d1483f8a63de73da1ee0754d35"},"breadcrumb":{"@id":"https:\/\/aconteceunovale.com.br\/portal\/?p=188527#breadcrumb"},"inLanguage":"pt-BR","potentialAction":[{"@type":"ReadAction","target":["https:\/\/aconteceunovale.com.br\/portal\/?p=188527"]}]},{"@type":"ImageObject","inLanguage":"pt-BR","@id":"https:\/\/aconteceunovale.com.br\/portal\/?p=188527#primaryimage","url":"https:\/\/aconteceunovale.com.br\/portal\/wp-content\/uploads\/2022\/04\/tabela_ipva_mg2.png","contentUrl":"https:\/\/aconteceunovale.com.br\/portal\/wp-content\/uploads\/2022\/04\/tabela_ipva_mg2.png","width":678,"height":360},{"@type":"BreadcrumbList","@id":"https:\/\/aconteceunovale.com.br\/portal\/?p=188527#breadcrumb","itemListElement":[{"@type":"ListItem","position":1,"name":"In\u00edcio","item":"https:\/\/aconteceunovale.com.br\/portal\/"},{"@type":"ListItem","position":2,"name":"Vencimento da 2\u00aa parcela do IPVA come\u00e7a na pr\u00f3xima segunda"}]},{"@type":"WebSite","@id":"https:\/\/aconteceunovale.com.br\/portal\/#website","url":"https:\/\/aconteceunovale.com.br\/portal\/","name":"Aconteceu no Vale","description":"Portal de Not\u00edcias","potentialAction":[{"@type":"SearchAction","target":{"@type":"EntryPoint","urlTemplate":"https:\/\/aconteceunovale.com.br\/portal\/?s={search_term_string}"},"query-input":{"@type":"PropertyValueSpecification","valueRequired":true,"valueName":"search_term_string"}}],"inLanguage":"pt-BR"},{"@type":"Person","@id":"https:\/\/aconteceunovale.com.br\/portal\/#\/schema\/person\/7d2f26d1483f8a63de73da1ee0754d35","name":"Reda\u00e7\u00e3o Aconteceu no Vale","description":"Equipe de reportagem do Aconteceu no Vale, portal de not\u00edcias do Vale do Jequitinhonha, em Minas Gerais. Cobrimos as 51 cidades do Vale desde 2013. Sugest\u00f5es de pauta e pedidos de corre\u00e7\u00e3o: contato@aconteceunovale.com.br","url":"https:\/\/aconteceunovale.com.br\/portal\/?author=4"}]}},"_links":{"self":[{"href":"https:\/\/aconteceunovale.com.br\/portal\/index.php?rest_route=\/wp\/v2\/posts\/188527","targetHints":{"allow":["GET"]}}],"collection":[{"href":"https:\/\/aconteceunovale.com.br\/portal\/index.php?rest_route=\/wp\/v2\/posts"}],"about":[{"href":"https:\/\/aconteceunovale.com.br\/portal\/index.php?rest_route=\/wp\/v2\/types\/post"}],"author":[{"embeddable":true,"href":"https:\/\/aconteceunovale.com.br\/portal\/index.php?rest_route=\/wp\/v2\/users\/4"}],"replies":[{"embeddable":true,"href":"https:\/\/aconteceunovale.com.br\/portal\/index.php?rest_route=%2Fwp%2Fv2%2Fcomments&post=188527"}],"version-history":[{"count":1,"href":"https:\/\/aconteceunovale.com.br\/portal\/index.php?rest_route=\/wp\/v2\/posts\/188527\/revisions"}],"predecessor-version":[{"id":188530,"href":"https:\/\/aconteceunovale.com.br\/portal\/index.php?rest_route=\/wp\/v2\/posts\/188527\/revisions\/188530"}],"wp:featuredmedia":[{"embeddable":true,"href":"https:\/\/aconteceunovale.com.br\/portal\/index.php?rest_route=\/wp\/v2\/media\/188529"}],"wp:attachment":[{"href":"https:\/\/aconteceunovale.com.br\/portal\/index.php?rest_route=%2Fwp%2Fv2%2Fmedia&parent=188527"}],"wp:term":[{"taxonomy":"category","embeddable":true,"href":"https:\/\/aconteceunovale.com.br\/portal\/index.php?rest_route=%2Fwp%2Fv2%2Fcategories&post=188527"},{"taxonomy":"post_tag","embeddable":true,"href":"https:\/\/aconteceunovale.com.br\/portal\/index.php?rest_route=%2Fwp%2Fv2%2Ftags&post=188527"}],"curies":[{"name":"wp","href":"https:\/\/api.w.org\/{rel}","templated":true}]}}