{"id":188405,"date":"2022-04-13T19:13:38","date_gmt":"2022-04-13T22:13:38","guid":{"rendered":"https:\/\/aconteceunovale.com.br\/portal\/?p=188405"},"modified":"2022-04-13T19:14:32","modified_gmt":"2022-04-13T22:14:32","slug":"pt-confirma-indicacao-de-geraldo-alckmin-para-vice-de-lula","status":"publish","type":"post","link":"https:\/\/aconteceunovale.com.br\/portal\/?p=188405","title":{"rendered":"PT confirma indica\u00e7\u00e3o de Geraldo Alckmin para vice de Lula"},"content":{"rendered":"\n<p class=\"wp-block-paragraph\">O Diret\u00f3rio Nacional do PT aprovou hoje (13\/4\/2022) a indica\u00e7\u00e3o do ex-governador de S\u00e3o Paulo Geraldo Alckmin (PSB) para a vaga de vice na chapa com o ex-presidente Luiz In\u00e1cio Lula da Silva.\u00a0A alian\u00e7a para disputa da elei\u00e7\u00e3o presidencial de outubro\u00a0foi anunciada na semana passada, mas precisava ser analisada formalmente pelo diret\u00f3rio do partido.<\/p>\n\n\n\n<figure class=\"wp-block-gallery has-nested-images columns-default is-cropped wp-block-gallery-1 is-layout-flex wp-block-gallery-is-layout-flex\">\n<figure class=\"wp-block-image size-large\"><img loading=\"lazy\" decoding=\"async\" width=\"678\" height=\"406\" data-id=\"188406\" src=\"https:\/\/aconteceunovale.com.br\/portal\/wp-content\/uploads\/2022\/04\/alckmin.jpg\" alt=\"\" class=\"wp-image-188406\" srcset=\"https:\/\/aconteceunovale.com.br\/portal\/wp-content\/uploads\/2022\/04\/alckmin.jpg 678w, https:\/\/aconteceunovale.com.br\/portal\/wp-content\/uploads\/2022\/04\/alckmin-300x180.jpg 300w\" sizes=\"auto, (max-width: 678px) 100vw, 678px\" \/><figcaption><em><sub>Geraldo Alckmin &#8211; Foto: Wilson Dias\/Ag\u00eancia Brasil<\/sub><\/em><\/figcaption><\/figure>\n<\/figure>\n\n\n\n<p class=\"wp-block-paragraph\">Apesar da aprova\u00e7\u00e3o, os partidos devem oficializar a&nbsp;pr\u00e9-candidatura da chapa somente em maio.<\/p>\n\n\n\n<p class=\"wp-block-paragraph\">Na mesma reuni\u00e3o, o PT tamb\u00e9m aprovou a federa\u00e7\u00e3o com o PCdoB e o PV. A decis\u00e3o foi tomada no m\u00eas passado pelas legendas, mas tamb\u00e9m precisava da decis\u00e3o formal do Diret\u00f3rio Nacional.<\/p>\n\n\n\n<p class=\"wp-block-paragraph\">A lei que criou as federa\u00e7\u00f5es partid\u00e1rias foi aprovada em agosto\u00a0do ano passado no Congresso. Com a norma, os partidos que se unirem em uma federa\u00e7\u00e3o, antes das elei\u00e7\u00f5es, devem permanecer juntos por no m\u00ednimo quatro anos, per\u00edodo dos mandatos, tendo estatuto conjunto e comportamento coerente de sua bancada.<\/p>\n\n\n\n<p class=\"wp-block-paragraph\">Em geral, a medida \u00e9 utilizada por pequenos partidos que buscam fugir das cl\u00e1usulas de barreira e usam o modelo de federa\u00e7\u00e3o antes de eventual fus\u00e3o ou incorpora\u00e7\u00e3o definitiva.<\/p>\n\n\n\n<p class=\"wp-block-paragraph\">Em 2006, Lula e Alckmin disputaram o segundo turno da elei\u00e7\u00e3o presidencial e o ex-presidente foi reeleito para um segundo mandato.<\/p>\n\n\n\n<p class=\"wp-block-paragraph\">&#8212;&#8212;&#8212;&#8212;&#8212;&#8212;<br><br><strong>Sabia que o Aconteceu no Vale est\u00e1 tamb\u00e9m no Telegram? <a rel=\"noreferrer noopener\" href=\"https:\/\/t.me\/aconteceunovaleoficial\" target=\"_blank\">Inscreva-se no canal<\/a>.<\/strong><br><br><strong>J\u00e1 curtiu ou seguiu nossas p\u00e1ginas nas redes sociais?\u00a0Receba as not\u00edcias em primeira m\u00e3o:<\/strong><br>\u2022 <a rel=\"noreferrer noopener\" href=\"https:\/\/news.google.com\/publications\/CAAqBwgKMNjklQswi4etAw?hl=pt-BR&amp;gl=BR&amp;ceid=BR%3Apt-419\" target=\"_blank\">Google News<\/a><br>\u2022 <a rel=\"noreferrer noopener\" href=\"https:\/\/www.facebook.com\/aconteceunovale\/\" target=\"_blank\">Facebook<\/a><br>\u2022 <a rel=\"noreferrer noopener\" href=\"https:\/\/twitter.com\/noticiadosvales\" target=\"_blank\">Twitter<\/a><br>\u2022 <a rel=\"noreferrer noopener\" href=\"https:\/\/www.instagram.com\/aconteceunovale\" target=\"_blank\">Instagram<\/a><br>\u2022 <a rel=\"noreferrer noopener\" href=\"https:\/\/www.youtube.com\/AconteceunoValeOficial\" target=\"_blank\">Youtube<\/a><br>\u2022 <a rel=\"noreferrer noopener\" href=\"https:\/\/www.tiktok.com\/@aconteceunovale\" target=\"_blank\">TikTok<\/a><\/p>\n","protected":false},"excerpt":{"rendered":"<p>O Diret\u00f3rio Nacional do PT aprovou hoje (13\/4\/2022) a indica\u00e7\u00e3o do ex-governador de S\u00e3o Paulo Geraldo Alckmin (PSB) para a vaga de vice na chapa com o ex-presidente Luiz In\u00e1cio Lula da Silva.\u00a0A alian\u00e7a para disputa da elei\u00e7\u00e3o presidencial de outubro\u00a0foi anunciada na semana passada, mas precisava ser analisada formalmente pelo diret\u00f3rio do partido. Apesar [&hellip;]<\/p>\n","protected":false},"author":4,"featured_media":188406,"comment_status":"open","ping_status":"closed","sticky":false,"template":"","format":"standard","meta":{"amp_status":"","footnotes":""},"categories":[6,249933,40240],"tags":[50262,260369,1018,252238,64257,14372,260367,260368,125090,14124,7147,13894,260366,758],"class_list":["post-188405","post","type-post","status-publish","format-standard","has-post-thumbnail","hentry","category-br","category-eleicoes-2022","category-politica","tag-alckmin","tag-chapa-pt-psb","tag-destaque","tag-eleicoes-2022","tag-eleicoes-presidenciais","tag-geraldo-alckmin","tag-geraldo-alckmin-vice-de-lula","tag-geraldo-alckmin-vice-do-pt","tag-gleisi-hoffmann","tag-luiz-inacio-lula-da-silva","tag-lula","tag-psb","tag-psb-formaliza-indicacao-de-geraldo-alckmin-como-vice-na-chapa-de-lula","tag-pt"],"yoast_head":"<!-- This site is optimized with the Yoast SEO plugin v28.3 - https:\/\/yoast.com\/product\/yoast-seo-wordpress\/ -->\n<title>PT confirma indica\u00e7\u00e3o de Geraldo Alckmin para vice de Lula - Aconteceu no Vale<\/title>\n<meta name=\"robots\" content=\"index, follow, max-snippet:-1, max-image-preview:large, max-video-preview:-1\" \/>\n<link rel=\"canonical\" href=\"https:\/\/aconteceunovale.com.br\/portal\/?p=188405\" \/>\n<meta property=\"og:locale\" content=\"pt_BR\" \/>\n<meta property=\"og:type\" content=\"article\" \/>\n<meta property=\"og:title\" content=\"PT confirma indica\u00e7\u00e3o de Geraldo Alckmin para vice de Lula - Aconteceu no Vale\" \/>\n<meta property=\"og:description\" content=\"O Diret\u00f3rio Nacional do PT aprovou hoje (13\/4\/2022) a indica\u00e7\u00e3o do ex-governador de S\u00e3o Paulo Geraldo Alckmin (PSB) para a vaga de vice na chapa com o ex-presidente Luiz In\u00e1cio Lula da Silva.\u00a0A alian\u00e7a para disputa da elei\u00e7\u00e3o presidencial de outubro\u00a0foi anunciada na semana passada, mas precisava ser analisada formalmente pelo diret\u00f3rio do partido. Apesar [&hellip;]\" \/>\n<meta property=\"og:url\" content=\"https:\/\/aconteceunovale.com.br\/portal\/?p=188405\" \/>\n<meta property=\"og:site_name\" content=\"Aconteceu no Vale\" \/>\n<meta property=\"article:publisher\" content=\"https:\/\/www.facebook.com\/aconteceunovale\/\" \/>\n<meta property=\"article:published_time\" content=\"2022-04-13T22:13:38+00:00\" \/>\n<meta property=\"article:modified_time\" content=\"2022-04-13T22:14:32+00:00\" \/>\n<meta property=\"og:image\" content=\"https:\/\/aconteceunovale.com.br\/portal\/wp-content\/uploads\/2022\/04\/alckmin.jpg\" \/>\n\t<meta property=\"og:image:width\" content=\"678\" \/>\n\t<meta property=\"og:image:height\" content=\"406\" \/>\n\t<meta property=\"og:image:type\" content=\"image\/jpeg\" \/>\n<meta name=\"author\" content=\"Reda\u00e7\u00e3o Aconteceu no Vale\" \/>\n<meta name=\"twitter:card\" content=\"summary_large_image\" \/>\n<meta name=\"twitter:creator\" content=\"@noticiadosvales\" \/>\n<meta name=\"twitter:site\" content=\"@noticiadosvales\" \/>\n<meta name=\"twitter:label1\" content=\"Escrito por\" \/>\n\t<meta name=\"twitter:data1\" content=\"Reda\u00e7\u00e3o Aconteceu no Vale\" \/>\n\t<meta name=\"twitter:label2\" content=\"Est. tempo de leitura\" \/>\n\t<meta name=\"twitter:data2\" content=\"1 minuto\" \/>\n<script type=\"application\/ld+json\" class=\"yoast-schema-graph\">{\"@context\":\"https:\\\/\\\/schema.org\",\"@graph\":[{\"@type\":\"Article\",\"@id\":\"https:\\\/\\\/aconteceunovale.com.br\\\/portal\\\/?p=188405#article\",\"isPartOf\":{\"@id\":\"https:\\\/\\\/aconteceunovale.com.br\\\/portal\\\/?p=188405\"},\"author\":{\"name\":\"Reda\u00e7\u00e3o Aconteceu no Vale\",\"@id\":\"https:\\\/\\\/aconteceunovale.com.br\\\/portal\\\/#\\\/schema\\\/person\\\/7d2f26d1483f8a63de73da1ee0754d35\"},\"headline\":\"PT confirma indica\u00e7\u00e3o de Geraldo Alckmin para vice de Lula\",\"datePublished\":\"2022-04-13T22:13:38+00:00\",\"dateModified\":\"2022-04-13T22:14:32+00:00\",\"mainEntityOfPage\":{\"@id\":\"https:\\\/\\\/aconteceunovale.com.br\\\/portal\\\/?p=188405\"},\"wordCount\":289,\"commentCount\":0,\"image\":{\"@id\":\"https:\\\/\\\/aconteceunovale.com.br\\\/portal\\\/?p=188405#primaryimage\"},\"thumbnailUrl\":\"https:\\\/\\\/aconteceunovale.com.br\\\/portal\\\/wp-content\\\/uploads\\\/2022\\\/04\\\/alckmin.jpg\",\"keywords\":[\"Alckmin\",\"Chapa PT PSB\",\"destaque\",\"Elei\u00e7\u00f5es 2022\",\"elei\u00e7\u00f5es presidenciais\",\"Geraldo Alckmin\",\"Geraldo Alckmin vice de Lula\",\"Geraldo Alckmin vice do PT\",\"Gleisi Hoffmann\",\"Luiz In\u00e1cio Lula da Silva\",\"Lula\",\"PSB\",\"PSB formaliza indica\u00e7\u00e3o de Geraldo Alckmin como vice na chapa de Lula\",\"PT\"],\"articleSection\":[\"Brasil\",\"Elei\u00e7\u00f5es 2022\",\"Pol\u00edtica\"],\"inLanguage\":\"pt-BR\",\"potentialAction\":[{\"@type\":\"CommentAction\",\"name\":\"Comment\",\"target\":[\"https:\\\/\\\/aconteceunovale.com.br\\\/portal\\\/?p=188405#respond\"]}]},{\"@type\":\"WebPage\",\"@id\":\"https:\\\/\\\/aconteceunovale.com.br\\\/portal\\\/?p=188405\",\"url\":\"https:\\\/\\\/aconteceunovale.com.br\\\/portal\\\/?p=188405\",\"name\":\"PT confirma indica\u00e7\u00e3o de Geraldo Alckmin para vice de Lula - Aconteceu no Vale\",\"isPartOf\":{\"@id\":\"https:\\\/\\\/aconteceunovale.com.br\\\/portal\\\/#website\"},\"primaryImageOfPage\":{\"@id\":\"https:\\\/\\\/aconteceunovale.com.br\\\/portal\\\/?p=188405#primaryimage\"},\"image\":{\"@id\":\"https:\\\/\\\/aconteceunovale.com.br\\\/portal\\\/?p=188405#primaryimage\"},\"thumbnailUrl\":\"https:\\\/\\\/aconteceunovale.com.br\\\/portal\\\/wp-content\\\/uploads\\\/2022\\\/04\\\/alckmin.jpg\",\"datePublished\":\"2022-04-13T22:13:38+00:00\",\"dateModified\":\"2022-04-13T22:14:32+00:00\",\"author\":{\"@id\":\"https:\\\/\\\/aconteceunovale.com.br\\\/portal\\\/#\\\/schema\\\/person\\\/7d2f26d1483f8a63de73da1ee0754d35\"},\"breadcrumb\":{\"@id\":\"https:\\\/\\\/aconteceunovale.com.br\\\/portal\\\/?p=188405#breadcrumb\"},\"inLanguage\":\"pt-BR\",\"potentialAction\":[{\"@type\":\"ReadAction\",\"target\":[\"https:\\\/\\\/aconteceunovale.com.br\\\/portal\\\/?p=188405\"]}]},{\"@type\":\"ImageObject\",\"inLanguage\":\"pt-BR\",\"@id\":\"https:\\\/\\\/aconteceunovale.com.br\\\/portal\\\/?p=188405#primaryimage\",\"url\":\"https:\\\/\\\/aconteceunovale.com.br\\\/portal\\\/wp-content\\\/uploads\\\/2022\\\/04\\\/alckmin.jpg\",\"contentUrl\":\"https:\\\/\\\/aconteceunovale.com.br\\\/portal\\\/wp-content\\\/uploads\\\/2022\\\/04\\\/alckmin.jpg\",\"width\":678,\"height\":406,\"caption\":\"O governador de S\u00e3o Paulo, Geraldo Alckmim, fala \u00e0 imprensa ap\u00f3s audi\u00eancia com a presidenta Dilma Rousseff, no Pal\u00e1cio do Planalto (Wilson Dias\\\/Ag\u00eancia Brasil)\"},{\"@type\":\"BreadcrumbList\",\"@id\":\"https:\\\/\\\/aconteceunovale.com.br\\\/portal\\\/?p=188405#breadcrumb\",\"itemListElement\":[{\"@type\":\"ListItem\",\"position\":1,\"name\":\"In\u00edcio\",\"item\":\"https:\\\/\\\/aconteceunovale.com.br\\\/portal\\\/\"},{\"@type\":\"ListItem\",\"position\":2,\"name\":\"PT confirma indica\u00e7\u00e3o de Geraldo Alckmin para vice de Lula\"}]},{\"@type\":\"WebSite\",\"@id\":\"https:\\\/\\\/aconteceunovale.com.br\\\/portal\\\/#website\",\"url\":\"https:\\\/\\\/aconteceunovale.com.br\\\/portal\\\/\",\"name\":\"Aconteceu no Vale\",\"description\":\"Portal de Not\u00edcias\",\"potentialAction\":[{\"@type\":\"SearchAction\",\"target\":{\"@type\":\"EntryPoint\",\"urlTemplate\":\"https:\\\/\\\/aconteceunovale.com.br\\\/portal\\\/?s={search_term_string}\"},\"query-input\":{\"@type\":\"PropertyValueSpecification\",\"valueRequired\":true,\"valueName\":\"search_term_string\"}}],\"inLanguage\":\"pt-BR\"},{\"@type\":\"Person\",\"@id\":\"https:\\\/\\\/aconteceunovale.com.br\\\/portal\\\/#\\\/schema\\\/person\\\/7d2f26d1483f8a63de73da1ee0754d35\",\"name\":\"Reda\u00e7\u00e3o Aconteceu no Vale\",\"description\":\"Equipe de reportagem do Aconteceu no Vale, portal de not\u00edcias do Vale do Jequitinhonha, em Minas Gerais. Cobrimos as 51 cidades do Vale desde 2013. Sugest\u00f5es de pauta e pedidos de corre\u00e7\u00e3o: contato@aconteceunovale.com.br\",\"url\":\"https:\\\/\\\/aconteceunovale.com.br\\\/portal\\\/?author=4\"}]}<\/script>\n<!-- \/ Yoast SEO plugin. -->","yoast_head_json":{"title":"PT confirma indica\u00e7\u00e3o de Geraldo Alckmin para vice de Lula - Aconteceu no Vale","robots":{"index":"index","follow":"follow","max-snippet":"max-snippet:-1","max-image-preview":"max-image-preview:large","max-video-preview":"max-video-preview:-1"},"canonical":"https:\/\/aconteceunovale.com.br\/portal\/?p=188405","og_locale":"pt_BR","og_type":"article","og_title":"PT confirma indica\u00e7\u00e3o de Geraldo Alckmin para vice de Lula - Aconteceu no Vale","og_description":"O Diret\u00f3rio Nacional do PT aprovou hoje (13\/4\/2022) a indica\u00e7\u00e3o do ex-governador de S\u00e3o Paulo Geraldo Alckmin (PSB) para a vaga de vice na chapa com o ex-presidente Luiz In\u00e1cio Lula da Silva.\u00a0A alian\u00e7a para disputa da elei\u00e7\u00e3o presidencial de outubro\u00a0foi anunciada na semana passada, mas precisava ser analisada formalmente pelo diret\u00f3rio do partido. Apesar [&hellip;]","og_url":"https:\/\/aconteceunovale.com.br\/portal\/?p=188405","og_site_name":"Aconteceu no Vale","article_publisher":"https:\/\/www.facebook.com\/aconteceunovale\/","article_published_time":"2022-04-13T22:13:38+00:00","article_modified_time":"2022-04-13T22:14:32+00:00","og_image":[{"width":678,"height":406,"url":"https:\/\/aconteceunovale.com.br\/portal\/wp-content\/uploads\/2022\/04\/alckmin.jpg","type":"image\/jpeg"}],"author":"Reda\u00e7\u00e3o Aconteceu no Vale","twitter_card":"summary_large_image","twitter_creator":"@noticiadosvales","twitter_site":"@noticiadosvales","twitter_misc":{"Escrito por":"Reda\u00e7\u00e3o Aconteceu no Vale","Est. tempo de leitura":"1 minuto"},"schema":{"@context":"https:\/\/schema.org","@graph":[{"@type":"Article","@id":"https:\/\/aconteceunovale.com.br\/portal\/?p=188405#article","isPartOf":{"@id":"https:\/\/aconteceunovale.com.br\/portal\/?p=188405"},"author":{"name":"Reda\u00e7\u00e3o Aconteceu no Vale","@id":"https:\/\/aconteceunovale.com.br\/portal\/#\/schema\/person\/7d2f26d1483f8a63de73da1ee0754d35"},"headline":"PT confirma indica\u00e7\u00e3o de Geraldo Alckmin para vice de Lula","datePublished":"2022-04-13T22:13:38+00:00","dateModified":"2022-04-13T22:14:32+00:00","mainEntityOfPage":{"@id":"https:\/\/aconteceunovale.com.br\/portal\/?p=188405"},"wordCount":289,"commentCount":0,"image":{"@id":"https:\/\/aconteceunovale.com.br\/portal\/?p=188405#primaryimage"},"thumbnailUrl":"https:\/\/aconteceunovale.com.br\/portal\/wp-content\/uploads\/2022\/04\/alckmin.jpg","keywords":["Alckmin","Chapa PT PSB","destaque","Elei\u00e7\u00f5es 2022","elei\u00e7\u00f5es presidenciais","Geraldo Alckmin","Geraldo Alckmin vice de Lula","Geraldo Alckmin vice do PT","Gleisi Hoffmann","Luiz In\u00e1cio Lula da Silva","Lula","PSB","PSB formaliza indica\u00e7\u00e3o de Geraldo Alckmin como vice na chapa de Lula","PT"],"articleSection":["Brasil","Elei\u00e7\u00f5es 2022","Pol\u00edtica"],"inLanguage":"pt-BR","potentialAction":[{"@type":"CommentAction","name":"Comment","target":["https:\/\/aconteceunovale.com.br\/portal\/?p=188405#respond"]}]},{"@type":"WebPage","@id":"https:\/\/aconteceunovale.com.br\/portal\/?p=188405","url":"https:\/\/aconteceunovale.com.br\/portal\/?p=188405","name":"PT confirma indica\u00e7\u00e3o de Geraldo Alckmin para vice de Lula - Aconteceu no Vale","isPartOf":{"@id":"https:\/\/aconteceunovale.com.br\/portal\/#website"},"primaryImageOfPage":{"@id":"https:\/\/aconteceunovale.com.br\/portal\/?p=188405#primaryimage"},"image":{"@id":"https:\/\/aconteceunovale.com.br\/portal\/?p=188405#primaryimage"},"thumbnailUrl":"https:\/\/aconteceunovale.com.br\/portal\/wp-content\/uploads\/2022\/04\/alckmin.jpg","datePublished":"2022-04-13T22:13:38+00:00","dateModified":"2022-04-13T22:14:32+00:00","author":{"@id":"https:\/\/aconteceunovale.com.br\/portal\/#\/schema\/person\/7d2f26d1483f8a63de73da1ee0754d35"},"breadcrumb":{"@id":"https:\/\/aconteceunovale.com.br\/portal\/?p=188405#breadcrumb"},"inLanguage":"pt-BR","potentialAction":[{"@type":"ReadAction","target":["https:\/\/aconteceunovale.com.br\/portal\/?p=188405"]}]},{"@type":"ImageObject","inLanguage":"pt-BR","@id":"https:\/\/aconteceunovale.com.br\/portal\/?p=188405#primaryimage","url":"https:\/\/aconteceunovale.com.br\/portal\/wp-content\/uploads\/2022\/04\/alckmin.jpg","contentUrl":"https:\/\/aconteceunovale.com.br\/portal\/wp-content\/uploads\/2022\/04\/alckmin.jpg","width":678,"height":406,"caption":"O governador de S\u00e3o Paulo, Geraldo Alckmim, fala \u00e0 imprensa ap\u00f3s audi\u00eancia com a presidenta Dilma Rousseff, no Pal\u00e1cio do Planalto (Wilson Dias\/Ag\u00eancia Brasil)"},{"@type":"BreadcrumbList","@id":"https:\/\/aconteceunovale.com.br\/portal\/?p=188405#breadcrumb","itemListElement":[{"@type":"ListItem","position":1,"name":"In\u00edcio","item":"https:\/\/aconteceunovale.com.br\/portal\/"},{"@type":"ListItem","position":2,"name":"PT confirma indica\u00e7\u00e3o de Geraldo Alckmin para vice de Lula"}]},{"@type":"WebSite","@id":"https:\/\/aconteceunovale.com.br\/portal\/#website","url":"https:\/\/aconteceunovale.com.br\/portal\/","name":"Aconteceu no Vale","description":"Portal de Not\u00edcias","potentialAction":[{"@type":"SearchAction","target":{"@type":"EntryPoint","urlTemplate":"https:\/\/aconteceunovale.com.br\/portal\/?s={search_term_string}"},"query-input":{"@type":"PropertyValueSpecification","valueRequired":true,"valueName":"search_term_string"}}],"inLanguage":"pt-BR"},{"@type":"Person","@id":"https:\/\/aconteceunovale.com.br\/portal\/#\/schema\/person\/7d2f26d1483f8a63de73da1ee0754d35","name":"Reda\u00e7\u00e3o Aconteceu no Vale","description":"Equipe de reportagem do Aconteceu no Vale, portal de not\u00edcias do Vale do Jequitinhonha, em Minas Gerais. Cobrimos as 51 cidades do Vale desde 2013. Sugest\u00f5es de pauta e pedidos de corre\u00e7\u00e3o: contato@aconteceunovale.com.br","url":"https:\/\/aconteceunovale.com.br\/portal\/?author=4"}]}},"_links":{"self":[{"href":"https:\/\/aconteceunovale.com.br\/portal\/index.php?rest_route=\/wp\/v2\/posts\/188405","targetHints":{"allow":["GET"]}}],"collection":[{"href":"https:\/\/aconteceunovale.com.br\/portal\/index.php?rest_route=\/wp\/v2\/posts"}],"about":[{"href":"https:\/\/aconteceunovale.com.br\/portal\/index.php?rest_route=\/wp\/v2\/types\/post"}],"author":[{"embeddable":true,"href":"https:\/\/aconteceunovale.com.br\/portal\/index.php?rest_route=\/wp\/v2\/users\/4"}],"replies":[{"embeddable":true,"href":"https:\/\/aconteceunovale.com.br\/portal\/index.php?rest_route=%2Fwp%2Fv2%2Fcomments&post=188405"}],"version-history":[{"count":1,"href":"https:\/\/aconteceunovale.com.br\/portal\/index.php?rest_route=\/wp\/v2\/posts\/188405\/revisions"}],"predecessor-version":[{"id":188407,"href":"https:\/\/aconteceunovale.com.br\/portal\/index.php?rest_route=\/wp\/v2\/posts\/188405\/revisions\/188407"}],"wp:featuredmedia":[{"embeddable":true,"href":"https:\/\/aconteceunovale.com.br\/portal\/index.php?rest_route=\/wp\/v2\/media\/188406"}],"wp:attachment":[{"href":"https:\/\/aconteceunovale.com.br\/portal\/index.php?rest_route=%2Fwp%2Fv2%2Fmedia&parent=188405"}],"wp:term":[{"taxonomy":"category","embeddable":true,"href":"https:\/\/aconteceunovale.com.br\/portal\/index.php?rest_route=%2Fwp%2Fv2%2Fcategories&post=188405"},{"taxonomy":"post_tag","embeddable":true,"href":"https:\/\/aconteceunovale.com.br\/portal\/index.php?rest_route=%2Fwp%2Fv2%2Ftags&post=188405"}],"curies":[{"name":"wp","href":"https:\/\/api.w.org\/{rel}","templated":true}]}}