{"id":188400,"date":"2022-04-13T15:46:40","date_gmt":"2022-04-13T18:46:40","guid":{"rendered":"https:\/\/aconteceunovale.com.br\/portal\/?p=188400"},"modified":"2022-04-13T15:48:29","modified_gmt":"2022-04-13T18:48:29","slug":"secretaria-nacional-do-consumidor-pede-retirada-do-kinder-ovo-ou-explicacoes-sobre-contaminacao","status":"publish","type":"post","link":"https:\/\/aconteceunovale.com.br\/portal\/?p=188400","title":{"rendered":"Secretaria Nacional do Consumidor pede retirada do Kinder Ovo ou explica\u00e7\u00f5es sobre contamina\u00e7\u00e3o"},"content":{"rendered":"\n<p class=\"wp-block-paragraph\">\u00c0s v\u00e9speras da P\u00e1scoa e diante do registro de dezenas de casos, na semana passada, de salmonela causada por chocolates Kinder no Reino Unido, o Minist\u00e9rio da Justi\u00e7a e Seguran\u00e7a P\u00fablica notificou a fabricante Ferrero do Brasil. Por meio da Secretaria Nacional do Consumidor (Senacon), a pasta determinou que a Ferrero do Brasil formalize o recall do chocolate Kinder ou apresente esclarecimentos sobre a seguran\u00e7a do produto.<\/p>\n\n\n\n<p class=\"wp-block-paragraph\">\u201cConsiderando que, at\u00e9 ent\u00e3o, a Ferrero do Brasil n\u00e3o emitiu comunicado espec\u00edfico destinado \u00e0 Senacon, a referida empresa foi notificada em prol da transpar\u00eancia nas rela\u00e7\u00f5es de consumo. Recomenda-se que as subsidi\u00e1rias e importadoras de fornecedores de produtos e servi\u00e7os informem \u00e0s autoridades brasileiras competentes que os produtos ou servi\u00e7os objeto do recall no exterior n\u00e3o atingiram o mercado brasileiro. Se o produto tiver ind\u00edcios de risco aos consumidores em territ\u00f3rio brasileiro, o fornecedor deve formalizar o recall imediatamente\u201d, ressalta a Senacom, em nota.<\/p>\n\n\n\n<p class=\"wp-block-paragraph\">A empresa tem o prazo de 72h, a partir do recebimento da notifica\u00e7\u00e3o, para formalizar o recall ou prestar os devidos esclarecimentos.<\/p>\n\n\n\n<p class=\"wp-block-paragraph\">O artigo 10 do C\u00f3digo de Defesa do Consumidor diz que o fornecedor n\u00e3o pode colocar no mercado produto ou servi\u00e7o que apresente alto grau de nocividade ou periculosidade \u00e0 sa\u00fade ou seguran\u00e7a. Segundo a legisla\u00e7\u00e3o que regulamenta o recall, o fornecedor \u00e9 respons\u00e1vel por explicar qual \u00e9 o defeito e alertar sobre o risco envolvido, al\u00e9m de orientar os consumidores sobre como evitar incidentes e o que fazer para obter reparo, substitui\u00e7\u00e3o ou reembolso do produto.<\/p>\n\n\n\n<p class=\"wp-block-paragraph\">O governo federal mant\u00e9m um sistema acess\u00edvel no site, no qual o consumidor pode pesquisar se um produto ou servi\u00e7o foi objeto de recall recentemente, al\u00e9m de se cadastrar para receber alertas sempre que um novo recall for lan\u00e7ado.<\/p>\n\n\n\n<h2 class=\"wp-block-heading\">Posicionamento<\/h2>\n\n\n\n<p class=\"wp-block-paragraph\">Em nota enviada \u00e0\u00a0Ag\u00eancia Brasil, a Ferrero Brasil informou que ainda n\u00e3o recebeu qualquer notifica\u00e7\u00e3o oficial da Senacon sobre poss\u00edveis esclarecimentos em rela\u00e7\u00e3o a epis\u00f3dios de intoxica\u00e7\u00e3o em produtos da Kinder Europa e que recebeu a informa\u00e7\u00e3o sobre o caso pela imprensa.<\/p>\n\n\n\n<p class=\"wp-block-paragraph\">&#8220;Estamos em constante contato com as autoridades em todos os pa\u00edses em que operamos. No Brasil, a Ferrero entrou em contato voluntariamente com a Ag\u00eancia Nacional de Vigil\u00e2ncia Sanit\u00e1ria (Anvisa), esclarecendo os fatos e colocando-se \u00e0 disposi\u00e7\u00e3o para quaisquer informa\u00e7\u00f5es adicionais. A Ferrero reitera que o recall volunt\u00e1rio que vem sendo realizado em outros pa\u00edses refere-se apenas a produtos das linhas Kinder Surprise, Kinder Mini Eggs, Kinder Surprise Maxi 100g e Kinder Schokobons fabricados em Arlon, B\u00e9lgica. Estes produtos n\u00e3o s\u00e3o vendidos pela Ferrero no Brasil, portanto n\u00e3o h\u00e1 que se falar em retirada destes itens do pa\u00eds&#8221;, diz a nota.<\/p>\n\n\n\n<p class=\"wp-block-paragraph\">A empresa diz ainda que lamenta a situa\u00e7\u00e3o e que o epis\u00f3dio atinge &#8220;o cerne do que defendemos e tomaremos todas as medidas necess\u00e1rias para preservar a total confian\u00e7a de nossos consumidores&#8221;.<\/p>\n\n\n\n<h2 class=\"wp-block-heading\">Hist\u00f3rico<\/h2>\n\n\n\n<p class=\"wp-block-paragraph\">Dezenas de casos de contamina\u00e7\u00e3o por salmonela foram detectados na Europa. As suspeitas do foco de contamina\u00e7\u00e3o s\u00e3o de produtos fabricados na B\u00e9lgica, o que levou \u00e0 sua retirada dos mercados por parte do fabricante Ferrero.<\/p>\n\n\n\n<p class=\"wp-block-paragraph\">A empresa solicitou a devolu\u00e7\u00e3o dos produtos Kinder produzidos nas f\u00e1bricas de Arlon, na B\u00e9lgica, os quais eram comercializados na Fran\u00e7a, na B\u00e9lgica, no Reino Unido, na Irlanda do Norte, na Alemanha e na Su\u00e9cia.<\/p>\n\n\n\n<h2 class=\"wp-block-heading\">Salmolenose<\/h2>\n\n\n\n<p class=\"wp-block-paragraph\">A salmonelose \u00e9 uma doen\u00e7a bacteriana que atinge o intestino e pode causar gastroenterite. Diarreia, c\u00f3licas estomacais e, \u00e0s vezes, v\u00f4mitos e febre est\u00e3o entre os sintomas que se manifestam entre 12 e 72 horas ap\u00f3s a ingest\u00e3o de uma dose com alimento infectado por salmonela. Os sintomas geralmente duram de quatro a sete dias e a maioria das pessoas se recupera sem tratamento.<\/p>\n\n\n\n<p class=\"wp-block-paragraph\">&#8212;&#8212;&#8212;&#8212;&#8212;&#8212;<br><br><strong>Sabia que o Aconteceu no Vale est\u00e1 tamb\u00e9m no Telegram? <a rel=\"noreferrer noopener\" href=\"https:\/\/t.me\/aconteceunovaleoficial\" target=\"_blank\">Inscreva-se no canal<\/a>.<\/strong><br><br><strong>J\u00e1 curtiu ou seguiu nossas p\u00e1ginas nas redes sociais?\u00a0Receba as not\u00edcias em primeira m\u00e3o:<\/strong><br>\u2022 <a rel=\"noreferrer noopener\" href=\"https:\/\/news.google.com\/publications\/CAAqBwgKMNjklQswi4etAw?hl=pt-BR&amp;gl=BR&amp;ceid=BR%3Apt-419\" target=\"_blank\">Google News<\/a><br>\u2022 <a rel=\"noreferrer noopener\" href=\"https:\/\/www.facebook.com\/aconteceunovale\/\" target=\"_blank\">Facebook<\/a><br>\u2022 <a rel=\"noreferrer noopener\" href=\"https:\/\/twitter.com\/noticiadosvales\" target=\"_blank\">Twitter<\/a><br>\u2022 <a rel=\"noreferrer noopener\" href=\"https:\/\/www.instagram.com\/aconteceunovale\" target=\"_blank\">Instagram<\/a><br>\u2022 <a rel=\"noreferrer noopener\" href=\"https:\/\/www.youtube.com\/AconteceunoValeOficial\" target=\"_blank\">Youtube<\/a><br>\u2022 <a rel=\"noreferrer noopener\" href=\"https:\/\/www.tiktok.com\/@aconteceunovale\" target=\"_blank\">TikTok<\/a><\/p>\n","protected":false},"excerpt":{"rendered":"<p>\u00c0s v\u00e9speras da P\u00e1scoa e diante do registro de dezenas de casos, na semana passada, de salmonela causada por chocolates Kinder no Reino Unido, o Minist\u00e9rio da Justi\u00e7a e Seguran\u00e7a P\u00fablica notificou a fabricante Ferrero do Brasil. Por meio da Secretaria Nacional do Consumidor (Senacon), a pasta determinou que a Ferrero do Brasil formalize o [&hellip;]<\/p>\n","protected":false},"author":4,"featured_media":188401,"comment_status":"open","ping_status":"closed","sticky":false,"template":"","format":"standard","meta":{"amp_status":"","footnotes":""},"categories":[6,40239,28848],"tags":[2278,260534,260524,4785,260525,260523,260527,1018,260529,260528,260531,260522,260533,260530,260532,19903,260526,260535,34207,34208],"class_list":["post-188400","post","type-post","status-publish","format-standard","has-post-thumbnail","hentry","category-br","category-economia-2","category-mundo","tag-anvisa","tag-arlon","tag-bacteria-no-kinder-ovo","tag-brasil","tag-casos-de-intoxicacao-com-kinder-ovo","tag-contaminacao-do-kinder-ovo","tag-contaminacao-kinder-ovo","tag-destaque","tag-ferrero-do-brasil","tag-intoxicacao-kinder-ovo","tag-kinder-mini-eggs","tag-kinder-ovo","tag-kinder-schokobons","tag-kinder-surprise","tag-kinder-surprise-maxi","tag-ministerio-da-justica","tag-salmonela-kinder-ovo","tag-salmonelose","tag-secretaria-nacional-do-consumidor","tag-senacon"],"yoast_head":"<!-- This site is optimized with the Yoast SEO plugin v28.3 - https:\/\/yoast.com\/product\/yoast-seo-wordpress\/ -->\n<title>Secretaria Nacional do Consumidor pede retirada do Kinder Ovo ou explica\u00e7\u00f5es sobre contamina\u00e7\u00e3o - Aconteceu no Vale<\/title>\n<meta name=\"robots\" content=\"index, follow, max-snippet:-1, max-image-preview:large, max-video-preview:-1\" \/>\n<link rel=\"canonical\" href=\"https:\/\/aconteceunovale.com.br\/portal\/?p=188400\" \/>\n<meta property=\"og:locale\" content=\"pt_BR\" \/>\n<meta property=\"og:type\" content=\"article\" \/>\n<meta property=\"og:title\" content=\"Secretaria Nacional do Consumidor pede retirada do Kinder Ovo ou explica\u00e7\u00f5es sobre contamina\u00e7\u00e3o - Aconteceu no Vale\" \/>\n<meta property=\"og:description\" content=\"\u00c0s v\u00e9speras da P\u00e1scoa e diante do registro de dezenas de casos, na semana passada, de salmonela causada por chocolates Kinder no Reino Unido, o Minist\u00e9rio da Justi\u00e7a e Seguran\u00e7a P\u00fablica notificou a fabricante Ferrero do Brasil. Por meio da Secretaria Nacional do Consumidor (Senacon), a pasta determinou que a Ferrero do Brasil formalize o [&hellip;]\" \/>\n<meta property=\"og:url\" content=\"https:\/\/aconteceunovale.com.br\/portal\/?p=188400\" \/>\n<meta property=\"og:site_name\" content=\"Aconteceu no Vale\" \/>\n<meta property=\"article:publisher\" content=\"https:\/\/www.facebook.com\/aconteceunovale\/\" \/>\n<meta property=\"article:published_time\" content=\"2022-04-13T18:46:40+00:00\" \/>\n<meta property=\"article:modified_time\" content=\"2022-04-13T18:48:29+00:00\" \/>\n<meta property=\"og:image\" content=\"https:\/\/aconteceunovale.com.br\/portal\/wp-content\/uploads\/2022\/04\/kinder_ovo.jpg\" \/>\n\t<meta property=\"og:image:width\" content=\"678\" \/>\n\t<meta property=\"og:image:height\" content=\"381\" \/>\n\t<meta property=\"og:image:type\" content=\"image\/jpeg\" \/>\n<meta name=\"author\" content=\"Reda\u00e7\u00e3o Aconteceu no Vale\" \/>\n<meta name=\"twitter:card\" content=\"summary_large_image\" \/>\n<meta name=\"twitter:creator\" content=\"@noticiadosvales\" \/>\n<meta name=\"twitter:site\" content=\"@noticiadosvales\" \/>\n<meta name=\"twitter:label1\" content=\"Escrito por\" \/>\n\t<meta name=\"twitter:data1\" content=\"Reda\u00e7\u00e3o Aconteceu no Vale\" \/>\n\t<meta name=\"twitter:label2\" content=\"Est. tempo de leitura\" \/>\n\t<meta name=\"twitter:data2\" content=\"4 minutos\" \/>\n<script type=\"application\/ld+json\" class=\"yoast-schema-graph\">{\"@context\":\"https:\\\/\\\/schema.org\",\"@graph\":[{\"@type\":\"Article\",\"@id\":\"https:\\\/\\\/aconteceunovale.com.br\\\/portal\\\/?p=188400#article\",\"isPartOf\":{\"@id\":\"https:\\\/\\\/aconteceunovale.com.br\\\/portal\\\/?p=188400\"},\"author\":{\"name\":\"Reda\u00e7\u00e3o Aconteceu no Vale\",\"@id\":\"https:\\\/\\\/aconteceunovale.com.br\\\/portal\\\/#\\\/schema\\\/person\\\/7d2f26d1483f8a63de73da1ee0754d35\"},\"headline\":\"Secretaria Nacional do Consumidor pede retirada do Kinder Ovo ou explica\u00e7\u00f5es sobre contamina\u00e7\u00e3o\",\"datePublished\":\"2022-04-13T18:46:40+00:00\",\"dateModified\":\"2022-04-13T18:48:29+00:00\",\"mainEntityOfPage\":{\"@id\":\"https:\\\/\\\/aconteceunovale.com.br\\\/portal\\\/?p=188400\"},\"wordCount\":722,\"commentCount\":0,\"image\":{\"@id\":\"https:\\\/\\\/aconteceunovale.com.br\\\/portal\\\/?p=188400#primaryimage\"},\"thumbnailUrl\":\"https:\\\/\\\/aconteceunovale.com.br\\\/portal\\\/wp-content\\\/uploads\\\/2022\\\/04\\\/kinder_ovo.jpg\",\"keywords\":[\"Anvisa\",\"Arlon\",\"Bact\u00e9ria no Kinder Ovo\",\"brasil\",\"Casos de intoxica\u00e7\u00e3o com Kinder Ovo\",\"Contamina\u00e7\u00e3o do Kinder Ovo\",\"Contamina\u00e7\u00e3o Kinder Ovo\",\"destaque\",\"Ferrero do Brasil\",\"Intoxica\u00e7\u00e3o Kinder Ovo\",\"Kinder Mini Eggs\",\"Kinder Ovo\",\"Kinder Schokobons\",\"Kinder Surprise\",\"Kinder Surprise Maxi\",\"Minist\u00e9rio da Justi\u00e7a\",\"Salmonela Kinder Ovo\",\"Salmonelose\",\"Secretaria Nacional do Consumidor\",\"Senacon\"],\"articleSection\":[\"Brasil\",\"Economia\",\"Mundo\"],\"inLanguage\":\"pt-BR\",\"potentialAction\":[{\"@type\":\"CommentAction\",\"name\":\"Comment\",\"target\":[\"https:\\\/\\\/aconteceunovale.com.br\\\/portal\\\/?p=188400#respond\"]}]},{\"@type\":\"WebPage\",\"@id\":\"https:\\\/\\\/aconteceunovale.com.br\\\/portal\\\/?p=188400\",\"url\":\"https:\\\/\\\/aconteceunovale.com.br\\\/portal\\\/?p=188400\",\"name\":\"Secretaria Nacional do Consumidor pede retirada do Kinder Ovo ou explica\u00e7\u00f5es sobre contamina\u00e7\u00e3o - Aconteceu no Vale\",\"isPartOf\":{\"@id\":\"https:\\\/\\\/aconteceunovale.com.br\\\/portal\\\/#website\"},\"primaryImageOfPage\":{\"@id\":\"https:\\\/\\\/aconteceunovale.com.br\\\/portal\\\/?p=188400#primaryimage\"},\"image\":{\"@id\":\"https:\\\/\\\/aconteceunovale.com.br\\\/portal\\\/?p=188400#primaryimage\"},\"thumbnailUrl\":\"https:\\\/\\\/aconteceunovale.com.br\\\/portal\\\/wp-content\\\/uploads\\\/2022\\\/04\\\/kinder_ovo.jpg\",\"datePublished\":\"2022-04-13T18:46:40+00:00\",\"dateModified\":\"2022-04-13T18:48:29+00:00\",\"author\":{\"@id\":\"https:\\\/\\\/aconteceunovale.com.br\\\/portal\\\/#\\\/schema\\\/person\\\/7d2f26d1483f8a63de73da1ee0754d35\"},\"breadcrumb\":{\"@id\":\"https:\\\/\\\/aconteceunovale.com.br\\\/portal\\\/?p=188400#breadcrumb\"},\"inLanguage\":\"pt-BR\",\"potentialAction\":[{\"@type\":\"ReadAction\",\"target\":[\"https:\\\/\\\/aconteceunovale.com.br\\\/portal\\\/?p=188400\"]}]},{\"@type\":\"ImageObject\",\"inLanguage\":\"pt-BR\",\"@id\":\"https:\\\/\\\/aconteceunovale.com.br\\\/portal\\\/?p=188400#primaryimage\",\"url\":\"https:\\\/\\\/aconteceunovale.com.br\\\/portal\\\/wp-content\\\/uploads\\\/2022\\\/04\\\/kinder_ovo.jpg\",\"contentUrl\":\"https:\\\/\\\/aconteceunovale.com.br\\\/portal\\\/wp-content\\\/uploads\\\/2022\\\/04\\\/kinder_ovo.jpg\",\"width\":678,\"height\":381},{\"@type\":\"BreadcrumbList\",\"@id\":\"https:\\\/\\\/aconteceunovale.com.br\\\/portal\\\/?p=188400#breadcrumb\",\"itemListElement\":[{\"@type\":\"ListItem\",\"position\":1,\"name\":\"In\u00edcio\",\"item\":\"https:\\\/\\\/aconteceunovale.com.br\\\/portal\\\/\"},{\"@type\":\"ListItem\",\"position\":2,\"name\":\"Secretaria Nacional do Consumidor pede retirada do Kinder Ovo ou explica\u00e7\u00f5es sobre contamina\u00e7\u00e3o\"}]},{\"@type\":\"WebSite\",\"@id\":\"https:\\\/\\\/aconteceunovale.com.br\\\/portal\\\/#website\",\"url\":\"https:\\\/\\\/aconteceunovale.com.br\\\/portal\\\/\",\"name\":\"Aconteceu no Vale\",\"description\":\"Portal de Not\u00edcias\",\"potentialAction\":[{\"@type\":\"SearchAction\",\"target\":{\"@type\":\"EntryPoint\",\"urlTemplate\":\"https:\\\/\\\/aconteceunovale.com.br\\\/portal\\\/?s={search_term_string}\"},\"query-input\":{\"@type\":\"PropertyValueSpecification\",\"valueRequired\":true,\"valueName\":\"search_term_string\"}}],\"inLanguage\":\"pt-BR\"},{\"@type\":\"Person\",\"@id\":\"https:\\\/\\\/aconteceunovale.com.br\\\/portal\\\/#\\\/schema\\\/person\\\/7d2f26d1483f8a63de73da1ee0754d35\",\"name\":\"Reda\u00e7\u00e3o Aconteceu no Vale\",\"description\":\"Equipe de reportagem do Aconteceu no Vale, portal de not\u00edcias do Vale do Jequitinhonha, em Minas Gerais. Cobrimos as 51 cidades do Vale desde 2013. Sugest\u00f5es de pauta e pedidos de corre\u00e7\u00e3o: contato@aconteceunovale.com.br\",\"url\":\"https:\\\/\\\/aconteceunovale.com.br\\\/portal\\\/?author=4\"}]}<\/script>\n<!-- \/ Yoast SEO plugin. -->","yoast_head_json":{"title":"Secretaria Nacional do Consumidor pede retirada do Kinder Ovo ou explica\u00e7\u00f5es sobre contamina\u00e7\u00e3o - Aconteceu no Vale","robots":{"index":"index","follow":"follow","max-snippet":"max-snippet:-1","max-image-preview":"max-image-preview:large","max-video-preview":"max-video-preview:-1"},"canonical":"https:\/\/aconteceunovale.com.br\/portal\/?p=188400","og_locale":"pt_BR","og_type":"article","og_title":"Secretaria Nacional do Consumidor pede retirada do Kinder Ovo ou explica\u00e7\u00f5es sobre contamina\u00e7\u00e3o - Aconteceu no Vale","og_description":"\u00c0s v\u00e9speras da P\u00e1scoa e diante do registro de dezenas de casos, na semana passada, de salmonela causada por chocolates Kinder no Reino Unido, o Minist\u00e9rio da Justi\u00e7a e Seguran\u00e7a P\u00fablica notificou a fabricante Ferrero do Brasil. Por meio da Secretaria Nacional do Consumidor (Senacon), a pasta determinou que a Ferrero do Brasil formalize o [&hellip;]","og_url":"https:\/\/aconteceunovale.com.br\/portal\/?p=188400","og_site_name":"Aconteceu no Vale","article_publisher":"https:\/\/www.facebook.com\/aconteceunovale\/","article_published_time":"2022-04-13T18:46:40+00:00","article_modified_time":"2022-04-13T18:48:29+00:00","og_image":[{"width":678,"height":381,"url":"https:\/\/aconteceunovale.com.br\/portal\/wp-content\/uploads\/2022\/04\/kinder_ovo.jpg","type":"image\/jpeg"}],"author":"Reda\u00e7\u00e3o Aconteceu no Vale","twitter_card":"summary_large_image","twitter_creator":"@noticiadosvales","twitter_site":"@noticiadosvales","twitter_misc":{"Escrito por":"Reda\u00e7\u00e3o Aconteceu no Vale","Est. tempo de leitura":"4 minutos"},"schema":{"@context":"https:\/\/schema.org","@graph":[{"@type":"Article","@id":"https:\/\/aconteceunovale.com.br\/portal\/?p=188400#article","isPartOf":{"@id":"https:\/\/aconteceunovale.com.br\/portal\/?p=188400"},"author":{"name":"Reda\u00e7\u00e3o Aconteceu no Vale","@id":"https:\/\/aconteceunovale.com.br\/portal\/#\/schema\/person\/7d2f26d1483f8a63de73da1ee0754d35"},"headline":"Secretaria Nacional do Consumidor pede retirada do Kinder Ovo ou explica\u00e7\u00f5es sobre contamina\u00e7\u00e3o","datePublished":"2022-04-13T18:46:40+00:00","dateModified":"2022-04-13T18:48:29+00:00","mainEntityOfPage":{"@id":"https:\/\/aconteceunovale.com.br\/portal\/?p=188400"},"wordCount":722,"commentCount":0,"image":{"@id":"https:\/\/aconteceunovale.com.br\/portal\/?p=188400#primaryimage"},"thumbnailUrl":"https:\/\/aconteceunovale.com.br\/portal\/wp-content\/uploads\/2022\/04\/kinder_ovo.jpg","keywords":["Anvisa","Arlon","Bact\u00e9ria no Kinder Ovo","brasil","Casos de intoxica\u00e7\u00e3o com Kinder Ovo","Contamina\u00e7\u00e3o do Kinder Ovo","Contamina\u00e7\u00e3o Kinder Ovo","destaque","Ferrero do Brasil","Intoxica\u00e7\u00e3o Kinder Ovo","Kinder Mini Eggs","Kinder Ovo","Kinder Schokobons","Kinder Surprise","Kinder Surprise Maxi","Minist\u00e9rio da Justi\u00e7a","Salmonela Kinder Ovo","Salmonelose","Secretaria Nacional do Consumidor","Senacon"],"articleSection":["Brasil","Economia","Mundo"],"inLanguage":"pt-BR","potentialAction":[{"@type":"CommentAction","name":"Comment","target":["https:\/\/aconteceunovale.com.br\/portal\/?p=188400#respond"]}]},{"@type":"WebPage","@id":"https:\/\/aconteceunovale.com.br\/portal\/?p=188400","url":"https:\/\/aconteceunovale.com.br\/portal\/?p=188400","name":"Secretaria Nacional do Consumidor pede retirada do Kinder Ovo ou explica\u00e7\u00f5es sobre contamina\u00e7\u00e3o - Aconteceu no Vale","isPartOf":{"@id":"https:\/\/aconteceunovale.com.br\/portal\/#website"},"primaryImageOfPage":{"@id":"https:\/\/aconteceunovale.com.br\/portal\/?p=188400#primaryimage"},"image":{"@id":"https:\/\/aconteceunovale.com.br\/portal\/?p=188400#primaryimage"},"thumbnailUrl":"https:\/\/aconteceunovale.com.br\/portal\/wp-content\/uploads\/2022\/04\/kinder_ovo.jpg","datePublished":"2022-04-13T18:46:40+00:00","dateModified":"2022-04-13T18:48:29+00:00","author":{"@id":"https:\/\/aconteceunovale.com.br\/portal\/#\/schema\/person\/7d2f26d1483f8a63de73da1ee0754d35"},"breadcrumb":{"@id":"https:\/\/aconteceunovale.com.br\/portal\/?p=188400#breadcrumb"},"inLanguage":"pt-BR","potentialAction":[{"@type":"ReadAction","target":["https:\/\/aconteceunovale.com.br\/portal\/?p=188400"]}]},{"@type":"ImageObject","inLanguage":"pt-BR","@id":"https:\/\/aconteceunovale.com.br\/portal\/?p=188400#primaryimage","url":"https:\/\/aconteceunovale.com.br\/portal\/wp-content\/uploads\/2022\/04\/kinder_ovo.jpg","contentUrl":"https:\/\/aconteceunovale.com.br\/portal\/wp-content\/uploads\/2022\/04\/kinder_ovo.jpg","width":678,"height":381},{"@type":"BreadcrumbList","@id":"https:\/\/aconteceunovale.com.br\/portal\/?p=188400#breadcrumb","itemListElement":[{"@type":"ListItem","position":1,"name":"In\u00edcio","item":"https:\/\/aconteceunovale.com.br\/portal\/"},{"@type":"ListItem","position":2,"name":"Secretaria Nacional do Consumidor pede retirada do Kinder Ovo ou explica\u00e7\u00f5es sobre contamina\u00e7\u00e3o"}]},{"@type":"WebSite","@id":"https:\/\/aconteceunovale.com.br\/portal\/#website","url":"https:\/\/aconteceunovale.com.br\/portal\/","name":"Aconteceu no Vale","description":"Portal de Not\u00edcias","potentialAction":[{"@type":"SearchAction","target":{"@type":"EntryPoint","urlTemplate":"https:\/\/aconteceunovale.com.br\/portal\/?s={search_term_string}"},"query-input":{"@type":"PropertyValueSpecification","valueRequired":true,"valueName":"search_term_string"}}],"inLanguage":"pt-BR"},{"@type":"Person","@id":"https:\/\/aconteceunovale.com.br\/portal\/#\/schema\/person\/7d2f26d1483f8a63de73da1ee0754d35","name":"Reda\u00e7\u00e3o Aconteceu no Vale","description":"Equipe de reportagem do Aconteceu no Vale, portal de not\u00edcias do Vale do Jequitinhonha, em Minas Gerais. Cobrimos as 51 cidades do Vale desde 2013. Sugest\u00f5es de pauta e pedidos de corre\u00e7\u00e3o: contato@aconteceunovale.com.br","url":"https:\/\/aconteceunovale.com.br\/portal\/?author=4"}]}},"_links":{"self":[{"href":"https:\/\/aconteceunovale.com.br\/portal\/index.php?rest_route=\/wp\/v2\/posts\/188400","targetHints":{"allow":["GET"]}}],"collection":[{"href":"https:\/\/aconteceunovale.com.br\/portal\/index.php?rest_route=\/wp\/v2\/posts"}],"about":[{"href":"https:\/\/aconteceunovale.com.br\/portal\/index.php?rest_route=\/wp\/v2\/types\/post"}],"author":[{"embeddable":true,"href":"https:\/\/aconteceunovale.com.br\/portal\/index.php?rest_route=\/wp\/v2\/users\/4"}],"replies":[{"embeddable":true,"href":"https:\/\/aconteceunovale.com.br\/portal\/index.php?rest_route=%2Fwp%2Fv2%2Fcomments&post=188400"}],"version-history":[{"count":1,"href":"https:\/\/aconteceunovale.com.br\/portal\/index.php?rest_route=\/wp\/v2\/posts\/188400\/revisions"}],"predecessor-version":[{"id":188402,"href":"https:\/\/aconteceunovale.com.br\/portal\/index.php?rest_route=\/wp\/v2\/posts\/188400\/revisions\/188402"}],"wp:featuredmedia":[{"embeddable":true,"href":"https:\/\/aconteceunovale.com.br\/portal\/index.php?rest_route=\/wp\/v2\/media\/188401"}],"wp:attachment":[{"href":"https:\/\/aconteceunovale.com.br\/portal\/index.php?rest_route=%2Fwp%2Fv2%2Fmedia&parent=188400"}],"wp:term":[{"taxonomy":"category","embeddable":true,"href":"https:\/\/aconteceunovale.com.br\/portal\/index.php?rest_route=%2Fwp%2Fv2%2Fcategories&post=188400"},{"taxonomy":"post_tag","embeddable":true,"href":"https:\/\/aconteceunovale.com.br\/portal\/index.php?rest_route=%2Fwp%2Fv2%2Ftags&post=188400"}],"curies":[{"name":"wp","href":"https:\/\/api.w.org\/{rel}","templated":true}]}}