{"id":188307,"date":"2022-04-09T19:44:48","date_gmt":"2022-04-09T22:44:48","guid":{"rendered":"https:\/\/aconteceunovale.com.br\/portal\/?p=188307"},"modified":"2022-04-09T19:45:27","modified_gmt":"2022-04-09T22:45:27","slug":"vereador-e-denunciado-por-filmar-relacao-com-adolescente","status":"publish","type":"post","link":"https:\/\/aconteceunovale.com.br\/portal\/?p=188307","title":{"rendered":"Vereador \u00e9 denunciado por filmar rela\u00e7\u00e3o com adolescente"},"content":{"rendered":"\n<p class=\"wp-block-paragraph\">O Minist\u00e9rio P\u00fablico do Estado do Rio de Janeiro (MPRJ) denunciou \u00e0 Justi\u00e7a o vereador Gabriel Monteiro (PL) por ter filmado ato sexual com uma adolescente de 15 anos. O v\u00eddeo acabou vazando na internet. A den\u00fancia foi oferecida nesta sexta-feira (8\/4\/2022).<\/p>\n\n\n\n<figure class=\"wp-block-gallery has-nested-images columns-default is-cropped wp-block-gallery-1 is-layout-flex wp-block-gallery-is-layout-flex\">\n<figure class=\"wp-block-image size-large\"><img loading=\"lazy\" decoding=\"async\" width=\"678\" height=\"422\" data-id=\"188308\" src=\"https:\/\/aconteceunovale.com.br\/portal\/wp-content\/uploads\/2022\/04\/gabriel_monteiro.png\" alt=\"\" class=\"wp-image-188308\" srcset=\"https:\/\/aconteceunovale.com.br\/portal\/wp-content\/uploads\/2022\/04\/gabriel_monteiro.png 678w, https:\/\/aconteceunovale.com.br\/portal\/wp-content\/uploads\/2022\/04\/gabriel_monteiro-300x187.png 300w, https:\/\/aconteceunovale.com.br\/portal\/wp-content\/uploads\/2022\/04\/gabriel_monteiro-675x420.png 675w\" sizes=\"auto, (max-width: 678px) 100vw, 678px\" \/><figcaption><em><sub>Vereador Gabriel Monteiro &#8211; Foto: Renan Olaz\/C\u00e2mara Municipal do Rio de Janeiro<\/sub><\/em><\/figcaption><\/figure>\n<\/figure>\n\n\n\n<p class=\"wp-block-paragraph\">\u201cO MPRJ confirma que a 1\u00aa Promotoria de Justi\u00e7a de Investiga\u00e7\u00e3o Penal Territorial da \u00e1rea Zona Sul e Barra da Tijuca ofereceu den\u00fancia contra o vereador Gabriel Monteiro por filmar sexo com adolescente\u201d, informou o MP por meio de sua assessoria.<\/p>\n\n\n\n<p class=\"wp-block-paragraph\">O vereador Gabriel Monteiro\u00a0dep\u00f4s \u00e0 Pol\u00edcia Civil\u00a0na quinta-feira (7) e alegou inoc\u00eancia no caso de relacionamento sexual com a adolescente e do vazamento de imagens do ato. O depoimento foi na 42\u00ba Delegacia de Pol\u00edcia (Recreio), ap\u00f3s opera\u00e7\u00e3o policial de busca e apreens\u00e3o em sua resid\u00eancia e em seu gabinete na C\u00e2mara Municipal.<\/p>\n\n\n\n<p class=\"wp-block-paragraph\">Monteiro tamb\u00e9m \u00e9 acusado, por ex-assessores, de forjar situa\u00e7\u00f5es de flagrantes, usadas para alimentar seus canais de m\u00eddias sociais, a fim de aumentar a audi\u00eancia e obter grandes lucros com isso. Assessores ainda o acusam de estupro e viol\u00eancia sexual, o que \u00e9 negado pelo vereador.<\/p>\n\n\n\n<p class=\"wp-block-paragraph\">&#8212;&#8212;&#8212;&#8212;&#8212;&#8212;<br><br><strong>Sabia que o Aconteceu no Vale est\u00e1 tamb\u00e9m no Telegram? <a rel=\"noreferrer noopener\" href=\"https:\/\/t.me\/aconteceunovaleoficial\" target=\"_blank\">Inscreva-se no canal<\/a>.<\/strong><br><br><strong>J\u00e1 curtiu ou seguiu nossas p\u00e1ginas nas redes sociais?\u00a0Receba as not\u00edcias em primeira m\u00e3o:<\/strong><br>\u2022 <a rel=\"noreferrer noopener\" href=\"https:\/\/news.google.com\/publications\/CAAqBwgKMNjklQswi4etAw?hl=pt-BR&amp;gl=BR&amp;ceid=BR%3Apt-419\" target=\"_blank\">Google News<\/a><br>\u2022 <a rel=\"noreferrer noopener\" href=\"https:\/\/www.facebook.com\/aconteceunovale\/\" target=\"_blank\">Facebook<\/a><br>\u2022 <a rel=\"noreferrer noopener\" href=\"https:\/\/twitter.com\/noticiadosvales\" target=\"_blank\">Twitter<\/a><br>\u2022 <a rel=\"noreferrer noopener\" href=\"https:\/\/www.instagram.com\/aconteceunovale\" target=\"_blank\">Instagram<\/a><br>\u2022 <a rel=\"noreferrer noopener\" href=\"https:\/\/www.youtube.com\/AconteceunoValeOficial\" target=\"_blank\">Youtube<\/a><br>\u2022 <a rel=\"noreferrer noopener\" href=\"https:\/\/www.tiktok.com\/@aconteceunovale\" target=\"_blank\">TikTok<\/a><\/p>\n","protected":false},"excerpt":{"rendered":"<p>O Minist\u00e9rio P\u00fablico do Estado do Rio de Janeiro (MPRJ) denunciou \u00e0 Justi\u00e7a o vereador Gabriel Monteiro (PL) por ter filmado ato sexual com uma adolescente de 15 anos. O v\u00eddeo acabou vazando na internet. A den\u00fancia foi oferecida nesta sexta-feira (8\/4\/2022). \u201cO MPRJ confirma que a 1\u00aa Promotoria de Justi\u00e7a de Investiga\u00e7\u00e3o Penal Territorial [&hellip;]<\/p>\n","protected":false},"author":4,"featured_media":188308,"comment_status":"open","ping_status":"closed","sticky":false,"template":"","format":"standard","meta":{"amp_status":"","footnotes":""},"categories":[6,40240],"tags":[1018,260394,96508,243991,243467,260393,260395],"class_list":["post-188307","post","type-post","status-publish","format-standard","has-post-thumbnail","hentry","category-br","category-politica","tag-destaque","tag-gabriel-monteiro","tag-mprj","tag-partido-liberal","tag-pl","tag-vereador-e-denunciado-por-filmar-relacao-com-adolescente","tag-vereador-gabriel-monteiro"],"yoast_head":"<!-- This site is optimized with the Yoast SEO plugin v28.3 - https:\/\/yoast.com\/product\/yoast-seo-wordpress\/ -->\n<title>Vereador \u00e9 denunciado por filmar rela\u00e7\u00e3o com adolescente - Aconteceu no Vale<\/title>\n<meta name=\"robots\" content=\"index, follow, max-snippet:-1, max-image-preview:large, max-video-preview:-1\" \/>\n<link rel=\"canonical\" href=\"https:\/\/aconteceunovale.com.br\/portal\/?p=188307\" \/>\n<meta property=\"og:locale\" content=\"pt_BR\" \/>\n<meta property=\"og:type\" content=\"article\" \/>\n<meta property=\"og:title\" content=\"Vereador \u00e9 denunciado por filmar rela\u00e7\u00e3o com adolescente - Aconteceu no Vale\" \/>\n<meta property=\"og:description\" content=\"O Minist\u00e9rio P\u00fablico do Estado do Rio de Janeiro (MPRJ) denunciou \u00e0 Justi\u00e7a o vereador Gabriel Monteiro (PL) por ter filmado ato sexual com uma adolescente de 15 anos. O v\u00eddeo acabou vazando na internet. A den\u00fancia foi oferecida nesta sexta-feira (8\/4\/2022). \u201cO MPRJ confirma que a 1\u00aa Promotoria de Justi\u00e7a de Investiga\u00e7\u00e3o Penal Territorial [&hellip;]\" \/>\n<meta property=\"og:url\" content=\"https:\/\/aconteceunovale.com.br\/portal\/?p=188307\" \/>\n<meta property=\"og:site_name\" content=\"Aconteceu no Vale\" \/>\n<meta property=\"article:publisher\" content=\"https:\/\/www.facebook.com\/aconteceunovale\/\" \/>\n<meta property=\"article:published_time\" content=\"2022-04-09T22:44:48+00:00\" \/>\n<meta property=\"article:modified_time\" content=\"2022-04-09T22:45:27+00:00\" \/>\n<meta property=\"og:image\" content=\"https:\/\/aconteceunovale.com.br\/portal\/wp-content\/uploads\/2022\/04\/gabriel_monteiro.png\" \/>\n\t<meta property=\"og:image:width\" content=\"678\" \/>\n\t<meta property=\"og:image:height\" content=\"422\" \/>\n\t<meta property=\"og:image:type\" content=\"image\/png\" \/>\n<meta name=\"author\" content=\"Reda\u00e7\u00e3o Aconteceu no Vale\" \/>\n<meta name=\"twitter:card\" content=\"summary_large_image\" \/>\n<meta name=\"twitter:creator\" content=\"@noticiadosvales\" \/>\n<meta name=\"twitter:site\" content=\"@noticiadosvales\" \/>\n<meta name=\"twitter:label1\" content=\"Escrito por\" \/>\n\t<meta name=\"twitter:data1\" content=\"Reda\u00e7\u00e3o Aconteceu no Vale\" \/>\n\t<meta name=\"twitter:label2\" content=\"Est. tempo de leitura\" \/>\n\t<meta name=\"twitter:data2\" content=\"1 minuto\" \/>\n<script type=\"application\/ld+json\" class=\"yoast-schema-graph\">{\"@context\":\"https:\\\/\\\/schema.org\",\"@graph\":[{\"@type\":\"Article\",\"@id\":\"https:\\\/\\\/aconteceunovale.com.br\\\/portal\\\/?p=188307#article\",\"isPartOf\":{\"@id\":\"https:\\\/\\\/aconteceunovale.com.br\\\/portal\\\/?p=188307\"},\"author\":{\"name\":\"Reda\u00e7\u00e3o Aconteceu no Vale\",\"@id\":\"https:\\\/\\\/aconteceunovale.com.br\\\/portal\\\/#\\\/schema\\\/person\\\/7d2f26d1483f8a63de73da1ee0754d35\"},\"headline\":\"Vereador \u00e9 denunciado por filmar rela\u00e7\u00e3o com adolescente\",\"datePublished\":\"2022-04-09T22:44:48+00:00\",\"dateModified\":\"2022-04-09T22:45:27+00:00\",\"mainEntityOfPage\":{\"@id\":\"https:\\\/\\\/aconteceunovale.com.br\\\/portal\\\/?p=188307\"},\"wordCount\":259,\"commentCount\":0,\"image\":{\"@id\":\"https:\\\/\\\/aconteceunovale.com.br\\\/portal\\\/?p=188307#primaryimage\"},\"thumbnailUrl\":\"https:\\\/\\\/aconteceunovale.com.br\\\/portal\\\/wp-content\\\/uploads\\\/2022\\\/04\\\/gabriel_monteiro.png\",\"keywords\":[\"destaque\",\"Gabriel Monteiro\",\"MPRJ\",\"Partido Liberal\",\"PL\",\"Vereador \u00e9 denunciado por filmar rela\u00e7\u00e3o com adolescente\",\"Vereador Gabriel Monteiro\"],\"articleSection\":[\"Brasil\",\"Pol\u00edtica\"],\"inLanguage\":\"pt-BR\",\"potentialAction\":[{\"@type\":\"CommentAction\",\"name\":\"Comment\",\"target\":[\"https:\\\/\\\/aconteceunovale.com.br\\\/portal\\\/?p=188307#respond\"]}]},{\"@type\":\"WebPage\",\"@id\":\"https:\\\/\\\/aconteceunovale.com.br\\\/portal\\\/?p=188307\",\"url\":\"https:\\\/\\\/aconteceunovale.com.br\\\/portal\\\/?p=188307\",\"name\":\"Vereador \u00e9 denunciado por filmar rela\u00e7\u00e3o com adolescente - Aconteceu no Vale\",\"isPartOf\":{\"@id\":\"https:\\\/\\\/aconteceunovale.com.br\\\/portal\\\/#website\"},\"primaryImageOfPage\":{\"@id\":\"https:\\\/\\\/aconteceunovale.com.br\\\/portal\\\/?p=188307#primaryimage\"},\"image\":{\"@id\":\"https:\\\/\\\/aconteceunovale.com.br\\\/portal\\\/?p=188307#primaryimage\"},\"thumbnailUrl\":\"https:\\\/\\\/aconteceunovale.com.br\\\/portal\\\/wp-content\\\/uploads\\\/2022\\\/04\\\/gabriel_monteiro.png\",\"datePublished\":\"2022-04-09T22:44:48+00:00\",\"dateModified\":\"2022-04-09T22:45:27+00:00\",\"author\":{\"@id\":\"https:\\\/\\\/aconteceunovale.com.br\\\/portal\\\/#\\\/schema\\\/person\\\/7d2f26d1483f8a63de73da1ee0754d35\"},\"breadcrumb\":{\"@id\":\"https:\\\/\\\/aconteceunovale.com.br\\\/portal\\\/?p=188307#breadcrumb\"},\"inLanguage\":\"pt-BR\",\"potentialAction\":[{\"@type\":\"ReadAction\",\"target\":[\"https:\\\/\\\/aconteceunovale.com.br\\\/portal\\\/?p=188307\"]}]},{\"@type\":\"ImageObject\",\"inLanguage\":\"pt-BR\",\"@id\":\"https:\\\/\\\/aconteceunovale.com.br\\\/portal\\\/?p=188307#primaryimage\",\"url\":\"https:\\\/\\\/aconteceunovale.com.br\\\/portal\\\/wp-content\\\/uploads\\\/2022\\\/04\\\/gabriel_monteiro.png\",\"contentUrl\":\"https:\\\/\\\/aconteceunovale.com.br\\\/portal\\\/wp-content\\\/uploads\\\/2022\\\/04\\\/gabriel_monteiro.png\",\"width\":678,\"height\":422},{\"@type\":\"BreadcrumbList\",\"@id\":\"https:\\\/\\\/aconteceunovale.com.br\\\/portal\\\/?p=188307#breadcrumb\",\"itemListElement\":[{\"@type\":\"ListItem\",\"position\":1,\"name\":\"In\u00edcio\",\"item\":\"https:\\\/\\\/aconteceunovale.com.br\\\/portal\\\/\"},{\"@type\":\"ListItem\",\"position\":2,\"name\":\"Vereador \u00e9 denunciado por filmar rela\u00e7\u00e3o com adolescente\"}]},{\"@type\":\"WebSite\",\"@id\":\"https:\\\/\\\/aconteceunovale.com.br\\\/portal\\\/#website\",\"url\":\"https:\\\/\\\/aconteceunovale.com.br\\\/portal\\\/\",\"name\":\"Aconteceu no Vale\",\"description\":\"Portal de Not\u00edcias\",\"potentialAction\":[{\"@type\":\"SearchAction\",\"target\":{\"@type\":\"EntryPoint\",\"urlTemplate\":\"https:\\\/\\\/aconteceunovale.com.br\\\/portal\\\/?s={search_term_string}\"},\"query-input\":{\"@type\":\"PropertyValueSpecification\",\"valueRequired\":true,\"valueName\":\"search_term_string\"}}],\"inLanguage\":\"pt-BR\"},{\"@type\":\"Person\",\"@id\":\"https:\\\/\\\/aconteceunovale.com.br\\\/portal\\\/#\\\/schema\\\/person\\\/7d2f26d1483f8a63de73da1ee0754d35\",\"name\":\"Reda\u00e7\u00e3o Aconteceu no Vale\",\"description\":\"Equipe de reportagem do Aconteceu no Vale, portal de not\u00edcias do Vale do Jequitinhonha, em Minas Gerais. Cobrimos as 51 cidades do Vale desde 2013. Sugest\u00f5es de pauta e pedidos de corre\u00e7\u00e3o: contato@aconteceunovale.com.br\",\"url\":\"https:\\\/\\\/aconteceunovale.com.br\\\/portal\\\/?author=4\"}]}<\/script>\n<!-- \/ Yoast SEO plugin. -->","yoast_head_json":{"title":"Vereador \u00e9 denunciado por filmar rela\u00e7\u00e3o com adolescente - Aconteceu no Vale","robots":{"index":"index","follow":"follow","max-snippet":"max-snippet:-1","max-image-preview":"max-image-preview:large","max-video-preview":"max-video-preview:-1"},"canonical":"https:\/\/aconteceunovale.com.br\/portal\/?p=188307","og_locale":"pt_BR","og_type":"article","og_title":"Vereador \u00e9 denunciado por filmar rela\u00e7\u00e3o com adolescente - Aconteceu no Vale","og_description":"O Minist\u00e9rio P\u00fablico do Estado do Rio de Janeiro (MPRJ) denunciou \u00e0 Justi\u00e7a o vereador Gabriel Monteiro (PL) por ter filmado ato sexual com uma adolescente de 15 anos. O v\u00eddeo acabou vazando na internet. A den\u00fancia foi oferecida nesta sexta-feira (8\/4\/2022). \u201cO MPRJ confirma que a 1\u00aa Promotoria de Justi\u00e7a de Investiga\u00e7\u00e3o Penal Territorial [&hellip;]","og_url":"https:\/\/aconteceunovale.com.br\/portal\/?p=188307","og_site_name":"Aconteceu no Vale","article_publisher":"https:\/\/www.facebook.com\/aconteceunovale\/","article_published_time":"2022-04-09T22:44:48+00:00","article_modified_time":"2022-04-09T22:45:27+00:00","og_image":[{"width":678,"height":422,"url":"https:\/\/aconteceunovale.com.br\/portal\/wp-content\/uploads\/2022\/04\/gabriel_monteiro.png","type":"image\/png"}],"author":"Reda\u00e7\u00e3o Aconteceu no Vale","twitter_card":"summary_large_image","twitter_creator":"@noticiadosvales","twitter_site":"@noticiadosvales","twitter_misc":{"Escrito por":"Reda\u00e7\u00e3o Aconteceu no Vale","Est. tempo de leitura":"1 minuto"},"schema":{"@context":"https:\/\/schema.org","@graph":[{"@type":"Article","@id":"https:\/\/aconteceunovale.com.br\/portal\/?p=188307#article","isPartOf":{"@id":"https:\/\/aconteceunovale.com.br\/portal\/?p=188307"},"author":{"name":"Reda\u00e7\u00e3o Aconteceu no Vale","@id":"https:\/\/aconteceunovale.com.br\/portal\/#\/schema\/person\/7d2f26d1483f8a63de73da1ee0754d35"},"headline":"Vereador \u00e9 denunciado por filmar rela\u00e7\u00e3o com adolescente","datePublished":"2022-04-09T22:44:48+00:00","dateModified":"2022-04-09T22:45:27+00:00","mainEntityOfPage":{"@id":"https:\/\/aconteceunovale.com.br\/portal\/?p=188307"},"wordCount":259,"commentCount":0,"image":{"@id":"https:\/\/aconteceunovale.com.br\/portal\/?p=188307#primaryimage"},"thumbnailUrl":"https:\/\/aconteceunovale.com.br\/portal\/wp-content\/uploads\/2022\/04\/gabriel_monteiro.png","keywords":["destaque","Gabriel Monteiro","MPRJ","Partido Liberal","PL","Vereador \u00e9 denunciado por filmar rela\u00e7\u00e3o com adolescente","Vereador Gabriel Monteiro"],"articleSection":["Brasil","Pol\u00edtica"],"inLanguage":"pt-BR","potentialAction":[{"@type":"CommentAction","name":"Comment","target":["https:\/\/aconteceunovale.com.br\/portal\/?p=188307#respond"]}]},{"@type":"WebPage","@id":"https:\/\/aconteceunovale.com.br\/portal\/?p=188307","url":"https:\/\/aconteceunovale.com.br\/portal\/?p=188307","name":"Vereador \u00e9 denunciado por filmar rela\u00e7\u00e3o com adolescente - Aconteceu no Vale","isPartOf":{"@id":"https:\/\/aconteceunovale.com.br\/portal\/#website"},"primaryImageOfPage":{"@id":"https:\/\/aconteceunovale.com.br\/portal\/?p=188307#primaryimage"},"image":{"@id":"https:\/\/aconteceunovale.com.br\/portal\/?p=188307#primaryimage"},"thumbnailUrl":"https:\/\/aconteceunovale.com.br\/portal\/wp-content\/uploads\/2022\/04\/gabriel_monteiro.png","datePublished":"2022-04-09T22:44:48+00:00","dateModified":"2022-04-09T22:45:27+00:00","author":{"@id":"https:\/\/aconteceunovale.com.br\/portal\/#\/schema\/person\/7d2f26d1483f8a63de73da1ee0754d35"},"breadcrumb":{"@id":"https:\/\/aconteceunovale.com.br\/portal\/?p=188307#breadcrumb"},"inLanguage":"pt-BR","potentialAction":[{"@type":"ReadAction","target":["https:\/\/aconteceunovale.com.br\/portal\/?p=188307"]}]},{"@type":"ImageObject","inLanguage":"pt-BR","@id":"https:\/\/aconteceunovale.com.br\/portal\/?p=188307#primaryimage","url":"https:\/\/aconteceunovale.com.br\/portal\/wp-content\/uploads\/2022\/04\/gabriel_monteiro.png","contentUrl":"https:\/\/aconteceunovale.com.br\/portal\/wp-content\/uploads\/2022\/04\/gabriel_monteiro.png","width":678,"height":422},{"@type":"BreadcrumbList","@id":"https:\/\/aconteceunovale.com.br\/portal\/?p=188307#breadcrumb","itemListElement":[{"@type":"ListItem","position":1,"name":"In\u00edcio","item":"https:\/\/aconteceunovale.com.br\/portal\/"},{"@type":"ListItem","position":2,"name":"Vereador \u00e9 denunciado por filmar rela\u00e7\u00e3o com adolescente"}]},{"@type":"WebSite","@id":"https:\/\/aconteceunovale.com.br\/portal\/#website","url":"https:\/\/aconteceunovale.com.br\/portal\/","name":"Aconteceu no Vale","description":"Portal de Not\u00edcias","potentialAction":[{"@type":"SearchAction","target":{"@type":"EntryPoint","urlTemplate":"https:\/\/aconteceunovale.com.br\/portal\/?s={search_term_string}"},"query-input":{"@type":"PropertyValueSpecification","valueRequired":true,"valueName":"search_term_string"}}],"inLanguage":"pt-BR"},{"@type":"Person","@id":"https:\/\/aconteceunovale.com.br\/portal\/#\/schema\/person\/7d2f26d1483f8a63de73da1ee0754d35","name":"Reda\u00e7\u00e3o Aconteceu no Vale","description":"Equipe de reportagem do Aconteceu no Vale, portal de not\u00edcias do Vale do Jequitinhonha, em Minas Gerais. Cobrimos as 51 cidades do Vale desde 2013. Sugest\u00f5es de pauta e pedidos de corre\u00e7\u00e3o: contato@aconteceunovale.com.br","url":"https:\/\/aconteceunovale.com.br\/portal\/?author=4"}]}},"_links":{"self":[{"href":"https:\/\/aconteceunovale.com.br\/portal\/index.php?rest_route=\/wp\/v2\/posts\/188307","targetHints":{"allow":["GET"]}}],"collection":[{"href":"https:\/\/aconteceunovale.com.br\/portal\/index.php?rest_route=\/wp\/v2\/posts"}],"about":[{"href":"https:\/\/aconteceunovale.com.br\/portal\/index.php?rest_route=\/wp\/v2\/types\/post"}],"author":[{"embeddable":true,"href":"https:\/\/aconteceunovale.com.br\/portal\/index.php?rest_route=\/wp\/v2\/users\/4"}],"replies":[{"embeddable":true,"href":"https:\/\/aconteceunovale.com.br\/portal\/index.php?rest_route=%2Fwp%2Fv2%2Fcomments&post=188307"}],"version-history":[{"count":1,"href":"https:\/\/aconteceunovale.com.br\/portal\/index.php?rest_route=\/wp\/v2\/posts\/188307\/revisions"}],"predecessor-version":[{"id":188309,"href":"https:\/\/aconteceunovale.com.br\/portal\/index.php?rest_route=\/wp\/v2\/posts\/188307\/revisions\/188309"}],"wp:featuredmedia":[{"embeddable":true,"href":"https:\/\/aconteceunovale.com.br\/portal\/index.php?rest_route=\/wp\/v2\/media\/188308"}],"wp:attachment":[{"href":"https:\/\/aconteceunovale.com.br\/portal\/index.php?rest_route=%2Fwp%2Fv2%2Fmedia&parent=188307"}],"wp:term":[{"taxonomy":"category","embeddable":true,"href":"https:\/\/aconteceunovale.com.br\/portal\/index.php?rest_route=%2Fwp%2Fv2%2Fcategories&post=188307"},{"taxonomy":"post_tag","embeddable":true,"href":"https:\/\/aconteceunovale.com.br\/portal\/index.php?rest_route=%2Fwp%2Fv2%2Ftags&post=188307"}],"curies":[{"name":"wp","href":"https:\/\/api.w.org\/{rel}","templated":true}]}}