{"id":188300,"date":"2022-04-09T19:26:42","date_gmt":"2022-04-09T22:26:42","guid":{"rendered":"https:\/\/aconteceunovale.com.br\/portal\/?p=188300"},"modified":"2022-04-09T19:29:40","modified_gmt":"2022-04-09T22:29:40","slug":"aviao-brasileiro-desaparece-na-argentina","status":"publish","type":"post","link":"https:\/\/aconteceunovale.com.br\/portal\/?p=188300","title":{"rendered":"Avi\u00e3o brasileiro desaparece na Argentina"},"content":{"rendered":"\n<p class=\"wp-block-paragraph\">Opera\u00e7\u00f5es a\u00e9reas, terrestres e mar\u00edtimas seguem sendo empreendidas para tentar localizar um avi\u00e3o de matr\u00edcula brasileira que desapareceu na Argentina, na \u00faltima quarta-feira (6\/4\/2022).<\/p>\n\n\n\n<figure class=\"wp-block-gallery has-nested-images columns-default is-cropped wp-block-gallery-1 is-layout-flex wp-block-gallery-is-layout-flex\">\n<figure class=\"wp-block-image size-large\"><img loading=\"lazy\" decoding=\"async\" width=\"1000\" height=\"683\" data-id=\"188301\" src=\"https:\/\/aconteceunovale.com.br\/portal\/wp-content\/uploads\/2022\/04\/aviao_brasileiro.webp\" alt=\"\" class=\"wp-image-188301\" srcset=\"https:\/\/aconteceunovale.com.br\/portal\/wp-content\/uploads\/2022\/04\/aviao_brasileiro.webp 1000w, https:\/\/aconteceunovale.com.br\/portal\/wp-content\/uploads\/2022\/04\/aviao_brasileiro-300x205.webp 300w, https:\/\/aconteceunovale.com.br\/portal\/wp-content\/uploads\/2022\/04\/aviao_brasileiro-768x525.webp 768w, https:\/\/aconteceunovale.com.br\/portal\/wp-content\/uploads\/2022\/04\/aviao_brasileiro-218x150.webp 218w, https:\/\/aconteceunovale.com.br\/portal\/wp-content\/uploads\/2022\/04\/aviao_brasileiro-696x475.webp 696w, https:\/\/aconteceunovale.com.br\/portal\/wp-content\/uploads\/2022\/04\/aviao_brasileiro-615x420.webp 615w\" sizes=\"auto, (max-width: 1000px) 100vw, 1000px\" \/><figcaption><em><sub>Foto: Wagner Eduardo\/JetPhotos<\/sub><\/em><\/figcaption><\/figure>\n<\/figure>\n\n\n\n<p class=\"wp-block-paragraph\">A aeronave realizava um trajeto do aeroporto de El Calafate, extremo sul da Argentina, para Trelew, na Patag\u00f4nia, quando perdeu contato com os radares. Segundo a Empresa Argentina de Navega\u00e7\u00e3o A\u00e9rea (Eana), organismo federal que controla o tr\u00e1fego a\u00e9reo no pa\u00eds, o \u00faltimo contato do avi\u00e3o, registrado como PP-ZRT, foi feito com o Centro de Controle da \u00c1rea Comodoro Rivadavia, que ativou o protocolo de busca e salvamento.<\/p>\n\n\n\n<p class=\"wp-block-paragraph\">Os esfor\u00e7os est\u00e3o sendo feitos por aeronaves do Ex\u00e9rcito, For\u00e7a A\u00e9rea, bem como embarca\u00e7\u00f5es da Marinha e da Prefeitura Naval do pa\u00eds vizinho, al\u00e9m da Defesa Civil. Apesar das condi\u00e7\u00f5es meteorol\u00f3gicas favor\u00e1veis nos \u00faltimos dias, nenhuma pista do avi\u00e3o desaparecido foi encontrada at\u00e9 o momento. Este s\u00e1bado (9) \u00e9 o quarto dia de buscas.<\/p>\n\n\n\n<p class=\"wp-block-paragraph\">A reportagem consultou o n\u00famero da matr\u00edcula da aeronave na plataforma da Ag\u00eancia Nacional de Avia\u00e7\u00e3o Civil (ANAC). O avi\u00e3o \u00e9 o modelo RV-10, um aparelho monomotor com capacidade para quatro passageiros, fabricado em 2016. Est\u00e1 registrado em nome do empres\u00e1rio Ant\u00f4nio Carlos de Castro Ramos, de Florian\u00f3polis. Ele \u00e9 dono da ACCR Constru\u00e7\u00f5es. Atualmente, o status da opera\u00e7\u00e3o da aeronave veda atividade de t\u00e1xi a\u00e9reo.<\/p>\n\n\n\n<p class=\"wp-block-paragraph\">Ainda n\u00e3o h\u00e1 confirma\u00e7\u00e3o oficial sobre os ocupantes do avi\u00e3o desaparecido, mas informa\u00e7\u00f5es preliminares d\u00e3o conta de que o empres\u00e1rio e ao menos dois amigos estariam no voo.<\/p>\n\n\n\n<p class=\"wp-block-paragraph\">&#8212;&#8212;&#8212;&#8212;&#8212;&#8212;<br><br><strong>Sabia que o Aconteceu no Vale est\u00e1 tamb\u00e9m no Telegram? <a rel=\"noreferrer noopener\" href=\"https:\/\/t.me\/aconteceunovaleoficial\" target=\"_blank\">Inscreva-se no canal<\/a>.<\/strong><br><br><strong>J\u00e1 curtiu ou seguiu nossas p\u00e1ginas nas redes sociais?&nbsp;Receba as not\u00edcias em primeira m\u00e3o:<\/strong><br>\u2022 <a rel=\"noreferrer noopener\" href=\"https:\/\/news.google.com\/publications\/CAAqBwgKMNjklQswi4etAw?hl=pt-BR&amp;gl=BR&amp;ceid=BR%3Apt-419\" target=\"_blank\">Google News<\/a><br>\u2022 <a rel=\"noreferrer noopener\" href=\"https:\/\/www.facebook.com\/aconteceunovale\/\" target=\"_blank\">Facebook<\/a><br>\u2022 <a rel=\"noreferrer noopener\" href=\"https:\/\/twitter.com\/noticiadosvales\" target=\"_blank\">Twitter<\/a><br>\u2022 <a rel=\"noreferrer noopener\" href=\"https:\/\/www.instagram.com\/aconteceunovale\" target=\"_blank\">Instagram<\/a><br>\u2022 <a rel=\"noreferrer noopener\" href=\"https:\/\/www.youtube.com\/AconteceunoValeOficial\" target=\"_blank\">Youtube<\/a><br>\u2022 <a rel=\"noreferrer noopener\" href=\"https:\/\/www.tiktok.com\/@aconteceunovale\" target=\"_blank\">TikTok<\/a><\/p>\n","protected":false},"excerpt":{"rendered":"<p>Opera\u00e7\u00f5es a\u00e9reas, terrestres e mar\u00edtimas seguem sendo empreendidas para tentar localizar um avi\u00e3o de matr\u00edcula brasileira que desapareceu na Argentina, na \u00faltima quarta-feira (6\/4\/2022). A aeronave realizava um trajeto do aeroporto de El Calafate, extremo sul da Argentina, para Trelew, na Patag\u00f4nia, quando perdeu contato com os radares. Segundo a Empresa Argentina de Navega\u00e7\u00e3o A\u00e9rea [&hellip;]<\/p>\n","protected":false},"author":4,"featured_media":188301,"comment_status":"open","ping_status":"closed","sticky":false,"template":"","format":"standard","meta":{"amp_status":"","footnotes":""},"categories":[6,28848],"tags":[260384,2581,260383,10950,260375,260374,260376,260380,4785,1018,260379,260377,68211,241366,260381,260382,15363,260378],"class_list":["post-188300","post","type-post","status-publish","format-standard","has-post-thumbnail","hentry","category-br","category-mundo","tag-accr-construcoes","tag-anac","tag-antonio-carlos-de-castro-ramos","tag-argentina","tag-aviao-brasileiro-argentina","tag-aviao-brasileiro-desaparece-na-argentina","tag-aviao-com-brasileiros-desaparece-na-argentina","tag-aviao-pp-zrt","tag-brasil","tag-destaque","tag-eana","tag-el-calafate","tag-florianopolis","tag-patagonia","tag-rivadavia","tag-rv-10","tag-santa-catarina","tag-trelew"],"yoast_head":"<!-- This site is optimized with the Yoast SEO plugin v28.3 - https:\/\/yoast.com\/product\/yoast-seo-wordpress\/ -->\n<title>Avi\u00e3o brasileiro desaparece na Argentina - Aconteceu no Vale<\/title>\n<meta name=\"robots\" content=\"index, follow, max-snippet:-1, max-image-preview:large, max-video-preview:-1\" \/>\n<link rel=\"canonical\" href=\"https:\/\/aconteceunovale.com.br\/portal\/?p=188300\" \/>\n<meta property=\"og:locale\" content=\"pt_BR\" \/>\n<meta property=\"og:type\" content=\"article\" \/>\n<meta property=\"og:title\" content=\"Avi\u00e3o brasileiro desaparece na Argentina - Aconteceu no Vale\" \/>\n<meta property=\"og:description\" content=\"Opera\u00e7\u00f5es a\u00e9reas, terrestres e mar\u00edtimas seguem sendo empreendidas para tentar localizar um avi\u00e3o de matr\u00edcula brasileira que desapareceu na Argentina, na \u00faltima quarta-feira (6\/4\/2022). A aeronave realizava um trajeto do aeroporto de El Calafate, extremo sul da Argentina, para Trelew, na Patag\u00f4nia, quando perdeu contato com os radares. Segundo a Empresa Argentina de Navega\u00e7\u00e3o A\u00e9rea [&hellip;]\" \/>\n<meta property=\"og:url\" content=\"https:\/\/aconteceunovale.com.br\/portal\/?p=188300\" \/>\n<meta property=\"og:site_name\" content=\"Aconteceu no Vale\" \/>\n<meta property=\"article:publisher\" content=\"https:\/\/www.facebook.com\/aconteceunovale\/\" \/>\n<meta property=\"article:published_time\" content=\"2022-04-09T22:26:42+00:00\" \/>\n<meta property=\"article:modified_time\" content=\"2022-04-09T22:29:40+00:00\" \/>\n<meta property=\"og:image\" content=\"https:\/\/aconteceunovale.com.br\/portal\/wp-content\/uploads\/2022\/04\/aviao_brasileiro.webp\" \/>\n\t<meta property=\"og:image:width\" content=\"1000\" \/>\n\t<meta property=\"og:image:height\" content=\"683\" \/>\n\t<meta property=\"og:image:type\" content=\"image\/webp\" \/>\n<meta name=\"author\" content=\"Reda\u00e7\u00e3o Aconteceu no Vale\" \/>\n<meta name=\"twitter:card\" content=\"summary_large_image\" \/>\n<meta name=\"twitter:creator\" content=\"@noticiadosvales\" \/>\n<meta name=\"twitter:site\" content=\"@noticiadosvales\" \/>\n<meta name=\"twitter:label1\" content=\"Escrito por\" \/>\n\t<meta name=\"twitter:data1\" content=\"Reda\u00e7\u00e3o Aconteceu no Vale\" \/>\n\t<meta name=\"twitter:label2\" content=\"Est. tempo de leitura\" \/>\n\t<meta name=\"twitter:data2\" content=\"2 minutos\" \/>\n<script type=\"application\/ld+json\" class=\"yoast-schema-graph\">{\"@context\":\"https:\\\/\\\/schema.org\",\"@graph\":[{\"@type\":\"Article\",\"@id\":\"https:\\\/\\\/aconteceunovale.com.br\\\/portal\\\/?p=188300#article\",\"isPartOf\":{\"@id\":\"https:\\\/\\\/aconteceunovale.com.br\\\/portal\\\/?p=188300\"},\"author\":{\"name\":\"Reda\u00e7\u00e3o Aconteceu no Vale\",\"@id\":\"https:\\\/\\\/aconteceunovale.com.br\\\/portal\\\/#\\\/schema\\\/person\\\/7d2f26d1483f8a63de73da1ee0754d35\"},\"headline\":\"Avi\u00e3o brasileiro desaparece na Argentina\",\"datePublished\":\"2022-04-09T22:26:42+00:00\",\"dateModified\":\"2022-04-09T22:29:40+00:00\",\"mainEntityOfPage\":{\"@id\":\"https:\\\/\\\/aconteceunovale.com.br\\\/portal\\\/?p=188300\"},\"wordCount\":328,\"commentCount\":0,\"image\":{\"@id\":\"https:\\\/\\\/aconteceunovale.com.br\\\/portal\\\/?p=188300#primaryimage\"},\"thumbnailUrl\":\"https:\\\/\\\/aconteceunovale.com.br\\\/portal\\\/wp-content\\\/uploads\\\/2022\\\/04\\\/aviao_brasileiro.webp\",\"keywords\":[\"ACCR Constru\u00e7\u00f5es\",\"Anac\",\"Ant\u00f4nio Carlos de Castro Ramos\",\"Argentina\",\"Avi\u00e3o brasileiro Argentina\",\"Avi\u00e3o brasileiro desaparece na Argentina\",\"Avi\u00e3o com brasileiros desaparece na Argentina\",\"Avi\u00e3o PP-ZRT\",\"brasil\",\"destaque\",\"EANA\",\"El Calafate\",\"Florian\u00f3polis\",\"Patag\u00f4nia\",\"Rivadavia\",\"RV-10\",\"Santa Catarina\",\"Trelew\"],\"articleSection\":[\"Brasil\",\"Mundo\"],\"inLanguage\":\"pt-BR\",\"potentialAction\":[{\"@type\":\"CommentAction\",\"name\":\"Comment\",\"target\":[\"https:\\\/\\\/aconteceunovale.com.br\\\/portal\\\/?p=188300#respond\"]}]},{\"@type\":\"WebPage\",\"@id\":\"https:\\\/\\\/aconteceunovale.com.br\\\/portal\\\/?p=188300\",\"url\":\"https:\\\/\\\/aconteceunovale.com.br\\\/portal\\\/?p=188300\",\"name\":\"Avi\u00e3o brasileiro desaparece na Argentina - Aconteceu no Vale\",\"isPartOf\":{\"@id\":\"https:\\\/\\\/aconteceunovale.com.br\\\/portal\\\/#website\"},\"primaryImageOfPage\":{\"@id\":\"https:\\\/\\\/aconteceunovale.com.br\\\/portal\\\/?p=188300#primaryimage\"},\"image\":{\"@id\":\"https:\\\/\\\/aconteceunovale.com.br\\\/portal\\\/?p=188300#primaryimage\"},\"thumbnailUrl\":\"https:\\\/\\\/aconteceunovale.com.br\\\/portal\\\/wp-content\\\/uploads\\\/2022\\\/04\\\/aviao_brasileiro.webp\",\"datePublished\":\"2022-04-09T22:26:42+00:00\",\"dateModified\":\"2022-04-09T22:29:40+00:00\",\"author\":{\"@id\":\"https:\\\/\\\/aconteceunovale.com.br\\\/portal\\\/#\\\/schema\\\/person\\\/7d2f26d1483f8a63de73da1ee0754d35\"},\"breadcrumb\":{\"@id\":\"https:\\\/\\\/aconteceunovale.com.br\\\/portal\\\/?p=188300#breadcrumb\"},\"inLanguage\":\"pt-BR\",\"potentialAction\":[{\"@type\":\"ReadAction\",\"target\":[\"https:\\\/\\\/aconteceunovale.com.br\\\/portal\\\/?p=188300\"]}]},{\"@type\":\"ImageObject\",\"inLanguage\":\"pt-BR\",\"@id\":\"https:\\\/\\\/aconteceunovale.com.br\\\/portal\\\/?p=188300#primaryimage\",\"url\":\"https:\\\/\\\/aconteceunovale.com.br\\\/portal\\\/wp-content\\\/uploads\\\/2022\\\/04\\\/aviao_brasileiro.webp\",\"contentUrl\":\"https:\\\/\\\/aconteceunovale.com.br\\\/portal\\\/wp-content\\\/uploads\\\/2022\\\/04\\\/aviao_brasileiro.webp\",\"width\":1000,\"height\":683},{\"@type\":\"BreadcrumbList\",\"@id\":\"https:\\\/\\\/aconteceunovale.com.br\\\/portal\\\/?p=188300#breadcrumb\",\"itemListElement\":[{\"@type\":\"ListItem\",\"position\":1,\"name\":\"In\u00edcio\",\"item\":\"https:\\\/\\\/aconteceunovale.com.br\\\/portal\\\/\"},{\"@type\":\"ListItem\",\"position\":2,\"name\":\"Avi\u00e3o brasileiro desaparece na Argentina\"}]},{\"@type\":\"WebSite\",\"@id\":\"https:\\\/\\\/aconteceunovale.com.br\\\/portal\\\/#website\",\"url\":\"https:\\\/\\\/aconteceunovale.com.br\\\/portal\\\/\",\"name\":\"Aconteceu no Vale\",\"description\":\"Portal de Not\u00edcias\",\"potentialAction\":[{\"@type\":\"SearchAction\",\"target\":{\"@type\":\"EntryPoint\",\"urlTemplate\":\"https:\\\/\\\/aconteceunovale.com.br\\\/portal\\\/?s={search_term_string}\"},\"query-input\":{\"@type\":\"PropertyValueSpecification\",\"valueRequired\":true,\"valueName\":\"search_term_string\"}}],\"inLanguage\":\"pt-BR\"},{\"@type\":\"Person\",\"@id\":\"https:\\\/\\\/aconteceunovale.com.br\\\/portal\\\/#\\\/schema\\\/person\\\/7d2f26d1483f8a63de73da1ee0754d35\",\"name\":\"Reda\u00e7\u00e3o Aconteceu no Vale\",\"description\":\"Equipe de reportagem do Aconteceu no Vale, portal de not\u00edcias do Vale do Jequitinhonha, em Minas Gerais. Cobrimos as 51 cidades do Vale desde 2013. Sugest\u00f5es de pauta e pedidos de corre\u00e7\u00e3o: contato@aconteceunovale.com.br\",\"url\":\"https:\\\/\\\/aconteceunovale.com.br\\\/portal\\\/?author=4\"}]}<\/script>\n<!-- \/ Yoast SEO plugin. -->","yoast_head_json":{"title":"Avi\u00e3o brasileiro desaparece na Argentina - Aconteceu no Vale","robots":{"index":"index","follow":"follow","max-snippet":"max-snippet:-1","max-image-preview":"max-image-preview:large","max-video-preview":"max-video-preview:-1"},"canonical":"https:\/\/aconteceunovale.com.br\/portal\/?p=188300","og_locale":"pt_BR","og_type":"article","og_title":"Avi\u00e3o brasileiro desaparece na Argentina - Aconteceu no Vale","og_description":"Opera\u00e7\u00f5es a\u00e9reas, terrestres e mar\u00edtimas seguem sendo empreendidas para tentar localizar um avi\u00e3o de matr\u00edcula brasileira que desapareceu na Argentina, na \u00faltima quarta-feira (6\/4\/2022). A aeronave realizava um trajeto do aeroporto de El Calafate, extremo sul da Argentina, para Trelew, na Patag\u00f4nia, quando perdeu contato com os radares. Segundo a Empresa Argentina de Navega\u00e7\u00e3o A\u00e9rea [&hellip;]","og_url":"https:\/\/aconteceunovale.com.br\/portal\/?p=188300","og_site_name":"Aconteceu no Vale","article_publisher":"https:\/\/www.facebook.com\/aconteceunovale\/","article_published_time":"2022-04-09T22:26:42+00:00","article_modified_time":"2022-04-09T22:29:40+00:00","og_image":[{"width":1000,"height":683,"url":"https:\/\/aconteceunovale.com.br\/portal\/wp-content\/uploads\/2022\/04\/aviao_brasileiro.webp","type":"image\/webp"}],"author":"Reda\u00e7\u00e3o Aconteceu no Vale","twitter_card":"summary_large_image","twitter_creator":"@noticiadosvales","twitter_site":"@noticiadosvales","twitter_misc":{"Escrito por":"Reda\u00e7\u00e3o Aconteceu no Vale","Est. tempo de leitura":"2 minutos"},"schema":{"@context":"https:\/\/schema.org","@graph":[{"@type":"Article","@id":"https:\/\/aconteceunovale.com.br\/portal\/?p=188300#article","isPartOf":{"@id":"https:\/\/aconteceunovale.com.br\/portal\/?p=188300"},"author":{"name":"Reda\u00e7\u00e3o Aconteceu no Vale","@id":"https:\/\/aconteceunovale.com.br\/portal\/#\/schema\/person\/7d2f26d1483f8a63de73da1ee0754d35"},"headline":"Avi\u00e3o brasileiro desaparece na Argentina","datePublished":"2022-04-09T22:26:42+00:00","dateModified":"2022-04-09T22:29:40+00:00","mainEntityOfPage":{"@id":"https:\/\/aconteceunovale.com.br\/portal\/?p=188300"},"wordCount":328,"commentCount":0,"image":{"@id":"https:\/\/aconteceunovale.com.br\/portal\/?p=188300#primaryimage"},"thumbnailUrl":"https:\/\/aconteceunovale.com.br\/portal\/wp-content\/uploads\/2022\/04\/aviao_brasileiro.webp","keywords":["ACCR Constru\u00e7\u00f5es","Anac","Ant\u00f4nio Carlos de Castro Ramos","Argentina","Avi\u00e3o brasileiro Argentina","Avi\u00e3o brasileiro desaparece na Argentina","Avi\u00e3o com brasileiros desaparece na Argentina","Avi\u00e3o PP-ZRT","brasil","destaque","EANA","El Calafate","Florian\u00f3polis","Patag\u00f4nia","Rivadavia","RV-10","Santa Catarina","Trelew"],"articleSection":["Brasil","Mundo"],"inLanguage":"pt-BR","potentialAction":[{"@type":"CommentAction","name":"Comment","target":["https:\/\/aconteceunovale.com.br\/portal\/?p=188300#respond"]}]},{"@type":"WebPage","@id":"https:\/\/aconteceunovale.com.br\/portal\/?p=188300","url":"https:\/\/aconteceunovale.com.br\/portal\/?p=188300","name":"Avi\u00e3o brasileiro desaparece na Argentina - Aconteceu no Vale","isPartOf":{"@id":"https:\/\/aconteceunovale.com.br\/portal\/#website"},"primaryImageOfPage":{"@id":"https:\/\/aconteceunovale.com.br\/portal\/?p=188300#primaryimage"},"image":{"@id":"https:\/\/aconteceunovale.com.br\/portal\/?p=188300#primaryimage"},"thumbnailUrl":"https:\/\/aconteceunovale.com.br\/portal\/wp-content\/uploads\/2022\/04\/aviao_brasileiro.webp","datePublished":"2022-04-09T22:26:42+00:00","dateModified":"2022-04-09T22:29:40+00:00","author":{"@id":"https:\/\/aconteceunovale.com.br\/portal\/#\/schema\/person\/7d2f26d1483f8a63de73da1ee0754d35"},"breadcrumb":{"@id":"https:\/\/aconteceunovale.com.br\/portal\/?p=188300#breadcrumb"},"inLanguage":"pt-BR","potentialAction":[{"@type":"ReadAction","target":["https:\/\/aconteceunovale.com.br\/portal\/?p=188300"]}]},{"@type":"ImageObject","inLanguage":"pt-BR","@id":"https:\/\/aconteceunovale.com.br\/portal\/?p=188300#primaryimage","url":"https:\/\/aconteceunovale.com.br\/portal\/wp-content\/uploads\/2022\/04\/aviao_brasileiro.webp","contentUrl":"https:\/\/aconteceunovale.com.br\/portal\/wp-content\/uploads\/2022\/04\/aviao_brasileiro.webp","width":1000,"height":683},{"@type":"BreadcrumbList","@id":"https:\/\/aconteceunovale.com.br\/portal\/?p=188300#breadcrumb","itemListElement":[{"@type":"ListItem","position":1,"name":"In\u00edcio","item":"https:\/\/aconteceunovale.com.br\/portal\/"},{"@type":"ListItem","position":2,"name":"Avi\u00e3o brasileiro desaparece na Argentina"}]},{"@type":"WebSite","@id":"https:\/\/aconteceunovale.com.br\/portal\/#website","url":"https:\/\/aconteceunovale.com.br\/portal\/","name":"Aconteceu no Vale","description":"Portal de Not\u00edcias","potentialAction":[{"@type":"SearchAction","target":{"@type":"EntryPoint","urlTemplate":"https:\/\/aconteceunovale.com.br\/portal\/?s={search_term_string}"},"query-input":{"@type":"PropertyValueSpecification","valueRequired":true,"valueName":"search_term_string"}}],"inLanguage":"pt-BR"},{"@type":"Person","@id":"https:\/\/aconteceunovale.com.br\/portal\/#\/schema\/person\/7d2f26d1483f8a63de73da1ee0754d35","name":"Reda\u00e7\u00e3o Aconteceu no Vale","description":"Equipe de reportagem do Aconteceu no Vale, portal de not\u00edcias do Vale do Jequitinhonha, em Minas Gerais. Cobrimos as 51 cidades do Vale desde 2013. Sugest\u00f5es de pauta e pedidos de corre\u00e7\u00e3o: contato@aconteceunovale.com.br","url":"https:\/\/aconteceunovale.com.br\/portal\/?author=4"}]}},"_links":{"self":[{"href":"https:\/\/aconteceunovale.com.br\/portal\/index.php?rest_route=\/wp\/v2\/posts\/188300","targetHints":{"allow":["GET"]}}],"collection":[{"href":"https:\/\/aconteceunovale.com.br\/portal\/index.php?rest_route=\/wp\/v2\/posts"}],"about":[{"href":"https:\/\/aconteceunovale.com.br\/portal\/index.php?rest_route=\/wp\/v2\/types\/post"}],"author":[{"embeddable":true,"href":"https:\/\/aconteceunovale.com.br\/portal\/index.php?rest_route=\/wp\/v2\/users\/4"}],"replies":[{"embeddable":true,"href":"https:\/\/aconteceunovale.com.br\/portal\/index.php?rest_route=%2Fwp%2Fv2%2Fcomments&post=188300"}],"version-history":[{"count":2,"href":"https:\/\/aconteceunovale.com.br\/portal\/index.php?rest_route=\/wp\/v2\/posts\/188300\/revisions"}],"predecessor-version":[{"id":188303,"href":"https:\/\/aconteceunovale.com.br\/portal\/index.php?rest_route=\/wp\/v2\/posts\/188300\/revisions\/188303"}],"wp:featuredmedia":[{"embeddable":true,"href":"https:\/\/aconteceunovale.com.br\/portal\/index.php?rest_route=\/wp\/v2\/media\/188301"}],"wp:attachment":[{"href":"https:\/\/aconteceunovale.com.br\/portal\/index.php?rest_route=%2Fwp%2Fv2%2Fmedia&parent=188300"}],"wp:term":[{"taxonomy":"category","embeddable":true,"href":"https:\/\/aconteceunovale.com.br\/portal\/index.php?rest_route=%2Fwp%2Fv2%2Fcategories&post=188300"},{"taxonomy":"post_tag","embeddable":true,"href":"https:\/\/aconteceunovale.com.br\/portal\/index.php?rest_route=%2Fwp%2Fv2%2Ftags&post=188300"}],"curies":[{"name":"wp","href":"https:\/\/api.w.org\/{rel}","templated":true}]}}