{"id":188295,"date":"2022-04-09T15:53:12","date_gmt":"2022-04-09T18:53:12","guid":{"rendered":"https:\/\/aconteceunovale.com.br\/portal\/?p=188295"},"modified":"2022-04-09T15:53:46","modified_gmt":"2022-04-09T18:53:46","slug":"ministerio-da-agricultura-libera-retomada-da-venda-de-cervejas-da-marca-backer","status":"publish","type":"post","link":"https:\/\/aconteceunovale.com.br\/portal\/?p=188295","title":{"rendered":"Minist\u00e9rio da Agricultura libera retomada da venda de cervejas da marca Backer"},"content":{"rendered":"\n<p class=\"wp-block-paragraph\">O Minist\u00e9rio da Agricultura, Pecu\u00e1ria e Abastecimento\u00a0(Mapa) anunciou permitiu a retomada da venda de cervejas da f\u00e1brica mineira Backer. Em 2020, o \u00f3rg\u00e3o havia proibido o funcionamento da cervejaria em raz\u00e3o de um caso de contamina\u00e7\u00e3o.<\/p>\n\n\n\n<p class=\"wp-block-paragraph\">A empresa foi investigada e teve suas unidades de produ\u00e7\u00e3o interditadas depois que lotes de cervejas causaram intoxica\u00e7\u00e3o em consumidores, resultando na morte de pelo menos 10 pessoas.<\/p>\n\n\n\n<p class=\"wp-block-paragraph\">Investigadores acharam a subst\u00e2ncia t\u00f3xica dietilenoglicol, usada em\u00a0sistemas de refrigera\u00e7\u00e3o. Tr\u00eas s\u00f3cios da companhia, sete funcion\u00e1rios e um\u00a0fornecedor\u00a0foram denunciados pelo Minist\u00e9rio P\u00fablico.<\/p>\n\n\n\n<p class=\"wp-block-paragraph\">A libera\u00e7\u00e3o pelo Minist\u00e9rio foi para duas adegas do parque fabril da empresa. &nbsp;A produ\u00e7\u00e3o j\u00e1 vinha ocorrendo ap\u00f3s o minist\u00e9rio autorizar a volta da fabrica\u00e7\u00e3o do produto em novembro de 2021.<\/p>\n\n\n\n<p class=\"wp-block-paragraph\">Segundo o \u00f3rg\u00e3o, a decis\u00e3o foi tomada depois de an\u00e1lise por auditores agropecu\u00e1rios. Eles avaliaram amostras de lotes que passaram a ser produzidos. Diante da aus\u00eancia de problemas e da valida\u00e7\u00e3o das bebidas, a permiss\u00e3o da volta da comercializa\u00e7\u00e3o foi emitida.<\/p>\n\n\n\n<p class=\"wp-block-paragraph\">&#8212;&#8212;&#8212;&#8212;&#8212;&#8212;<br><br><strong>Sabia que o Aconteceu no Vale est\u00e1 tamb\u00e9m no Telegram? <a rel=\"noreferrer noopener\" href=\"https:\/\/t.me\/aconteceunovaleoficial\" target=\"_blank\">Inscreva-se no canal<\/a>.<\/strong><br><br><strong>J\u00e1 curtiu ou seguiu nossas p\u00e1ginas nas redes sociais?\u00a0Receba as not\u00edcias em primeira m\u00e3o:<\/strong><br>\u2022 <a rel=\"noreferrer noopener\" href=\"https:\/\/news.google.com\/publications\/CAAqBwgKMNjklQswi4etAw?hl=pt-BR&amp;gl=BR&amp;ceid=BR%3Apt-419\" target=\"_blank\">Google News<\/a><br>\u2022 <a rel=\"noreferrer noopener\" href=\"https:\/\/www.facebook.com\/aconteceunovale\/\" target=\"_blank\">Facebook<\/a><br>\u2022 <a rel=\"noreferrer noopener\" href=\"https:\/\/twitter.com\/noticiadosvales\" target=\"_blank\">Twitter<\/a><br>\u2022 <a rel=\"noreferrer noopener\" href=\"https:\/\/www.instagram.com\/aconteceunovale\" target=\"_blank\">Instagram<\/a><br>\u2022 <a rel=\"noreferrer noopener\" href=\"https:\/\/www.youtube.com\/AconteceunoValeOficial\" target=\"_blank\">Youtube<\/a><br>\u2022 <a rel=\"noreferrer noopener\" href=\"https:\/\/www.tiktok.com\/@aconteceunovale\" target=\"_blank\">TikTok<\/a><\/p>\n","protected":false},"excerpt":{"rendered":"<p>O Minist\u00e9rio da Agricultura, Pecu\u00e1ria e Abastecimento\u00a0(Mapa) anunciou permitiu a retomada da venda de cervejas da f\u00e1brica mineira Backer. Em 2020, o \u00f3rg\u00e3o havia proibido o funcionamento da cervejaria em raz\u00e3o de um caso de contamina\u00e7\u00e3o. A empresa foi investigada e teve suas unidades de produ\u00e7\u00e3o interditadas depois que lotes de cervejas causaram intoxica\u00e7\u00e3o em [&hellip;]<\/p>\n","protected":false},"author":4,"featured_media":163773,"comment_status":"open","ping_status":"closed","sticky":false,"template":"","format":"standard","meta":{"amp_status":"","footnotes":""},"categories":[123],"tags":[215278,215296,194,132,96064,214782,214780,214212,214781,214779,214778,214215,214213,214774,214777,214776,214214,214775,214156,226864,214839,1018,214157,214160,214161,214478,214477,214131,214132,214133,214134,214136,214162,214829,206,214216,260371,19326,214838,214837,214135,1496,214430,214730,214475,214474,214476,25032,214158,214154,214155,226865,214806,13553,214830,214293,219,214159],"class_list":["post-188295","post","type-post","status-publish","format-standard","has-post-thumbnail","hentry","category-gerais","tag-analise-encomendada-pela-cervejaria-backer-nega-contaminacao-da-agua","tag-anvisa-orienta-sobre-situacao-das-cervejas-da-backer","tag-belo-horizonte","tag-capelinha","tag-cerveja","tag-cerveja-backer-d2","tag-cerveja-backer-pilsen","tag-cerveja-belorizontina","tag-cerveja-capitao-senra","tag-cerveja-capixada","tag-cerveja-com-produto-quimico","tag-cerveja-contaminada","tag-cerveja-contaminadas","tag-cerveja-fargo-46","tag-cerveja-pele-vermelha","tag-cervejaria-backer","tag-cervejas-da-backer-contaminadas","tag-contaminacao-da-belorizontina","tag-contaminacao-nas-cervejas-da-backer-nao-foi-evento-isolado","tag-contaminado-por-dietilenoglicol-em-capelinha","tag-destaque","tag-dietilenoglicol","tag-dietilenoglicol-belorizontina","tag-dietilenoglicol-em-cerveja-mineira","tag-dietilenoglicol-em-tanque-da-backer","tag-dietilenoglicol-em-tanque-da-belorizontina","tag-doenca-desconhecida","tag-doenca-desconhecida-causa-morte-em-minas-gerais","tag-doenca-desconhecida-em-minas-gerais","tag-doenca-misteriosa-assusta-os-moradores-de-minas-gerais","tag-doenca-misteriosa-causa-morte-em-minas-gerais","tag-elemento-toxico-encontrado-em-cerveja-mineira-ja-causou-centenas-de-mortes-pelo-mundo","tag-intoxicacao-por-dietilenoglicol","tag-juiz-de-fora","tag-ministerio-da-agricultura-interdita-cervejaria-em-belo-horizonte","tag-ministerio-da-agricultura-libera-retomada-da-venda-de-cervejas-da-marca-backer","tag-ministerio-da-saude","tag-morador-de-capelinha-contaminado-com-dietilenoglicol","tag-morador-de-capelinha-e-a-19a-vitima-de-intoxicacao-por-dietilenoglicol","tag-morte-por-doenca-misteriosa-em-minas-gerais","tag-nova-lima","tag-policia-civil-de-minas-gerais-analisa-amostras-recolhidas-de-cervejaria","tag-policia-civil-de-minas-gerais-confirma-3a-morte-por-sindrome-nefroneural","tag-policia-encontra-substancia-toxica-em-um-dos-tanques-da-backer","tag-policia-encontra-substancia-toxica-em-um-dos-tanques-da-fabrica-da-belorizontina","tag-policia-encontra-substancia-toxica-em-um-dos-tanques-de-cervejaria-mineira","tag-pompeu","tag-problema-com-belorizontina","tag-produto-quimico-encontrado-em-cerveja-mineira-ja-causou-centenas-de-mortes-pelo-mundo","tag-produto-quimico-encontrado-na-cerveja-belorizontina-ja-causou-centenas-de-mortes-pelo-mundo","tag-relatorio-final-do-ministerio-da-agricultura-sobre-contaminacao-nas-cervejas-da-backer","tag-secretaria-de-saude-confirma-quarta-morte-por-ingestao-de-dietilenoglicol-em-minas-gerais","tag-secretaria-de-saude-de-minas-gerais","tag-sintomas-gastrointestinais-comecam-em-ate-72-horas-apos-ingestao-de-bebida-contaminada-com-dietilenoglicol","tag-sobe-para-10-o-numero-de-pessoas-internadas-apos-ingestao-de-cerveja-em-minas-gerais","tag-uba","tag-veneno-na-belorizontina"],"yoast_head":"<!-- This site is optimized with the Yoast SEO plugin v28.3 - https:\/\/yoast.com\/product\/yoast-seo-wordpress\/ -->\n<title>Minist\u00e9rio da Agricultura libera retomada da venda de cervejas da marca Backer - Aconteceu no Vale<\/title>\n<meta name=\"robots\" content=\"index, follow, max-snippet:-1, max-image-preview:large, max-video-preview:-1\" \/>\n<link rel=\"canonical\" href=\"https:\/\/aconteceunovale.com.br\/portal\/?p=188295\" \/>\n<meta property=\"og:locale\" content=\"pt_BR\" \/>\n<meta property=\"og:type\" content=\"article\" \/>\n<meta property=\"og:title\" content=\"Minist\u00e9rio da Agricultura libera retomada da venda de cervejas da marca Backer - Aconteceu no Vale\" \/>\n<meta property=\"og:description\" content=\"O Minist\u00e9rio da Agricultura, Pecu\u00e1ria e Abastecimento\u00a0(Mapa) anunciou permitiu a retomada da venda de cervejas da f\u00e1brica mineira Backer. Em 2020, o \u00f3rg\u00e3o havia proibido o funcionamento da cervejaria em raz\u00e3o de um caso de contamina\u00e7\u00e3o. A empresa foi investigada e teve suas unidades de produ\u00e7\u00e3o interditadas depois que lotes de cervejas causaram intoxica\u00e7\u00e3o em [&hellip;]\" \/>\n<meta property=\"og:url\" content=\"https:\/\/aconteceunovale.com.br\/portal\/?p=188295\" \/>\n<meta property=\"og:site_name\" content=\"Aconteceu no Vale\" \/>\n<meta property=\"article:publisher\" content=\"https:\/\/www.facebook.com\/aconteceunovale\/\" \/>\n<meta property=\"article:published_time\" content=\"2022-04-09T18:53:12+00:00\" \/>\n<meta property=\"article:modified_time\" content=\"2022-04-09T18:53:46+00:00\" \/>\n<meta property=\"og:image\" content=\"https:\/\/aconteceunovale.com.br\/portal\/wp-content\/uploads\/2020\/06\/cerveja_backer.png\" \/>\n\t<meta property=\"og:image:width\" content=\"605\" \/>\n\t<meta property=\"og:image:height\" content=\"450\" \/>\n\t<meta property=\"og:image:type\" content=\"image\/png\" \/>\n<meta name=\"author\" content=\"Reda\u00e7\u00e3o Aconteceu no Vale\" \/>\n<meta name=\"twitter:card\" content=\"summary_large_image\" \/>\n<meta name=\"twitter:creator\" content=\"@noticiadosvales\" \/>\n<meta name=\"twitter:site\" content=\"@noticiadosvales\" \/>\n<meta name=\"twitter:label1\" content=\"Escrito por\" \/>\n\t<meta name=\"twitter:data1\" content=\"Reda\u00e7\u00e3o Aconteceu no Vale\" \/>\n\t<meta name=\"twitter:label2\" content=\"Est. tempo de leitura\" \/>\n\t<meta name=\"twitter:data2\" content=\"1 minuto\" \/>\n<script type=\"application\/ld+json\" class=\"yoast-schema-graph\">{\"@context\":\"https:\\\/\\\/schema.org\",\"@graph\":[{\"@type\":\"Article\",\"@id\":\"https:\\\/\\\/aconteceunovale.com.br\\\/portal\\\/?p=188295#article\",\"isPartOf\":{\"@id\":\"https:\\\/\\\/aconteceunovale.com.br\\\/portal\\\/?p=188295\"},\"author\":{\"name\":\"Reda\u00e7\u00e3o Aconteceu no Vale\",\"@id\":\"https:\\\/\\\/aconteceunovale.com.br\\\/portal\\\/#\\\/schema\\\/person\\\/7d2f26d1483f8a63de73da1ee0754d35\"},\"headline\":\"Minist\u00e9rio da Agricultura libera retomada da venda de cervejas da marca Backer\",\"datePublished\":\"2022-04-09T18:53:12+00:00\",\"dateModified\":\"2022-04-09T18:53:46+00:00\",\"mainEntityOfPage\":{\"@id\":\"https:\\\/\\\/aconteceunovale.com.br\\\/portal\\\/?p=188295\"},\"wordCount\":244,\"commentCount\":0,\"image\":{\"@id\":\"https:\\\/\\\/aconteceunovale.com.br\\\/portal\\\/?p=188295#primaryimage\"},\"thumbnailUrl\":\"https:\\\/\\\/aconteceunovale.com.br\\\/portal\\\/wp-content\\\/uploads\\\/2020\\\/06\\\/cerveja_backer.png\",\"keywords\":[\"An\u00e1lise encomendada pela cervejaria Backer nega contamina\u00e7\u00e3o da \u00e1gua\",\"Anvisa orienta sobre situa\u00e7\u00e3o das cervejas da Backer\",\"Belo Horizonte\",\"Capelinha\",\"cerveja\",\"Cerveja Backer D2\",\"Cerveja Backer Pilsen\",\"Cerveja Belorizontina\",\"Cerveja Brown\",\"Cerveja Capit\u00e3o Senra\",\"Cerveja Capixada\",\"Cerveja com produto qu\u00edmico\",\"Cerveja contaminada\",\"Cerveja contaminadas\",\"Cerveja Fargo 46\",\"Cerveja Pele Vermelha\",\"Cervejaria Backer\",\"Cervejas da Backer contaminadas\",\"Contamina\u00e7\u00e3o da Belorizontina\",\"Contamina\u00e7\u00e3o nas cervejas da Backer n\u00e3o foi evento isolado\",\"Contaminado por dietilenoglicol em Capelinha\",\"destaque\",\"Dietilenoglicol\",\"Dietilenoglicol Belorizontina\",\"Dietilenoglicol em cerveja mineira\",\"Dietilenoglicol em tanque da Backer\",\"Dietilenoglicol em tanque da Belorizontina\",\"Doen\u00e7a desconhecida\",\"Doen\u00e7a desconhecida causa morte em Minas Gerais\",\"Doen\u00e7a desconhecida em Minas Gerais\",\"Doen\u00e7a misteriosa assusta os moradores de Minas Gerais\",\"Doen\u00e7a misteriosa causa morte em Minas Gerais\",\"Elemento t\u00f3xico encontrado em cerveja mineira j\u00e1 causou centenas de mortes pelo mundo\",\"Intoxica\u00e7\u00e3o por dietilenoglicol\",\"Juiz de Fora\",\"Minist\u00e9rio da Agricultura interdita cervejaria em Belo Horizonte\",\"Minist\u00e9rio da Agricultura libera retomada da venda de cervejas da marca Backer\",\"Minist\u00e9rio da Sa\u00fade\",\"Morador de Capelinha contaminado com dietilenoglicol\",\"Morador de Capelinha \u00e9 a 19\u00aa v\u00edtima de intoxica\u00e7\u00e3o por dietilenoglicol\",\"Morte por doen\u00e7a misteriosa em Minas Gerais\",\"Nova Lima\",\"Pol\u00edcia Civil de Minas Gerais analisa amostras recolhidas de cervejaria\",\"Pol\u00edcia Civil de Minas Gerais confirma 3\u00aa morte por s\u00edndrome nefroneural\",\"Pol\u00edcia encontra subst\u00e2ncia t\u00f3xica em um dos tanques da Backer\",\"Pol\u00edcia encontra subst\u00e2ncia t\u00f3xica em um dos tanques da f\u00e1brica da Belorizontina\",\"Pol\u00edcia encontra subst\u00e2ncia t\u00f3xica em um dos tanques de cervejaria mineira\",\"Pompeu\",\"Problema com Belorizontina\",\"Produto qu\u00edmico encontrado em cerveja mineira j\u00e1 causou centenas de mortes pelo mundo\",\"Produto qu\u00edmico encontrado na cerveja Belorizontina j\u00e1 causou centenas de mortes pelo mundo\",\"Relat\u00f3rio final do Minist\u00e9rio da Agricultura sobre contamina\u00e7\u00e3o nas cervejas da Backer\",\"Secretaria de Sa\u00fade confirma quarta morte por ingest\u00e3o de dietilenoglicol em Minas Gerais\",\"Secretaria de Sa\u00fade de Minas Gerais\",\"Sintomas gastrointestinais come\u00e7am em at\u00e9 72 horas ap\u00f3s ingest\u00e3o de bebida contaminada com dietilenoglicol\",\"Sobe para 10 o n\u00famero de pessoas internadas ap\u00f3s ingest\u00e3o de cerveja em Minas Gerais\",\"Ub\u00e1\",\"Veneno na Belorizontina\"],\"articleSection\":[\"Minas Gerais\"],\"inLanguage\":\"pt-BR\",\"potentialAction\":[{\"@type\":\"CommentAction\",\"name\":\"Comment\",\"target\":[\"https:\\\/\\\/aconteceunovale.com.br\\\/portal\\\/?p=188295#respond\"]}]},{\"@type\":\"WebPage\",\"@id\":\"https:\\\/\\\/aconteceunovale.com.br\\\/portal\\\/?p=188295\",\"url\":\"https:\\\/\\\/aconteceunovale.com.br\\\/portal\\\/?p=188295\",\"name\":\"Minist\u00e9rio da Agricultura libera retomada da venda de cervejas da marca Backer - Aconteceu no Vale\",\"isPartOf\":{\"@id\":\"https:\\\/\\\/aconteceunovale.com.br\\\/portal\\\/#website\"},\"primaryImageOfPage\":{\"@id\":\"https:\\\/\\\/aconteceunovale.com.br\\\/portal\\\/?p=188295#primaryimage\"},\"image\":{\"@id\":\"https:\\\/\\\/aconteceunovale.com.br\\\/portal\\\/?p=188295#primaryimage\"},\"thumbnailUrl\":\"https:\\\/\\\/aconteceunovale.com.br\\\/portal\\\/wp-content\\\/uploads\\\/2020\\\/06\\\/cerveja_backer.png\",\"datePublished\":\"2022-04-09T18:53:12+00:00\",\"dateModified\":\"2022-04-09T18:53:46+00:00\",\"author\":{\"@id\":\"https:\\\/\\\/aconteceunovale.com.br\\\/portal\\\/#\\\/schema\\\/person\\\/7d2f26d1483f8a63de73da1ee0754d35\"},\"breadcrumb\":{\"@id\":\"https:\\\/\\\/aconteceunovale.com.br\\\/portal\\\/?p=188295#breadcrumb\"},\"inLanguage\":\"pt-BR\",\"potentialAction\":[{\"@type\":\"ReadAction\",\"target\":[\"https:\\\/\\\/aconteceunovale.com.br\\\/portal\\\/?p=188295\"]}]},{\"@type\":\"ImageObject\",\"inLanguage\":\"pt-BR\",\"@id\":\"https:\\\/\\\/aconteceunovale.com.br\\\/portal\\\/?p=188295#primaryimage\",\"url\":\"https:\\\/\\\/aconteceunovale.com.br\\\/portal\\\/wp-content\\\/uploads\\\/2020\\\/06\\\/cerveja_backer.png\",\"contentUrl\":\"https:\\\/\\\/aconteceunovale.com.br\\\/portal\\\/wp-content\\\/uploads\\\/2020\\\/06\\\/cerveja_backer.png\",\"width\":605,\"height\":450},{\"@type\":\"BreadcrumbList\",\"@id\":\"https:\\\/\\\/aconteceunovale.com.br\\\/portal\\\/?p=188295#breadcrumb\",\"itemListElement\":[{\"@type\":\"ListItem\",\"position\":1,\"name\":\"In\u00edcio\",\"item\":\"https:\\\/\\\/aconteceunovale.com.br\\\/portal\\\/\"},{\"@type\":\"ListItem\",\"position\":2,\"name\":\"Minist\u00e9rio da Agricultura libera retomada da venda de cervejas da marca Backer\"}]},{\"@type\":\"WebSite\",\"@id\":\"https:\\\/\\\/aconteceunovale.com.br\\\/portal\\\/#website\",\"url\":\"https:\\\/\\\/aconteceunovale.com.br\\\/portal\\\/\",\"name\":\"Aconteceu no Vale\",\"description\":\"Portal de Not\u00edcias\",\"potentialAction\":[{\"@type\":\"SearchAction\",\"target\":{\"@type\":\"EntryPoint\",\"urlTemplate\":\"https:\\\/\\\/aconteceunovale.com.br\\\/portal\\\/?s={search_term_string}\"},\"query-input\":{\"@type\":\"PropertyValueSpecification\",\"valueRequired\":true,\"valueName\":\"search_term_string\"}}],\"inLanguage\":\"pt-BR\"},{\"@type\":\"Person\",\"@id\":\"https:\\\/\\\/aconteceunovale.com.br\\\/portal\\\/#\\\/schema\\\/person\\\/7d2f26d1483f8a63de73da1ee0754d35\",\"name\":\"Reda\u00e7\u00e3o Aconteceu no Vale\",\"description\":\"Equipe de reportagem do Aconteceu no Vale, portal de not\u00edcias do Vale do Jequitinhonha, em Minas Gerais. Cobrimos as 51 cidades do Vale desde 2013. Sugest\u00f5es de pauta e pedidos de corre\u00e7\u00e3o: contato@aconteceunovale.com.br\",\"url\":\"https:\\\/\\\/aconteceunovale.com.br\\\/portal\\\/?author=4\"}]}<\/script>\n<!-- \/ Yoast SEO plugin. -->","yoast_head_json":{"title":"Minist\u00e9rio da Agricultura libera retomada da venda de cervejas da marca Backer - Aconteceu no Vale","robots":{"index":"index","follow":"follow","max-snippet":"max-snippet:-1","max-image-preview":"max-image-preview:large","max-video-preview":"max-video-preview:-1"},"canonical":"https:\/\/aconteceunovale.com.br\/portal\/?p=188295","og_locale":"pt_BR","og_type":"article","og_title":"Minist\u00e9rio da Agricultura libera retomada da venda de cervejas da marca Backer - Aconteceu no Vale","og_description":"O Minist\u00e9rio da Agricultura, Pecu\u00e1ria e Abastecimento\u00a0(Mapa) anunciou permitiu a retomada da venda de cervejas da f\u00e1brica mineira Backer. Em 2020, o \u00f3rg\u00e3o havia proibido o funcionamento da cervejaria em raz\u00e3o de um caso de contamina\u00e7\u00e3o. A empresa foi investigada e teve suas unidades de produ\u00e7\u00e3o interditadas depois que lotes de cervejas causaram intoxica\u00e7\u00e3o em [&hellip;]","og_url":"https:\/\/aconteceunovale.com.br\/portal\/?p=188295","og_site_name":"Aconteceu no Vale","article_publisher":"https:\/\/www.facebook.com\/aconteceunovale\/","article_published_time":"2022-04-09T18:53:12+00:00","article_modified_time":"2022-04-09T18:53:46+00:00","og_image":[{"width":605,"height":450,"url":"https:\/\/aconteceunovale.com.br\/portal\/wp-content\/uploads\/2020\/06\/cerveja_backer.png","type":"image\/png"}],"author":"Reda\u00e7\u00e3o Aconteceu no Vale","twitter_card":"summary_large_image","twitter_creator":"@noticiadosvales","twitter_site":"@noticiadosvales","twitter_misc":{"Escrito por":"Reda\u00e7\u00e3o Aconteceu no Vale","Est. tempo de leitura":"1 minuto"},"schema":{"@context":"https:\/\/schema.org","@graph":[{"@type":"Article","@id":"https:\/\/aconteceunovale.com.br\/portal\/?p=188295#article","isPartOf":{"@id":"https:\/\/aconteceunovale.com.br\/portal\/?p=188295"},"author":{"name":"Reda\u00e7\u00e3o Aconteceu no Vale","@id":"https:\/\/aconteceunovale.com.br\/portal\/#\/schema\/person\/7d2f26d1483f8a63de73da1ee0754d35"},"headline":"Minist\u00e9rio da Agricultura libera retomada da venda de cervejas da marca Backer","datePublished":"2022-04-09T18:53:12+00:00","dateModified":"2022-04-09T18:53:46+00:00","mainEntityOfPage":{"@id":"https:\/\/aconteceunovale.com.br\/portal\/?p=188295"},"wordCount":244,"commentCount":0,"image":{"@id":"https:\/\/aconteceunovale.com.br\/portal\/?p=188295#primaryimage"},"thumbnailUrl":"https:\/\/aconteceunovale.com.br\/portal\/wp-content\/uploads\/2020\/06\/cerveja_backer.png","keywords":["An\u00e1lise encomendada pela cervejaria Backer nega contamina\u00e7\u00e3o da \u00e1gua","Anvisa orienta sobre situa\u00e7\u00e3o das cervejas da Backer","Belo Horizonte","Capelinha","cerveja","Cerveja Backer D2","Cerveja Backer Pilsen","Cerveja Belorizontina","Cerveja Brown","Cerveja Capit\u00e3o Senra","Cerveja Capixada","Cerveja com produto qu\u00edmico","Cerveja contaminada","Cerveja contaminadas","Cerveja Fargo 46","Cerveja Pele Vermelha","Cervejaria Backer","Cervejas da Backer contaminadas","Contamina\u00e7\u00e3o da Belorizontina","Contamina\u00e7\u00e3o nas cervejas da Backer n\u00e3o foi evento isolado","Contaminado por dietilenoglicol em Capelinha","destaque","Dietilenoglicol","Dietilenoglicol Belorizontina","Dietilenoglicol em cerveja mineira","Dietilenoglicol em tanque da Backer","Dietilenoglicol em tanque da Belorizontina","Doen\u00e7a desconhecida","Doen\u00e7a desconhecida causa morte em Minas Gerais","Doen\u00e7a desconhecida em Minas Gerais","Doen\u00e7a misteriosa assusta os moradores de Minas Gerais","Doen\u00e7a misteriosa causa morte em Minas Gerais","Elemento t\u00f3xico encontrado em cerveja mineira j\u00e1 causou centenas de mortes pelo mundo","Intoxica\u00e7\u00e3o por dietilenoglicol","Juiz de Fora","Minist\u00e9rio da Agricultura interdita cervejaria em Belo Horizonte","Minist\u00e9rio da Agricultura libera retomada da venda de cervejas da marca Backer","Minist\u00e9rio da Sa\u00fade","Morador de Capelinha contaminado com dietilenoglicol","Morador de Capelinha \u00e9 a 19\u00aa v\u00edtima de intoxica\u00e7\u00e3o por dietilenoglicol","Morte por doen\u00e7a misteriosa em Minas Gerais","Nova Lima","Pol\u00edcia Civil de Minas Gerais analisa amostras recolhidas de cervejaria","Pol\u00edcia Civil de Minas Gerais confirma 3\u00aa morte por s\u00edndrome nefroneural","Pol\u00edcia encontra subst\u00e2ncia t\u00f3xica em um dos tanques da Backer","Pol\u00edcia encontra subst\u00e2ncia t\u00f3xica em um dos tanques da f\u00e1brica da Belorizontina","Pol\u00edcia encontra subst\u00e2ncia t\u00f3xica em um dos tanques de cervejaria mineira","Pompeu","Problema com Belorizontina","Produto qu\u00edmico encontrado em cerveja mineira j\u00e1 causou centenas de mortes pelo mundo","Produto qu\u00edmico encontrado na cerveja Belorizontina j\u00e1 causou centenas de mortes pelo mundo","Relat\u00f3rio final do Minist\u00e9rio da Agricultura sobre contamina\u00e7\u00e3o nas cervejas da Backer","Secretaria de Sa\u00fade confirma quarta morte por ingest\u00e3o de dietilenoglicol em Minas Gerais","Secretaria de Sa\u00fade de Minas Gerais","Sintomas gastrointestinais come\u00e7am em at\u00e9 72 horas ap\u00f3s ingest\u00e3o de bebida contaminada com dietilenoglicol","Sobe para 10 o n\u00famero de pessoas internadas ap\u00f3s ingest\u00e3o de cerveja em Minas Gerais","Ub\u00e1","Veneno na Belorizontina"],"articleSection":["Minas Gerais"],"inLanguage":"pt-BR","potentialAction":[{"@type":"CommentAction","name":"Comment","target":["https:\/\/aconteceunovale.com.br\/portal\/?p=188295#respond"]}]},{"@type":"WebPage","@id":"https:\/\/aconteceunovale.com.br\/portal\/?p=188295","url":"https:\/\/aconteceunovale.com.br\/portal\/?p=188295","name":"Minist\u00e9rio da Agricultura libera retomada da venda de cervejas da marca Backer - Aconteceu no Vale","isPartOf":{"@id":"https:\/\/aconteceunovale.com.br\/portal\/#website"},"primaryImageOfPage":{"@id":"https:\/\/aconteceunovale.com.br\/portal\/?p=188295#primaryimage"},"image":{"@id":"https:\/\/aconteceunovale.com.br\/portal\/?p=188295#primaryimage"},"thumbnailUrl":"https:\/\/aconteceunovale.com.br\/portal\/wp-content\/uploads\/2020\/06\/cerveja_backer.png","datePublished":"2022-04-09T18:53:12+00:00","dateModified":"2022-04-09T18:53:46+00:00","author":{"@id":"https:\/\/aconteceunovale.com.br\/portal\/#\/schema\/person\/7d2f26d1483f8a63de73da1ee0754d35"},"breadcrumb":{"@id":"https:\/\/aconteceunovale.com.br\/portal\/?p=188295#breadcrumb"},"inLanguage":"pt-BR","potentialAction":[{"@type":"ReadAction","target":["https:\/\/aconteceunovale.com.br\/portal\/?p=188295"]}]},{"@type":"ImageObject","inLanguage":"pt-BR","@id":"https:\/\/aconteceunovale.com.br\/portal\/?p=188295#primaryimage","url":"https:\/\/aconteceunovale.com.br\/portal\/wp-content\/uploads\/2020\/06\/cerveja_backer.png","contentUrl":"https:\/\/aconteceunovale.com.br\/portal\/wp-content\/uploads\/2020\/06\/cerveja_backer.png","width":605,"height":450},{"@type":"BreadcrumbList","@id":"https:\/\/aconteceunovale.com.br\/portal\/?p=188295#breadcrumb","itemListElement":[{"@type":"ListItem","position":1,"name":"In\u00edcio","item":"https:\/\/aconteceunovale.com.br\/portal\/"},{"@type":"ListItem","position":2,"name":"Minist\u00e9rio da Agricultura libera retomada da venda de cervejas da marca Backer"}]},{"@type":"WebSite","@id":"https:\/\/aconteceunovale.com.br\/portal\/#website","url":"https:\/\/aconteceunovale.com.br\/portal\/","name":"Aconteceu no Vale","description":"Portal de Not\u00edcias","potentialAction":[{"@type":"SearchAction","target":{"@type":"EntryPoint","urlTemplate":"https:\/\/aconteceunovale.com.br\/portal\/?s={search_term_string}"},"query-input":{"@type":"PropertyValueSpecification","valueRequired":true,"valueName":"search_term_string"}}],"inLanguage":"pt-BR"},{"@type":"Person","@id":"https:\/\/aconteceunovale.com.br\/portal\/#\/schema\/person\/7d2f26d1483f8a63de73da1ee0754d35","name":"Reda\u00e7\u00e3o Aconteceu no Vale","description":"Equipe de reportagem do Aconteceu no Vale, portal de not\u00edcias do Vale do Jequitinhonha, em Minas Gerais. Cobrimos as 51 cidades do Vale desde 2013. Sugest\u00f5es de pauta e pedidos de corre\u00e7\u00e3o: contato@aconteceunovale.com.br","url":"https:\/\/aconteceunovale.com.br\/portal\/?author=4"}]}},"_links":{"self":[{"href":"https:\/\/aconteceunovale.com.br\/portal\/index.php?rest_route=\/wp\/v2\/posts\/188295","targetHints":{"allow":["GET"]}}],"collection":[{"href":"https:\/\/aconteceunovale.com.br\/portal\/index.php?rest_route=\/wp\/v2\/posts"}],"about":[{"href":"https:\/\/aconteceunovale.com.br\/portal\/index.php?rest_route=\/wp\/v2\/types\/post"}],"author":[{"embeddable":true,"href":"https:\/\/aconteceunovale.com.br\/portal\/index.php?rest_route=\/wp\/v2\/users\/4"}],"replies":[{"embeddable":true,"href":"https:\/\/aconteceunovale.com.br\/portal\/index.php?rest_route=%2Fwp%2Fv2%2Fcomments&post=188295"}],"version-history":[{"count":1,"href":"https:\/\/aconteceunovale.com.br\/portal\/index.php?rest_route=\/wp\/v2\/posts\/188295\/revisions"}],"predecessor-version":[{"id":188296,"href":"https:\/\/aconteceunovale.com.br\/portal\/index.php?rest_route=\/wp\/v2\/posts\/188295\/revisions\/188296"}],"wp:featuredmedia":[{"embeddable":true,"href":"https:\/\/aconteceunovale.com.br\/portal\/index.php?rest_route=\/wp\/v2\/media\/163773"}],"wp:attachment":[{"href":"https:\/\/aconteceunovale.com.br\/portal\/index.php?rest_route=%2Fwp%2Fv2%2Fmedia&parent=188295"}],"wp:term":[{"taxonomy":"category","embeddable":true,"href":"https:\/\/aconteceunovale.com.br\/portal\/index.php?rest_route=%2Fwp%2Fv2%2Fcategories&post=188295"},{"taxonomy":"post_tag","embeddable":true,"href":"https:\/\/aconteceunovale.com.br\/portal\/index.php?rest_route=%2Fwp%2Fv2%2Ftags&post=188295"}],"curies":[{"name":"wp","href":"https:\/\/api.w.org\/{rel}","templated":true}]}}