{"id":188293,"date":"2022-04-08T17:48:51","date_gmt":"2022-04-08T20:48:51","guid":{"rendered":"https:\/\/aconteceunovale.com.br\/portal\/?p=188293"},"modified":"2022-04-08T17:50:15","modified_gmt":"2022-04-08T20:50:15","slug":"deputados-pedem-cassacao-de-arthur-do-val-apos-falas-machistas","status":"publish","type":"post","link":"https:\/\/aconteceunovale.com.br\/portal\/?p=188293","title":{"rendered":"Deputados pedem cassa\u00e7\u00e3o de Arthur do Val ap\u00f3s falas machistas"},"content":{"rendered":"\n<p class=\"wp-block-paragraph\">O relator do processo contra o deputado estadual Arthur do Val (Uni\u00e3o-SP), no Conselho de \u00c9tica da Assembleia Legislativa de S\u00e3o Paulo (Alesp), Delegado Olim (PP), pediu a cassa\u00e7\u00e3o do mandato do parlamentar. Ele entregou o relat\u00f3rio ao colegiado nesta quinta-feira (7).<\/p>\n\n\n\n<p class=\"wp-block-paragraph\">O Conselho marcou reuni\u00e3o para a pr\u00f3xima ter\u00e7a-feira (12) quando ir\u00e1 propor que seja aplicada ao deputado Arthur do Val a medida disciplinar de perda do mandato. Val \u00e9 alvo de 21 representa\u00e7\u00f5es de colegas, que pedem a cassa\u00e7\u00e3o por conta de \u00e1udios sexistas do parlamentar durante viagem humanit\u00e1ria \u00e0 Ucr\u00e2nia por conta da invas\u00e3o russa.<\/p>\n\n\n\n<p class=\"wp-block-paragraph\">Para o relator Delegado Olim, Arthur do Val quebrou o decoro parlamentar ao dizer, em \u00e1udios vazados, que as mulheres refugiadas ucranianas eram \u201cf\u00e1ceis porque eram pobres\u201d.<\/p>\n\n\n\n<p class=\"wp-block-paragraph\">Em nota, deputado disse que &#8220;recebe com tranquilidade o relat\u00f3rio feito pelo relator da Comiss\u00e3o de \u00c9tica da Assembleia Legislativa de S\u00e3o Paulo&#8221;.<\/p>\n\n\n\n<p class=\"wp-block-paragraph\">\u201cO parlamentar n\u00e3o tem d\u00favidas de que seus pares se convencer\u00e3o de que o erro cometido por ele &#8211; pelo qual j\u00e1 pediu desculpas &#8211; n\u00e3o deve ser punido com o mandato. Os coment\u00e1rios que foram alvo da representa\u00e7\u00e3o no Conselho de \u00c9tica, ainda que indevidos, n\u00e3o constituem crime e n\u00e3o foram feitos durante a atividade parlamentar, j\u00e1 que Arthur do Val estava de licen\u00e7a do mandato\u201d, completou a nota enviada pela assessorai de imprensa do parlamentar.<\/p>\n\n\n\n<h2 class=\"wp-block-heading\">Falas machistas<\/h2>\n\n\n\n<p class=\"wp-block-paragraph\">O Deputado Arthur do Val foi \u00e0 Ucr\u00e2nia em meio \u00e0 guerra no pa\u00eds, e ap\u00f3s deixar o pa\u00eds, na fronteira com a Eslov\u00e1quia, o deputado enviou um \u00e1udio a amigos, elogiando a beleza das refugiadas ucranianas. Em seguida, afirmou que pretende voltar ao Leste Europeu e disse que as mulheres l\u00e1 s\u00e3o \u201cf\u00e1ceis\u201d por serem pobres.<\/p>\n\n\n\n<p class=\"wp-block-paragraph\">\u201cAssim que essa guerra passar eu vou voltar pra c\u00e1. E detalhe, elas olham. E s\u00e3o f\u00e1ceis, porque elas s\u00e3o pobres. E aqui minha carta do Instagram, cheio de inscritos, funciona demais. N\u00e3o peguei ningu\u00e9m, a gente n\u00e3o tinha tempo, mas colei em dois grupos de minas e \u00e9 inacredit\u00e1vel a facilidade\u201d, disse ele no \u00e1udio enviado em um grupo privado no WhatsApp.<\/p>\n\n\n\n<p class=\"wp-block-paragraph\">Na chegada ao Brasil, o deputado deu entrevistas confirmando ser o autor do \u00e1udio e retirou sua pr\u00e9-candidatura ao governo do estado de S\u00e3o Paulo. Ele afirmou ter cometido \u201cum erro em um momento de empolga\u00e7\u00e3o\u201d.<\/p>\n\n\n\n<p class=\"wp-block-paragraph\">&#8212;&#8212;&#8212;&#8212;&#8212;&#8212;<br><br><strong>Sabia que o Aconteceu no Vale est\u00e1 tamb\u00e9m no Telegram? <a rel=\"noreferrer noopener\" href=\"https:\/\/t.me\/aconteceunovaleoficial\" target=\"_blank\">Inscreva-se no canal<\/a>.<\/strong><br><br><strong>J\u00e1 curtiu ou seguiu nossas p\u00e1ginas nas redes sociais?\u00a0Receba as not\u00edcias em primeira m\u00e3o:<\/strong><br>\u2022 <a rel=\"noreferrer noopener\" href=\"https:\/\/news.google.com\/publications\/CAAqBwgKMNjklQswi4etAw?hl=pt-BR&amp;gl=BR&amp;ceid=BR%3Apt-419\" target=\"_blank\">Google News<\/a><br>\u2022 <a rel=\"noreferrer noopener\" href=\"https:\/\/www.facebook.com\/aconteceunovale\/\" target=\"_blank\">Facebook<\/a><br>\u2022 <a rel=\"noreferrer noopener\" href=\"https:\/\/twitter.com\/noticiadosvales\" target=\"_blank\">Twitter<\/a><br>\u2022 <a rel=\"noreferrer noopener\" href=\"https:\/\/www.instagram.com\/aconteceunovale\" target=\"_blank\">Instagram<\/a><br>\u2022 <a rel=\"noreferrer noopener\" href=\"https:\/\/www.youtube.com\/AconteceunoValeOficial\" target=\"_blank\">Youtube<\/a><br>\u2022 <a rel=\"noreferrer noopener\" href=\"https:\/\/www.tiktok.com\/@aconteceunovale\" target=\"_blank\">TikTok<\/a><\/p>\n","protected":false},"excerpt":{"rendered":"<p>O relator do processo contra o deputado estadual Arthur do Val (Uni\u00e3o-SP), no Conselho de \u00c9tica da Assembleia Legislativa de S\u00e3o Paulo (Alesp), Delegado Olim (PP), pediu a cassa\u00e7\u00e3o do mandato do parlamentar. Ele entregou o relat\u00f3rio ao colegiado nesta quinta-feira (7). O Conselho marcou reuni\u00e3o para a pr\u00f3xima ter\u00e7a-feira (12) quando ir\u00e1 propor que [&hellip;]<\/p>\n","protected":false},"author":4,"featured_media":187753,"comment_status":"open","ping_status":"closed","sticky":false,"template":"","format":"standard","meta":{"amp_status":"","footnotes":""},"categories":[6,40240],"tags":[259506,214470,34428,258135,259760,259755,259756,259469,259470,259684,259763,259762,259505,259565,100375,4785,259487,259331,259468,259466,259420,258130,258129,258134,259562,259564,259754,258133,259764,259761,259757,259758,260370,1018,259605,259563,259604,259340,259447,259685,258132,258131,259623,259479,259683,259337,259507,259336,259338,259341,26436,259335,259390,259333,259510,259509,213971,254264,259332,259334,259680,259508,259759,258136,259339,259463,258137,259606,150582,150581,171342,259530,259531,259528,259529,184222,174222,259424,258138,21341,259753,259425,259503,259394,259426,259467,259464,259465,259462,259471,63039,99805,259502,79905,232285,259682,37630,75389,259423,259395,259396,259504,259681],"class_list":["post-188293","post","type-post","status-publish","format-standard","has-post-thumbnail","hentry","category-br","category-politica","tag-ajoelhado-na-frente-de-tanque","tag-alesp","tag-alta-do-dolar","tag-antonio-barbosa","tag-arthur-do-val","tag-assembleia-de-sao-paulo","tag-assembleia-legislativa-de-sao-paulo","tag-ataque-a-predio-em-kiev","tag-ataque-a-predio-residencial-em-kiev","tag-ataque-em-zaporizhzhia","tag-audios-arthur-do-val","tag-audios-mamae-falei","tag-bakhmachk","tag-bloqueio-de-reservas-internacionais-da-russia","tag-bolsonaro","tag-brasil","tag-brasil-defende-integridade-territorial-das-nacoes","tag-brasileiros-na-ucrania","tag-camera-de-seguranca-flagra-ataque-a-predio-residencial-em-kiev","tag-carro-atropelado-por-tanque-de-guerra","tag-cerca-de-800-soldados-russos-foram-mortos-em-confronto-afirma-autoridade-ucraniana","tag-compreenda-o-conflito-entre-russia-e-ucrania","tag-conflito-entre-russia-e-ucrania","tag-conflito-no-leste-europeu","tag-congelamento-de-reservas-internacionais-ameaca-economia-da-russia","tag-congelamento-de-reservas-internacionais-da-russia","tag-conselho-de-etica-da-alesp-recebe-pedidos-de-cassacao-de-deputado-que-fez-declaracoes-sexistas-sobre-mulheres-ucranianas","tag-crimeia","tag-declaracoes-arthur-do-val","tag-declaracoes-mamae-falei","tag-deputado-arthur-do-val","tag-deputado-mamae-falei","tag-deputados-pedem-cassacao-de-arthur-do-val-apos-falas-machistas","tag-destaque","tag-dmytro-kuleba","tag-economia-da-russia","tag-economia-da-russia-foi-esmagada","tag-embaixada-da-ucrania-no-brasil-afirma-que-invasao-poe-em-risco-a-ordem-mundial","tag-embaixada-ucraniana-espera-posicao-forte-do-brasil-sobre-guerra","tag-energodar","tag-entenda-como-o-conflito-entre-russia-e-ucrania-afeta-o-brasil","tag-entenda-o-conflito-entre-russia-e-ucrania","tag-estados-unidos-ampliam-sancoes-contra-russia","tag-fab-coloca-avioes-de-prontidao-para-retirada-de-brasileiros-da-ucrania","tag-fogo-em-zaporizhzhia","tag-guerra-entre-russia-e-ucrania","tag-guerra-entre-russos-e-ucranianos-pode-impactar-economia-do-brasil","tag-guerra-na-ucrania","tag-invasao-da-ucrania","tag-invasao-da-ucrania-preocupa-jogadores-brasileiros-que-atuam-em-kharkiv","tag-jair-bolsonaro","tag-jens-stoltenberg","tag-joe-biden-anuncia-maior-sancao-economica-da-historia","tag-jogadores-brasileiros-na-ucrania","tag-jogadores-chegam-ao-brasil-apos-fuga-da-guerra-na-ucrania","tag-jogadores-de-clube-ucraniano-chegam-ao-brasil","tag-kiev","tag-leste-europeu","tag-lista-de-brasileiros-na-ucrania","tag-lista-de-jogadores-brasileiros-na-ucrania","tag-maior-usina-nuclear-da-europa-e-atacada-pelo-exercito-da-russia","tag-mais-de-350-mil-pessoas-ja-fugiram-da-ucrania","tag-mamae-falei","tag-mauricio-santoro","tag-ministerio-das-relacoes-exteriores-do-brasil-apela-para-a-suspensao-imediata-do-conflito-na-ucrania","tag-obolon","tag-olaf-scholz","tag-organizacao-das-nacoes-unidas-aprova-resolucao-que-condena-invasao-da-ucrania","tag-organizacao-do-tratado-do-atlantico-norte","tag-otan","tag-podemos","tag-posicao-de-bolsonaro-sobre-guerra-na-ucrania","tag-posicao-de-jair-bolsonaro-sobre-guerra-na-ucrania","tag-posicao-do-brasil-sobre-conflito-na-ucrania-e-de-cautela","tag-posicao-do-brasil-sobre-guerra-na-ucrania","tag-presidente-bolsonaro","tag-presidente-jair-bolsonaro","tag-putin-acusa-governo-da-ucrania-de-planejar-genocidio","tag-reflexos-do-conflito-entre-russia-e-ucrania-no-brasil","tag-russia","tag-russia-nao-comparece-a-audiencia-na-corte-internacional-de-justica","tag-russia-pretende-derrubar-o-governo-da-ucrania","tag-russian","tag-saida-diplomatica-ainda-e-aposta-de-analistas-para-russia-e-ucrania","tag-secretario-geral-da-otan","tag-tanque-de-guerra-atropela-carro","tag-tanque-de-guerra-passa-por-cima-do-veiculo-de-idoso-em-kiev","tag-tanque-de-guerra-passa-por-cima-do-veiculo-de-idoso-em-obolon","tag-tanque-de-guerra-passa-por-cima-do-veiculo-de-idoso-na-ucrania","tag-tanques-de-guerra-sao-recebidos-com-coqueteis-molotov-na-periferia-de-kiev","tag-ucrania","tag-uerj","tag-ukraine","tag-unb","tag-ursula-von-der-leyen","tag-usina-nuclear-de-zaporizhzhia","tag-valorizacao-do-dolar","tag-vladimir-putin","tag-vladimir-putin-pede-aos-militares-ucranianos-para-tomarem-o-poder","tag-volodymyr-zelenskiy","tag-volodymyr-zelensky","tag-war-in-ukraine","tag-zaporizhzhia"],"yoast_head":"<!-- This site is optimized with the Yoast SEO plugin v28.3 - https:\/\/yoast.com\/product\/yoast-seo-wordpress\/ -->\n<title>Deputados pedem cassa\u00e7\u00e3o de Arthur do Val ap\u00f3s falas machistas - Aconteceu no Vale<\/title>\n<meta name=\"robots\" content=\"index, follow, max-snippet:-1, max-image-preview:large, max-video-preview:-1\" \/>\n<link rel=\"canonical\" href=\"https:\/\/aconteceunovale.com.br\/portal\/?p=188293\" \/>\n<meta property=\"og:locale\" content=\"pt_BR\" \/>\n<meta property=\"og:type\" content=\"article\" \/>\n<meta property=\"og:title\" content=\"Deputados pedem cassa\u00e7\u00e3o de Arthur do Val ap\u00f3s falas machistas - Aconteceu no Vale\" \/>\n<meta property=\"og:description\" content=\"O relator do processo contra o deputado estadual Arthur do Val (Uni\u00e3o-SP), no Conselho de \u00c9tica da Assembleia Legislativa de S\u00e3o Paulo (Alesp), Delegado Olim (PP), pediu a cassa\u00e7\u00e3o do mandato do parlamentar. Ele entregou o relat\u00f3rio ao colegiado nesta quinta-feira (7). O Conselho marcou reuni\u00e3o para a pr\u00f3xima ter\u00e7a-feira (12) quando ir\u00e1 propor que [&hellip;]\" \/>\n<meta property=\"og:url\" content=\"https:\/\/aconteceunovale.com.br\/portal\/?p=188293\" \/>\n<meta property=\"og:site_name\" content=\"Aconteceu no Vale\" \/>\n<meta property=\"article:publisher\" content=\"https:\/\/www.facebook.com\/aconteceunovale\/\" \/>\n<meta property=\"article:published_time\" content=\"2022-04-08T20:48:51+00:00\" \/>\n<meta property=\"article:modified_time\" content=\"2022-04-08T20:50:15+00:00\" \/>\n<meta property=\"og:image\" content=\"https:\/\/aconteceunovale.com.br\/portal\/wp-content\/uploads\/2022\/03\/mamae_falei.jpg\" \/>\n\t<meta property=\"og:image:width\" content=\"678\" \/>\n\t<meta property=\"og:image:height\" content=\"406\" \/>\n\t<meta property=\"og:image:type\" content=\"image\/jpeg\" \/>\n<meta name=\"author\" content=\"Reda\u00e7\u00e3o Aconteceu no Vale\" \/>\n<meta name=\"twitter:card\" content=\"summary_large_image\" \/>\n<meta name=\"twitter:creator\" content=\"@noticiadosvales\" \/>\n<meta name=\"twitter:site\" content=\"@noticiadosvales\" \/>\n<meta name=\"twitter:label1\" content=\"Escrito por\" \/>\n\t<meta name=\"twitter:data1\" content=\"Reda\u00e7\u00e3o Aconteceu no Vale\" \/>\n\t<meta name=\"twitter:label2\" content=\"Est. tempo de leitura\" \/>\n\t<meta name=\"twitter:data2\" content=\"2 minutos\" \/>\n<script type=\"application\/ld+json\" class=\"yoast-schema-graph\">{\"@context\":\"https:\\\/\\\/schema.org\",\"@graph\":[{\"@type\":\"Article\",\"@id\":\"https:\\\/\\\/aconteceunovale.com.br\\\/portal\\\/?p=188293#article\",\"isPartOf\":{\"@id\":\"https:\\\/\\\/aconteceunovale.com.br\\\/portal\\\/?p=188293\"},\"author\":{\"name\":\"Reda\u00e7\u00e3o Aconteceu no Vale\",\"@id\":\"https:\\\/\\\/aconteceunovale.com.br\\\/portal\\\/#\\\/schema\\\/person\\\/7d2f26d1483f8a63de73da1ee0754d35\"},\"headline\":\"Deputados pedem cassa\u00e7\u00e3o de Arthur do Val ap\u00f3s falas machistas\",\"datePublished\":\"2022-04-08T20:48:51+00:00\",\"dateModified\":\"2022-04-08T20:50:15+00:00\",\"mainEntityOfPage\":{\"@id\":\"https:\\\/\\\/aconteceunovale.com.br\\\/portal\\\/?p=188293\"},\"wordCount\":469,\"commentCount\":0,\"image\":{\"@id\":\"https:\\\/\\\/aconteceunovale.com.br\\\/portal\\\/?p=188293#primaryimage\"},\"thumbnailUrl\":\"https:\\\/\\\/aconteceunovale.com.br\\\/portal\\\/wp-content\\\/uploads\\\/2022\\\/03\\\/mamae_falei.jpg\",\"keywords\":[\"Ajoelhado na frente de tanque\",\"Alesp\",\"alta do d\u00f3lar\",\"Ant\u00f4nio Barbosa\",\"Arthur do Val\",\"Assembleia de S\u00e3o Paulo\",\"Assembleia Legislativa de S\u00e3o Paulo\",\"Ataque a pr\u00e9dio em Kiev\",\"Ataque a pr\u00e9dio residencial em Kiev\",\"Ataque em Zaporizhzhia\",\"\u00c1udios Arthur do Val\",\"\u00c1udios Mam\u00e3e Falei\",\"Bakhmachk\",\"Bloqueio de reservas internacionais da R\u00fassia\",\"Bolsonaro\",\"brasil\",\"Brasil defende integridade territorial das na\u00e7\u00f5es\",\"Brasileiros na Ucr\u00e2nia\",\"C\u00e2mera de seguran\u00e7a flagra ataque a pr\u00e9dio residencial em Kiev\",\"Carro atropelado por tanque de guerra\",\"Cerca de 800 soldados russos foram mortos em confronto afirma autoridade ucraniana\",\"Compreenda o conflito entre R\u00fassia e Ucr\u00e2nia\",\"Conflito entre R\u00fassia e Ucr\u00e2nia\",\"Conflito no Leste Europeu\",\"Congelamento de reservas internacionais amea\u00e7a economia da R\u00fassia\",\"Congelamento de reservas internacionais da R\u00fassia\",\"Conselho de \u00c9tica da ALESP recebe pedidos de cassa\u00e7\u00e3o de deputado que fez declara\u00e7\u00f5es sexistas sobre mulheres ucranianas\",\"Crimeia\",\"Declara\u00e7\u00f5es Arthur do Val\",\"Declara\u00e7\u00f5es Mam\u00e3e Falei\",\"Deputado Arthur do Val\",\"Deputado Mam\u00e3e Falei\",\"Deputados pedem cassa\u00e7\u00e3o de Arthur do Val ap\u00f3s falas machistas\",\"destaque\",\"Dmytro Kuleba\",\"Economia da R\u00fassia\",\"Economia da R\u00fassia foi esmagada\",\"Embaixada da Ucr\u00e2nia no Brasil afirma que invas\u00e3o p\u00f5e em risco a ordem mundial\",\"Embaixada ucraniana espera posi\u00e7\u00e3o forte do Brasil sobre guerra\",\"Energodar\",\"Entenda como o conflito entre R\u00fassia e Ucr\u00e2nia afeta o Brasil\",\"Entenda o conflito entre R\u00fassia e Ucr\u00e2nia\",\"Estados Unidos ampliam san\u00e7\u00f5es contra R\u00fassia\",\"FAB coloca avi\u00f5es de prontid\u00e3o para retirada de brasileiros da Ucr\u00e2nia\",\"Fogo em Zaporizhzhia\",\"Guerra entre R\u00fassia e Ucr\u00e2nia\",\"Guerra entre russos e ucranianos pode impactar economia do Brasil\",\"Guerra na Ucr\u00e2nia\",\"Invas\u00e3o da Ucr\u00e2nia\",\"Invas\u00e3o da Ucr\u00e2nia preocupa jogadores brasileiros que atuam em Kharkiv\",\"Jair Bolsonaro\",\"Jens Stoltenberg\",\"Joe Biden anuncia maior san\u00e7\u00e3o econ\u00f4mica da hist\u00f3ria\",\"Jogadores brasileiros na Ucr\u00e2nia\",\"Jogadores chegam ao Brasil ap\u00f3s fuga da guerra na Ucr\u00e2nia\",\"Jogadores de clube ucraniano chegam ao Brasil\",\"Kiev\",\"Leste Europeu\",\"Lista de brasileiros na Ucr\u00e2nia\",\"Lista de jogadores brasileiros na Ucr\u00e2nia\",\"Maior usina nuclear da Europa \u00e9 atacada pelo ex\u00e9rcito da R\u00fassia\",\"Mais de 350 mil pessoas j\u00e1 fugiram da Ucr\u00e2nia\",\"Mam\u00e3e Falei\",\"Maur\u00edcio Santoro\",\"Minist\u00e9rio das Rela\u00e7\u00f5es Exteriores do Brasil apela para a suspens\u00e3o imediata do conflito na Ucr\u00e2nia\",\"Obolon\",\"Olaf Scholz\",\"Organiza\u00e7\u00e3o das Na\u00e7\u00f5es Unidas aprova resolu\u00e7\u00e3o que condena invas\u00e3o da Ucr\u00e2nia\",\"Organiza\u00e7\u00e3o do Tratado do Atl\u00e2ntico Norte\",\"Otan\",\"Podemos\",\"Posi\u00e7\u00e3o de Bolsonaro sobre guerra na Ucr\u00e2nia\",\"Posi\u00e7\u00e3o de Jair Bolsonaro sobre guerra na Ucr\u00e2nia\",\"Posi\u00e7\u00e3o do Brasil sobre conflito na Ucr\u00e2nia \u00e9 de cautela\",\"Posi\u00e7\u00e3o do Brasil sobre guerra na Ucr\u00e2nia\",\"Presidente Bolsonaro\",\"Presidente Jair Bolsonaro\",\"Putin acusa governo da Ucr\u00e2nia de planejar genoc\u00eddio\",\"Reflexos do conflito entre R\u00fassia e Ucr\u00e2nia no Brasil\",\"R\u00fassia\",\"R\u00fassia n\u00e3o comparece \u00e0 audi\u00eancia na Corte Internacional de Justi\u00e7a\",\"R\u00fassia pretende derrubar o governo da Ucr\u00e2nia\",\"Russian\",\"Sa\u00edda diplom\u00e1tica ainda \u00e9 aposta de analistas para R\u00fassia e Ucr\u00e2nia\",\"Secret\u00e1rio-geral da Otan\",\"Tanque de guerra atropela carro\",\"Tanque de guerra passa por cima do ve\u00edculo de idoso em Kiev\",\"Tanque de guerra passa por cima do ve\u00edculo de idoso em Obolon\",\"Tanque de guerra passa por cima do ve\u00edculo de idoso na Ucr\u00e2nia\",\"Tanques de guerra s\u00e3o recebidos com\u00a0coquet\u00e9is molotov\u00a0na periferia de Kiev\",\"Ucr\u00e2nia\",\"Uerj\",\"Ukraine\",\"UnB\",\"Ursula von der Leyen\",\"Usina Nuclear de Zaporizhzhia\",\"valoriza\u00e7\u00e3o do d\u00f3lar\",\"Vladimir Putin\",\"Vladimir Putin pede aos militares ucranianos para tomarem o poder\",\"Volodymyr Zelenskiy\",\"Volodymyr Zelensky\",\"War in Ukraine\",\"Zaporizhzhia\"],\"articleSection\":[\"Brasil\",\"Pol\u00edtica\"],\"inLanguage\":\"pt-BR\",\"potentialAction\":[{\"@type\":\"CommentAction\",\"name\":\"Comment\",\"target\":[\"https:\\\/\\\/aconteceunovale.com.br\\\/portal\\\/?p=188293#respond\"]}]},{\"@type\":\"WebPage\",\"@id\":\"https:\\\/\\\/aconteceunovale.com.br\\\/portal\\\/?p=188293\",\"url\":\"https:\\\/\\\/aconteceunovale.com.br\\\/portal\\\/?p=188293\",\"name\":\"Deputados pedem cassa\u00e7\u00e3o de Arthur do Val ap\u00f3s falas machistas - Aconteceu no Vale\",\"isPartOf\":{\"@id\":\"https:\\\/\\\/aconteceunovale.com.br\\\/portal\\\/#website\"},\"primaryImageOfPage\":{\"@id\":\"https:\\\/\\\/aconteceunovale.com.br\\\/portal\\\/?p=188293#primaryimage\"},\"image\":{\"@id\":\"https:\\\/\\\/aconteceunovale.com.br\\\/portal\\\/?p=188293#primaryimage\"},\"thumbnailUrl\":\"https:\\\/\\\/aconteceunovale.com.br\\\/portal\\\/wp-content\\\/uploads\\\/2022\\\/03\\\/mamae_falei.jpg\",\"datePublished\":\"2022-04-08T20:48:51+00:00\",\"dateModified\":\"2022-04-08T20:50:15+00:00\",\"author\":{\"@id\":\"https:\\\/\\\/aconteceunovale.com.br\\\/portal\\\/#\\\/schema\\\/person\\\/7d2f26d1483f8a63de73da1ee0754d35\"},\"breadcrumb\":{\"@id\":\"https:\\\/\\\/aconteceunovale.com.br\\\/portal\\\/?p=188293#breadcrumb\"},\"inLanguage\":\"pt-BR\",\"potentialAction\":[{\"@type\":\"ReadAction\",\"target\":[\"https:\\\/\\\/aconteceunovale.com.br\\\/portal\\\/?p=188293\"]}]},{\"@type\":\"ImageObject\",\"inLanguage\":\"pt-BR\",\"@id\":\"https:\\\/\\\/aconteceunovale.com.br\\\/portal\\\/?p=188293#primaryimage\",\"url\":\"https:\\\/\\\/aconteceunovale.com.br\\\/portal\\\/wp-content\\\/uploads\\\/2022\\\/03\\\/mamae_falei.jpg\",\"contentUrl\":\"https:\\\/\\\/aconteceunovale.com.br\\\/portal\\\/wp-content\\\/uploads\\\/2022\\\/03\\\/mamae_falei.jpg\",\"width\":678,\"height\":406,\"caption\":\"deputado Arthur do Val\"},{\"@type\":\"BreadcrumbList\",\"@id\":\"https:\\\/\\\/aconteceunovale.com.br\\\/portal\\\/?p=188293#breadcrumb\",\"itemListElement\":[{\"@type\":\"ListItem\",\"position\":1,\"name\":\"In\u00edcio\",\"item\":\"https:\\\/\\\/aconteceunovale.com.br\\\/portal\\\/\"},{\"@type\":\"ListItem\",\"position\":2,\"name\":\"Deputados pedem cassa\u00e7\u00e3o de Arthur do Val ap\u00f3s falas machistas\"}]},{\"@type\":\"WebSite\",\"@id\":\"https:\\\/\\\/aconteceunovale.com.br\\\/portal\\\/#website\",\"url\":\"https:\\\/\\\/aconteceunovale.com.br\\\/portal\\\/\",\"name\":\"Aconteceu no Vale\",\"description\":\"Portal de Not\u00edcias\",\"potentialAction\":[{\"@type\":\"SearchAction\",\"target\":{\"@type\":\"EntryPoint\",\"urlTemplate\":\"https:\\\/\\\/aconteceunovale.com.br\\\/portal\\\/?s={search_term_string}\"},\"query-input\":{\"@type\":\"PropertyValueSpecification\",\"valueRequired\":true,\"valueName\":\"search_term_string\"}}],\"inLanguage\":\"pt-BR\"},{\"@type\":\"Person\",\"@id\":\"https:\\\/\\\/aconteceunovale.com.br\\\/portal\\\/#\\\/schema\\\/person\\\/7d2f26d1483f8a63de73da1ee0754d35\",\"name\":\"Reda\u00e7\u00e3o Aconteceu no Vale\",\"description\":\"Equipe de reportagem do Aconteceu no Vale, portal de not\u00edcias do Vale do Jequitinhonha, em Minas Gerais. Cobrimos as 51 cidades do Vale desde 2013. Sugest\u00f5es de pauta e pedidos de corre\u00e7\u00e3o: contato@aconteceunovale.com.br\",\"url\":\"https:\\\/\\\/aconteceunovale.com.br\\\/portal\\\/?author=4\"}]}<\/script>\n<!-- \/ Yoast SEO plugin. -->","yoast_head_json":{"title":"Deputados pedem cassa\u00e7\u00e3o de Arthur do Val ap\u00f3s falas machistas - Aconteceu no Vale","robots":{"index":"index","follow":"follow","max-snippet":"max-snippet:-1","max-image-preview":"max-image-preview:large","max-video-preview":"max-video-preview:-1"},"canonical":"https:\/\/aconteceunovale.com.br\/portal\/?p=188293","og_locale":"pt_BR","og_type":"article","og_title":"Deputados pedem cassa\u00e7\u00e3o de Arthur do Val ap\u00f3s falas machistas - Aconteceu no Vale","og_description":"O relator do processo contra o deputado estadual Arthur do Val (Uni\u00e3o-SP), no Conselho de \u00c9tica da Assembleia Legislativa de S\u00e3o Paulo (Alesp), Delegado Olim (PP), pediu a cassa\u00e7\u00e3o do mandato do parlamentar. Ele entregou o relat\u00f3rio ao colegiado nesta quinta-feira (7). O Conselho marcou reuni\u00e3o para a pr\u00f3xima ter\u00e7a-feira (12) quando ir\u00e1 propor que [&hellip;]","og_url":"https:\/\/aconteceunovale.com.br\/portal\/?p=188293","og_site_name":"Aconteceu no Vale","article_publisher":"https:\/\/www.facebook.com\/aconteceunovale\/","article_published_time":"2022-04-08T20:48:51+00:00","article_modified_time":"2022-04-08T20:50:15+00:00","og_image":[{"width":678,"height":406,"url":"https:\/\/aconteceunovale.com.br\/portal\/wp-content\/uploads\/2022\/03\/mamae_falei.jpg","type":"image\/jpeg"}],"author":"Reda\u00e7\u00e3o Aconteceu no Vale","twitter_card":"summary_large_image","twitter_creator":"@noticiadosvales","twitter_site":"@noticiadosvales","twitter_misc":{"Escrito por":"Reda\u00e7\u00e3o Aconteceu no Vale","Est. tempo de leitura":"2 minutos"},"schema":{"@context":"https:\/\/schema.org","@graph":[{"@type":"Article","@id":"https:\/\/aconteceunovale.com.br\/portal\/?p=188293#article","isPartOf":{"@id":"https:\/\/aconteceunovale.com.br\/portal\/?p=188293"},"author":{"name":"Reda\u00e7\u00e3o Aconteceu no Vale","@id":"https:\/\/aconteceunovale.com.br\/portal\/#\/schema\/person\/7d2f26d1483f8a63de73da1ee0754d35"},"headline":"Deputados pedem cassa\u00e7\u00e3o de Arthur do Val ap\u00f3s falas machistas","datePublished":"2022-04-08T20:48:51+00:00","dateModified":"2022-04-08T20:50:15+00:00","mainEntityOfPage":{"@id":"https:\/\/aconteceunovale.com.br\/portal\/?p=188293"},"wordCount":469,"commentCount":0,"image":{"@id":"https:\/\/aconteceunovale.com.br\/portal\/?p=188293#primaryimage"},"thumbnailUrl":"https:\/\/aconteceunovale.com.br\/portal\/wp-content\/uploads\/2022\/03\/mamae_falei.jpg","keywords":["Ajoelhado na frente de tanque","Alesp","alta do d\u00f3lar","Ant\u00f4nio Barbosa","Arthur do Val","Assembleia de S\u00e3o Paulo","Assembleia Legislativa de S\u00e3o Paulo","Ataque a pr\u00e9dio em Kiev","Ataque a pr\u00e9dio residencial em Kiev","Ataque em Zaporizhzhia","\u00c1udios Arthur do Val","\u00c1udios Mam\u00e3e Falei","Bakhmachk","Bloqueio de reservas internacionais da R\u00fassia","Bolsonaro","brasil","Brasil defende integridade territorial das na\u00e7\u00f5es","Brasileiros na Ucr\u00e2nia","C\u00e2mera de seguran\u00e7a flagra ataque a pr\u00e9dio residencial em Kiev","Carro atropelado por tanque de guerra","Cerca de 800 soldados russos foram mortos em confronto afirma autoridade ucraniana","Compreenda o conflito entre R\u00fassia e Ucr\u00e2nia","Conflito entre R\u00fassia e Ucr\u00e2nia","Conflito no Leste Europeu","Congelamento de reservas internacionais amea\u00e7a economia da R\u00fassia","Congelamento de reservas internacionais da R\u00fassia","Conselho de \u00c9tica da ALESP recebe pedidos de cassa\u00e7\u00e3o de deputado que fez declara\u00e7\u00f5es sexistas sobre mulheres ucranianas","Crimeia","Declara\u00e7\u00f5es Arthur do Val","Declara\u00e7\u00f5es Mam\u00e3e Falei","Deputado Arthur do Val","Deputado Mam\u00e3e Falei","Deputados pedem cassa\u00e7\u00e3o de Arthur do Val ap\u00f3s falas machistas","destaque","Dmytro Kuleba","Economia da R\u00fassia","Economia da R\u00fassia foi esmagada","Embaixada da Ucr\u00e2nia no Brasil afirma que invas\u00e3o p\u00f5e em risco a ordem mundial","Embaixada ucraniana espera posi\u00e7\u00e3o forte do Brasil sobre guerra","Energodar","Entenda como o conflito entre R\u00fassia e Ucr\u00e2nia afeta o Brasil","Entenda o conflito entre R\u00fassia e Ucr\u00e2nia","Estados Unidos ampliam san\u00e7\u00f5es contra R\u00fassia","FAB coloca avi\u00f5es de prontid\u00e3o para retirada de brasileiros da Ucr\u00e2nia","Fogo em Zaporizhzhia","Guerra entre R\u00fassia e Ucr\u00e2nia","Guerra entre russos e ucranianos pode impactar economia do Brasil","Guerra na Ucr\u00e2nia","Invas\u00e3o da Ucr\u00e2nia","Invas\u00e3o da Ucr\u00e2nia preocupa jogadores brasileiros que atuam em Kharkiv","Jair Bolsonaro","Jens Stoltenberg","Joe Biden anuncia maior san\u00e7\u00e3o econ\u00f4mica da hist\u00f3ria","Jogadores brasileiros na Ucr\u00e2nia","Jogadores chegam ao Brasil ap\u00f3s fuga da guerra na Ucr\u00e2nia","Jogadores de clube ucraniano chegam ao Brasil","Kiev","Leste Europeu","Lista de brasileiros na Ucr\u00e2nia","Lista de jogadores brasileiros na Ucr\u00e2nia","Maior usina nuclear da Europa \u00e9 atacada pelo ex\u00e9rcito da R\u00fassia","Mais de 350 mil pessoas j\u00e1 fugiram da Ucr\u00e2nia","Mam\u00e3e Falei","Maur\u00edcio Santoro","Minist\u00e9rio das Rela\u00e7\u00f5es Exteriores do Brasil apela para a suspens\u00e3o imediata do conflito na Ucr\u00e2nia","Obolon","Olaf Scholz","Organiza\u00e7\u00e3o das Na\u00e7\u00f5es Unidas aprova resolu\u00e7\u00e3o que condena invas\u00e3o da Ucr\u00e2nia","Organiza\u00e7\u00e3o do Tratado do Atl\u00e2ntico Norte","Otan","Podemos","Posi\u00e7\u00e3o de Bolsonaro sobre guerra na Ucr\u00e2nia","Posi\u00e7\u00e3o de Jair Bolsonaro sobre guerra na Ucr\u00e2nia","Posi\u00e7\u00e3o do Brasil sobre conflito na Ucr\u00e2nia \u00e9 de cautela","Posi\u00e7\u00e3o do Brasil sobre guerra na Ucr\u00e2nia","Presidente Bolsonaro","Presidente Jair Bolsonaro","Putin acusa governo da Ucr\u00e2nia de planejar genoc\u00eddio","Reflexos do conflito entre R\u00fassia e Ucr\u00e2nia no Brasil","R\u00fassia","R\u00fassia n\u00e3o comparece \u00e0 audi\u00eancia na Corte Internacional de Justi\u00e7a","R\u00fassia pretende derrubar o governo da Ucr\u00e2nia","Russian","Sa\u00edda diplom\u00e1tica ainda \u00e9 aposta de analistas para R\u00fassia e Ucr\u00e2nia","Secret\u00e1rio-geral da Otan","Tanque de guerra atropela carro","Tanque de guerra passa por cima do ve\u00edculo de idoso em Kiev","Tanque de guerra passa por cima do ve\u00edculo de idoso em Obolon","Tanque de guerra passa por cima do ve\u00edculo de idoso na Ucr\u00e2nia","Tanques de guerra s\u00e3o recebidos com\u00a0coquet\u00e9is molotov\u00a0na periferia de Kiev","Ucr\u00e2nia","Uerj","Ukraine","UnB","Ursula von der Leyen","Usina Nuclear de Zaporizhzhia","valoriza\u00e7\u00e3o do d\u00f3lar","Vladimir Putin","Vladimir Putin pede aos militares ucranianos para tomarem o poder","Volodymyr Zelenskiy","Volodymyr Zelensky","War in Ukraine","Zaporizhzhia"],"articleSection":["Brasil","Pol\u00edtica"],"inLanguage":"pt-BR","potentialAction":[{"@type":"CommentAction","name":"Comment","target":["https:\/\/aconteceunovale.com.br\/portal\/?p=188293#respond"]}]},{"@type":"WebPage","@id":"https:\/\/aconteceunovale.com.br\/portal\/?p=188293","url":"https:\/\/aconteceunovale.com.br\/portal\/?p=188293","name":"Deputados pedem cassa\u00e7\u00e3o de Arthur do Val ap\u00f3s falas machistas - Aconteceu no Vale","isPartOf":{"@id":"https:\/\/aconteceunovale.com.br\/portal\/#website"},"primaryImageOfPage":{"@id":"https:\/\/aconteceunovale.com.br\/portal\/?p=188293#primaryimage"},"image":{"@id":"https:\/\/aconteceunovale.com.br\/portal\/?p=188293#primaryimage"},"thumbnailUrl":"https:\/\/aconteceunovale.com.br\/portal\/wp-content\/uploads\/2022\/03\/mamae_falei.jpg","datePublished":"2022-04-08T20:48:51+00:00","dateModified":"2022-04-08T20:50:15+00:00","author":{"@id":"https:\/\/aconteceunovale.com.br\/portal\/#\/schema\/person\/7d2f26d1483f8a63de73da1ee0754d35"},"breadcrumb":{"@id":"https:\/\/aconteceunovale.com.br\/portal\/?p=188293#breadcrumb"},"inLanguage":"pt-BR","potentialAction":[{"@type":"ReadAction","target":["https:\/\/aconteceunovale.com.br\/portal\/?p=188293"]}]},{"@type":"ImageObject","inLanguage":"pt-BR","@id":"https:\/\/aconteceunovale.com.br\/portal\/?p=188293#primaryimage","url":"https:\/\/aconteceunovale.com.br\/portal\/wp-content\/uploads\/2022\/03\/mamae_falei.jpg","contentUrl":"https:\/\/aconteceunovale.com.br\/portal\/wp-content\/uploads\/2022\/03\/mamae_falei.jpg","width":678,"height":406,"caption":"deputado Arthur do Val"},{"@type":"BreadcrumbList","@id":"https:\/\/aconteceunovale.com.br\/portal\/?p=188293#breadcrumb","itemListElement":[{"@type":"ListItem","position":1,"name":"In\u00edcio","item":"https:\/\/aconteceunovale.com.br\/portal\/"},{"@type":"ListItem","position":2,"name":"Deputados pedem cassa\u00e7\u00e3o de Arthur do Val ap\u00f3s falas machistas"}]},{"@type":"WebSite","@id":"https:\/\/aconteceunovale.com.br\/portal\/#website","url":"https:\/\/aconteceunovale.com.br\/portal\/","name":"Aconteceu no Vale","description":"Portal de Not\u00edcias","potentialAction":[{"@type":"SearchAction","target":{"@type":"EntryPoint","urlTemplate":"https:\/\/aconteceunovale.com.br\/portal\/?s={search_term_string}"},"query-input":{"@type":"PropertyValueSpecification","valueRequired":true,"valueName":"search_term_string"}}],"inLanguage":"pt-BR"},{"@type":"Person","@id":"https:\/\/aconteceunovale.com.br\/portal\/#\/schema\/person\/7d2f26d1483f8a63de73da1ee0754d35","name":"Reda\u00e7\u00e3o Aconteceu no Vale","description":"Equipe de reportagem do Aconteceu no Vale, portal de not\u00edcias do Vale do Jequitinhonha, em Minas Gerais. Cobrimos as 51 cidades do Vale desde 2013. Sugest\u00f5es de pauta e pedidos de corre\u00e7\u00e3o: contato@aconteceunovale.com.br","url":"https:\/\/aconteceunovale.com.br\/portal\/?author=4"}]}},"_links":{"self":[{"href":"https:\/\/aconteceunovale.com.br\/portal\/index.php?rest_route=\/wp\/v2\/posts\/188293","targetHints":{"allow":["GET"]}}],"collection":[{"href":"https:\/\/aconteceunovale.com.br\/portal\/index.php?rest_route=\/wp\/v2\/posts"}],"about":[{"href":"https:\/\/aconteceunovale.com.br\/portal\/index.php?rest_route=\/wp\/v2\/types\/post"}],"author":[{"embeddable":true,"href":"https:\/\/aconteceunovale.com.br\/portal\/index.php?rest_route=\/wp\/v2\/users\/4"}],"replies":[{"embeddable":true,"href":"https:\/\/aconteceunovale.com.br\/portal\/index.php?rest_route=%2Fwp%2Fv2%2Fcomments&post=188293"}],"version-history":[{"count":1,"href":"https:\/\/aconteceunovale.com.br\/portal\/index.php?rest_route=\/wp\/v2\/posts\/188293\/revisions"}],"predecessor-version":[{"id":188294,"href":"https:\/\/aconteceunovale.com.br\/portal\/index.php?rest_route=\/wp\/v2\/posts\/188293\/revisions\/188294"}],"wp:featuredmedia":[{"embeddable":true,"href":"https:\/\/aconteceunovale.com.br\/portal\/index.php?rest_route=\/wp\/v2\/media\/187753"}],"wp:attachment":[{"href":"https:\/\/aconteceunovale.com.br\/portal\/index.php?rest_route=%2Fwp%2Fv2%2Fmedia&parent=188293"}],"wp:term":[{"taxonomy":"category","embeddable":true,"href":"https:\/\/aconteceunovale.com.br\/portal\/index.php?rest_route=%2Fwp%2Fv2%2Fcategories&post=188293"},{"taxonomy":"post_tag","embeddable":true,"href":"https:\/\/aconteceunovale.com.br\/portal\/index.php?rest_route=%2Fwp%2Fv2%2Ftags&post=188293"}],"curies":[{"name":"wp","href":"https:\/\/api.w.org\/{rel}","templated":true}]}}