{"id":188290,"date":"2022-04-08T17:44:35","date_gmt":"2022-04-08T20:44:35","guid":{"rendered":"https:\/\/aconteceunovale.com.br\/portal\/?p=188290"},"modified":"2022-04-08T17:57:26","modified_gmt":"2022-04-08T20:57:26","slug":"psb-formaliza-indicacao-de-geraldo-alckmin-como-vice-na-chapa-de-lula","status":"publish","type":"post","link":"https:\/\/aconteceunovale.com.br\/portal\/?p=188290","title":{"rendered":"PSB formaliza indica\u00e7\u00e3o de Geraldo Alckmin como vice na chapa de Lula"},"content":{"rendered":"\n<p class=\"wp-block-paragraph\">Em reuni\u00e3o realizada hoje (8\/4\/2022) em um hotel de S\u00e3o Paulo, o PSB indicou oficialmente o nome de Geraldo Alckmin para ser vice-presidente na chapa com o PT, que pretende lan\u00e7ar a candidatura de Luiz In\u00e1cio Lula da Silva para a Presid\u00eancia da Rep\u00fablica. O nome de Alckmin como vice na chapa de Lula ainda precisa ser aprovado pelo Diret\u00f3rio Nacional do PT.<\/p>\n\n\n\n<figure class=\"wp-block-gallery has-nested-images columns-default is-cropped wp-block-gallery-1 is-layout-flex wp-block-gallery-is-layout-flex\">\n<figure class=\"wp-block-image size-large\"><img loading=\"lazy\" decoding=\"async\" width=\"676\" height=\"450\" data-id=\"188291\" src=\"https:\/\/aconteceunovale.com.br\/portal\/wp-content\/uploads\/2022\/04\/alckmin_lula.jpg\" alt=\"\" class=\"wp-image-188291\" srcset=\"https:\/\/aconteceunovale.com.br\/portal\/wp-content\/uploads\/2022\/04\/alckmin_lula.jpg 676w, https:\/\/aconteceunovale.com.br\/portal\/wp-content\/uploads\/2022\/04\/alckmin_lula-300x200.jpg 300w, https:\/\/aconteceunovale.com.br\/portal\/wp-content\/uploads\/2022\/04\/alckmin_lula-631x420.jpg 631w\" sizes=\"auto, (max-width: 676px) 100vw, 676px\" \/><figcaption><em><sub>Foto: Paula Zwicker \/ Divulga\u00e7\u00e3o PSB<\/sub><\/em><\/figcaption><\/figure>\n<\/figure>\n\n\n\n<p class=\"wp-block-paragraph\">\u201cPara somar pot\u00eancia e amplitude \u00e0 resist\u00eancia contra o autoritarismo que ser\u00e1 liderada pelo companheiro Lula, o PSB prop\u00f5e para compor a chapa o nome do companheiro Geraldo Alckmin. Suas qualidades [de Geraldo Alckmin] s\u00e3o conhecidas e reconhecidas, dentre as quais cabe destacar uma vida p\u00fablica longeva e honrada, a perseveran\u00e7a na defesa da democracia e das pr\u00e1ticas que lhe correspondem, o equil\u00edbrio daqueles que acreditam no di\u00e1logo entre diferentes, a tranquilidade dos que almejam o bem p\u00fablico\u201d, escreveu o presidente nacional do PSB, Carlos Siqueira, em carta que entregou hoje (8) \u00e0 presidente nacional do PT, Gleisi Hoffmann, na reuni\u00e3o em S\u00e3o Paulo.<\/p>\n\n\n\n<p class=\"wp-block-paragraph\">Em 2006, Lula e Alckmin disputaram o segundo turno da elei\u00e7\u00e3o presidencial e o ent\u00e3o presidente foi reeleito para o segundo mandato.<\/p>\n\n\n\n<p class=\"wp-block-paragraph\">Na carta,&nbsp;Siqueira destaca que a proposta de uni\u00e3o entre os dois partidos n\u00e3o se limita \u00e0s elei\u00e7\u00f5es, mas \u201cenvolve uma dimens\u00e3o program\u00e1tica, visto que a composi\u00e7\u00e3o de uma frente ampla exige a formula\u00e7\u00e3o de um programa que corresponda \u00e0s perspectivas das for\u00e7as que a comp\u00f5em, tanto em termos pol\u00edtico-partid\u00e1rios, quanto no que se refere aos segmentos da sociedade civil que tal frente pretende representar\u201d.<\/p>\n\n\n\n<p class=\"wp-block-paragraph\">\u201cImportante saber que essa chapa aqui, se ela for formalizada, n\u00e3o \u00e9 s\u00f3 para disputar as elei\u00e7\u00f5es. Talvez ganhar as elei\u00e7\u00f5es seja mais f\u00e1cil do que a tarefa que n\u00f3s teremos pela frente de recuperar esse pa\u00eds. Vamos conversar com toda a sociedade brasileira, com os empres\u00e1rios, com os trabalhadores desse pa\u00eds&#8221;, disse Lula, durante a reuni\u00e3o.<\/p>\n\n\n\n<p class=\"wp-block-paragraph\">\u201cAgrade\u00e7o a confian\u00e7a e a honra na indica\u00e7\u00e3o do meu nome ao PT e ao presidente Lula para a possibilidade de compormos uma chapa para trabalhar pelo pa\u00eds. Aqui foi bem explicitado o momento grave que n\u00f3s estamos vivendo. Na realidade, n\u00e3o \u00e9 hora de ego\u00edsmo: \u00e9 hora de generosidade, grandeza pol\u00edtica, desprendimento e uni\u00e3o. Pol\u00edtica n\u00e3o \u00e9 uma arte solit\u00e1ria. A for\u00e7a da pol\u00edtica \u00e9 centr\u00edpeta e n\u00f3s vamos somar esfor\u00e7os a\u00ed para a reconstru\u00e7\u00e3o do nosso pa\u00eds&#8221;, disse Alckmin, no evento.<\/p>\n\n\n\n<p class=\"wp-block-paragraph\">&#8212;&#8212;&#8212;&#8212;&#8212;&#8212;<br><br><strong>Sabia que o Aconteceu no Vale est\u00e1 tamb\u00e9m no Telegram? <a rel=\"noreferrer noopener\" href=\"https:\/\/t.me\/aconteceunovaleoficial\" target=\"_blank\">Inscreva-se no canal<\/a>.<\/strong><br><br><strong>J\u00e1 curtiu ou seguiu nossas p\u00e1ginas nas redes sociais?\u00a0Receba as not\u00edcias em primeira m\u00e3o:<\/strong><br>\u2022 <a rel=\"noreferrer noopener\" href=\"https:\/\/news.google.com\/publications\/CAAqBwgKMNjklQswi4etAw?hl=pt-BR&amp;gl=BR&amp;ceid=BR%3Apt-419\" target=\"_blank\">Google News<\/a><br>\u2022 <a rel=\"noreferrer noopener\" href=\"https:\/\/www.facebook.com\/aconteceunovale\/\" target=\"_blank\">Facebook<\/a><br>\u2022 <a rel=\"noreferrer noopener\" href=\"https:\/\/twitter.com\/noticiadosvales\" target=\"_blank\">Twitter<\/a><br>\u2022 <a rel=\"noreferrer noopener\" href=\"https:\/\/www.instagram.com\/aconteceunovale\" target=\"_blank\">Instagram<\/a><br>\u2022 <a rel=\"noreferrer noopener\" href=\"https:\/\/www.youtube.com\/AconteceunoValeOficial\" target=\"_blank\">Youtube<\/a><br>\u2022 <a rel=\"noreferrer noopener\" href=\"https:\/\/www.tiktok.com\/@aconteceunovale\" target=\"_blank\">TikTok<\/a><\/p>\n","protected":false},"excerpt":{"rendered":"<p>Em reuni\u00e3o realizada hoje (8\/4\/2022) em um hotel de S\u00e3o Paulo, o PSB indicou oficialmente o nome de Geraldo Alckmin para ser vice-presidente na chapa com o PT, que pretende lan\u00e7ar a candidatura de Luiz In\u00e1cio Lula da Silva para a Presid\u00eancia da Rep\u00fablica. O nome de Alckmin como vice na chapa de Lula ainda [&hellip;]<\/p>\n","protected":false},"author":4,"featured_media":188291,"comment_status":"open","ping_status":"closed","sticky":false,"template":"","format":"standard","meta":{"amp_status":"","footnotes":""},"categories":[6,249933,40240],"tags":[50262,260369,1018,252238,64257,14372,260367,260368,125090,14124,7147,13894,260366,758],"class_list":["post-188290","post","type-post","status-publish","format-standard","has-post-thumbnail","hentry","category-br","category-eleicoes-2022","category-politica","tag-alckmin","tag-chapa-pt-psb","tag-destaque","tag-eleicoes-2022","tag-eleicoes-presidenciais","tag-geraldo-alckmin","tag-geraldo-alckmin-vice-de-lula","tag-geraldo-alckmin-vice-do-pt","tag-gleisi-hoffmann","tag-luiz-inacio-lula-da-silva","tag-lula","tag-psb","tag-psb-formaliza-indicacao-de-geraldo-alckmin-como-vice-na-chapa-de-lula","tag-pt"],"yoast_head":"<!-- This site is optimized with the Yoast SEO plugin v28.3 - https:\/\/yoast.com\/product\/yoast-seo-wordpress\/ -->\n<title>PSB formaliza indica\u00e7\u00e3o de Geraldo Alckmin como vice na chapa de Lula - Aconteceu no Vale<\/title>\n<meta name=\"robots\" content=\"index, follow, max-snippet:-1, max-image-preview:large, max-video-preview:-1\" \/>\n<link rel=\"canonical\" href=\"https:\/\/aconteceunovale.com.br\/portal\/?p=188290\" \/>\n<meta property=\"og:locale\" content=\"pt_BR\" \/>\n<meta property=\"og:type\" content=\"article\" \/>\n<meta property=\"og:title\" content=\"PSB formaliza indica\u00e7\u00e3o de Geraldo Alckmin como vice na chapa de Lula - Aconteceu no Vale\" \/>\n<meta property=\"og:description\" content=\"Em reuni\u00e3o realizada hoje (8\/4\/2022) em um hotel de S\u00e3o Paulo, o PSB indicou oficialmente o nome de Geraldo Alckmin para ser vice-presidente na chapa com o PT, que pretende lan\u00e7ar a candidatura de Luiz In\u00e1cio Lula da Silva para a Presid\u00eancia da Rep\u00fablica. O nome de Alckmin como vice na chapa de Lula ainda [&hellip;]\" \/>\n<meta property=\"og:url\" content=\"https:\/\/aconteceunovale.com.br\/portal\/?p=188290\" \/>\n<meta property=\"og:site_name\" content=\"Aconteceu no Vale\" \/>\n<meta property=\"article:publisher\" content=\"https:\/\/www.facebook.com\/aconteceunovale\/\" \/>\n<meta property=\"article:published_time\" content=\"2022-04-08T20:44:35+00:00\" \/>\n<meta property=\"article:modified_time\" content=\"2022-04-08T20:57:26+00:00\" \/>\n<meta property=\"og:image\" content=\"https:\/\/aconteceunovale.com.br\/portal\/wp-content\/uploads\/2022\/04\/alckmin_lula.jpg\" \/>\n\t<meta property=\"og:image:width\" content=\"676\" \/>\n\t<meta property=\"og:image:height\" content=\"450\" \/>\n\t<meta property=\"og:image:type\" content=\"image\/jpeg\" \/>\n<meta name=\"author\" content=\"Reda\u00e7\u00e3o Aconteceu no Vale\" \/>\n<meta name=\"twitter:card\" content=\"summary_large_image\" \/>\n<meta name=\"twitter:creator\" content=\"@noticiadosvales\" \/>\n<meta name=\"twitter:site\" content=\"@noticiadosvales\" \/>\n<meta name=\"twitter:label1\" content=\"Escrito por\" \/>\n\t<meta name=\"twitter:data1\" content=\"Reda\u00e7\u00e3o Aconteceu no Vale\" \/>\n\t<meta name=\"twitter:label2\" content=\"Est. tempo de leitura\" \/>\n\t<meta name=\"twitter:data2\" content=\"2 minutos\" \/>\n<script type=\"application\/ld+json\" class=\"yoast-schema-graph\">{\"@context\":\"https:\\\/\\\/schema.org\",\"@graph\":[{\"@type\":\"Article\",\"@id\":\"https:\\\/\\\/aconteceunovale.com.br\\\/portal\\\/?p=188290#article\",\"isPartOf\":{\"@id\":\"https:\\\/\\\/aconteceunovale.com.br\\\/portal\\\/?p=188290\"},\"author\":{\"name\":\"Reda\u00e7\u00e3o Aconteceu no Vale\",\"@id\":\"https:\\\/\\\/aconteceunovale.com.br\\\/portal\\\/#\\\/schema\\\/person\\\/7d2f26d1483f8a63de73da1ee0754d35\"},\"headline\":\"PSB formaliza indica\u00e7\u00e3o de Geraldo Alckmin como vice na chapa de Lula\",\"datePublished\":\"2022-04-08T20:44:35+00:00\",\"dateModified\":\"2022-04-08T20:57:26+00:00\",\"mainEntityOfPage\":{\"@id\":\"https:\\\/\\\/aconteceunovale.com.br\\\/portal\\\/?p=188290\"},\"wordCount\":504,\"commentCount\":0,\"image\":{\"@id\":\"https:\\\/\\\/aconteceunovale.com.br\\\/portal\\\/?p=188290#primaryimage\"},\"thumbnailUrl\":\"https:\\\/\\\/aconteceunovale.com.br\\\/portal\\\/wp-content\\\/uploads\\\/2022\\\/04\\\/alckmin_lula.jpg\",\"keywords\":[\"Alckmin\",\"Chapa PT PSB\",\"destaque\",\"Elei\u00e7\u00f5es 2022\",\"elei\u00e7\u00f5es presidenciais\",\"Geraldo Alckmin\",\"Geraldo Alckmin vice de Lula\",\"Geraldo Alckmin vice do PT\",\"Gleisi Hoffmann\",\"Luiz In\u00e1cio Lula da Silva\",\"Lula\",\"PSB\",\"PSB formaliza indica\u00e7\u00e3o de Geraldo Alckmin como vice na chapa de Lula\",\"PT\"],\"articleSection\":[\"Brasil\",\"Elei\u00e7\u00f5es 2022\",\"Pol\u00edtica\"],\"inLanguage\":\"pt-BR\",\"potentialAction\":[{\"@type\":\"CommentAction\",\"name\":\"Comment\",\"target\":[\"https:\\\/\\\/aconteceunovale.com.br\\\/portal\\\/?p=188290#respond\"]}]},{\"@type\":\"WebPage\",\"@id\":\"https:\\\/\\\/aconteceunovale.com.br\\\/portal\\\/?p=188290\",\"url\":\"https:\\\/\\\/aconteceunovale.com.br\\\/portal\\\/?p=188290\",\"name\":\"PSB formaliza indica\u00e7\u00e3o de Geraldo Alckmin como vice na chapa de Lula - Aconteceu no Vale\",\"isPartOf\":{\"@id\":\"https:\\\/\\\/aconteceunovale.com.br\\\/portal\\\/#website\"},\"primaryImageOfPage\":{\"@id\":\"https:\\\/\\\/aconteceunovale.com.br\\\/portal\\\/?p=188290#primaryimage\"},\"image\":{\"@id\":\"https:\\\/\\\/aconteceunovale.com.br\\\/portal\\\/?p=188290#primaryimage\"},\"thumbnailUrl\":\"https:\\\/\\\/aconteceunovale.com.br\\\/portal\\\/wp-content\\\/uploads\\\/2022\\\/04\\\/alckmin_lula.jpg\",\"datePublished\":\"2022-04-08T20:44:35+00:00\",\"dateModified\":\"2022-04-08T20:57:26+00:00\",\"author\":{\"@id\":\"https:\\\/\\\/aconteceunovale.com.br\\\/portal\\\/#\\\/schema\\\/person\\\/7d2f26d1483f8a63de73da1ee0754d35\"},\"breadcrumb\":{\"@id\":\"https:\\\/\\\/aconteceunovale.com.br\\\/portal\\\/?p=188290#breadcrumb\"},\"inLanguage\":\"pt-BR\",\"potentialAction\":[{\"@type\":\"ReadAction\",\"target\":[\"https:\\\/\\\/aconteceunovale.com.br\\\/portal\\\/?p=188290\"]}]},{\"@type\":\"ImageObject\",\"inLanguage\":\"pt-BR\",\"@id\":\"https:\\\/\\\/aconteceunovale.com.br\\\/portal\\\/?p=188290#primaryimage\",\"url\":\"https:\\\/\\\/aconteceunovale.com.br\\\/portal\\\/wp-content\\\/uploads\\\/2022\\\/04\\\/alckmin_lula.jpg\",\"contentUrl\":\"https:\\\/\\\/aconteceunovale.com.br\\\/portal\\\/wp-content\\\/uploads\\\/2022\\\/04\\\/alckmin_lula.jpg\",\"width\":676,\"height\":450},{\"@type\":\"BreadcrumbList\",\"@id\":\"https:\\\/\\\/aconteceunovale.com.br\\\/portal\\\/?p=188290#breadcrumb\",\"itemListElement\":[{\"@type\":\"ListItem\",\"position\":1,\"name\":\"In\u00edcio\",\"item\":\"https:\\\/\\\/aconteceunovale.com.br\\\/portal\\\/\"},{\"@type\":\"ListItem\",\"position\":2,\"name\":\"PSB formaliza indica\u00e7\u00e3o de Geraldo Alckmin como vice na chapa de Lula\"}]},{\"@type\":\"WebSite\",\"@id\":\"https:\\\/\\\/aconteceunovale.com.br\\\/portal\\\/#website\",\"url\":\"https:\\\/\\\/aconteceunovale.com.br\\\/portal\\\/\",\"name\":\"Aconteceu no Vale\",\"description\":\"Portal de Not\u00edcias\",\"potentialAction\":[{\"@type\":\"SearchAction\",\"target\":{\"@type\":\"EntryPoint\",\"urlTemplate\":\"https:\\\/\\\/aconteceunovale.com.br\\\/portal\\\/?s={search_term_string}\"},\"query-input\":{\"@type\":\"PropertyValueSpecification\",\"valueRequired\":true,\"valueName\":\"search_term_string\"}}],\"inLanguage\":\"pt-BR\"},{\"@type\":\"Person\",\"@id\":\"https:\\\/\\\/aconteceunovale.com.br\\\/portal\\\/#\\\/schema\\\/person\\\/7d2f26d1483f8a63de73da1ee0754d35\",\"name\":\"Reda\u00e7\u00e3o Aconteceu no Vale\",\"description\":\"Equipe de reportagem do Aconteceu no Vale, portal de not\u00edcias do Vale do Jequitinhonha, em Minas Gerais. Cobrimos as 51 cidades do Vale desde 2013. Sugest\u00f5es de pauta e pedidos de corre\u00e7\u00e3o: contato@aconteceunovale.com.br\",\"url\":\"https:\\\/\\\/aconteceunovale.com.br\\\/portal\\\/?author=4\"}]}<\/script>\n<!-- \/ Yoast SEO plugin. -->","yoast_head_json":{"title":"PSB formaliza indica\u00e7\u00e3o de Geraldo Alckmin como vice na chapa de Lula - Aconteceu no Vale","robots":{"index":"index","follow":"follow","max-snippet":"max-snippet:-1","max-image-preview":"max-image-preview:large","max-video-preview":"max-video-preview:-1"},"canonical":"https:\/\/aconteceunovale.com.br\/portal\/?p=188290","og_locale":"pt_BR","og_type":"article","og_title":"PSB formaliza indica\u00e7\u00e3o de Geraldo Alckmin como vice na chapa de Lula - Aconteceu no Vale","og_description":"Em reuni\u00e3o realizada hoje (8\/4\/2022) em um hotel de S\u00e3o Paulo, o PSB indicou oficialmente o nome de Geraldo Alckmin para ser vice-presidente na chapa com o PT, que pretende lan\u00e7ar a candidatura de Luiz In\u00e1cio Lula da Silva para a Presid\u00eancia da Rep\u00fablica. O nome de Alckmin como vice na chapa de Lula ainda [&hellip;]","og_url":"https:\/\/aconteceunovale.com.br\/portal\/?p=188290","og_site_name":"Aconteceu no Vale","article_publisher":"https:\/\/www.facebook.com\/aconteceunovale\/","article_published_time":"2022-04-08T20:44:35+00:00","article_modified_time":"2022-04-08T20:57:26+00:00","og_image":[{"width":676,"height":450,"url":"https:\/\/aconteceunovale.com.br\/portal\/wp-content\/uploads\/2022\/04\/alckmin_lula.jpg","type":"image\/jpeg"}],"author":"Reda\u00e7\u00e3o Aconteceu no Vale","twitter_card":"summary_large_image","twitter_creator":"@noticiadosvales","twitter_site":"@noticiadosvales","twitter_misc":{"Escrito por":"Reda\u00e7\u00e3o Aconteceu no Vale","Est. tempo de leitura":"2 minutos"},"schema":{"@context":"https:\/\/schema.org","@graph":[{"@type":"Article","@id":"https:\/\/aconteceunovale.com.br\/portal\/?p=188290#article","isPartOf":{"@id":"https:\/\/aconteceunovale.com.br\/portal\/?p=188290"},"author":{"name":"Reda\u00e7\u00e3o Aconteceu no Vale","@id":"https:\/\/aconteceunovale.com.br\/portal\/#\/schema\/person\/7d2f26d1483f8a63de73da1ee0754d35"},"headline":"PSB formaliza indica\u00e7\u00e3o de Geraldo Alckmin como vice na chapa de Lula","datePublished":"2022-04-08T20:44:35+00:00","dateModified":"2022-04-08T20:57:26+00:00","mainEntityOfPage":{"@id":"https:\/\/aconteceunovale.com.br\/portal\/?p=188290"},"wordCount":504,"commentCount":0,"image":{"@id":"https:\/\/aconteceunovale.com.br\/portal\/?p=188290#primaryimage"},"thumbnailUrl":"https:\/\/aconteceunovale.com.br\/portal\/wp-content\/uploads\/2022\/04\/alckmin_lula.jpg","keywords":["Alckmin","Chapa PT PSB","destaque","Elei\u00e7\u00f5es 2022","elei\u00e7\u00f5es presidenciais","Geraldo Alckmin","Geraldo Alckmin vice de Lula","Geraldo Alckmin vice do PT","Gleisi Hoffmann","Luiz In\u00e1cio Lula da Silva","Lula","PSB","PSB formaliza indica\u00e7\u00e3o de Geraldo Alckmin como vice na chapa de Lula","PT"],"articleSection":["Brasil","Elei\u00e7\u00f5es 2022","Pol\u00edtica"],"inLanguage":"pt-BR","potentialAction":[{"@type":"CommentAction","name":"Comment","target":["https:\/\/aconteceunovale.com.br\/portal\/?p=188290#respond"]}]},{"@type":"WebPage","@id":"https:\/\/aconteceunovale.com.br\/portal\/?p=188290","url":"https:\/\/aconteceunovale.com.br\/portal\/?p=188290","name":"PSB formaliza indica\u00e7\u00e3o de Geraldo Alckmin como vice na chapa de Lula - Aconteceu no Vale","isPartOf":{"@id":"https:\/\/aconteceunovale.com.br\/portal\/#website"},"primaryImageOfPage":{"@id":"https:\/\/aconteceunovale.com.br\/portal\/?p=188290#primaryimage"},"image":{"@id":"https:\/\/aconteceunovale.com.br\/portal\/?p=188290#primaryimage"},"thumbnailUrl":"https:\/\/aconteceunovale.com.br\/portal\/wp-content\/uploads\/2022\/04\/alckmin_lula.jpg","datePublished":"2022-04-08T20:44:35+00:00","dateModified":"2022-04-08T20:57:26+00:00","author":{"@id":"https:\/\/aconteceunovale.com.br\/portal\/#\/schema\/person\/7d2f26d1483f8a63de73da1ee0754d35"},"breadcrumb":{"@id":"https:\/\/aconteceunovale.com.br\/portal\/?p=188290#breadcrumb"},"inLanguage":"pt-BR","potentialAction":[{"@type":"ReadAction","target":["https:\/\/aconteceunovale.com.br\/portal\/?p=188290"]}]},{"@type":"ImageObject","inLanguage":"pt-BR","@id":"https:\/\/aconteceunovale.com.br\/portal\/?p=188290#primaryimage","url":"https:\/\/aconteceunovale.com.br\/portal\/wp-content\/uploads\/2022\/04\/alckmin_lula.jpg","contentUrl":"https:\/\/aconteceunovale.com.br\/portal\/wp-content\/uploads\/2022\/04\/alckmin_lula.jpg","width":676,"height":450},{"@type":"BreadcrumbList","@id":"https:\/\/aconteceunovale.com.br\/portal\/?p=188290#breadcrumb","itemListElement":[{"@type":"ListItem","position":1,"name":"In\u00edcio","item":"https:\/\/aconteceunovale.com.br\/portal\/"},{"@type":"ListItem","position":2,"name":"PSB formaliza indica\u00e7\u00e3o de Geraldo Alckmin como vice na chapa de Lula"}]},{"@type":"WebSite","@id":"https:\/\/aconteceunovale.com.br\/portal\/#website","url":"https:\/\/aconteceunovale.com.br\/portal\/","name":"Aconteceu no Vale","description":"Portal de Not\u00edcias","potentialAction":[{"@type":"SearchAction","target":{"@type":"EntryPoint","urlTemplate":"https:\/\/aconteceunovale.com.br\/portal\/?s={search_term_string}"},"query-input":{"@type":"PropertyValueSpecification","valueRequired":true,"valueName":"search_term_string"}}],"inLanguage":"pt-BR"},{"@type":"Person","@id":"https:\/\/aconteceunovale.com.br\/portal\/#\/schema\/person\/7d2f26d1483f8a63de73da1ee0754d35","name":"Reda\u00e7\u00e3o Aconteceu no Vale","description":"Equipe de reportagem do Aconteceu no Vale, portal de not\u00edcias do Vale do Jequitinhonha, em Minas Gerais. Cobrimos as 51 cidades do Vale desde 2013. Sugest\u00f5es de pauta e pedidos de corre\u00e7\u00e3o: contato@aconteceunovale.com.br","url":"https:\/\/aconteceunovale.com.br\/portal\/?author=4"}]}},"_links":{"self":[{"href":"https:\/\/aconteceunovale.com.br\/portal\/index.php?rest_route=\/wp\/v2\/posts\/188290","targetHints":{"allow":["GET"]}}],"collection":[{"href":"https:\/\/aconteceunovale.com.br\/portal\/index.php?rest_route=\/wp\/v2\/posts"}],"about":[{"href":"https:\/\/aconteceunovale.com.br\/portal\/index.php?rest_route=\/wp\/v2\/types\/post"}],"author":[{"embeddable":true,"href":"https:\/\/aconteceunovale.com.br\/portal\/index.php?rest_route=\/wp\/v2\/users\/4"}],"replies":[{"embeddable":true,"href":"https:\/\/aconteceunovale.com.br\/portal\/index.php?rest_route=%2Fwp%2Fv2%2Fcomments&post=188290"}],"version-history":[{"count":1,"href":"https:\/\/aconteceunovale.com.br\/portal\/index.php?rest_route=\/wp\/v2\/posts\/188290\/revisions"}],"predecessor-version":[{"id":188292,"href":"https:\/\/aconteceunovale.com.br\/portal\/index.php?rest_route=\/wp\/v2\/posts\/188290\/revisions\/188292"}],"wp:featuredmedia":[{"embeddable":true,"href":"https:\/\/aconteceunovale.com.br\/portal\/index.php?rest_route=\/wp\/v2\/media\/188291"}],"wp:attachment":[{"href":"https:\/\/aconteceunovale.com.br\/portal\/index.php?rest_route=%2Fwp%2Fv2%2Fmedia&parent=188290"}],"wp:term":[{"taxonomy":"category","embeddable":true,"href":"https:\/\/aconteceunovale.com.br\/portal\/index.php?rest_route=%2Fwp%2Fv2%2Fcategories&post=188290"},{"taxonomy":"post_tag","embeddable":true,"href":"https:\/\/aconteceunovale.com.br\/portal\/index.php?rest_route=%2Fwp%2Fv2%2Ftags&post=188290"}],"curies":[{"name":"wp","href":"https:\/\/api.w.org\/{rel}","templated":true}]}}