{"id":188230,"date":"2022-04-04T17:28:35","date_gmt":"2022-04-04T20:28:35","guid":{"rendered":"https:\/\/aconteceunovale.com.br\/portal\/?p=188230"},"modified":"2022-04-04T17:29:28","modified_gmt":"2022-04-04T20:29:28","slug":"cerca-de-70-parlamentares-trocaram-de-legenda-na-janela-partidaria","status":"publish","type":"post","link":"https:\/\/aconteceunovale.com.br\/portal\/?p=188230","title":{"rendered":"Cerca de 70 parlamentares trocaram de legenda na janela partid\u00e1ria"},"content":{"rendered":"\n<p class=\"wp-block-paragraph\">Durante os 30 dias do per\u00edodo de janela partid\u00e1ria, prazo para que deputadas e deputados federais ou estaduais possam trocar de partido pol\u00edtico para concorrer nas Elei\u00e7\u00f5es 2022 sem perder o mandato por infidelidade partid\u00e1ria, cerca de 70 deputados federais trocaram de sigla. Desde 2018, por decis\u00e3o do Tribunal Superior Eleitoral (TSE), a troca de sigla s\u00f3 pode ser feita pelo parlamentar no t\u00e9rmino do mandato vigente.<\/p>\n\n\n\n<p class=\"wp-block-paragraph\">Com o\u00a0fim do prazo, na \u00faltima sexta-feira (1\u00ba), a nova composi\u00e7\u00e3o das bancadas colocou o PL como o partido com mais deputados na C\u00e2mara, com 73 deputados. O n\u00famero \u00e9 mais do que o dobro do que o partido tinha no in\u00edcio da legislatura, quando contava com 33 deputados. Grande parte dos novos deputados do PL veio do Uni\u00e3o Brasil, partido criado com a fus\u00e3o do PSL e DEM.<\/p>\n\n\n\n<p class=\"wp-block-paragraph\">O PT, que antes da janela j\u00e1 havia disputado a posi\u00e7\u00e3o de maior bancada com o PSL (atual Uni\u00e3o Brasil), terminou a janela com 56 deputados, ante os 54 no in\u00edcio da legislatura. Antes da janela partid\u00e1ria, o Uni\u00e3o Brasil contava com 81 deputados, mas agora est\u00e1 com 47. Outros partidos que cresceram foram o PP, que passou de 38 para 50 deputados, e o Republicanos, que foi de 30 para 45 parlamentares.<\/p>\n\n\n\n<p class=\"wp-block-paragraph\">O PROS e o Avante ganharam um deputado cada, ficando atualmente com nove e oito parlamentares, respectivamente. As bancadas da Rede, com um parlamentar, e do Novo, com oito, n\u00e3o tiveram altera\u00e7\u00e3o no n\u00famero de integrantes.<\/p>\n\n\n\n<p class=\"wp-block-paragraph\">Entre as principais bancadas, o PSD saiu de 35 deputados para 43, e o MDB de 34 para 35. O PSB encolheu &#8211; a bancada que era de 32 deputados passou para 25; mesma situa\u00e7\u00e3o do PSDB, que saiu de 29 para 27 parlamentares na C\u00e2mara e do PDT, que passou de 28 para 20 deputados.<\/p>\n\n\n\n<p class=\"wp-block-paragraph\">Tamb\u00e9m perderam parlamentares o PSOL, atualmente com nove deputados, um a menos do que no in\u00edcio da legislatura; PV, que passou de quatro para tr\u00eas deputados; o PCdoB, que ficou com sete deputados, contra os nove do in\u00edcio da legislatura.<\/p>\n\n\n\n<p class=\"wp-block-paragraph\">Quem tamb\u00e9m viu a bancada diminuir foi o Solidariedade, que passou de 13 para 11 deputados; o PTB, que caiu de 10 para seis deputados; e o Cidadania, que perdeu um deputado e est\u00e1 com sete parlamentares agora.<\/p>\n\n\n\n<h2 class=\"wp-block-heading\">Entenda<\/h2>\n\n\n\n<p class=\"wp-block-paragraph\">A chamada &#8220;janela partid\u00e1ria&#8221; se abre por 30 dias a cada ciclo eleitoral, permitindo a mudan\u00e7a de legenda sem que isso implique infidelidade partid\u00e1ria e consequente perda de mandato.<\/p>\n\n\n\n<p class=\"wp-block-paragraph\">O prazo de um m\u00eas est\u00e1 previsto na Lei dos Partidos Pol\u00edticos (Lei 9.096\/1995, Artigo 22-A). Segundo a legisla\u00e7\u00e3o, a janela se abre todo ano eleitoral, sempre seis meses antes do pleito. Neste ano, o calend\u00e1rio eleitoral\u00a0estabeleceu o per\u00edodo de troca\u00a0partid\u00e1ria de 3 de mar\u00e7o a 1\u00ba de abril.<\/p>\n\n\n\n<p class=\"wp-block-paragraph\">A regra somente se aplica aos mandatos eletivos proporcionais, como os de deputados e vereadores. O entendimento \u00e9 de que, nesses casos, os assentos nas casas legislativas pertencem ao partido e n\u00e3o aos ocupantes dos cargos.<\/p>\n\n\n\n<p class=\"wp-block-paragraph\">A janela foi regulamentada e inserida no calend\u00e1rio eleitoral na minirreforma de 2015, para permitir a reacomoda\u00e7\u00e3o das for\u00e7as partid\u00e1rias antes do teste nas urnas.<\/p>\n\n\n\n<p class=\"wp-block-paragraph\">As movimenta\u00e7\u00f5es servem como term\u00f4metro das candidaturas, indicando qual a leitura que cada parlamentar faz do panorama eleitoral e das pesquisas de inten\u00e7\u00e3o de voto.<\/p>\n\n\n\n<p class=\"wp-block-paragraph\">Neste ano, puderam trocar de sigla somente os deputados. Isso porque em 2018 o TSE estabeleceu que somente tem direito a usufruir da janela partid\u00e1ria o legislador que estiver em fim de mandato. Dessa forma, os atuais vereadores somente poder\u00e3o mudar de legenda antes das pr\u00f3ximas elei\u00e7\u00f5es municipais, em 2024.<\/p>\n\n\n\n<p class=\"wp-block-paragraph\">A janela partid\u00e1ria \u00e9 uma das \u00fanicas hip\u00f3teses para que deputados troquem de agremia\u00e7\u00e3o ainda durante o mandato. As outras s\u00e3o: a cria\u00e7\u00e3o de uma sigla; fim ou fus\u00e3o do partido; desvio do programa partid\u00e1rio ou grave discrimina\u00e7\u00e3o pessoal. Qualquer mudan\u00e7a de legenda que n\u00e3o se enquadre nesses motivos pode levar \u00e0 perda do mandato.<\/p>\n\n\n\n<p class=\"wp-block-paragraph\">&#8212;&#8212;&#8212;&#8212;&#8212;&#8212;<br><br><strong>Sabia que o Aconteceu no Vale est\u00e1 tamb\u00e9m no Telegram? <a rel=\"noreferrer noopener\" href=\"https:\/\/t.me\/aconteceunovaleoficial\" target=\"_blank\">Inscreva-se no canal<\/a>.<\/strong><br><br><strong>J\u00e1 curtiu ou seguiu nossas p\u00e1ginas nas redes sociais?\u00a0Receba as not\u00edcias em primeira m\u00e3o:<\/strong><br>\u2022 <a rel=\"noreferrer noopener\" href=\"https:\/\/news.google.com\/publications\/CAAqBwgKMNjklQswi4etAw?hl=pt-BR&amp;gl=BR&amp;ceid=BR%3Apt-419\" target=\"_blank\">Google News<\/a><br>\u2022 <a rel=\"noreferrer noopener\" href=\"https:\/\/www.facebook.com\/aconteceunovale\/\" target=\"_blank\">Facebook<\/a><br>\u2022 <a rel=\"noreferrer noopener\" href=\"https:\/\/twitter.com\/noticiadosvales\" target=\"_blank\">Twitter<\/a><br>\u2022 <a rel=\"noreferrer noopener\" href=\"https:\/\/www.instagram.com\/aconteceunovale\" target=\"_blank\">Instagram<\/a><br>\u2022 <a rel=\"noreferrer noopener\" href=\"https:\/\/www.youtube.com\/AconteceunoValeOficial\" target=\"_blank\">Youtube<\/a><br>\u2022 <a rel=\"noreferrer noopener\" href=\"https:\/\/www.tiktok.com\/@aconteceunovale\" target=\"_blank\">TikTok<\/a><\/p>\n","protected":false},"excerpt":{"rendered":"<p>Durante os 30 dias do per\u00edodo de janela partid\u00e1ria, prazo para que deputadas e deputados federais ou estaduais possam trocar de partido pol\u00edtico para concorrer nas Elei\u00e7\u00f5es 2022 sem perder o mandato por infidelidade partid\u00e1ria, cerca de 70 deputados federais trocaram de sigla. Desde 2018, por decis\u00e3o do Tribunal Superior Eleitoral (TSE), a troca de [&hellip;]<\/p>\n","protected":false},"author":4,"featured_media":73253,"comment_status":"open","ping_status":"closed","sticky":false,"template":"","format":"standard","meta":{"amp_status":"","footnotes":""},"categories":[6,249933,40240],"tags":[259663,217388,252240,260307,252238,260305,259666,83617,217386,217385,260306,72413,83627,217389,259664,259667,217390,94060,259665,267],"class_list":["post-188230","post","type-post","status-publish","format-standard","has-post-thumbnail","hentry","category-br","category-eleicoes-2022","category-politica","tag-abertura-da-janela-partidaria","tag-calendario-das-eleicoes","tag-calendario-das-eleicoes-2022","tag-cerca-de-70-parlamentares-trocaram-de-legenda-na-janela-partidaria","tag-eleicoes-2022","tag-eleicoes-municipais-2022","tag-janela-para-troca-de-partidos","tag-janela-partidaria","tag-janela-partidaria-para-quem-vai-disputar-eleicoes","tag-janela-partidaria-para-quem-vai-disputar-eleicoes-comeca-na-proxima-quinta-feira","tag-janela-partidaria-para-quem-vai-disputar-eleicoes-em-2022","tag-lei-das-eleicoes","tag-mudanca-de-partido","tag-mudanca-de-partido-sem-punicao","tag-prazo-janela-partidaria","tag-prazo-para-troca-de-partidos","tag-ter-mg","tag-tribunal-superior-eleitoral","tag-troca-de-partidos","tag-tse"],"yoast_head":"<!-- This site is optimized with the Yoast SEO plugin v28.3 - https:\/\/yoast.com\/product\/yoast-seo-wordpress\/ -->\n<title>Cerca de 70 parlamentares trocaram de legenda na janela partid\u00e1ria - Aconteceu no Vale<\/title>\n<meta name=\"robots\" content=\"index, follow, max-snippet:-1, max-image-preview:large, max-video-preview:-1\" \/>\n<link rel=\"canonical\" href=\"https:\/\/aconteceunovale.com.br\/portal\/?p=188230\" \/>\n<meta property=\"og:locale\" content=\"pt_BR\" \/>\n<meta property=\"og:type\" content=\"article\" \/>\n<meta property=\"og:title\" content=\"Cerca de 70 parlamentares trocaram de legenda na janela partid\u00e1ria - Aconteceu no Vale\" \/>\n<meta property=\"og:description\" content=\"Durante os 30 dias do per\u00edodo de janela partid\u00e1ria, prazo para que deputadas e deputados federais ou estaduais possam trocar de partido pol\u00edtico para concorrer nas Elei\u00e7\u00f5es 2022 sem perder o mandato por infidelidade partid\u00e1ria, cerca de 70 deputados federais trocaram de sigla. Desde 2018, por decis\u00e3o do Tribunal Superior Eleitoral (TSE), a troca de [&hellip;]\" \/>\n<meta property=\"og:url\" content=\"https:\/\/aconteceunovale.com.br\/portal\/?p=188230\" \/>\n<meta property=\"og:site_name\" content=\"Aconteceu no Vale\" \/>\n<meta property=\"article:publisher\" content=\"https:\/\/www.facebook.com\/aconteceunovale\/\" \/>\n<meta property=\"article:published_time\" content=\"2022-04-04T20:28:35+00:00\" \/>\n<meta property=\"article:modified_time\" content=\"2022-04-04T20:29:28+00:00\" \/>\n<meta property=\"og:image\" content=\"https:\/\/aconteceunovale.com.br\/portal\/wp-content\/uploads\/2015\/11\/congresso.jpg\" \/>\n\t<meta property=\"og:image:width\" content=\"640\" \/>\n\t<meta property=\"og:image:height\" content=\"423\" \/>\n\t<meta property=\"og:image:type\" content=\"image\/jpeg\" \/>\n<meta name=\"author\" content=\"Reda\u00e7\u00e3o Aconteceu no Vale\" \/>\n<meta name=\"twitter:card\" content=\"summary_large_image\" \/>\n<meta name=\"twitter:creator\" content=\"@noticiadosvales\" \/>\n<meta name=\"twitter:site\" content=\"@noticiadosvales\" \/>\n<meta name=\"twitter:label1\" content=\"Escrito por\" \/>\n\t<meta name=\"twitter:data1\" content=\"Reda\u00e7\u00e3o Aconteceu no Vale\" \/>\n\t<meta name=\"twitter:label2\" content=\"Est. tempo de leitura\" \/>\n\t<meta name=\"twitter:data2\" content=\"4 minutos\" \/>\n<script type=\"application\/ld+json\" class=\"yoast-schema-graph\">{\"@context\":\"https:\\\/\\\/schema.org\",\"@graph\":[{\"@type\":\"Article\",\"@id\":\"https:\\\/\\\/aconteceunovale.com.br\\\/portal\\\/?p=188230#article\",\"isPartOf\":{\"@id\":\"https:\\\/\\\/aconteceunovale.com.br\\\/portal\\\/?p=188230\"},\"author\":{\"name\":\"Reda\u00e7\u00e3o Aconteceu no Vale\",\"@id\":\"https:\\\/\\\/aconteceunovale.com.br\\\/portal\\\/#\\\/schema\\\/person\\\/7d2f26d1483f8a63de73da1ee0754d35\"},\"headline\":\"Cerca de 70 parlamentares trocaram de legenda na janela partid\u00e1ria\",\"datePublished\":\"2022-04-04T20:28:35+00:00\",\"dateModified\":\"2022-04-04T20:29:28+00:00\",\"mainEntityOfPage\":{\"@id\":\"https:\\\/\\\/aconteceunovale.com.br\\\/portal\\\/?p=188230\"},\"wordCount\":723,\"commentCount\":0,\"image\":{\"@id\":\"https:\\\/\\\/aconteceunovale.com.br\\\/portal\\\/?p=188230#primaryimage\"},\"thumbnailUrl\":\"https:\\\/\\\/aconteceunovale.com.br\\\/portal\\\/wp-content\\\/uploads\\\/2015\\\/11\\\/congresso.jpg\",\"keywords\":[\"Abertura da Janela partid\u00e1ria\",\"Calend\u00e1rio das elei\u00e7\u00f5es\",\"Calend\u00e1rio das Elei\u00e7\u00f5es 2022\",\"Cerca de 70 parlamentares trocaram de legenda na janela partid\u00e1ria\",\"Elei\u00e7\u00f5es 2022\",\"Elei\u00e7\u00f5es municipais 2022\",\"Janela para troca de partidos\",\"janela partid\u00e1ria\",\"Janela partid\u00e1ria para quem vai disputar elei\u00e7\u00f5es\",\"Janela partid\u00e1ria para quem vai disputar elei\u00e7\u00f5es come\u00e7a na pr\u00f3xima quinta-feira\",\"Janela partid\u00e1ria para quem vai disputar elei\u00e7\u00f5es em 2022\",\"Lei das Elei\u00e7\u00f5es\",\"mudan\u00e7a de partido\",\"Mudan\u00e7a de partido sem puni\u00e7\u00e3o\",\"Prazo Janela partid\u00e1ria\",\"Prazo para troca de partidos\",\"TER-MG\",\"Tribunal Superior Eleitoral\",\"Troca de partidos\",\"TSE\"],\"articleSection\":[\"Brasil\",\"Elei\u00e7\u00f5es 2022\",\"Pol\u00edtica\"],\"inLanguage\":\"pt-BR\",\"potentialAction\":[{\"@type\":\"CommentAction\",\"name\":\"Comment\",\"target\":[\"https:\\\/\\\/aconteceunovale.com.br\\\/portal\\\/?p=188230#respond\"]}]},{\"@type\":\"WebPage\",\"@id\":\"https:\\\/\\\/aconteceunovale.com.br\\\/portal\\\/?p=188230\",\"url\":\"https:\\\/\\\/aconteceunovale.com.br\\\/portal\\\/?p=188230\",\"name\":\"Cerca de 70 parlamentares trocaram de legenda na janela partid\u00e1ria - Aconteceu no Vale\",\"isPartOf\":{\"@id\":\"https:\\\/\\\/aconteceunovale.com.br\\\/portal\\\/#website\"},\"primaryImageOfPage\":{\"@id\":\"https:\\\/\\\/aconteceunovale.com.br\\\/portal\\\/?p=188230#primaryimage\"},\"image\":{\"@id\":\"https:\\\/\\\/aconteceunovale.com.br\\\/portal\\\/?p=188230#primaryimage\"},\"thumbnailUrl\":\"https:\\\/\\\/aconteceunovale.com.br\\\/portal\\\/wp-content\\\/uploads\\\/2015\\\/11\\\/congresso.jpg\",\"datePublished\":\"2022-04-04T20:28:35+00:00\",\"dateModified\":\"2022-04-04T20:29:28+00:00\",\"author\":{\"@id\":\"https:\\\/\\\/aconteceunovale.com.br\\\/portal\\\/#\\\/schema\\\/person\\\/7d2f26d1483f8a63de73da1ee0754d35\"},\"breadcrumb\":{\"@id\":\"https:\\\/\\\/aconteceunovale.com.br\\\/portal\\\/?p=188230#breadcrumb\"},\"inLanguage\":\"pt-BR\",\"potentialAction\":[{\"@type\":\"ReadAction\",\"target\":[\"https:\\\/\\\/aconteceunovale.com.br\\\/portal\\\/?p=188230\"]}]},{\"@type\":\"ImageObject\",\"inLanguage\":\"pt-BR\",\"@id\":\"https:\\\/\\\/aconteceunovale.com.br\\\/portal\\\/?p=188230#primaryimage\",\"url\":\"https:\\\/\\\/aconteceunovale.com.br\\\/portal\\\/wp-content\\\/uploads\\\/2015\\\/11\\\/congresso.jpg\",\"contentUrl\":\"https:\\\/\\\/aconteceunovale.com.br\\\/portal\\\/wp-content\\\/uploads\\\/2015\\\/11\\\/congresso.jpg\",\"width\":640,\"height\":423},{\"@type\":\"BreadcrumbList\",\"@id\":\"https:\\\/\\\/aconteceunovale.com.br\\\/portal\\\/?p=188230#breadcrumb\",\"itemListElement\":[{\"@type\":\"ListItem\",\"position\":1,\"name\":\"In\u00edcio\",\"item\":\"https:\\\/\\\/aconteceunovale.com.br\\\/portal\\\/\"},{\"@type\":\"ListItem\",\"position\":2,\"name\":\"Cerca de 70 parlamentares trocaram de legenda na janela partid\u00e1ria\"}]},{\"@type\":\"WebSite\",\"@id\":\"https:\\\/\\\/aconteceunovale.com.br\\\/portal\\\/#website\",\"url\":\"https:\\\/\\\/aconteceunovale.com.br\\\/portal\\\/\",\"name\":\"Aconteceu no Vale\",\"description\":\"Portal de Not\u00edcias\",\"potentialAction\":[{\"@type\":\"SearchAction\",\"target\":{\"@type\":\"EntryPoint\",\"urlTemplate\":\"https:\\\/\\\/aconteceunovale.com.br\\\/portal\\\/?s={search_term_string}\"},\"query-input\":{\"@type\":\"PropertyValueSpecification\",\"valueRequired\":true,\"valueName\":\"search_term_string\"}}],\"inLanguage\":\"pt-BR\"},{\"@type\":\"Person\",\"@id\":\"https:\\\/\\\/aconteceunovale.com.br\\\/portal\\\/#\\\/schema\\\/person\\\/7d2f26d1483f8a63de73da1ee0754d35\",\"name\":\"Reda\u00e7\u00e3o Aconteceu no Vale\",\"description\":\"Equipe de reportagem do Aconteceu no Vale, portal de not\u00edcias do Vale do Jequitinhonha, em Minas Gerais. Cobrimos as 51 cidades do Vale desde 2013. Sugest\u00f5es de pauta e pedidos de corre\u00e7\u00e3o: contato@aconteceunovale.com.br\",\"url\":\"https:\\\/\\\/aconteceunovale.com.br\\\/portal\\\/?author=4\"}]}<\/script>\n<!-- \/ Yoast SEO plugin. -->","yoast_head_json":{"title":"Cerca de 70 parlamentares trocaram de legenda na janela partid\u00e1ria - Aconteceu no Vale","robots":{"index":"index","follow":"follow","max-snippet":"max-snippet:-1","max-image-preview":"max-image-preview:large","max-video-preview":"max-video-preview:-1"},"canonical":"https:\/\/aconteceunovale.com.br\/portal\/?p=188230","og_locale":"pt_BR","og_type":"article","og_title":"Cerca de 70 parlamentares trocaram de legenda na janela partid\u00e1ria - Aconteceu no Vale","og_description":"Durante os 30 dias do per\u00edodo de janela partid\u00e1ria, prazo para que deputadas e deputados federais ou estaduais possam trocar de partido pol\u00edtico para concorrer nas Elei\u00e7\u00f5es 2022 sem perder o mandato por infidelidade partid\u00e1ria, cerca de 70 deputados federais trocaram de sigla. Desde 2018, por decis\u00e3o do Tribunal Superior Eleitoral (TSE), a troca de [&hellip;]","og_url":"https:\/\/aconteceunovale.com.br\/portal\/?p=188230","og_site_name":"Aconteceu no Vale","article_publisher":"https:\/\/www.facebook.com\/aconteceunovale\/","article_published_time":"2022-04-04T20:28:35+00:00","article_modified_time":"2022-04-04T20:29:28+00:00","og_image":[{"width":640,"height":423,"url":"https:\/\/aconteceunovale.com.br\/portal\/wp-content\/uploads\/2015\/11\/congresso.jpg","type":"image\/jpeg"}],"author":"Reda\u00e7\u00e3o Aconteceu no Vale","twitter_card":"summary_large_image","twitter_creator":"@noticiadosvales","twitter_site":"@noticiadosvales","twitter_misc":{"Escrito por":"Reda\u00e7\u00e3o Aconteceu no Vale","Est. tempo de leitura":"4 minutos"},"schema":{"@context":"https:\/\/schema.org","@graph":[{"@type":"Article","@id":"https:\/\/aconteceunovale.com.br\/portal\/?p=188230#article","isPartOf":{"@id":"https:\/\/aconteceunovale.com.br\/portal\/?p=188230"},"author":{"name":"Reda\u00e7\u00e3o Aconteceu no Vale","@id":"https:\/\/aconteceunovale.com.br\/portal\/#\/schema\/person\/7d2f26d1483f8a63de73da1ee0754d35"},"headline":"Cerca de 70 parlamentares trocaram de legenda na janela partid\u00e1ria","datePublished":"2022-04-04T20:28:35+00:00","dateModified":"2022-04-04T20:29:28+00:00","mainEntityOfPage":{"@id":"https:\/\/aconteceunovale.com.br\/portal\/?p=188230"},"wordCount":723,"commentCount":0,"image":{"@id":"https:\/\/aconteceunovale.com.br\/portal\/?p=188230#primaryimage"},"thumbnailUrl":"https:\/\/aconteceunovale.com.br\/portal\/wp-content\/uploads\/2015\/11\/congresso.jpg","keywords":["Abertura da Janela partid\u00e1ria","Calend\u00e1rio das elei\u00e7\u00f5es","Calend\u00e1rio das Elei\u00e7\u00f5es 2022","Cerca de 70 parlamentares trocaram de legenda na janela partid\u00e1ria","Elei\u00e7\u00f5es 2022","Elei\u00e7\u00f5es municipais 2022","Janela para troca de partidos","janela partid\u00e1ria","Janela partid\u00e1ria para quem vai disputar elei\u00e7\u00f5es","Janela partid\u00e1ria para quem vai disputar elei\u00e7\u00f5es come\u00e7a na pr\u00f3xima quinta-feira","Janela partid\u00e1ria para quem vai disputar elei\u00e7\u00f5es em 2022","Lei das Elei\u00e7\u00f5es","mudan\u00e7a de partido","Mudan\u00e7a de partido sem puni\u00e7\u00e3o","Prazo Janela partid\u00e1ria","Prazo para troca de partidos","TER-MG","Tribunal Superior Eleitoral","Troca de partidos","TSE"],"articleSection":["Brasil","Elei\u00e7\u00f5es 2022","Pol\u00edtica"],"inLanguage":"pt-BR","potentialAction":[{"@type":"CommentAction","name":"Comment","target":["https:\/\/aconteceunovale.com.br\/portal\/?p=188230#respond"]}]},{"@type":"WebPage","@id":"https:\/\/aconteceunovale.com.br\/portal\/?p=188230","url":"https:\/\/aconteceunovale.com.br\/portal\/?p=188230","name":"Cerca de 70 parlamentares trocaram de legenda na janela partid\u00e1ria - Aconteceu no Vale","isPartOf":{"@id":"https:\/\/aconteceunovale.com.br\/portal\/#website"},"primaryImageOfPage":{"@id":"https:\/\/aconteceunovale.com.br\/portal\/?p=188230#primaryimage"},"image":{"@id":"https:\/\/aconteceunovale.com.br\/portal\/?p=188230#primaryimage"},"thumbnailUrl":"https:\/\/aconteceunovale.com.br\/portal\/wp-content\/uploads\/2015\/11\/congresso.jpg","datePublished":"2022-04-04T20:28:35+00:00","dateModified":"2022-04-04T20:29:28+00:00","author":{"@id":"https:\/\/aconteceunovale.com.br\/portal\/#\/schema\/person\/7d2f26d1483f8a63de73da1ee0754d35"},"breadcrumb":{"@id":"https:\/\/aconteceunovale.com.br\/portal\/?p=188230#breadcrumb"},"inLanguage":"pt-BR","potentialAction":[{"@type":"ReadAction","target":["https:\/\/aconteceunovale.com.br\/portal\/?p=188230"]}]},{"@type":"ImageObject","inLanguage":"pt-BR","@id":"https:\/\/aconteceunovale.com.br\/portal\/?p=188230#primaryimage","url":"https:\/\/aconteceunovale.com.br\/portal\/wp-content\/uploads\/2015\/11\/congresso.jpg","contentUrl":"https:\/\/aconteceunovale.com.br\/portal\/wp-content\/uploads\/2015\/11\/congresso.jpg","width":640,"height":423},{"@type":"BreadcrumbList","@id":"https:\/\/aconteceunovale.com.br\/portal\/?p=188230#breadcrumb","itemListElement":[{"@type":"ListItem","position":1,"name":"In\u00edcio","item":"https:\/\/aconteceunovale.com.br\/portal\/"},{"@type":"ListItem","position":2,"name":"Cerca de 70 parlamentares trocaram de legenda na janela partid\u00e1ria"}]},{"@type":"WebSite","@id":"https:\/\/aconteceunovale.com.br\/portal\/#website","url":"https:\/\/aconteceunovale.com.br\/portal\/","name":"Aconteceu no Vale","description":"Portal de Not\u00edcias","potentialAction":[{"@type":"SearchAction","target":{"@type":"EntryPoint","urlTemplate":"https:\/\/aconteceunovale.com.br\/portal\/?s={search_term_string}"},"query-input":{"@type":"PropertyValueSpecification","valueRequired":true,"valueName":"search_term_string"}}],"inLanguage":"pt-BR"},{"@type":"Person","@id":"https:\/\/aconteceunovale.com.br\/portal\/#\/schema\/person\/7d2f26d1483f8a63de73da1ee0754d35","name":"Reda\u00e7\u00e3o Aconteceu no Vale","description":"Equipe de reportagem do Aconteceu no Vale, portal de not\u00edcias do Vale do Jequitinhonha, em Minas Gerais. Cobrimos as 51 cidades do Vale desde 2013. Sugest\u00f5es de pauta e pedidos de corre\u00e7\u00e3o: contato@aconteceunovale.com.br","url":"https:\/\/aconteceunovale.com.br\/portal\/?author=4"}]}},"_links":{"self":[{"href":"https:\/\/aconteceunovale.com.br\/portal\/index.php?rest_route=\/wp\/v2\/posts\/188230","targetHints":{"allow":["GET"]}}],"collection":[{"href":"https:\/\/aconteceunovale.com.br\/portal\/index.php?rest_route=\/wp\/v2\/posts"}],"about":[{"href":"https:\/\/aconteceunovale.com.br\/portal\/index.php?rest_route=\/wp\/v2\/types\/post"}],"author":[{"embeddable":true,"href":"https:\/\/aconteceunovale.com.br\/portal\/index.php?rest_route=\/wp\/v2\/users\/4"}],"replies":[{"embeddable":true,"href":"https:\/\/aconteceunovale.com.br\/portal\/index.php?rest_route=%2Fwp%2Fv2%2Fcomments&post=188230"}],"version-history":[{"count":1,"href":"https:\/\/aconteceunovale.com.br\/portal\/index.php?rest_route=\/wp\/v2\/posts\/188230\/revisions"}],"predecessor-version":[{"id":188231,"href":"https:\/\/aconteceunovale.com.br\/portal\/index.php?rest_route=\/wp\/v2\/posts\/188230\/revisions\/188231"}],"wp:featuredmedia":[{"embeddable":true,"href":"https:\/\/aconteceunovale.com.br\/portal\/index.php?rest_route=\/wp\/v2\/media\/73253"}],"wp:attachment":[{"href":"https:\/\/aconteceunovale.com.br\/portal\/index.php?rest_route=%2Fwp%2Fv2%2Fmedia&parent=188230"}],"wp:term":[{"taxonomy":"category","embeddable":true,"href":"https:\/\/aconteceunovale.com.br\/portal\/index.php?rest_route=%2Fwp%2Fv2%2Fcategories&post=188230"},{"taxonomy":"post_tag","embeddable":true,"href":"https:\/\/aconteceunovale.com.br\/portal\/index.php?rest_route=%2Fwp%2Fv2%2Ftags&post=188230"}],"curies":[{"name":"wp","href":"https:\/\/api.w.org\/{rel}","templated":true}]}}