{"id":188222,"date":"2022-04-04T13:57:21","date_gmt":"2022-04-04T16:57:21","guid":{"rendered":"https:\/\/aconteceunovale.com.br\/portal\/?p=188222"},"modified":"2022-04-04T14:00:31","modified_gmt":"2022-04-04T17:00:31","slug":"dimas-e-seus-teclados-lota-espaco-de-eventos-em-varzea-da-palma","status":"publish","type":"post","link":"https:\/\/aconteceunovale.com.br\/portal\/?p=188222","title":{"rendered":"Dimas e Seus Teclados lota espa\u00e7o de eventos em V\u00e1rzea da Palma"},"content":{"rendered":"\n<p class=\"wp-block-paragraph\">Carreata de recep\u00e7\u00e3o, casa lotada e uma noite de muito forr\u00f3. Com estas palavras podemos definir o\u00a0show do cantor Dimas e Seus Teclados no Palmas Club, em V\u00e1rzea da Palma (MG), no s\u00e1bado (2\/4\/2022). Essa foi a primeira apresenta\u00e7\u00e3o do artista na cidade e deixou um <em>\u201cgostinho de quero mais\u201d <\/em>entre os participantes do evento, principalmente os que compareceram ao camarim para registrar o momento.\u00a0<\/p>\n\n\n\n<figure class=\"wp-block-gallery has-nested-images columns-default is-cropped wp-block-gallery-1 is-layout-flex wp-block-gallery-is-layout-flex\">\n<figure class=\"wp-block-image size-large\"><img loading=\"lazy\" decoding=\"async\" width=\"678\" height=\"434\" data-id=\"188224\" src=\"https:\/\/aconteceunovale.com.br\/portal\/wp-content\/uploads\/2022\/04\/ga_dimas.jpeg\" alt=\"\" class=\"wp-image-188224\" srcset=\"https:\/\/aconteceunovale.com.br\/portal\/wp-content\/uploads\/2022\/04\/ga_dimas.jpeg 678w, https:\/\/aconteceunovale.com.br\/portal\/wp-content\/uploads\/2022\/04\/ga_dimas-300x192.jpeg 300w, https:\/\/aconteceunovale.com.br\/portal\/wp-content\/uploads\/2022\/04\/ga_dimas-656x420.jpeg 656w\" sizes=\"auto, (max-width: 678px) 100vw, 678px\" \/><figcaption><em><sub>Dimas e e o empres\u00e1rio GA Produ\u00e7\u00f5es &#8211; Foto: Divulga\u00e7\u00e3o<\/sub><\/em><\/figcaption><\/figure>\n<\/figure>\n\n\n\n<p class=\"wp-block-paragraph\">Organizado pelo empres\u00e1rio GA Produ\u00e7\u00f5es, em parceria com o cantor Dimas e Seus Teclados, o evento bateu recorde de p\u00fablico e foi sucesso total. <em>\u201cDestaco aqui os meus mais de 18 anos de trabalho s\u00e9rio no mercado do entretimento, com grandes parcerias com artistas de n\u00edvel Nacional, como \u00e9 o caso do&nbsp;Dimas, e agrade\u00e7o a Deus e a minha fam\u00edlia pelo suporte\u201d,<\/em> disse o produtor em r\u00e1pida conversa no camarim.&nbsp;<\/p>\n\n\n\n<p class=\"wp-block-paragraph\">O cantor Dimas, ao encerrar sua apresenta\u00e7\u00e3o, agradeceu a todos os presentes e afirmou estar muito feliz pela recep\u00e7\u00e3o calorosa e pelo carinho demonstrado por todos.\u00a0<\/p>\n\n\n\n<p class=\"wp-block-paragraph\"><strong>V\u00eddeo do show:<\/strong><\/p>\n\n\n\n<figure class=\"wp-block-video\"><video height=\"480\" style=\"aspect-ratio: 848 \/ 480;\" width=\"848\" controls src=\"https:\/\/aconteceunovale.com.br\/portal\/wp-content\/uploads\/2022\/04\/dimas_varzea_da_palma.mp4\"><\/video><\/figure>\n\n\n\n<h2 class=\"wp-block-heading\"><strong>Dimas<\/strong>&nbsp;<\/h2>\n\n\n\n<p class=\"wp-block-paragraph\">Dimas e Seus Teclados iniciou sua carreira em 2000 e lan\u00e7ou seu primeiro CD dois anos depois. Desde ent\u00e3o, o artista \u00e9 reconhecido em todo o Brasil e bate recordes de p\u00fablico por onde passa.&nbsp;<\/p>\n\n\n\n<p class=\"wp-block-paragraph\">Atualmente, o&nbsp;cantor possui uma megaestrutura de show, como: dois \u00f4nibus para viagens e cen\u00e1rio com placas de LED de \u00faltima gera\u00e7\u00e3o.&nbsp;<\/p>\n\n\n\n<p class=\"wp-block-paragraph\">&#8212;&#8212;&#8212;&#8212;&#8212;&#8212;<br><br><strong>Sabia que o Aconteceu no Vale est\u00e1 tamb\u00e9m no Telegram? <a rel=\"noreferrer noopener\" href=\"https:\/\/t.me\/aconteceunovaleoficial\" target=\"_blank\">Inscreva-se no canal<\/a>.<\/strong><br><br><strong>J\u00e1 curtiu ou seguiu nossas p\u00e1ginas nas redes sociais?\u00a0Receba as not\u00edcias em primeira m\u00e3o:<\/strong><br>\u2022 <a rel=\"noreferrer noopener\" href=\"https:\/\/news.google.com\/publications\/CAAqBwgKMNjklQswi4etAw?hl=pt-BR&amp;gl=BR&amp;ceid=BR%3Apt-419\" target=\"_blank\">Google News<\/a><br>\u2022 <a rel=\"noreferrer noopener\" href=\"https:\/\/www.facebook.com\/aconteceunovale\/\" target=\"_blank\">Facebook<\/a><br>\u2022 <a rel=\"noreferrer noopener\" href=\"https:\/\/twitter.com\/noticiadosvales\" target=\"_blank\">Twitter<\/a><br>\u2022 <a rel=\"noreferrer noopener\" href=\"https:\/\/www.instagram.com\/aconteceunovale\" target=\"_blank\">Instagram<\/a><br>\u2022 <a rel=\"noreferrer noopener\" href=\"https:\/\/www.youtube.com\/AconteceunoValeOficial\" target=\"_blank\">Youtube<\/a><br>\u2022 <a rel=\"noreferrer noopener\" href=\"https:\/\/www.tiktok.com\/@aconteceunovale\" target=\"_blank\">TikTok<\/a><\/p>\n","protected":false},"excerpt":{"rendered":"<p>Carreata de recep\u00e7\u00e3o, casa lotada e uma noite de muito forr\u00f3. Com estas palavras podemos definir o\u00a0show do cantor Dimas e Seus Teclados no Palmas Club, em V\u00e1rzea da Palma (MG), no s\u00e1bado (2\/4\/2022). Essa foi a primeira apresenta\u00e7\u00e3o do artista na cidade e deixou um \u201cgostinho de quero mais\u201d entre os participantes do evento, [&hellip;]<\/p>\n","protected":false},"author":4,"featured_media":188224,"comment_status":"open","ping_status":"closed","sticky":false,"template":"","format":"standard","meta":{"amp_status":"","footnotes":""},"categories":[125,1236],"tags":[260229,260295,260230,260298,260296,260297,260299,1153,260228,260231,1340],"class_list":["post-188222","post","type-post","status-publish","format-standard","has-post-thumbnail","hentry","category-noticias","category-norte_de_minas","tag-dimas-e-seus-teclados-em-varzea-da-palma","tag-dimas-e-seus-teclados-lota-espaco-de-eventos-em-varzea-da-palma","tag-dimas-e-seus-teclados-no-palmas-club","tag-empresario-ga-producoes","tag-ga-producoes","tag-ga-producoes-de-grao-mogol","tag-ga-producoes-e-dimas-e-seus-teclados","tag-grao-mogol","tag-o-sereno-vai-cair-em-varzea-da-palma","tag-o-sereno-vai-cair-em-varzea-da-palma-neste-sabado-tem-dimas-e-seus-teclados-no-palmas-club","tag-varzea-da-palma"],"yoast_head":"<!-- This site is optimized with the Yoast SEO plugin v28.3 - https:\/\/yoast.com\/product\/yoast-seo-wordpress\/ -->\n<title>Dimas e Seus Teclados lota espa\u00e7o de eventos em V\u00e1rzea da Palma - Aconteceu no Vale<\/title>\n<meta name=\"robots\" content=\"index, follow, max-snippet:-1, max-image-preview:large, max-video-preview:-1\" \/>\n<link rel=\"canonical\" href=\"https:\/\/aconteceunovale.com.br\/portal\/?p=188222\" \/>\n<meta property=\"og:locale\" content=\"pt_BR\" \/>\n<meta property=\"og:type\" content=\"article\" \/>\n<meta property=\"og:title\" content=\"Dimas e Seus Teclados lota espa\u00e7o de eventos em V\u00e1rzea da Palma - Aconteceu no Vale\" \/>\n<meta property=\"og:description\" content=\"Carreata de recep\u00e7\u00e3o, casa lotada e uma noite de muito forr\u00f3. Com estas palavras podemos definir o\u00a0show do cantor Dimas e Seus Teclados no Palmas Club, em V\u00e1rzea da Palma (MG), no s\u00e1bado (2\/4\/2022). Essa foi a primeira apresenta\u00e7\u00e3o do artista na cidade e deixou um \u201cgostinho de quero mais\u201d entre os participantes do evento, [&hellip;]\" \/>\n<meta property=\"og:url\" content=\"https:\/\/aconteceunovale.com.br\/portal\/?p=188222\" \/>\n<meta property=\"og:site_name\" content=\"Aconteceu no Vale\" \/>\n<meta property=\"article:publisher\" content=\"https:\/\/www.facebook.com\/aconteceunovale\/\" \/>\n<meta property=\"article:published_time\" content=\"2022-04-04T16:57:21+00:00\" \/>\n<meta property=\"article:modified_time\" content=\"2022-04-04T17:00:31+00:00\" \/>\n<meta property=\"og:image\" content=\"https:\/\/aconteceunovale.com.br\/portal\/wp-content\/uploads\/2022\/04\/ga_dimas.jpeg\" \/>\n\t<meta property=\"og:image:width\" content=\"678\" \/>\n\t<meta property=\"og:image:height\" content=\"434\" \/>\n\t<meta property=\"og:image:type\" content=\"image\/jpeg\" \/>\n<meta name=\"author\" content=\"Reda\u00e7\u00e3o Aconteceu no Vale\" \/>\n<meta name=\"twitter:card\" content=\"summary_large_image\" \/>\n<meta name=\"twitter:creator\" content=\"@noticiadosvales\" \/>\n<meta name=\"twitter:site\" content=\"@noticiadosvales\" \/>\n<meta name=\"twitter:label1\" content=\"Escrito por\" \/>\n\t<meta name=\"twitter:data1\" content=\"Reda\u00e7\u00e3o Aconteceu no Vale\" \/>\n\t<meta name=\"twitter:label2\" content=\"Est. tempo de leitura\" \/>\n\t<meta name=\"twitter:data2\" content=\"1 minuto\" \/>\n<script type=\"application\/ld+json\" class=\"yoast-schema-graph\">{\"@context\":\"https:\\\/\\\/schema.org\",\"@graph\":[{\"@type\":\"Article\",\"@id\":\"https:\\\/\\\/aconteceunovale.com.br\\\/portal\\\/?p=188222#article\",\"isPartOf\":{\"@id\":\"https:\\\/\\\/aconteceunovale.com.br\\\/portal\\\/?p=188222\"},\"author\":{\"name\":\"Reda\u00e7\u00e3o Aconteceu no Vale\",\"@id\":\"https:\\\/\\\/aconteceunovale.com.br\\\/portal\\\/#\\\/schema\\\/person\\\/7d2f26d1483f8a63de73da1ee0754d35\"},\"headline\":\"Dimas e Seus Teclados lota espa\u00e7o de eventos em V\u00e1rzea da Palma\",\"datePublished\":\"2022-04-04T16:57:21+00:00\",\"dateModified\":\"2022-04-04T17:00:31+00:00\",\"mainEntityOfPage\":{\"@id\":\"https:\\\/\\\/aconteceunovale.com.br\\\/portal\\\/?p=188222\"},\"wordCount\":312,\"commentCount\":0,\"image\":{\"@id\":\"https:\\\/\\\/aconteceunovale.com.br\\\/portal\\\/?p=188222#primaryimage\"},\"thumbnailUrl\":\"https:\\\/\\\/aconteceunovale.com.br\\\/portal\\\/wp-content\\\/uploads\\\/2022\\\/04\\\/ga_dimas.jpeg\",\"keywords\":[\"Dimas e Seus Teclados em V\u00e1rzea da Palma\",\"Dimas e Seus Teclados lota espa\u00e7o de eventos em V\u00e1rzea da Palma\",\"Dimas e Seus Teclados no Palmas Club\",\"Empres\u00e1rio GA Produ\u00e7\u00f5es\",\"GA Produ\u00e7\u00f5es\",\"GA Produ\u00e7\u00f5es de Gr\u00e3o Mogol\",\"GA Produ\u00e7\u00f5es e Dimas e Seus Teclados\",\"gr\u00e3o mogol\",\"O sereno vai cair em V\u00e1rzea da Palma\",\"O sereno vai cair em V\u00e1rzea da Palma; neste s\u00e1bado tem Dimas e Seus Teclados no Palmas Club\",\"v\u00e1rzea da palma\"],\"articleSection\":[\"Eventos\",\"Norte de Minas\"],\"inLanguage\":\"pt-BR\",\"potentialAction\":[{\"@type\":\"CommentAction\",\"name\":\"Comment\",\"target\":[\"https:\\\/\\\/aconteceunovale.com.br\\\/portal\\\/?p=188222#respond\"]}]},{\"@type\":\"WebPage\",\"@id\":\"https:\\\/\\\/aconteceunovale.com.br\\\/portal\\\/?p=188222\",\"url\":\"https:\\\/\\\/aconteceunovale.com.br\\\/portal\\\/?p=188222\",\"name\":\"Dimas e Seus Teclados lota espa\u00e7o de eventos em V\u00e1rzea da Palma - Aconteceu no Vale\",\"isPartOf\":{\"@id\":\"https:\\\/\\\/aconteceunovale.com.br\\\/portal\\\/#website\"},\"primaryImageOfPage\":{\"@id\":\"https:\\\/\\\/aconteceunovale.com.br\\\/portal\\\/?p=188222#primaryimage\"},\"image\":{\"@id\":\"https:\\\/\\\/aconteceunovale.com.br\\\/portal\\\/?p=188222#primaryimage\"},\"thumbnailUrl\":\"https:\\\/\\\/aconteceunovale.com.br\\\/portal\\\/wp-content\\\/uploads\\\/2022\\\/04\\\/ga_dimas.jpeg\",\"datePublished\":\"2022-04-04T16:57:21+00:00\",\"dateModified\":\"2022-04-04T17:00:31+00:00\",\"author\":{\"@id\":\"https:\\\/\\\/aconteceunovale.com.br\\\/portal\\\/#\\\/schema\\\/person\\\/7d2f26d1483f8a63de73da1ee0754d35\"},\"breadcrumb\":{\"@id\":\"https:\\\/\\\/aconteceunovale.com.br\\\/portal\\\/?p=188222#breadcrumb\"},\"inLanguage\":\"pt-BR\",\"potentialAction\":[{\"@type\":\"ReadAction\",\"target\":[\"https:\\\/\\\/aconteceunovale.com.br\\\/portal\\\/?p=188222\"]}]},{\"@type\":\"ImageObject\",\"inLanguage\":\"pt-BR\",\"@id\":\"https:\\\/\\\/aconteceunovale.com.br\\\/portal\\\/?p=188222#primaryimage\",\"url\":\"https:\\\/\\\/aconteceunovale.com.br\\\/portal\\\/wp-content\\\/uploads\\\/2022\\\/04\\\/ga_dimas.jpeg\",\"contentUrl\":\"https:\\\/\\\/aconteceunovale.com.br\\\/portal\\\/wp-content\\\/uploads\\\/2022\\\/04\\\/ga_dimas.jpeg\",\"width\":678,\"height\":434},{\"@type\":\"BreadcrumbList\",\"@id\":\"https:\\\/\\\/aconteceunovale.com.br\\\/portal\\\/?p=188222#breadcrumb\",\"itemListElement\":[{\"@type\":\"ListItem\",\"position\":1,\"name\":\"In\u00edcio\",\"item\":\"https:\\\/\\\/aconteceunovale.com.br\\\/portal\\\/\"},{\"@type\":\"ListItem\",\"position\":2,\"name\":\"Dimas e Seus Teclados lota espa\u00e7o de eventos em V\u00e1rzea da Palma\"}]},{\"@type\":\"WebSite\",\"@id\":\"https:\\\/\\\/aconteceunovale.com.br\\\/portal\\\/#website\",\"url\":\"https:\\\/\\\/aconteceunovale.com.br\\\/portal\\\/\",\"name\":\"Aconteceu no Vale\",\"description\":\"Portal de Not\u00edcias\",\"potentialAction\":[{\"@type\":\"SearchAction\",\"target\":{\"@type\":\"EntryPoint\",\"urlTemplate\":\"https:\\\/\\\/aconteceunovale.com.br\\\/portal\\\/?s={search_term_string}\"},\"query-input\":{\"@type\":\"PropertyValueSpecification\",\"valueRequired\":true,\"valueName\":\"search_term_string\"}}],\"inLanguage\":\"pt-BR\"},{\"@type\":\"Person\",\"@id\":\"https:\\\/\\\/aconteceunovale.com.br\\\/portal\\\/#\\\/schema\\\/person\\\/7d2f26d1483f8a63de73da1ee0754d35\",\"name\":\"Reda\u00e7\u00e3o Aconteceu no Vale\",\"description\":\"Equipe de reportagem do Aconteceu no Vale, portal de not\u00edcias do Vale do Jequitinhonha, em Minas Gerais. Cobrimos as 51 cidades do Vale desde 2013. Sugest\u00f5es de pauta e pedidos de corre\u00e7\u00e3o: contato@aconteceunovale.com.br\",\"url\":\"https:\\\/\\\/aconteceunovale.com.br\\\/portal\\\/?author=4\"}]}<\/script>\n<!-- \/ Yoast SEO plugin. -->","yoast_head_json":{"title":"Dimas e Seus Teclados lota espa\u00e7o de eventos em V\u00e1rzea da Palma - Aconteceu no Vale","robots":{"index":"index","follow":"follow","max-snippet":"max-snippet:-1","max-image-preview":"max-image-preview:large","max-video-preview":"max-video-preview:-1"},"canonical":"https:\/\/aconteceunovale.com.br\/portal\/?p=188222","og_locale":"pt_BR","og_type":"article","og_title":"Dimas e Seus Teclados lota espa\u00e7o de eventos em V\u00e1rzea da Palma - Aconteceu no Vale","og_description":"Carreata de recep\u00e7\u00e3o, casa lotada e uma noite de muito forr\u00f3. Com estas palavras podemos definir o\u00a0show do cantor Dimas e Seus Teclados no Palmas Club, em V\u00e1rzea da Palma (MG), no s\u00e1bado (2\/4\/2022). Essa foi a primeira apresenta\u00e7\u00e3o do artista na cidade e deixou um \u201cgostinho de quero mais\u201d entre os participantes do evento, [&hellip;]","og_url":"https:\/\/aconteceunovale.com.br\/portal\/?p=188222","og_site_name":"Aconteceu no Vale","article_publisher":"https:\/\/www.facebook.com\/aconteceunovale\/","article_published_time":"2022-04-04T16:57:21+00:00","article_modified_time":"2022-04-04T17:00:31+00:00","og_image":[{"width":678,"height":434,"url":"https:\/\/aconteceunovale.com.br\/portal\/wp-content\/uploads\/2022\/04\/ga_dimas.jpeg","type":"image\/jpeg"}],"author":"Reda\u00e7\u00e3o Aconteceu no Vale","twitter_card":"summary_large_image","twitter_creator":"@noticiadosvales","twitter_site":"@noticiadosvales","twitter_misc":{"Escrito por":"Reda\u00e7\u00e3o Aconteceu no Vale","Est. tempo de leitura":"1 minuto"},"schema":{"@context":"https:\/\/schema.org","@graph":[{"@type":"Article","@id":"https:\/\/aconteceunovale.com.br\/portal\/?p=188222#article","isPartOf":{"@id":"https:\/\/aconteceunovale.com.br\/portal\/?p=188222"},"author":{"name":"Reda\u00e7\u00e3o Aconteceu no Vale","@id":"https:\/\/aconteceunovale.com.br\/portal\/#\/schema\/person\/7d2f26d1483f8a63de73da1ee0754d35"},"headline":"Dimas e Seus Teclados lota espa\u00e7o de eventos em V\u00e1rzea da Palma","datePublished":"2022-04-04T16:57:21+00:00","dateModified":"2022-04-04T17:00:31+00:00","mainEntityOfPage":{"@id":"https:\/\/aconteceunovale.com.br\/portal\/?p=188222"},"wordCount":312,"commentCount":0,"image":{"@id":"https:\/\/aconteceunovale.com.br\/portal\/?p=188222#primaryimage"},"thumbnailUrl":"https:\/\/aconteceunovale.com.br\/portal\/wp-content\/uploads\/2022\/04\/ga_dimas.jpeg","keywords":["Dimas e Seus Teclados em V\u00e1rzea da Palma","Dimas e Seus Teclados lota espa\u00e7o de eventos em V\u00e1rzea da Palma","Dimas e Seus Teclados no Palmas Club","Empres\u00e1rio GA Produ\u00e7\u00f5es","GA Produ\u00e7\u00f5es","GA Produ\u00e7\u00f5es de Gr\u00e3o Mogol","GA Produ\u00e7\u00f5es e Dimas e Seus Teclados","gr\u00e3o mogol","O sereno vai cair em V\u00e1rzea da Palma","O sereno vai cair em V\u00e1rzea da Palma; neste s\u00e1bado tem Dimas e Seus Teclados no Palmas Club","v\u00e1rzea da palma"],"articleSection":["Eventos","Norte de Minas"],"inLanguage":"pt-BR","potentialAction":[{"@type":"CommentAction","name":"Comment","target":["https:\/\/aconteceunovale.com.br\/portal\/?p=188222#respond"]}]},{"@type":"WebPage","@id":"https:\/\/aconteceunovale.com.br\/portal\/?p=188222","url":"https:\/\/aconteceunovale.com.br\/portal\/?p=188222","name":"Dimas e Seus Teclados lota espa\u00e7o de eventos em V\u00e1rzea da Palma - Aconteceu no Vale","isPartOf":{"@id":"https:\/\/aconteceunovale.com.br\/portal\/#website"},"primaryImageOfPage":{"@id":"https:\/\/aconteceunovale.com.br\/portal\/?p=188222#primaryimage"},"image":{"@id":"https:\/\/aconteceunovale.com.br\/portal\/?p=188222#primaryimage"},"thumbnailUrl":"https:\/\/aconteceunovale.com.br\/portal\/wp-content\/uploads\/2022\/04\/ga_dimas.jpeg","datePublished":"2022-04-04T16:57:21+00:00","dateModified":"2022-04-04T17:00:31+00:00","author":{"@id":"https:\/\/aconteceunovale.com.br\/portal\/#\/schema\/person\/7d2f26d1483f8a63de73da1ee0754d35"},"breadcrumb":{"@id":"https:\/\/aconteceunovale.com.br\/portal\/?p=188222#breadcrumb"},"inLanguage":"pt-BR","potentialAction":[{"@type":"ReadAction","target":["https:\/\/aconteceunovale.com.br\/portal\/?p=188222"]}]},{"@type":"ImageObject","inLanguage":"pt-BR","@id":"https:\/\/aconteceunovale.com.br\/portal\/?p=188222#primaryimage","url":"https:\/\/aconteceunovale.com.br\/portal\/wp-content\/uploads\/2022\/04\/ga_dimas.jpeg","contentUrl":"https:\/\/aconteceunovale.com.br\/portal\/wp-content\/uploads\/2022\/04\/ga_dimas.jpeg","width":678,"height":434},{"@type":"BreadcrumbList","@id":"https:\/\/aconteceunovale.com.br\/portal\/?p=188222#breadcrumb","itemListElement":[{"@type":"ListItem","position":1,"name":"In\u00edcio","item":"https:\/\/aconteceunovale.com.br\/portal\/"},{"@type":"ListItem","position":2,"name":"Dimas e Seus Teclados lota espa\u00e7o de eventos em V\u00e1rzea da Palma"}]},{"@type":"WebSite","@id":"https:\/\/aconteceunovale.com.br\/portal\/#website","url":"https:\/\/aconteceunovale.com.br\/portal\/","name":"Aconteceu no Vale","description":"Portal de Not\u00edcias","potentialAction":[{"@type":"SearchAction","target":{"@type":"EntryPoint","urlTemplate":"https:\/\/aconteceunovale.com.br\/portal\/?s={search_term_string}"},"query-input":{"@type":"PropertyValueSpecification","valueRequired":true,"valueName":"search_term_string"}}],"inLanguage":"pt-BR"},{"@type":"Person","@id":"https:\/\/aconteceunovale.com.br\/portal\/#\/schema\/person\/7d2f26d1483f8a63de73da1ee0754d35","name":"Reda\u00e7\u00e3o Aconteceu no Vale","description":"Equipe de reportagem do Aconteceu no Vale, portal de not\u00edcias do Vale do Jequitinhonha, em Minas Gerais. Cobrimos as 51 cidades do Vale desde 2013. Sugest\u00f5es de pauta e pedidos de corre\u00e7\u00e3o: contato@aconteceunovale.com.br","url":"https:\/\/aconteceunovale.com.br\/portal\/?author=4"}]}},"_links":{"self":[{"href":"https:\/\/aconteceunovale.com.br\/portal\/index.php?rest_route=\/wp\/v2\/posts\/188222","targetHints":{"allow":["GET"]}}],"collection":[{"href":"https:\/\/aconteceunovale.com.br\/portal\/index.php?rest_route=\/wp\/v2\/posts"}],"about":[{"href":"https:\/\/aconteceunovale.com.br\/portal\/index.php?rest_route=\/wp\/v2\/types\/post"}],"author":[{"embeddable":true,"href":"https:\/\/aconteceunovale.com.br\/portal\/index.php?rest_route=\/wp\/v2\/users\/4"}],"replies":[{"embeddable":true,"href":"https:\/\/aconteceunovale.com.br\/portal\/index.php?rest_route=%2Fwp%2Fv2%2Fcomments&post=188222"}],"version-history":[{"count":2,"href":"https:\/\/aconteceunovale.com.br\/portal\/index.php?rest_route=\/wp\/v2\/posts\/188222\/revisions"}],"predecessor-version":[{"id":188226,"href":"https:\/\/aconteceunovale.com.br\/portal\/index.php?rest_route=\/wp\/v2\/posts\/188222\/revisions\/188226"}],"wp:featuredmedia":[{"embeddable":true,"href":"https:\/\/aconteceunovale.com.br\/portal\/index.php?rest_route=\/wp\/v2\/media\/188224"}],"wp:attachment":[{"href":"https:\/\/aconteceunovale.com.br\/portal\/index.php?rest_route=%2Fwp%2Fv2%2Fmedia&parent=188222"}],"wp:term":[{"taxonomy":"category","embeddable":true,"href":"https:\/\/aconteceunovale.com.br\/portal\/index.php?rest_route=%2Fwp%2Fv2%2Fcategories&post=188222"},{"taxonomy":"post_tag","embeddable":true,"href":"https:\/\/aconteceunovale.com.br\/portal\/index.php?rest_route=%2Fwp%2Fv2%2Ftags&post=188222"}],"curies":[{"name":"wp","href":"https:\/\/api.w.org\/{rel}","templated":true}]}}