{"id":188123,"date":"2022-03-31T11:44:31","date_gmt":"2022-03-31T14:44:31","guid":{"rendered":"https:\/\/aconteceunovale.com.br\/portal\/?p=188123"},"modified":"2022-03-31T11:45:09","modified_gmt":"2022-03-31T14:45:09","slug":"prefeitura-de-capitolio-reabre-canions-do-lago-de-furnas","status":"publish","type":"post","link":"https:\/\/aconteceunovale.com.br\/portal\/?p=188123","title":{"rendered":"Prefeitura de Capit\u00f3lio reabre c\u00e2nions do Lago de Furnas"},"content":{"rendered":"\n<p class=\"wp-block-paragraph\">A prefeitura de Capit\u00f3lio (MG) anunciou nesta quarta-feira (30\/3\/2022) a reabertura parcial dos c\u00e2nions do Lago de Furnas. O decreto com a decis\u00e3o foi assinado no dia 23 de mar\u00e7o e passou a valer nesta quarta.<\/p>\n\n\n\n<p class=\"wp-block-paragraph\">Os c\u00e2nions estavam interditados desde 8 de janeiro, quando houve o\u00a0desabamento de uma pedra\u00a0no local que atingiu algumas lanchas e deixou dez mortos.<\/p>\n\n\n\n<p class=\"wp-block-paragraph\">Segundo a prefeitura, a libera\u00e7\u00e3o dos c\u00e2nions, uma importante atra\u00e7\u00e3o tur\u00edstica local, segue recomenda\u00e7\u00f5es apresentadas por estudos geol\u00f3gicos e por inqu\u00e9rito da Pol\u00edcia Civil. Pelo decreto, o retorno de turistas ao local dever\u00e1 ocorrer de forma controlada, com redu\u00e7\u00e3o de fluxo, respeitando limites de distanciamento dos pared\u00f5es e a entrada das embarca\u00e7\u00f5es no atrativo.<\/p>\n\n\n\n<p class=\"wp-block-paragraph\">Entre as medidas obrigat\u00f3rias a serem adotadas, est\u00e3o a an\u00e1lise di\u00e1ria para avalia\u00e7\u00e3o geol\u00f3gica do atrativo; apresenta\u00e7\u00e3o do termo de anu\u00eancia e aceite assinado por todos os passageiros da embarca\u00e7\u00e3o, contendo orienta\u00e7\u00f5es expressas sobre as novas regras de visita\u00e7\u00e3o; uso de capacete de prote\u00e7\u00e3o e colete salva-vidas em todo o circuito dos c\u00e2nions; interrup\u00e7\u00e3o dos passeios em qualquer ponto dentro do c\u00e2nion em caso de chuvas e\/ou verifica\u00e7\u00e3o de algum tipo de deslocamento ou movimenta\u00e7\u00e3o de blocos rochosos ou de solo e delimita\u00e7\u00e3o de circuito das embarca\u00e7\u00f5es para que a visita\u00e7\u00e3o ocorra de forma rotativa.<\/p>\n\n\n\n<p class=\"wp-block-paragraph\">O inqu\u00e9rito da Pol\u00edcia Civil, apresentado no dia 4 de mar\u00e7o, concluiu que o ocorrido foi um desastre natural, sem culpados. A prefeitura de Capit\u00f3lio informou que apurou os pontos que apresentam risco iminente de queda de rocha para executar projetos de conten\u00e7\u00e3o com telas de a\u00e7o nestes locais. As obras v\u00e3o come\u00e7ar nos pr\u00f3ximos meses e ter\u00e3o dura\u00e7\u00e3o de at\u00e9 um ano. Nesse per\u00edodo, o decreto segue valendo.<\/p>\n\n\n\n<p class=\"wp-block-paragraph\">A fiscaliza\u00e7\u00e3o ser\u00e1 feita pela prefeitura, juntamente com a Marinha.<\/p>\n\n\n\n<p class=\"wp-block-paragraph\">&#8212;&#8212;&#8212;&#8212;&#8212;&#8212;<br><br><strong>Sabia que o Aconteceu no Vale est\u00e1 tamb\u00e9m no Telegram? <a rel=\"noreferrer noopener\" href=\"https:\/\/t.me\/aconteceunovaleoficial\" target=\"_blank\">Inscreva-se no canal<\/a>.<\/strong><br><br><strong>J\u00e1 curtiu ou seguiu nossas p\u00e1ginas nas redes sociais?\u00a0Receba as not\u00edcias em primeira m\u00e3o:<\/strong><br>\u2022 <a rel=\"noreferrer noopener\" href=\"https:\/\/news.google.com\/publications\/CAAqBwgKMNjklQswi4etAw?hl=pt-BR&amp;gl=BR&amp;ceid=BR%3Apt-419\" target=\"_blank\">Google News<\/a><br>\u2022 <a rel=\"noreferrer noopener\" href=\"https:\/\/www.facebook.com\/aconteceunovale\/\" target=\"_blank\">Facebook<\/a><br>\u2022 <a rel=\"noreferrer noopener\" href=\"https:\/\/twitter.com\/noticiadosvales\" target=\"_blank\">Twitter<\/a><br>\u2022 <a rel=\"noreferrer noopener\" href=\"https:\/\/www.instagram.com\/aconteceunovale\" target=\"_blank\">Instagram<\/a><br>\u2022 <a rel=\"noreferrer noopener\" href=\"https:\/\/www.youtube.com\/AconteceunoValeOficial\" target=\"_blank\">Youtube<\/a><br>\u2022 <a rel=\"noreferrer noopener\" href=\"https:\/\/www.tiktok.com\/@aconteceunovale\" target=\"_blank\">TikTok<\/a><\/p>\n","protected":false},"excerpt":{"rendered":"<p>A prefeitura de Capit\u00f3lio (MG) anunciou nesta quarta-feira (30\/3\/2022) a reabertura parcial dos c\u00e2nions do Lago de Furnas. O decreto com a decis\u00e3o foi assinado no dia 23 de mar\u00e7o e passou a valer nesta quarta. Os c\u00e2nions estavam interditados desde 8 de janeiro, quando houve o\u00a0desabamento de uma pedra\u00a0no local que atingiu algumas lanchas [&hellip;]<\/p>\n","protected":false},"author":4,"featured_media":185575,"comment_status":"open","ping_status":"closed","sticky":false,"template":"","format":"standard","meta":{"amp_status":"","footnotes":""},"categories":[123],"tags":[257007,257005,257002,257001,257006,957,13982,1495,257032,82138,257048,4607,4890,257076,29660,257050,257056,257003,1018,257080,257078,257043,259708,14315,257047,36997,257053,257045,257046,80304,257052,131,257202,210,257015,257049,257044,257014,257013,257016,257054,257057,213,15949,604,1783,257081,260167,257033,257000,257004,257077,31133,257051,257079,257034,257035,257055],"class_list":["post-188123","post","type-post","status-publish","format-standard","has-post-thumbnail","hentry","category-gerais","tag-acidente-capitolio","tag-acidente-com-lanchas-em-capitolio","tag-acidente-com-rocha-em-capitolio","tag-acidente-em-capitolio","tag-acidente-no-canion-de-capitolio","tag-alfenas","tag-alpinopolis","tag-betim","tag-buscas-em-capitolio","tag-cajamar","tag-camila-silva-machado","tag-campinas","tag-capitolio","tag-carmem-pinheiro-da-silva","tag-cbmmg","tag-de-24-anos","tag-de-onde-sao-as-vitimas-do-acidente-em-capitolio","tag-desabamento-de-rocha-em-capitolio","tag-destaque","tag-geovany-gabriel-oliveira-da-silva","tag-geovany-teixeira-da-silva","tag-identificacao-da-vitimas-do-acidente-em-capitolio","tag-inquerito-aponta-erosao-natural-de-rocha-em-capitolio","tag-itau-de-minas","tag-julio-borges-antunes","tag-lago-de-furnas","tag-lancha-jesus","tag-lista-com-nomes-das-vitimas-do-acidente-em-capitolio","tag-lista-das-vitimas-do-acidente-em-capitolio","tag-marinha-do-brasil","tag-marlene-augusta-teixeira-da-silva","tag-minas-gerais","tag-ministerio-publico-abre-inquerito-para-investigar-tragedia-em-capitolio","tag-montes-claros","tag-mortos-em-capitolio","tag-mykon-douglas-de-osti","tag-nome-das-vitimas-do-acidente-em-capitolio","tag-numero-de-mortos-em-capitolio","tag-numero-de-mortos-em-desabamento-de-rocha-em-capitolio-sobe-para-cinco","tag-obitos-em-capitolio","tag-ocupantes-da-lancha-jesus","tag-onde-residiam-as-vitimas-do-acidente-de-capitolio","tag-passos","tag-paulinia","tag-pcmg","tag-piumhi","tag-policia-civil-identifica-decima-vitima-do-acidente-em-capitolio","tag-prefeitura-de-capitolio-reabre-canions-do-lago-de-furnas","tag-resgate-de-vitimas-em-capitolio","tag-rocha-atinge-barcos-e-causa-morte-em-capitolio","tag-rocha-desaba-em-capitolio","tag-rodrigo-alves-dos-anjos","tag-sao-jose-da-barra","tag-sebastiao-teixeira-da-silva","tag-tiago-teixeira-da-silva-nascimento","tag-trabalho-de-busca-em-capitolio","tag-trabalho-de-resgate-em-capitolio","tag-vitimas-lancha-jesus"],"yoast_head":"<!-- This site is optimized with the Yoast SEO plugin v28.3 - https:\/\/yoast.com\/product\/yoast-seo-wordpress\/ -->\n<title>Prefeitura de Capit\u00f3lio reabre c\u00e2nions do Lago de Furnas - Aconteceu no Vale<\/title>\n<meta name=\"robots\" content=\"index, follow, max-snippet:-1, max-image-preview:large, max-video-preview:-1\" \/>\n<link rel=\"canonical\" href=\"https:\/\/aconteceunovale.com.br\/portal\/?p=188123\" \/>\n<meta property=\"og:locale\" content=\"pt_BR\" \/>\n<meta property=\"og:type\" content=\"article\" \/>\n<meta property=\"og:title\" content=\"Prefeitura de Capit\u00f3lio reabre c\u00e2nions do Lago de Furnas - Aconteceu no Vale\" \/>\n<meta property=\"og:description\" content=\"A prefeitura de Capit\u00f3lio (MG) anunciou nesta quarta-feira (30\/3\/2022) a reabertura parcial dos c\u00e2nions do Lago de Furnas. O decreto com a decis\u00e3o foi assinado no dia 23 de mar\u00e7o e passou a valer nesta quarta. Os c\u00e2nions estavam interditados desde 8 de janeiro, quando houve o\u00a0desabamento de uma pedra\u00a0no local que atingiu algumas lanchas [&hellip;]\" \/>\n<meta property=\"og:url\" content=\"https:\/\/aconteceunovale.com.br\/portal\/?p=188123\" \/>\n<meta property=\"og:site_name\" content=\"Aconteceu no Vale\" \/>\n<meta property=\"article:publisher\" content=\"https:\/\/www.facebook.com\/aconteceunovale\/\" \/>\n<meta property=\"article:published_time\" content=\"2022-03-31T14:44:31+00:00\" \/>\n<meta property=\"article:modified_time\" content=\"2022-03-31T14:45:09+00:00\" \/>\n<meta property=\"og:image\" content=\"https:\/\/aconteceunovale.com.br\/portal\/wp-content\/uploads\/2022\/01\/desmoronamento_capitolio_2.jpg\" \/>\n\t<meta property=\"og:image:width\" content=\"678\" \/>\n\t<meta property=\"og:image:height\" content=\"406\" \/>\n\t<meta property=\"og:image:type\" content=\"image\/jpeg\" \/>\n<meta name=\"author\" content=\"Reda\u00e7\u00e3o Aconteceu no Vale\" \/>\n<meta name=\"twitter:card\" content=\"summary_large_image\" \/>\n<meta name=\"twitter:creator\" content=\"@noticiadosvales\" \/>\n<meta name=\"twitter:site\" content=\"@noticiadosvales\" \/>\n<meta name=\"twitter:label1\" content=\"Escrito por\" \/>\n\t<meta name=\"twitter:data1\" content=\"Reda\u00e7\u00e3o Aconteceu no Vale\" \/>\n\t<meta name=\"twitter:label2\" content=\"Est. tempo de leitura\" \/>\n\t<meta name=\"twitter:data2\" content=\"2 minutos\" \/>\n<script type=\"application\/ld+json\" class=\"yoast-schema-graph\">{\"@context\":\"https:\\\/\\\/schema.org\",\"@graph\":[{\"@type\":\"Article\",\"@id\":\"https:\\\/\\\/aconteceunovale.com.br\\\/portal\\\/?p=188123#article\",\"isPartOf\":{\"@id\":\"https:\\\/\\\/aconteceunovale.com.br\\\/portal\\\/?p=188123\"},\"author\":{\"name\":\"Reda\u00e7\u00e3o Aconteceu no Vale\",\"@id\":\"https:\\\/\\\/aconteceunovale.com.br\\\/portal\\\/#\\\/schema\\\/person\\\/7d2f26d1483f8a63de73da1ee0754d35\"},\"headline\":\"Prefeitura de Capit\u00f3lio reabre c\u00e2nions do Lago de Furnas\",\"datePublished\":\"2022-03-31T14:44:31+00:00\",\"dateModified\":\"2022-03-31T14:45:09+00:00\",\"mainEntityOfPage\":{\"@id\":\"https:\\\/\\\/aconteceunovale.com.br\\\/portal\\\/?p=188123\"},\"wordCount\":386,\"commentCount\":0,\"image\":{\"@id\":\"https:\\\/\\\/aconteceunovale.com.br\\\/portal\\\/?p=188123#primaryimage\"},\"thumbnailUrl\":\"https:\\\/\\\/aconteceunovale.com.br\\\/portal\\\/wp-content\\\/uploads\\\/2022\\\/01\\\/desmoronamento_capitolio_2.jpg\",\"keywords\":[\"Acidente Capit\u00f3lio\",\"Acidente com lanchas em Capit\u00f3lio\",\"Acidente com rocha em Capit\u00f3lio\",\"Acidente em Capit\u00f3lio\",\"Acidente no c\u00e2nion de Capit\u00f3lio\",\"Alfenas\",\"Alpin\u00f3polis\",\"Betim\",\"Buscas em Capit\u00f3lio\",\"Cajamar\",\"Camila Silva Machado\",\"Campinas\",\"Capit\u00f3lio\",\"Carmem Pinheiro da Silva\",\"CBMMG\",\"de 24 anos\",\"De onde s\u00e3o as v\u00edtimas do acidente em Capit\u00f3lio\",\"Desabamento de rocha em Capit\u00f3lio\",\"destaque\",\"Geovany Gabriel Oliveira da Silva\",\"Geovany Teixeira da Silva\",\"Identifica\u00e7\u00e3o da v\u00edtimas do acidente em Capit\u00f3lio\",\"Inqu\u00e9rito aponta eros\u00e3o natural de rocha em Capit\u00f3lio\",\"Ita\u00fa de Minas\",\"J\u00falio Borges Antunes\",\"Lago de Furnas\",\"Lancha Jesus\",\"Lista com nomes das v\u00edtimas do acidente em Capit\u00f3lio\",\"Lista das v\u00edtimas do acidente em Capit\u00f3lio\",\"Marinha do Brasil\",\"Marlene Augusta Teixeira da Silva\",\"Minas Gerais\",\"Minist\u00e9rio P\u00fablico abre inqu\u00e9rito para investigar trag\u00e9dia em Capit\u00f3lio\",\"Montes Claros\",\"Mortos em Capit\u00f3lio\",\"Mykon Douglas de Osti\",\"Nome das v\u00edtimas do acidente em Capit\u00f3lio\",\"N\u00famero de mortos em Capit\u00f3lio\",\"N\u00famero de mortos em desabamento de rocha em Capit\u00f3lio sobe para cinco\",\"\u00d3bitos em Capit\u00f3lio\",\"Ocupantes da Lancha Jesus\",\"Onde residiam as v\u00edtimas do acidente de Capit\u00f3lio\",\"Passos\",\"Paul\u00ednia\",\"PCMG\",\"Piumhi\",\"Pol\u00edcia Civil identifica d\u00e9cima v\u00edtima do acidente em Capit\u00f3lio\",\"Prefeitura de Capit\u00f3lio reabre c\u00e2nions do Lago de Furnas\",\"Resgate de v\u00edtimas em Capit\u00f3lio\",\"Rocha atinge barcos e causa morte em Capit\u00f3lio\",\"Rocha desaba em Capit\u00f3lio\",\"Rodrigo Alves dos Anjos\",\"S\u00e3o Jos\u00e9 da Barra\",\"Sebasti\u00e3o Teixeira da Silva\",\"Tiago Teixeira da Silva Nascimento\",\"Trabalho de busca em Capit\u00f3lio\",\"Trabalho de resgate em Capit\u00f3lio\",\"V\u00edtimas lancha Jesus\"],\"articleSection\":[\"Minas Gerais\"],\"inLanguage\":\"pt-BR\",\"potentialAction\":[{\"@type\":\"CommentAction\",\"name\":\"Comment\",\"target\":[\"https:\\\/\\\/aconteceunovale.com.br\\\/portal\\\/?p=188123#respond\"]}]},{\"@type\":\"WebPage\",\"@id\":\"https:\\\/\\\/aconteceunovale.com.br\\\/portal\\\/?p=188123\",\"url\":\"https:\\\/\\\/aconteceunovale.com.br\\\/portal\\\/?p=188123\",\"name\":\"Prefeitura de Capit\u00f3lio reabre c\u00e2nions do Lago de Furnas - Aconteceu no Vale\",\"isPartOf\":{\"@id\":\"https:\\\/\\\/aconteceunovale.com.br\\\/portal\\\/#website\"},\"primaryImageOfPage\":{\"@id\":\"https:\\\/\\\/aconteceunovale.com.br\\\/portal\\\/?p=188123#primaryimage\"},\"image\":{\"@id\":\"https:\\\/\\\/aconteceunovale.com.br\\\/portal\\\/?p=188123#primaryimage\"},\"thumbnailUrl\":\"https:\\\/\\\/aconteceunovale.com.br\\\/portal\\\/wp-content\\\/uploads\\\/2022\\\/01\\\/desmoronamento_capitolio_2.jpg\",\"datePublished\":\"2022-03-31T14:44:31+00:00\",\"dateModified\":\"2022-03-31T14:45:09+00:00\",\"author\":{\"@id\":\"https:\\\/\\\/aconteceunovale.com.br\\\/portal\\\/#\\\/schema\\\/person\\\/7d2f26d1483f8a63de73da1ee0754d35\"},\"breadcrumb\":{\"@id\":\"https:\\\/\\\/aconteceunovale.com.br\\\/portal\\\/?p=188123#breadcrumb\"},\"inLanguage\":\"pt-BR\",\"potentialAction\":[{\"@type\":\"ReadAction\",\"target\":[\"https:\\\/\\\/aconteceunovale.com.br\\\/portal\\\/?p=188123\"]}]},{\"@type\":\"ImageObject\",\"inLanguage\":\"pt-BR\",\"@id\":\"https:\\\/\\\/aconteceunovale.com.br\\\/portal\\\/?p=188123#primaryimage\",\"url\":\"https:\\\/\\\/aconteceunovale.com.br\\\/portal\\\/wp-content\\\/uploads\\\/2022\\\/01\\\/desmoronamento_capitolio_2.jpg\",\"contentUrl\":\"https:\\\/\\\/aconteceunovale.com.br\\\/portal\\\/wp-content\\\/uploads\\\/2022\\\/01\\\/desmoronamento_capitolio_2.jpg\",\"width\":678,\"height\":406},{\"@type\":\"BreadcrumbList\",\"@id\":\"https:\\\/\\\/aconteceunovale.com.br\\\/portal\\\/?p=188123#breadcrumb\",\"itemListElement\":[{\"@type\":\"ListItem\",\"position\":1,\"name\":\"In\u00edcio\",\"item\":\"https:\\\/\\\/aconteceunovale.com.br\\\/portal\\\/\"},{\"@type\":\"ListItem\",\"position\":2,\"name\":\"Prefeitura de Capit\u00f3lio reabre c\u00e2nions do Lago de Furnas\"}]},{\"@type\":\"WebSite\",\"@id\":\"https:\\\/\\\/aconteceunovale.com.br\\\/portal\\\/#website\",\"url\":\"https:\\\/\\\/aconteceunovale.com.br\\\/portal\\\/\",\"name\":\"Aconteceu no Vale\",\"description\":\"Portal de Not\u00edcias\",\"potentialAction\":[{\"@type\":\"SearchAction\",\"target\":{\"@type\":\"EntryPoint\",\"urlTemplate\":\"https:\\\/\\\/aconteceunovale.com.br\\\/portal\\\/?s={search_term_string}\"},\"query-input\":{\"@type\":\"PropertyValueSpecification\",\"valueRequired\":true,\"valueName\":\"search_term_string\"}}],\"inLanguage\":\"pt-BR\"},{\"@type\":\"Person\",\"@id\":\"https:\\\/\\\/aconteceunovale.com.br\\\/portal\\\/#\\\/schema\\\/person\\\/7d2f26d1483f8a63de73da1ee0754d35\",\"name\":\"Reda\u00e7\u00e3o Aconteceu no Vale\",\"description\":\"Equipe de reportagem do Aconteceu no Vale, portal de not\u00edcias do Vale do Jequitinhonha, em Minas Gerais. Cobrimos as 51 cidades do Vale desde 2013. Sugest\u00f5es de pauta e pedidos de corre\u00e7\u00e3o: contato@aconteceunovale.com.br\",\"url\":\"https:\\\/\\\/aconteceunovale.com.br\\\/portal\\\/?author=4\"}]}<\/script>\n<!-- \/ Yoast SEO plugin. -->","yoast_head_json":{"title":"Prefeitura de Capit\u00f3lio reabre c\u00e2nions do Lago de Furnas - Aconteceu no Vale","robots":{"index":"index","follow":"follow","max-snippet":"max-snippet:-1","max-image-preview":"max-image-preview:large","max-video-preview":"max-video-preview:-1"},"canonical":"https:\/\/aconteceunovale.com.br\/portal\/?p=188123","og_locale":"pt_BR","og_type":"article","og_title":"Prefeitura de Capit\u00f3lio reabre c\u00e2nions do Lago de Furnas - Aconteceu no Vale","og_description":"A prefeitura de Capit\u00f3lio (MG) anunciou nesta quarta-feira (30\/3\/2022) a reabertura parcial dos c\u00e2nions do Lago de Furnas. O decreto com a decis\u00e3o foi assinado no dia 23 de mar\u00e7o e passou a valer nesta quarta. Os c\u00e2nions estavam interditados desde 8 de janeiro, quando houve o\u00a0desabamento de uma pedra\u00a0no local que atingiu algumas lanchas [&hellip;]","og_url":"https:\/\/aconteceunovale.com.br\/portal\/?p=188123","og_site_name":"Aconteceu no Vale","article_publisher":"https:\/\/www.facebook.com\/aconteceunovale\/","article_published_time":"2022-03-31T14:44:31+00:00","article_modified_time":"2022-03-31T14:45:09+00:00","og_image":[{"width":678,"height":406,"url":"https:\/\/aconteceunovale.com.br\/portal\/wp-content\/uploads\/2022\/01\/desmoronamento_capitolio_2.jpg","type":"image\/jpeg"}],"author":"Reda\u00e7\u00e3o Aconteceu no Vale","twitter_card":"summary_large_image","twitter_creator":"@noticiadosvales","twitter_site":"@noticiadosvales","twitter_misc":{"Escrito por":"Reda\u00e7\u00e3o Aconteceu no Vale","Est. tempo de leitura":"2 minutos"},"schema":{"@context":"https:\/\/schema.org","@graph":[{"@type":"Article","@id":"https:\/\/aconteceunovale.com.br\/portal\/?p=188123#article","isPartOf":{"@id":"https:\/\/aconteceunovale.com.br\/portal\/?p=188123"},"author":{"name":"Reda\u00e7\u00e3o Aconteceu no Vale","@id":"https:\/\/aconteceunovale.com.br\/portal\/#\/schema\/person\/7d2f26d1483f8a63de73da1ee0754d35"},"headline":"Prefeitura de Capit\u00f3lio reabre c\u00e2nions do Lago de Furnas","datePublished":"2022-03-31T14:44:31+00:00","dateModified":"2022-03-31T14:45:09+00:00","mainEntityOfPage":{"@id":"https:\/\/aconteceunovale.com.br\/portal\/?p=188123"},"wordCount":386,"commentCount":0,"image":{"@id":"https:\/\/aconteceunovale.com.br\/portal\/?p=188123#primaryimage"},"thumbnailUrl":"https:\/\/aconteceunovale.com.br\/portal\/wp-content\/uploads\/2022\/01\/desmoronamento_capitolio_2.jpg","keywords":["Acidente Capit\u00f3lio","Acidente com lanchas em Capit\u00f3lio","Acidente com rocha em Capit\u00f3lio","Acidente em Capit\u00f3lio","Acidente no c\u00e2nion de Capit\u00f3lio","Alfenas","Alpin\u00f3polis","Betim","Buscas em Capit\u00f3lio","Cajamar","Camila Silva Machado","Campinas","Capit\u00f3lio","Carmem Pinheiro da Silva","CBMMG","de 24 anos","De onde s\u00e3o as v\u00edtimas do acidente em Capit\u00f3lio","Desabamento de rocha em Capit\u00f3lio","destaque","Geovany Gabriel Oliveira da Silva","Geovany Teixeira da Silva","Identifica\u00e7\u00e3o da v\u00edtimas do acidente em Capit\u00f3lio","Inqu\u00e9rito aponta eros\u00e3o natural de rocha em Capit\u00f3lio","Ita\u00fa de Minas","J\u00falio Borges Antunes","Lago de Furnas","Lancha Jesus","Lista com nomes das v\u00edtimas do acidente em Capit\u00f3lio","Lista das v\u00edtimas do acidente em Capit\u00f3lio","Marinha do Brasil","Marlene Augusta Teixeira da Silva","Minas Gerais","Minist\u00e9rio P\u00fablico abre inqu\u00e9rito para investigar trag\u00e9dia em Capit\u00f3lio","Montes Claros","Mortos em Capit\u00f3lio","Mykon Douglas de Osti","Nome das v\u00edtimas do acidente em Capit\u00f3lio","N\u00famero de mortos em Capit\u00f3lio","N\u00famero de mortos em desabamento de rocha em Capit\u00f3lio sobe para cinco","\u00d3bitos em Capit\u00f3lio","Ocupantes da Lancha Jesus","Onde residiam as v\u00edtimas do acidente de Capit\u00f3lio","Passos","Paul\u00ednia","PCMG","Piumhi","Pol\u00edcia Civil identifica d\u00e9cima v\u00edtima do acidente em Capit\u00f3lio","Prefeitura de Capit\u00f3lio reabre c\u00e2nions do Lago de Furnas","Resgate de v\u00edtimas em Capit\u00f3lio","Rocha atinge barcos e causa morte em Capit\u00f3lio","Rocha desaba em Capit\u00f3lio","Rodrigo Alves dos Anjos","S\u00e3o Jos\u00e9 da Barra","Sebasti\u00e3o Teixeira da Silva","Tiago Teixeira da Silva Nascimento","Trabalho de busca em Capit\u00f3lio","Trabalho de resgate em Capit\u00f3lio","V\u00edtimas lancha Jesus"],"articleSection":["Minas Gerais"],"inLanguage":"pt-BR","potentialAction":[{"@type":"CommentAction","name":"Comment","target":["https:\/\/aconteceunovale.com.br\/portal\/?p=188123#respond"]}]},{"@type":"WebPage","@id":"https:\/\/aconteceunovale.com.br\/portal\/?p=188123","url":"https:\/\/aconteceunovale.com.br\/portal\/?p=188123","name":"Prefeitura de Capit\u00f3lio reabre c\u00e2nions do Lago de Furnas - Aconteceu no Vale","isPartOf":{"@id":"https:\/\/aconteceunovale.com.br\/portal\/#website"},"primaryImageOfPage":{"@id":"https:\/\/aconteceunovale.com.br\/portal\/?p=188123#primaryimage"},"image":{"@id":"https:\/\/aconteceunovale.com.br\/portal\/?p=188123#primaryimage"},"thumbnailUrl":"https:\/\/aconteceunovale.com.br\/portal\/wp-content\/uploads\/2022\/01\/desmoronamento_capitolio_2.jpg","datePublished":"2022-03-31T14:44:31+00:00","dateModified":"2022-03-31T14:45:09+00:00","author":{"@id":"https:\/\/aconteceunovale.com.br\/portal\/#\/schema\/person\/7d2f26d1483f8a63de73da1ee0754d35"},"breadcrumb":{"@id":"https:\/\/aconteceunovale.com.br\/portal\/?p=188123#breadcrumb"},"inLanguage":"pt-BR","potentialAction":[{"@type":"ReadAction","target":["https:\/\/aconteceunovale.com.br\/portal\/?p=188123"]}]},{"@type":"ImageObject","inLanguage":"pt-BR","@id":"https:\/\/aconteceunovale.com.br\/portal\/?p=188123#primaryimage","url":"https:\/\/aconteceunovale.com.br\/portal\/wp-content\/uploads\/2022\/01\/desmoronamento_capitolio_2.jpg","contentUrl":"https:\/\/aconteceunovale.com.br\/portal\/wp-content\/uploads\/2022\/01\/desmoronamento_capitolio_2.jpg","width":678,"height":406},{"@type":"BreadcrumbList","@id":"https:\/\/aconteceunovale.com.br\/portal\/?p=188123#breadcrumb","itemListElement":[{"@type":"ListItem","position":1,"name":"In\u00edcio","item":"https:\/\/aconteceunovale.com.br\/portal\/"},{"@type":"ListItem","position":2,"name":"Prefeitura de Capit\u00f3lio reabre c\u00e2nions do Lago de Furnas"}]},{"@type":"WebSite","@id":"https:\/\/aconteceunovale.com.br\/portal\/#website","url":"https:\/\/aconteceunovale.com.br\/portal\/","name":"Aconteceu no Vale","description":"Portal de Not\u00edcias","potentialAction":[{"@type":"SearchAction","target":{"@type":"EntryPoint","urlTemplate":"https:\/\/aconteceunovale.com.br\/portal\/?s={search_term_string}"},"query-input":{"@type":"PropertyValueSpecification","valueRequired":true,"valueName":"search_term_string"}}],"inLanguage":"pt-BR"},{"@type":"Person","@id":"https:\/\/aconteceunovale.com.br\/portal\/#\/schema\/person\/7d2f26d1483f8a63de73da1ee0754d35","name":"Reda\u00e7\u00e3o Aconteceu no Vale","description":"Equipe de reportagem do Aconteceu no Vale, portal de not\u00edcias do Vale do Jequitinhonha, em Minas Gerais. Cobrimos as 51 cidades do Vale desde 2013. Sugest\u00f5es de pauta e pedidos de corre\u00e7\u00e3o: contato@aconteceunovale.com.br","url":"https:\/\/aconteceunovale.com.br\/portal\/?author=4"}]}},"_links":{"self":[{"href":"https:\/\/aconteceunovale.com.br\/portal\/index.php?rest_route=\/wp\/v2\/posts\/188123","targetHints":{"allow":["GET"]}}],"collection":[{"href":"https:\/\/aconteceunovale.com.br\/portal\/index.php?rest_route=\/wp\/v2\/posts"}],"about":[{"href":"https:\/\/aconteceunovale.com.br\/portal\/index.php?rest_route=\/wp\/v2\/types\/post"}],"author":[{"embeddable":true,"href":"https:\/\/aconteceunovale.com.br\/portal\/index.php?rest_route=\/wp\/v2\/users\/4"}],"replies":[{"embeddable":true,"href":"https:\/\/aconteceunovale.com.br\/portal\/index.php?rest_route=%2Fwp%2Fv2%2Fcomments&post=188123"}],"version-history":[{"count":1,"href":"https:\/\/aconteceunovale.com.br\/portal\/index.php?rest_route=\/wp\/v2\/posts\/188123\/revisions"}],"predecessor-version":[{"id":188124,"href":"https:\/\/aconteceunovale.com.br\/portal\/index.php?rest_route=\/wp\/v2\/posts\/188123\/revisions\/188124"}],"wp:featuredmedia":[{"embeddable":true,"href":"https:\/\/aconteceunovale.com.br\/portal\/index.php?rest_route=\/wp\/v2\/media\/185575"}],"wp:attachment":[{"href":"https:\/\/aconteceunovale.com.br\/portal\/index.php?rest_route=%2Fwp%2Fv2%2Fmedia&parent=188123"}],"wp:term":[{"taxonomy":"category","embeddable":true,"href":"https:\/\/aconteceunovale.com.br\/portal\/index.php?rest_route=%2Fwp%2Fv2%2Fcategories&post=188123"},{"taxonomy":"post_tag","embeddable":true,"href":"https:\/\/aconteceunovale.com.br\/portal\/index.php?rest_route=%2Fwp%2Fv2%2Ftags&post=188123"}],"curies":[{"name":"wp","href":"https:\/\/api.w.org\/{rel}","templated":true}]}}