{"id":188121,"date":"2022-03-31T11:32:45","date_gmt":"2022-03-31T14:32:45","guid":{"rendered":"https:\/\/aconteceunovale.com.br\/portal\/?p=188121"},"modified":"2022-03-31T11:33:33","modified_gmt":"2022-03-31T14:33:33","slug":"governo-federal-substitui-ministros-que-pretendem-se-candidatar-nas-eleicoes","status":"publish","type":"post","link":"https:\/\/aconteceunovale.com.br\/portal\/?p=188121","title":{"rendered":"Governo federal substitui ministros que pretendem se candidatar nas elei\u00e7\u00f5es"},"content":{"rendered":"\n<p class=\"wp-block-paragraph\">O presidente Jair Bolsonaro publicou, no\u00a0<em>Di\u00e1rio Oficial da Uni\u00e3o<\/em>\u00a0de\u00a0hoje\u00a0(31\/3\/2022), uma\u00a0<a rel=\"noreferrer noopener\" href=\"https:\/\/www.in.gov.br\/consulta\/-\/buscar\/dou?q=exonerar%2C+a+pedido&amp;s=todos&amp;exactDate=all&amp;sortType=0&amp;delta=20&amp;artType=Decreto+de+Pessoal\" target=\"_blank\">s\u00e9rie de decretos<\/a>\u00a0que exoneram, a pedido, ministros e secret\u00e1rios, abrindo\u00a0a eles\u00a0a possibilidade de se candidatarem a cargos p\u00fablicos nas pr\u00f3ximas elei\u00e7\u00f5es.<\/p>\n\n\n\n<p class=\"wp-block-paragraph\">No Minist\u00e9rio da Ci\u00eancia, Tecnologia e Inova\u00e7\u00f5es, foi exonerado do cargo o&nbsp;ministro Marcos C\u00e9sar Pontes. Em seu lugar, foi nomeado Paulo C\u00e9sar Rezende Alvim. Rog\u00e9rio Marinho deixa o Minist\u00e9rio do Desenvolvimento Regional, pasta que&nbsp;ter\u00e1&nbsp;\u00e0 frente&nbsp;Daniel de Oliveira Duarte Ferreira.<\/p>\n\n\n\n<p class=\"wp-block-paragraph\">O Minist\u00e9rio da Cidadania ficar\u00e1 a cargo de Ronaldo Vieira Bento, que assume o cargo no lugar de Jo\u00e3o Roma. Damares Alves deixa o Minist\u00e9rio da Mulher, da Fam\u00edlia e dos Direitos Humanos, que&nbsp;ter\u00e1, a partir de agora, como ministra&nbsp;Cristiane Rodrigues Britto.<\/p>\n\n\n\n<p class=\"wp-block-paragraph\">No Minist\u00e9rio da Agricultura, Pecu\u00e1ria e Abastecimento, a ministra Tereza Cristina d\u00e1 lugar a Marcos Montes Cordeiro, e no Minist\u00e9rio do Trabalho e Previd\u00eancia, Onyx Lorenzoni foi substitu\u00eddo por Jos\u00e9 Carlos Oliveira. No Minist\u00e9rio da Infraestrutura, sai&nbsp;Tarc\u00edsio Gomes de Freitas e entra em seu lugar&nbsp;Marcelo Sampaio.<\/p>\n\n\n\n<p class=\"wp-block-paragraph\">O Minist\u00e9rio do Turismo ser\u00e1 comandado por\u00a0Carlos Alberto Gomes de Brito, que substitui Gilson Machado. Vinculada \u00e0 pasta, a Secretaria Especial da Cultura tamb\u00e9m tem altera\u00e7\u00e3o, com a sa\u00edda do secret\u00e1rio M\u00e1rio Frias, substitu\u00eddo por H\u00e9lio Ferraz de Oliveira.<\/p>\n\n\n\n<p class=\"wp-block-paragraph\">Foram publicados tamb\u00e9m decretos alterando as chefias da Secretaria de Governo, pasta at\u00e9 ent\u00e3o ocupada por Fl\u00e1via Carolina P\u00e9res (Fl\u00e1via Arruda), que d\u00e1 lugar a C\u00e9lio Faria J\u00fanior; e da Ag\u00eancia Brasileira de Intelig\u00eancia (Abin), com a exonera\u00e7\u00e3o do diretor-geral Alexandre Ramagem Rodrigues.<\/p>\n\n\n\n<p class=\"wp-block-paragraph\">&#8212;&#8212;&#8212;&#8212;&#8212;&#8212;<br><br><strong>Sabia que o Aconteceu no Vale est\u00e1 tamb\u00e9m no Telegram? <a rel=\"noreferrer noopener\" href=\"https:\/\/t.me\/aconteceunovaleoficial\" target=\"_blank\">Inscreva-se no canal<\/a>.<\/strong><br><br><strong>J\u00e1 curtiu ou seguiu nossas p\u00e1ginas nas redes sociais?\u00a0Receba as not\u00edcias em primeira m\u00e3o:<\/strong><br>\u2022 <a rel=\"noreferrer noopener\" href=\"https:\/\/news.google.com\/publications\/CAAqBwgKMNjklQswi4etAw?hl=pt-BR&amp;gl=BR&amp;ceid=BR%3Apt-419\" target=\"_blank\">Google News<\/a><br>\u2022 <a rel=\"noreferrer noopener\" href=\"https:\/\/www.facebook.com\/aconteceunovale\/\" target=\"_blank\">Facebook<\/a><br>\u2022 <a rel=\"noreferrer noopener\" href=\"https:\/\/twitter.com\/noticiadosvales\" target=\"_blank\">Twitter<\/a><br>\u2022 <a rel=\"noreferrer noopener\" href=\"https:\/\/www.instagram.com\/aconteceunovale\" target=\"_blank\">Instagram<\/a><br>\u2022 <a rel=\"noreferrer noopener\" href=\"https:\/\/www.youtube.com\/AconteceunoValeOficial\" target=\"_blank\">Youtube<\/a><br>\u2022 <a rel=\"noreferrer noopener\" href=\"https:\/\/www.tiktok.com\/@aconteceunovale\" target=\"_blank\">TikTok<\/a><\/p>\n","protected":false},"excerpt":{"rendered":"<p>O presidente Jair Bolsonaro publicou, no\u00a0Di\u00e1rio Oficial da Uni\u00e3o\u00a0de\u00a0hoje\u00a0(31\/3\/2022), uma\u00a0s\u00e9rie de decretos\u00a0que exoneram, a pedido, ministros e secret\u00e1rios, abrindo\u00a0a eles\u00a0a possibilidade de se candidatarem a cargos p\u00fablicos nas pr\u00f3ximas elei\u00e7\u00f5es. No Minist\u00e9rio da Ci\u00eancia, Tecnologia e Inova\u00e7\u00f5es, foi exonerado do cargo o&nbsp;ministro Marcos C\u00e9sar Pontes. Em seu lugar, foi nomeado Paulo C\u00e9sar Rezende Alvim. Rog\u00e9rio [&hellip;]<\/p>\n","protected":false},"author":4,"featured_media":156389,"comment_status":"open","ping_status":"closed","sticky":false,"template":"","format":"standard","meta":{"amp_status":"","footnotes":""},"categories":[6,249933,40240],"tags":[1018,260162,26436,260166,260165,27826,260163,260164,66882,174222],"class_list":["post-188121","post","type-post","status-publish","format-standard","has-post-thumbnail","hentry","category-br","category-eleicoes-2022","category-politica","tag-destaque","tag-governo-federal-substitui-ministros-que-pretendem-se-candidatar-nas-eleicoes","tag-jair-bolsonaro","tag-ministros-exonerados","tag-ministros-que-serao-candidatos","tag-novos-ministros","tag-novos-ministros-do-governo-bolsonaro","tag-novos-ministros-do-governo-federal","tag-presidente","tag-presidente-jair-bolsonaro"],"yoast_head":"<!-- This site is optimized with the Yoast SEO plugin v28.3 - https:\/\/yoast.com\/product\/yoast-seo-wordpress\/ -->\n<title>Governo federal substitui ministros que pretendem se candidatar nas elei\u00e7\u00f5es - Aconteceu no Vale<\/title>\n<meta name=\"robots\" content=\"index, follow, max-snippet:-1, max-image-preview:large, max-video-preview:-1\" \/>\n<link rel=\"canonical\" href=\"https:\/\/aconteceunovale.com.br\/portal\/?p=188121\" \/>\n<meta property=\"og:locale\" content=\"pt_BR\" \/>\n<meta property=\"og:type\" content=\"article\" \/>\n<meta property=\"og:title\" content=\"Governo federal substitui ministros que pretendem se candidatar nas elei\u00e7\u00f5es - Aconteceu no Vale\" \/>\n<meta property=\"og:description\" content=\"O presidente Jair Bolsonaro publicou, no\u00a0Di\u00e1rio Oficial da Uni\u00e3o\u00a0de\u00a0hoje\u00a0(31\/3\/2022), uma\u00a0s\u00e9rie de decretos\u00a0que exoneram, a pedido, ministros e secret\u00e1rios, abrindo\u00a0a eles\u00a0a possibilidade de se candidatarem a cargos p\u00fablicos nas pr\u00f3ximas elei\u00e7\u00f5es. No Minist\u00e9rio da Ci\u00eancia, Tecnologia e Inova\u00e7\u00f5es, foi exonerado do cargo o&nbsp;ministro Marcos C\u00e9sar Pontes. Em seu lugar, foi nomeado Paulo C\u00e9sar Rezende Alvim. Rog\u00e9rio [&hellip;]\" \/>\n<meta property=\"og:url\" content=\"https:\/\/aconteceunovale.com.br\/portal\/?p=188121\" \/>\n<meta property=\"og:site_name\" content=\"Aconteceu no Vale\" \/>\n<meta property=\"article:publisher\" content=\"https:\/\/www.facebook.com\/aconteceunovale\/\" \/>\n<meta property=\"article:published_time\" content=\"2022-03-31T14:32:45+00:00\" \/>\n<meta property=\"article:modified_time\" content=\"2022-03-31T14:33:33+00:00\" \/>\n<meta property=\"og:image\" content=\"https:\/\/aconteceunovale.com.br\/portal\/wp-content\/uploads\/2019\/12\/governo_federal.jpg\" \/>\n\t<meta property=\"og:image:width\" content=\"675\" \/>\n\t<meta property=\"og:image:height\" content=\"450\" \/>\n\t<meta property=\"og:image:type\" content=\"image\/jpeg\" \/>\n<meta name=\"author\" content=\"Reda\u00e7\u00e3o Aconteceu no Vale\" \/>\n<meta name=\"twitter:card\" content=\"summary_large_image\" \/>\n<meta name=\"twitter:creator\" content=\"@noticiadosvales\" \/>\n<meta name=\"twitter:site\" content=\"@noticiadosvales\" \/>\n<meta name=\"twitter:label1\" content=\"Escrito por\" \/>\n\t<meta name=\"twitter:data1\" content=\"Reda\u00e7\u00e3o Aconteceu no Vale\" \/>\n\t<meta name=\"twitter:label2\" content=\"Est. tempo de leitura\" \/>\n\t<meta name=\"twitter:data2\" content=\"2 minutos\" \/>\n<script type=\"application\/ld+json\" class=\"yoast-schema-graph\">{\"@context\":\"https:\\\/\\\/schema.org\",\"@graph\":[{\"@type\":\"Article\",\"@id\":\"https:\\\/\\\/aconteceunovale.com.br\\\/portal\\\/?p=188121#article\",\"isPartOf\":{\"@id\":\"https:\\\/\\\/aconteceunovale.com.br\\\/portal\\\/?p=188121\"},\"author\":{\"name\":\"Reda\u00e7\u00e3o Aconteceu no Vale\",\"@id\":\"https:\\\/\\\/aconteceunovale.com.br\\\/portal\\\/#\\\/schema\\\/person\\\/7d2f26d1483f8a63de73da1ee0754d35\"},\"headline\":\"Governo federal substitui ministros que pretendem se candidatar nas elei\u00e7\u00f5es\",\"datePublished\":\"2022-03-31T14:32:45+00:00\",\"dateModified\":\"2022-03-31T14:33:33+00:00\",\"mainEntityOfPage\":{\"@id\":\"https:\\\/\\\/aconteceunovale.com.br\\\/portal\\\/?p=188121\"},\"wordCount\":355,\"commentCount\":0,\"image\":{\"@id\":\"https:\\\/\\\/aconteceunovale.com.br\\\/portal\\\/?p=188121#primaryimage\"},\"thumbnailUrl\":\"https:\\\/\\\/aconteceunovale.com.br\\\/portal\\\/wp-content\\\/uploads\\\/2019\\\/12\\\/governo_federal.jpg\",\"keywords\":[\"destaque\",\"Governo federal substitui ministros que pretendem se candidatar nas elei\u00e7\u00f5es\",\"Jair Bolsonaro\",\"Ministros exonerados\",\"Ministros que ser\u00e3o candidatos\",\"novos ministros\",\"Novos ministros do governo Bolsonaro\",\"Novos ministros do governo federal\",\"presidente\",\"Presidente Jair Bolsonaro\"],\"articleSection\":[\"Brasil\",\"Elei\u00e7\u00f5es 2022\",\"Pol\u00edtica\"],\"inLanguage\":\"pt-BR\",\"potentialAction\":[{\"@type\":\"CommentAction\",\"name\":\"Comment\",\"target\":[\"https:\\\/\\\/aconteceunovale.com.br\\\/portal\\\/?p=188121#respond\"]}]},{\"@type\":\"WebPage\",\"@id\":\"https:\\\/\\\/aconteceunovale.com.br\\\/portal\\\/?p=188121\",\"url\":\"https:\\\/\\\/aconteceunovale.com.br\\\/portal\\\/?p=188121\",\"name\":\"Governo federal substitui ministros que pretendem se candidatar nas elei\u00e7\u00f5es - Aconteceu no Vale\",\"isPartOf\":{\"@id\":\"https:\\\/\\\/aconteceunovale.com.br\\\/portal\\\/#website\"},\"primaryImageOfPage\":{\"@id\":\"https:\\\/\\\/aconteceunovale.com.br\\\/portal\\\/?p=188121#primaryimage\"},\"image\":{\"@id\":\"https:\\\/\\\/aconteceunovale.com.br\\\/portal\\\/?p=188121#primaryimage\"},\"thumbnailUrl\":\"https:\\\/\\\/aconteceunovale.com.br\\\/portal\\\/wp-content\\\/uploads\\\/2019\\\/12\\\/governo_federal.jpg\",\"datePublished\":\"2022-03-31T14:32:45+00:00\",\"dateModified\":\"2022-03-31T14:33:33+00:00\",\"author\":{\"@id\":\"https:\\\/\\\/aconteceunovale.com.br\\\/portal\\\/#\\\/schema\\\/person\\\/7d2f26d1483f8a63de73da1ee0754d35\"},\"breadcrumb\":{\"@id\":\"https:\\\/\\\/aconteceunovale.com.br\\\/portal\\\/?p=188121#breadcrumb\"},\"inLanguage\":\"pt-BR\",\"potentialAction\":[{\"@type\":\"ReadAction\",\"target\":[\"https:\\\/\\\/aconteceunovale.com.br\\\/portal\\\/?p=188121\"]}]},{\"@type\":\"ImageObject\",\"inLanguage\":\"pt-BR\",\"@id\":\"https:\\\/\\\/aconteceunovale.com.br\\\/portal\\\/?p=188121#primaryimage\",\"url\":\"https:\\\/\\\/aconteceunovale.com.br\\\/portal\\\/wp-content\\\/uploads\\\/2019\\\/12\\\/governo_federal.jpg\",\"contentUrl\":\"https:\\\/\\\/aconteceunovale.com.br\\\/portal\\\/wp-content\\\/uploads\\\/2019\\\/12\\\/governo_federal.jpg\",\"width\":675,\"height\":450},{\"@type\":\"BreadcrumbList\",\"@id\":\"https:\\\/\\\/aconteceunovale.com.br\\\/portal\\\/?p=188121#breadcrumb\",\"itemListElement\":[{\"@type\":\"ListItem\",\"position\":1,\"name\":\"In\u00edcio\",\"item\":\"https:\\\/\\\/aconteceunovale.com.br\\\/portal\\\/\"},{\"@type\":\"ListItem\",\"position\":2,\"name\":\"Governo federal substitui ministros que pretendem se candidatar nas elei\u00e7\u00f5es\"}]},{\"@type\":\"WebSite\",\"@id\":\"https:\\\/\\\/aconteceunovale.com.br\\\/portal\\\/#website\",\"url\":\"https:\\\/\\\/aconteceunovale.com.br\\\/portal\\\/\",\"name\":\"Aconteceu no Vale\",\"description\":\"Portal de Not\u00edcias\",\"potentialAction\":[{\"@type\":\"SearchAction\",\"target\":{\"@type\":\"EntryPoint\",\"urlTemplate\":\"https:\\\/\\\/aconteceunovale.com.br\\\/portal\\\/?s={search_term_string}\"},\"query-input\":{\"@type\":\"PropertyValueSpecification\",\"valueRequired\":true,\"valueName\":\"search_term_string\"}}],\"inLanguage\":\"pt-BR\"},{\"@type\":\"Person\",\"@id\":\"https:\\\/\\\/aconteceunovale.com.br\\\/portal\\\/#\\\/schema\\\/person\\\/7d2f26d1483f8a63de73da1ee0754d35\",\"name\":\"Reda\u00e7\u00e3o Aconteceu no Vale\",\"description\":\"Equipe de reportagem do Aconteceu no Vale, portal de not\u00edcias do Vale do Jequitinhonha, em Minas Gerais. Cobrimos as 51 cidades do Vale desde 2013. Sugest\u00f5es de pauta e pedidos de corre\u00e7\u00e3o: contato@aconteceunovale.com.br\",\"url\":\"https:\\\/\\\/aconteceunovale.com.br\\\/portal\\\/?author=4\"}]}<\/script>\n<!-- \/ Yoast SEO plugin. -->","yoast_head_json":{"title":"Governo federal substitui ministros que pretendem se candidatar nas elei\u00e7\u00f5es - Aconteceu no Vale","robots":{"index":"index","follow":"follow","max-snippet":"max-snippet:-1","max-image-preview":"max-image-preview:large","max-video-preview":"max-video-preview:-1"},"canonical":"https:\/\/aconteceunovale.com.br\/portal\/?p=188121","og_locale":"pt_BR","og_type":"article","og_title":"Governo federal substitui ministros que pretendem se candidatar nas elei\u00e7\u00f5es - Aconteceu no Vale","og_description":"O presidente Jair Bolsonaro publicou, no\u00a0Di\u00e1rio Oficial da Uni\u00e3o\u00a0de\u00a0hoje\u00a0(31\/3\/2022), uma\u00a0s\u00e9rie de decretos\u00a0que exoneram, a pedido, ministros e secret\u00e1rios, abrindo\u00a0a eles\u00a0a possibilidade de se candidatarem a cargos p\u00fablicos nas pr\u00f3ximas elei\u00e7\u00f5es. No Minist\u00e9rio da Ci\u00eancia, Tecnologia e Inova\u00e7\u00f5es, foi exonerado do cargo o&nbsp;ministro Marcos C\u00e9sar Pontes. Em seu lugar, foi nomeado Paulo C\u00e9sar Rezende Alvim. Rog\u00e9rio [&hellip;]","og_url":"https:\/\/aconteceunovale.com.br\/portal\/?p=188121","og_site_name":"Aconteceu no Vale","article_publisher":"https:\/\/www.facebook.com\/aconteceunovale\/","article_published_time":"2022-03-31T14:32:45+00:00","article_modified_time":"2022-03-31T14:33:33+00:00","og_image":[{"width":675,"height":450,"url":"https:\/\/aconteceunovale.com.br\/portal\/wp-content\/uploads\/2019\/12\/governo_federal.jpg","type":"image\/jpeg"}],"author":"Reda\u00e7\u00e3o Aconteceu no Vale","twitter_card":"summary_large_image","twitter_creator":"@noticiadosvales","twitter_site":"@noticiadosvales","twitter_misc":{"Escrito por":"Reda\u00e7\u00e3o Aconteceu no Vale","Est. tempo de leitura":"2 minutos"},"schema":{"@context":"https:\/\/schema.org","@graph":[{"@type":"Article","@id":"https:\/\/aconteceunovale.com.br\/portal\/?p=188121#article","isPartOf":{"@id":"https:\/\/aconteceunovale.com.br\/portal\/?p=188121"},"author":{"name":"Reda\u00e7\u00e3o Aconteceu no Vale","@id":"https:\/\/aconteceunovale.com.br\/portal\/#\/schema\/person\/7d2f26d1483f8a63de73da1ee0754d35"},"headline":"Governo federal substitui ministros que pretendem se candidatar nas elei\u00e7\u00f5es","datePublished":"2022-03-31T14:32:45+00:00","dateModified":"2022-03-31T14:33:33+00:00","mainEntityOfPage":{"@id":"https:\/\/aconteceunovale.com.br\/portal\/?p=188121"},"wordCount":355,"commentCount":0,"image":{"@id":"https:\/\/aconteceunovale.com.br\/portal\/?p=188121#primaryimage"},"thumbnailUrl":"https:\/\/aconteceunovale.com.br\/portal\/wp-content\/uploads\/2019\/12\/governo_federal.jpg","keywords":["destaque","Governo federal substitui ministros que pretendem se candidatar nas elei\u00e7\u00f5es","Jair Bolsonaro","Ministros exonerados","Ministros que ser\u00e3o candidatos","novos ministros","Novos ministros do governo Bolsonaro","Novos ministros do governo federal","presidente","Presidente Jair Bolsonaro"],"articleSection":["Brasil","Elei\u00e7\u00f5es 2022","Pol\u00edtica"],"inLanguage":"pt-BR","potentialAction":[{"@type":"CommentAction","name":"Comment","target":["https:\/\/aconteceunovale.com.br\/portal\/?p=188121#respond"]}]},{"@type":"WebPage","@id":"https:\/\/aconteceunovale.com.br\/portal\/?p=188121","url":"https:\/\/aconteceunovale.com.br\/portal\/?p=188121","name":"Governo federal substitui ministros que pretendem se candidatar nas elei\u00e7\u00f5es - Aconteceu no Vale","isPartOf":{"@id":"https:\/\/aconteceunovale.com.br\/portal\/#website"},"primaryImageOfPage":{"@id":"https:\/\/aconteceunovale.com.br\/portal\/?p=188121#primaryimage"},"image":{"@id":"https:\/\/aconteceunovale.com.br\/portal\/?p=188121#primaryimage"},"thumbnailUrl":"https:\/\/aconteceunovale.com.br\/portal\/wp-content\/uploads\/2019\/12\/governo_federal.jpg","datePublished":"2022-03-31T14:32:45+00:00","dateModified":"2022-03-31T14:33:33+00:00","author":{"@id":"https:\/\/aconteceunovale.com.br\/portal\/#\/schema\/person\/7d2f26d1483f8a63de73da1ee0754d35"},"breadcrumb":{"@id":"https:\/\/aconteceunovale.com.br\/portal\/?p=188121#breadcrumb"},"inLanguage":"pt-BR","potentialAction":[{"@type":"ReadAction","target":["https:\/\/aconteceunovale.com.br\/portal\/?p=188121"]}]},{"@type":"ImageObject","inLanguage":"pt-BR","@id":"https:\/\/aconteceunovale.com.br\/portal\/?p=188121#primaryimage","url":"https:\/\/aconteceunovale.com.br\/portal\/wp-content\/uploads\/2019\/12\/governo_federal.jpg","contentUrl":"https:\/\/aconteceunovale.com.br\/portal\/wp-content\/uploads\/2019\/12\/governo_federal.jpg","width":675,"height":450},{"@type":"BreadcrumbList","@id":"https:\/\/aconteceunovale.com.br\/portal\/?p=188121#breadcrumb","itemListElement":[{"@type":"ListItem","position":1,"name":"In\u00edcio","item":"https:\/\/aconteceunovale.com.br\/portal\/"},{"@type":"ListItem","position":2,"name":"Governo federal substitui ministros que pretendem se candidatar nas elei\u00e7\u00f5es"}]},{"@type":"WebSite","@id":"https:\/\/aconteceunovale.com.br\/portal\/#website","url":"https:\/\/aconteceunovale.com.br\/portal\/","name":"Aconteceu no Vale","description":"Portal de Not\u00edcias","potentialAction":[{"@type":"SearchAction","target":{"@type":"EntryPoint","urlTemplate":"https:\/\/aconteceunovale.com.br\/portal\/?s={search_term_string}"},"query-input":{"@type":"PropertyValueSpecification","valueRequired":true,"valueName":"search_term_string"}}],"inLanguage":"pt-BR"},{"@type":"Person","@id":"https:\/\/aconteceunovale.com.br\/portal\/#\/schema\/person\/7d2f26d1483f8a63de73da1ee0754d35","name":"Reda\u00e7\u00e3o Aconteceu no Vale","description":"Equipe de reportagem do Aconteceu no Vale, portal de not\u00edcias do Vale do Jequitinhonha, em Minas Gerais. Cobrimos as 51 cidades do Vale desde 2013. Sugest\u00f5es de pauta e pedidos de corre\u00e7\u00e3o: contato@aconteceunovale.com.br","url":"https:\/\/aconteceunovale.com.br\/portal\/?author=4"}]}},"_links":{"self":[{"href":"https:\/\/aconteceunovale.com.br\/portal\/index.php?rest_route=\/wp\/v2\/posts\/188121","targetHints":{"allow":["GET"]}}],"collection":[{"href":"https:\/\/aconteceunovale.com.br\/portal\/index.php?rest_route=\/wp\/v2\/posts"}],"about":[{"href":"https:\/\/aconteceunovale.com.br\/portal\/index.php?rest_route=\/wp\/v2\/types\/post"}],"author":[{"embeddable":true,"href":"https:\/\/aconteceunovale.com.br\/portal\/index.php?rest_route=\/wp\/v2\/users\/4"}],"replies":[{"embeddable":true,"href":"https:\/\/aconteceunovale.com.br\/portal\/index.php?rest_route=%2Fwp%2Fv2%2Fcomments&post=188121"}],"version-history":[{"count":1,"href":"https:\/\/aconteceunovale.com.br\/portal\/index.php?rest_route=\/wp\/v2\/posts\/188121\/revisions"}],"predecessor-version":[{"id":188122,"href":"https:\/\/aconteceunovale.com.br\/portal\/index.php?rest_route=\/wp\/v2\/posts\/188121\/revisions\/188122"}],"wp:featuredmedia":[{"embeddable":true,"href":"https:\/\/aconteceunovale.com.br\/portal\/index.php?rest_route=\/wp\/v2\/media\/156389"}],"wp:attachment":[{"href":"https:\/\/aconteceunovale.com.br\/portal\/index.php?rest_route=%2Fwp%2Fv2%2Fmedia&parent=188121"}],"wp:term":[{"taxonomy":"category","embeddable":true,"href":"https:\/\/aconteceunovale.com.br\/portal\/index.php?rest_route=%2Fwp%2Fv2%2Fcategories&post=188121"},{"taxonomy":"post_tag","embeddable":true,"href":"https:\/\/aconteceunovale.com.br\/portal\/index.php?rest_route=%2Fwp%2Fv2%2Ftags&post=188121"}],"curies":[{"name":"wp","href":"https:\/\/api.w.org\/{rel}","templated":true}]}}