{"id":188116,"date":"2022-03-31T00:05:20","date_gmt":"2022-03-31T03:05:20","guid":{"rendered":"https:\/\/aconteceunovale.com.br\/portal\/?p=188116"},"modified":"2022-03-31T00:06:06","modified_gmt":"2022-03-31T03:06:06","slug":"cultivo-de-pitaya-promete-bons-resultados-para-casal-de-produtores","status":"publish","type":"post","link":"https:\/\/aconteceunovale.com.br\/portal\/?p=188116","title":{"rendered":"Cultivo de pitaya promete bons resultados para casal de produtores"},"content":{"rendered":"\n<p class=\"wp-block-paragraph\">Uma experi\u00eancia promissora na \u00e1rea de fruticultura, em S\u00e3o Sebasti\u00e3o do Oeste, na regi\u00e3o do Centro-Oeste de Minas Gerais, est\u00e1 chamando aten\u00e7\u00e3o pelos bons resultados que vem apresentando. Num terreno de 1,5 hectare, no povoado de Marimbondo, o casal Nedina Rodrigues Teixeira e Eli\u00e9zer Oliveira Teixeira se prepara para a primeira safra expressiva de pitaya. O trabalho conta com orienta\u00e7\u00e3o e acompanhamento t\u00e9cnico da\u00a0<a rel=\"noreferrer noopener\" href=\"https:\/\/www.emater.mg.gov.br\/\" target=\"_blank\">Empresa de Assist\u00eancia T\u00e9cnica e Extens\u00e3o Rural do Estado Minas Gerais (Emater-MG)<\/a>.<\/p>\n\n\n\n<figure class=\"wp-block-gallery has-nested-images columns-default is-cropped wp-block-gallery-1 is-layout-flex wp-block-gallery-is-layout-flex\">\n<figure class=\"wp-block-image size-large\"><img loading=\"lazy\" decoding=\"async\" width=\"678\" height=\"450\" data-id=\"188117\" src=\"https:\/\/aconteceunovale.com.br\/portal\/wp-content\/uploads\/2022\/03\/pitaya_mg_1.jpg\" alt=\"\" class=\"wp-image-188117\" srcset=\"https:\/\/aconteceunovale.com.br\/portal\/wp-content\/uploads\/2022\/03\/pitaya_mg_1.jpg 678w, https:\/\/aconteceunovale.com.br\/portal\/wp-content\/uploads\/2022\/03\/pitaya_mg_1-300x199.jpg 300w, https:\/\/aconteceunovale.com.br\/portal\/wp-content\/uploads\/2022\/03\/pitaya_mg_1-633x420.jpg 633w\" sizes=\"auto, (max-width: 678px) 100vw, 678px\" \/><figcaption><em><sub>Foto: Emater-MG \/ Divulga\u00e7\u00e3o<\/sub><\/em><\/figcaption><\/figure>\n<\/figure>\n\n\n\n<p class=\"wp-block-paragraph\">No local, os agricultores plantaram 1,7 mil p\u00e9s da pitaya, tamb\u00e9m conhecida como fruta do drag\u00e3o, pelo aspecto escamoso, que remete \u00e0 ideia de ovos do animal m\u00edtico. Agora, a expectativa \u00e9 que o pomar produza, a partir de abril, no m\u00ednimo 3 mil quilos da fruta. No ano passado, a produ\u00e7\u00e3o foi dez vezes menor, em decorr\u00eancia de geada que atingiu a planta\u00e7\u00e3o, afetando a flora\u00e7\u00e3o da planta. Neste ano, no entanto, a situa\u00e7\u00e3o da planta\u00e7\u00e3o se mostra bastante favor\u00e1vel, segundo os produtores.<\/p>\n\n\n\n<h2 class=\"wp-block-heading\"><strong>Colheita promissora<\/strong><\/h2>\n\n\n\n<p class=\"wp-block-paragraph\">A t\u00e9cnica agropecu\u00e1ria do escrit\u00f3rio local da Emater-MG, N\u00e1dia Machado, presta assist\u00eancia \u00e0 dupla. Ela calcula que cada p\u00e9 de pitaya produza, em m\u00e9dia, 20 frutos por planta e comemora o bom resultado. \u201cApesar de o pomar ter sentido bastante a geada do m\u00eas de julho de 2021, as orienta\u00e7\u00f5es da Emater-MG relativas \u00e0 an\u00e1lise do solo, poda e aduba\u00e7\u00e3o ajudaram bem a planta\u00e7\u00e3o, e hoje eles est\u00e3o esperan\u00e7osos quanto \u00e0 colheita dos frutos\u201d, afirmou.<\/p>\n\n\n\n<figure class=\"wp-block-gallery has-nested-images columns-default is-cropped wp-block-gallery-2 is-layout-flex wp-block-gallery-is-layout-flex\">\n<figure class=\"wp-block-image size-large\"><img loading=\"lazy\" decoding=\"async\" width=\"678\" height=\"441\" data-id=\"188118\" src=\"https:\/\/aconteceunovale.com.br\/portal\/wp-content\/uploads\/2022\/03\/pitaya_mg_2.jpg\" alt=\"\" class=\"wp-image-188118\" srcset=\"https:\/\/aconteceunovale.com.br\/portal\/wp-content\/uploads\/2022\/03\/pitaya_mg_2.jpg 678w, https:\/\/aconteceunovale.com.br\/portal\/wp-content\/uploads\/2022\/03\/pitaya_mg_2-300x195.jpg 300w, https:\/\/aconteceunovale.com.br\/portal\/wp-content\/uploads\/2022\/03\/pitaya_mg_2-646x420.jpg 646w\" sizes=\"auto, (max-width: 678px) 100vw, 678px\" \/><figcaption><em><sub>Foto: Emater-MG \/ Divulga\u00e7\u00e3o<\/sub><\/em><\/figcaption><\/figure>\n<\/figure>\n\n\n\n<p class=\"wp-block-paragraph\">Parceira do marido, na atividade, a agricultora Nedina Rodrigues revela que a perspectiva \u00e9 de uma colheita farta e que j\u00e1 est\u00e1 se preparando para expandir a comercializa\u00e7\u00e3o.<\/p>\n\n\n\n<p class=\"wp-block-paragraph\">\u201cA geada atrasou a flora\u00e7\u00e3o, mas no m\u00eas passado florou tudo. As pitayas est\u00e3o todas floradas e tem muita fruta. Estou entrando em contato com comerciantes, sacol\u00f5es e supermercado. Eu at\u00e9 j\u00e1 entrego aqui no supermercado, \u00e0 medida que elas v\u00e3o amadurecendo. Ano passado, entreguei 300 quilos. A expectativa da gente \u00e9 boa, esperamos colher pelo menos tr\u00eas mil quilos ou mais este ano\u201d, disse.<\/p>\n\n\n\n<p class=\"wp-block-paragraph\">A previs\u00e3o de amadurecimento maior das frutas \u00e9 para 10\/4, segundo a produtora. \u201cA gente j\u00e1 t\u00e1 colhendo algumas, porque elas n\u00e3o amadurecem todas de uma vez, o que pra gente \u00e9 at\u00e9 bom. O escoamento fica mais dif\u00edcil se amadurecer tudo de uma vez\u201d, explica.<\/p>\n\n\n\n<p class=\"wp-block-paragraph\">Por saber que a pitaya ainda n\u00e3o \u00e9 t\u00e3o conhecida do consumidor, Nedina fez uma degusta\u00e7\u00e3o num supermercado da cidade para apresent\u00e1-la. \u201cAs pessoas ficam com um pouco de receio de comprar e n\u00e3o gostar porque n\u00e3o conhecem, e tamb\u00e9m porque \u00e9 uma fruta mais cara\u201d, justificou.<\/p>\n\n\n\n<figure class=\"wp-block-gallery has-nested-images columns-default is-cropped wp-block-gallery-3 is-layout-flex wp-block-gallery-is-layout-flex\">\n<figure class=\"wp-block-image size-large\"><img loading=\"lazy\" decoding=\"async\" width=\"674\" height=\"450\" data-id=\"188119\" src=\"https:\/\/aconteceunovale.com.br\/portal\/wp-content\/uploads\/2022\/03\/pitaya_mg_3.jpg\" alt=\"\" class=\"wp-image-188119\" srcset=\"https:\/\/aconteceunovale.com.br\/portal\/wp-content\/uploads\/2022\/03\/pitaya_mg_3.jpg 674w, https:\/\/aconteceunovale.com.br\/portal\/wp-content\/uploads\/2022\/03\/pitaya_mg_3-300x200.jpg 300w, https:\/\/aconteceunovale.com.br\/portal\/wp-content\/uploads\/2022\/03\/pitaya_mg_3-629x420.jpg 629w\" sizes=\"auto, (max-width: 674px) 100vw, 674px\" \/><figcaption><em><sub>Foto: Emater-MG \/ Divulga\u00e7\u00e3o<\/sub><\/em><\/figcaption><\/figure>\n<\/figure>\n\n\n\n<h2 class=\"wp-block-heading\"><strong>Pitaya<\/strong><\/h2>\n\n\n\n<p class=\"wp-block-paragraph\">A pitaya \u00e9 uma fruta da fam\u00edlia dos cactos (<em>Cactaceae<\/em>), origin\u00e1ria de climas tropicais e subtropicais da Am\u00e9rica. Sendo rica em fibras, c\u00e1lcio, f\u00f3sforo e vitamina C, a fruta costuma ser usada em dietas de emagrecimento. De sabor suave e doce \u00e9 consumida in natura e usada no preparo de sorvetes, iogurtes, doces, geleias e sucos. Em cada esp\u00e9cie da planta os frutos apresentam varia\u00e7\u00f5es de formas, cores e tamanhos.<\/p>\n\n\n\n<p class=\"wp-block-paragraph\">As principais esp\u00e9cies cultivadas s\u00e3o:&nbsp;<em>Selenicereus megalanthus<\/em>&nbsp;(amarela de polpa branca),&nbsp;<em>Hylocereus costaricensis<\/em>&nbsp;(vermelha de polpa vermelha),&nbsp;<em>Hylocereus undatus<\/em>&nbsp;(vermelha de polpa branca) e&nbsp;<em>Selenicereus setaceus<\/em>&nbsp;\u2013 Baby (vermelha de polpa branca). A safra costuma ir de outubro a maio. As frutas se desenvolvem em ritmos diferentes. O mesmo p\u00e9 pode ter, ao mesmo tempo, bot\u00f5es, flores e frutas. A flor da pitaya fica aberta de 12 a 14 horas.<\/p>\n\n\n\n<p class=\"wp-block-paragraph\">Por ser uma planta r\u00fastica e resistente \u00e9 considerada uma boa op\u00e7\u00e3o para quem est\u00e1 come\u00e7ando a praticar agricultura org\u00e2nica, urbana ou rural, o que parece se encaixar na experi\u00eancia dos produtores de S\u00e3o Sebasti\u00e3o do Oeste. Comerciantes urbanos, eles moravam em Contagem, mas decidiram viver na ro\u00e7a. Compraram um s\u00edtio e optaram por investir na produ\u00e7\u00e3o de algo que desse para o sustento da propriedade e gerasse boa renda para o casal.<\/p>\n\n\n\n<p class=\"wp-block-paragraph\">\u201cNas pesquisas, Eli\u00e9zer que tamb\u00e9m \u00e9 t\u00e9cnico agropecu\u00e1rio viu que o cultivo de pitaya seria rent\u00e1vel, ent\u00e3o decidiu investir na atividade\u201d, contou a t\u00e9cnica da Emater-MG. De acordo com N\u00e1dia, o produtor gastou entre R$ 80 mil a R$ 100 mil na implanta\u00e7\u00e3o do pomar de pitaya.<\/p>\n\n\n\n<p class=\"wp-block-paragraph\">\u201cCheguei \u00e0 conclus\u00e3o que o cultivo de pitaya d\u00e1 para o sustento da fam\u00edlia e a minha expectativa quanto aos resultados \u00e9 muito positiva\u201d, afirmou o produtor Eli\u00e9zer. No entanto, demonstrando cautela disse tamb\u00e9m: \u201cainda n\u00e3o sabemos se vai dar lucro pois essa \u00e9 a primeira colheita e o investimento foi muito alto\u201d, ponderou.<\/p>\n\n\n\n<p class=\"wp-block-paragraph\">Outras atividades do casal s\u00e3o as vendas de frango caipira e de mudas de pitaya. A propriedade tamb\u00e9m tem um pomar de goiabas, que ainda n\u00e3o s\u00e3o comercializadas, conforme dados do escrit\u00f3rio da Emater-MG local.<\/p>\n\n\n\n<h2 class=\"wp-block-heading\"><strong>Produ\u00e7\u00e3o<\/strong><\/h2>\n\n\n\n<p class=\"wp-block-paragraph\">Minas Gerais tem produ\u00e7\u00e3o anual de pitaya estimada em 229 toneladas e 58,7 hectares de \u00e1rea plantada. S\u00f3 a agricultura familiar \u00e9 respons\u00e1vel por 50,22% do total de produ\u00e7\u00e3o do estado ou 115 toneladas da fruta, anualmente.<\/p>\n\n\n\n<p class=\"wp-block-paragraph\">&#8212;&#8212;&#8212;&#8212;&#8212;&#8212;<br><br><strong>Sabia que o Aconteceu no Vale est\u00e1 tamb\u00e9m no Telegram? <a rel=\"noreferrer noopener\" href=\"https:\/\/t.me\/aconteceunovaleoficial\" target=\"_blank\">Inscreva-se no canal<\/a>.<\/strong><br><br><strong>J\u00e1 curtiu ou seguiu nossas p\u00e1ginas nas redes sociais?\u00a0Receba as not\u00edcias em primeira m\u00e3o:<\/strong><br>\u2022 <a rel=\"noreferrer noopener\" href=\"https:\/\/news.google.com\/publications\/CAAqBwgKMNjklQswi4etAw?hl=pt-BR&amp;gl=BR&amp;ceid=BR%3Apt-419\" target=\"_blank\">Google News<\/a><br>\u2022 <a rel=\"noreferrer noopener\" href=\"https:\/\/www.facebook.com\/aconteceunovale\/\" target=\"_blank\">Facebook<\/a><br>\u2022 <a rel=\"noreferrer noopener\" href=\"https:\/\/twitter.com\/noticiadosvales\" target=\"_blank\">Twitter<\/a><br>\u2022 <a rel=\"noreferrer noopener\" href=\"https:\/\/www.instagram.com\/aconteceunovale\" target=\"_blank\">Instagram<\/a><br>\u2022 <a rel=\"noreferrer noopener\" href=\"https:\/\/www.youtube.com\/AconteceunoValeOficial\" target=\"_blank\">Youtube<\/a><br>\u2022 <a rel=\"noreferrer noopener\" href=\"https:\/\/www.tiktok.com\/@aconteceunovale\" target=\"_blank\">TikTok<\/a><\/p>\n","protected":false},"excerpt":{"rendered":"<p>Uma experi\u00eancia promissora na \u00e1rea de fruticultura, em S\u00e3o Sebasti\u00e3o do Oeste, na regi\u00e3o do Centro-Oeste de Minas Gerais, est\u00e1 chamando aten\u00e7\u00e3o pelos bons resultados que vem apresentando. Num terreno de 1,5 hectare, no povoado de Marimbondo, o casal Nedina Rodrigues Teixeira e Eli\u00e9zer Oliveira Teixeira se prepara para a primeira safra expressiva de pitaya. [&hellip;]<\/p>\n","protected":false},"author":4,"featured_media":188117,"comment_status":"open","ping_status":"closed","sticky":false,"template":"","format":"standard","meta":{"amp_status":"","footnotes":""},"categories":[123],"tags":[44123,260155,1018,260158,25775,67441,58454,131,260159,260157,44121,260156,260160,260161,1651],"class_list":["post-188116","post","type-post","status-publish","format-standard","has-post-thumbnail","hentry","category-gerais","tag-cultivo-de-pitaya","tag-cultivo-de-pitaya-promete-bons-resultados-para-casal-de-produtores","tag-destaque","tag-eliezer-oliveira-teixeira","tag-emater-mg","tag-fruticultura","tag-marimbondo","tag-minas-gerais","tag-nadia-machado","tag-nedina-rodrigues-teixeira","tag-pitaya","tag-plantacao-de-pitaya","tag-producao-de-pitaya-em-minas-gerais","tag-safra-de-pitaya-em-minas-gerais","tag-sao-sebastiao-do-oeste"],"yoast_head":"<!-- This site is optimized with the Yoast SEO plugin v28.3 - https:\/\/yoast.com\/product\/yoast-seo-wordpress\/ -->\n<title>Cultivo de pitaya promete bons resultados para casal de produtores - Aconteceu no Vale<\/title>\n<meta name=\"robots\" content=\"index, follow, max-snippet:-1, max-image-preview:large, max-video-preview:-1\" \/>\n<link rel=\"canonical\" href=\"https:\/\/aconteceunovale.com.br\/portal\/?p=188116\" \/>\n<meta property=\"og:locale\" content=\"pt_BR\" \/>\n<meta property=\"og:type\" content=\"article\" \/>\n<meta property=\"og:title\" content=\"Cultivo de pitaya promete bons resultados para casal de produtores - Aconteceu no Vale\" \/>\n<meta property=\"og:description\" content=\"Uma experi\u00eancia promissora na \u00e1rea de fruticultura, em S\u00e3o Sebasti\u00e3o do Oeste, na regi\u00e3o do Centro-Oeste de Minas Gerais, est\u00e1 chamando aten\u00e7\u00e3o pelos bons resultados que vem apresentando. Num terreno de 1,5 hectare, no povoado de Marimbondo, o casal Nedina Rodrigues Teixeira e Eli\u00e9zer Oliveira Teixeira se prepara para a primeira safra expressiva de pitaya. [&hellip;]\" \/>\n<meta property=\"og:url\" content=\"https:\/\/aconteceunovale.com.br\/portal\/?p=188116\" \/>\n<meta property=\"og:site_name\" content=\"Aconteceu no Vale\" \/>\n<meta property=\"article:publisher\" content=\"https:\/\/www.facebook.com\/aconteceunovale\/\" \/>\n<meta property=\"article:published_time\" content=\"2022-03-31T03:05:20+00:00\" \/>\n<meta property=\"article:modified_time\" content=\"2022-03-31T03:06:06+00:00\" \/>\n<meta property=\"og:image\" content=\"https:\/\/aconteceunovale.com.br\/portal\/wp-content\/uploads\/2022\/03\/pitaya_mg_1.jpg\" \/>\n\t<meta property=\"og:image:width\" content=\"678\" \/>\n\t<meta property=\"og:image:height\" content=\"450\" \/>\n\t<meta property=\"og:image:type\" content=\"image\/jpeg\" \/>\n<meta name=\"author\" content=\"Reda\u00e7\u00e3o Aconteceu no Vale\" \/>\n<meta name=\"twitter:card\" content=\"summary_large_image\" \/>\n<meta name=\"twitter:creator\" content=\"@noticiadosvales\" \/>\n<meta name=\"twitter:site\" content=\"@noticiadosvales\" \/>\n<meta name=\"twitter:label1\" content=\"Escrito por\" \/>\n\t<meta name=\"twitter:data1\" content=\"Reda\u00e7\u00e3o Aconteceu no Vale\" \/>\n\t<meta name=\"twitter:label2\" content=\"Est. tempo de leitura\" \/>\n\t<meta name=\"twitter:data2\" content=\"5 minutos\" \/>\n<script type=\"application\/ld+json\" class=\"yoast-schema-graph\">{\"@context\":\"https:\\\/\\\/schema.org\",\"@graph\":[{\"@type\":\"Article\",\"@id\":\"https:\\\/\\\/aconteceunovale.com.br\\\/portal\\\/?p=188116#article\",\"isPartOf\":{\"@id\":\"https:\\\/\\\/aconteceunovale.com.br\\\/portal\\\/?p=188116\"},\"author\":{\"name\":\"Reda\u00e7\u00e3o Aconteceu no Vale\",\"@id\":\"https:\\\/\\\/aconteceunovale.com.br\\\/portal\\\/#\\\/schema\\\/person\\\/7d2f26d1483f8a63de73da1ee0754d35\"},\"headline\":\"Cultivo de pitaya promete bons resultados para casal de produtores\",\"datePublished\":\"2022-03-31T03:05:20+00:00\",\"dateModified\":\"2022-03-31T03:06:06+00:00\",\"mainEntityOfPage\":{\"@id\":\"https:\\\/\\\/aconteceunovale.com.br\\\/portal\\\/?p=188116\"},\"wordCount\":941,\"commentCount\":0,\"image\":{\"@id\":\"https:\\\/\\\/aconteceunovale.com.br\\\/portal\\\/?p=188116#primaryimage\"},\"thumbnailUrl\":\"https:\\\/\\\/aconteceunovale.com.br\\\/portal\\\/wp-content\\\/uploads\\\/2022\\\/03\\\/pitaya_mg_1.jpg\",\"keywords\":[\"cultivo de pitaya\",\"Cultivo de Pitaya promete bons resultados para casal de produtores\",\"destaque\",\"Eli\u00e9zer Oliveira Teixeira\",\"Emater-MG\",\"fruticultura\",\"marimbondo\",\"Minas Gerais\",\"N\u00e1dia Machado\",\"Nedina Rodrigues Teixeira\",\"pitaya\",\"Planta\u00e7\u00e3o de Pitaya\",\"Produ\u00e7\u00e3o de Pitaya em Minas Gerais\",\"Safra de Pitaya em Minas Gerais\",\"S\u00e3o Sebasti\u00e3o do Oeste\"],\"articleSection\":[\"Minas Gerais\"],\"inLanguage\":\"pt-BR\",\"potentialAction\":[{\"@type\":\"CommentAction\",\"name\":\"Comment\",\"target\":[\"https:\\\/\\\/aconteceunovale.com.br\\\/portal\\\/?p=188116#respond\"]}]},{\"@type\":\"WebPage\",\"@id\":\"https:\\\/\\\/aconteceunovale.com.br\\\/portal\\\/?p=188116\",\"url\":\"https:\\\/\\\/aconteceunovale.com.br\\\/portal\\\/?p=188116\",\"name\":\"Cultivo de pitaya promete bons resultados para casal de produtores - Aconteceu no Vale\",\"isPartOf\":{\"@id\":\"https:\\\/\\\/aconteceunovale.com.br\\\/portal\\\/#website\"},\"primaryImageOfPage\":{\"@id\":\"https:\\\/\\\/aconteceunovale.com.br\\\/portal\\\/?p=188116#primaryimage\"},\"image\":{\"@id\":\"https:\\\/\\\/aconteceunovale.com.br\\\/portal\\\/?p=188116#primaryimage\"},\"thumbnailUrl\":\"https:\\\/\\\/aconteceunovale.com.br\\\/portal\\\/wp-content\\\/uploads\\\/2022\\\/03\\\/pitaya_mg_1.jpg\",\"datePublished\":\"2022-03-31T03:05:20+00:00\",\"dateModified\":\"2022-03-31T03:06:06+00:00\",\"author\":{\"@id\":\"https:\\\/\\\/aconteceunovale.com.br\\\/portal\\\/#\\\/schema\\\/person\\\/7d2f26d1483f8a63de73da1ee0754d35\"},\"breadcrumb\":{\"@id\":\"https:\\\/\\\/aconteceunovale.com.br\\\/portal\\\/?p=188116#breadcrumb\"},\"inLanguage\":\"pt-BR\",\"potentialAction\":[{\"@type\":\"ReadAction\",\"target\":[\"https:\\\/\\\/aconteceunovale.com.br\\\/portal\\\/?p=188116\"]}]},{\"@type\":\"ImageObject\",\"inLanguage\":\"pt-BR\",\"@id\":\"https:\\\/\\\/aconteceunovale.com.br\\\/portal\\\/?p=188116#primaryimage\",\"url\":\"https:\\\/\\\/aconteceunovale.com.br\\\/portal\\\/wp-content\\\/uploads\\\/2022\\\/03\\\/pitaya_mg_1.jpg\",\"contentUrl\":\"https:\\\/\\\/aconteceunovale.com.br\\\/portal\\\/wp-content\\\/uploads\\\/2022\\\/03\\\/pitaya_mg_1.jpg\",\"width\":678,\"height\":450},{\"@type\":\"BreadcrumbList\",\"@id\":\"https:\\\/\\\/aconteceunovale.com.br\\\/portal\\\/?p=188116#breadcrumb\",\"itemListElement\":[{\"@type\":\"ListItem\",\"position\":1,\"name\":\"In\u00edcio\",\"item\":\"https:\\\/\\\/aconteceunovale.com.br\\\/portal\\\/\"},{\"@type\":\"ListItem\",\"position\":2,\"name\":\"Cultivo de pitaya promete bons resultados para casal de produtores\"}]},{\"@type\":\"WebSite\",\"@id\":\"https:\\\/\\\/aconteceunovale.com.br\\\/portal\\\/#website\",\"url\":\"https:\\\/\\\/aconteceunovale.com.br\\\/portal\\\/\",\"name\":\"Aconteceu no Vale\",\"description\":\"Portal de Not\u00edcias\",\"potentialAction\":[{\"@type\":\"SearchAction\",\"target\":{\"@type\":\"EntryPoint\",\"urlTemplate\":\"https:\\\/\\\/aconteceunovale.com.br\\\/portal\\\/?s={search_term_string}\"},\"query-input\":{\"@type\":\"PropertyValueSpecification\",\"valueRequired\":true,\"valueName\":\"search_term_string\"}}],\"inLanguage\":\"pt-BR\"},{\"@type\":\"Person\",\"@id\":\"https:\\\/\\\/aconteceunovale.com.br\\\/portal\\\/#\\\/schema\\\/person\\\/7d2f26d1483f8a63de73da1ee0754d35\",\"name\":\"Reda\u00e7\u00e3o Aconteceu no Vale\",\"description\":\"Equipe de reportagem do Aconteceu no Vale, portal de not\u00edcias do Vale do Jequitinhonha, em Minas Gerais. Cobrimos as 51 cidades do Vale desde 2013. Sugest\u00f5es de pauta e pedidos de corre\u00e7\u00e3o: contato@aconteceunovale.com.br\",\"url\":\"https:\\\/\\\/aconteceunovale.com.br\\\/portal\\\/?author=4\"}]}<\/script>\n<!-- \/ Yoast SEO plugin. -->","yoast_head_json":{"title":"Cultivo de pitaya promete bons resultados para casal de produtores - Aconteceu no Vale","robots":{"index":"index","follow":"follow","max-snippet":"max-snippet:-1","max-image-preview":"max-image-preview:large","max-video-preview":"max-video-preview:-1"},"canonical":"https:\/\/aconteceunovale.com.br\/portal\/?p=188116","og_locale":"pt_BR","og_type":"article","og_title":"Cultivo de pitaya promete bons resultados para casal de produtores - Aconteceu no Vale","og_description":"Uma experi\u00eancia promissora na \u00e1rea de fruticultura, em S\u00e3o Sebasti\u00e3o do Oeste, na regi\u00e3o do Centro-Oeste de Minas Gerais, est\u00e1 chamando aten\u00e7\u00e3o pelos bons resultados que vem apresentando. Num terreno de 1,5 hectare, no povoado de Marimbondo, o casal Nedina Rodrigues Teixeira e Eli\u00e9zer Oliveira Teixeira se prepara para a primeira safra expressiva de pitaya. [&hellip;]","og_url":"https:\/\/aconteceunovale.com.br\/portal\/?p=188116","og_site_name":"Aconteceu no Vale","article_publisher":"https:\/\/www.facebook.com\/aconteceunovale\/","article_published_time":"2022-03-31T03:05:20+00:00","article_modified_time":"2022-03-31T03:06:06+00:00","og_image":[{"width":678,"height":450,"url":"https:\/\/aconteceunovale.com.br\/portal\/wp-content\/uploads\/2022\/03\/pitaya_mg_1.jpg","type":"image\/jpeg"}],"author":"Reda\u00e7\u00e3o Aconteceu no Vale","twitter_card":"summary_large_image","twitter_creator":"@noticiadosvales","twitter_site":"@noticiadosvales","twitter_misc":{"Escrito por":"Reda\u00e7\u00e3o Aconteceu no Vale","Est. tempo de leitura":"5 minutos"},"schema":{"@context":"https:\/\/schema.org","@graph":[{"@type":"Article","@id":"https:\/\/aconteceunovale.com.br\/portal\/?p=188116#article","isPartOf":{"@id":"https:\/\/aconteceunovale.com.br\/portal\/?p=188116"},"author":{"name":"Reda\u00e7\u00e3o Aconteceu no Vale","@id":"https:\/\/aconteceunovale.com.br\/portal\/#\/schema\/person\/7d2f26d1483f8a63de73da1ee0754d35"},"headline":"Cultivo de pitaya promete bons resultados para casal de produtores","datePublished":"2022-03-31T03:05:20+00:00","dateModified":"2022-03-31T03:06:06+00:00","mainEntityOfPage":{"@id":"https:\/\/aconteceunovale.com.br\/portal\/?p=188116"},"wordCount":941,"commentCount":0,"image":{"@id":"https:\/\/aconteceunovale.com.br\/portal\/?p=188116#primaryimage"},"thumbnailUrl":"https:\/\/aconteceunovale.com.br\/portal\/wp-content\/uploads\/2022\/03\/pitaya_mg_1.jpg","keywords":["cultivo de pitaya","Cultivo de Pitaya promete bons resultados para casal de produtores","destaque","Eli\u00e9zer Oliveira Teixeira","Emater-MG","fruticultura","marimbondo","Minas Gerais","N\u00e1dia Machado","Nedina Rodrigues Teixeira","pitaya","Planta\u00e7\u00e3o de Pitaya","Produ\u00e7\u00e3o de Pitaya em Minas Gerais","Safra de Pitaya em Minas Gerais","S\u00e3o Sebasti\u00e3o do Oeste"],"articleSection":["Minas Gerais"],"inLanguage":"pt-BR","potentialAction":[{"@type":"CommentAction","name":"Comment","target":["https:\/\/aconteceunovale.com.br\/portal\/?p=188116#respond"]}]},{"@type":"WebPage","@id":"https:\/\/aconteceunovale.com.br\/portal\/?p=188116","url":"https:\/\/aconteceunovale.com.br\/portal\/?p=188116","name":"Cultivo de pitaya promete bons resultados para casal de produtores - Aconteceu no Vale","isPartOf":{"@id":"https:\/\/aconteceunovale.com.br\/portal\/#website"},"primaryImageOfPage":{"@id":"https:\/\/aconteceunovale.com.br\/portal\/?p=188116#primaryimage"},"image":{"@id":"https:\/\/aconteceunovale.com.br\/portal\/?p=188116#primaryimage"},"thumbnailUrl":"https:\/\/aconteceunovale.com.br\/portal\/wp-content\/uploads\/2022\/03\/pitaya_mg_1.jpg","datePublished":"2022-03-31T03:05:20+00:00","dateModified":"2022-03-31T03:06:06+00:00","author":{"@id":"https:\/\/aconteceunovale.com.br\/portal\/#\/schema\/person\/7d2f26d1483f8a63de73da1ee0754d35"},"breadcrumb":{"@id":"https:\/\/aconteceunovale.com.br\/portal\/?p=188116#breadcrumb"},"inLanguage":"pt-BR","potentialAction":[{"@type":"ReadAction","target":["https:\/\/aconteceunovale.com.br\/portal\/?p=188116"]}]},{"@type":"ImageObject","inLanguage":"pt-BR","@id":"https:\/\/aconteceunovale.com.br\/portal\/?p=188116#primaryimage","url":"https:\/\/aconteceunovale.com.br\/portal\/wp-content\/uploads\/2022\/03\/pitaya_mg_1.jpg","contentUrl":"https:\/\/aconteceunovale.com.br\/portal\/wp-content\/uploads\/2022\/03\/pitaya_mg_1.jpg","width":678,"height":450},{"@type":"BreadcrumbList","@id":"https:\/\/aconteceunovale.com.br\/portal\/?p=188116#breadcrumb","itemListElement":[{"@type":"ListItem","position":1,"name":"In\u00edcio","item":"https:\/\/aconteceunovale.com.br\/portal\/"},{"@type":"ListItem","position":2,"name":"Cultivo de pitaya promete bons resultados para casal de produtores"}]},{"@type":"WebSite","@id":"https:\/\/aconteceunovale.com.br\/portal\/#website","url":"https:\/\/aconteceunovale.com.br\/portal\/","name":"Aconteceu no Vale","description":"Portal de Not\u00edcias","potentialAction":[{"@type":"SearchAction","target":{"@type":"EntryPoint","urlTemplate":"https:\/\/aconteceunovale.com.br\/portal\/?s={search_term_string}"},"query-input":{"@type":"PropertyValueSpecification","valueRequired":true,"valueName":"search_term_string"}}],"inLanguage":"pt-BR"},{"@type":"Person","@id":"https:\/\/aconteceunovale.com.br\/portal\/#\/schema\/person\/7d2f26d1483f8a63de73da1ee0754d35","name":"Reda\u00e7\u00e3o Aconteceu no Vale","description":"Equipe de reportagem do Aconteceu no Vale, portal de not\u00edcias do Vale do Jequitinhonha, em Minas Gerais. Cobrimos as 51 cidades do Vale desde 2013. Sugest\u00f5es de pauta e pedidos de corre\u00e7\u00e3o: contato@aconteceunovale.com.br","url":"https:\/\/aconteceunovale.com.br\/portal\/?author=4"}]}},"_links":{"self":[{"href":"https:\/\/aconteceunovale.com.br\/portal\/index.php?rest_route=\/wp\/v2\/posts\/188116","targetHints":{"allow":["GET"]}}],"collection":[{"href":"https:\/\/aconteceunovale.com.br\/portal\/index.php?rest_route=\/wp\/v2\/posts"}],"about":[{"href":"https:\/\/aconteceunovale.com.br\/portal\/index.php?rest_route=\/wp\/v2\/types\/post"}],"author":[{"embeddable":true,"href":"https:\/\/aconteceunovale.com.br\/portal\/index.php?rest_route=\/wp\/v2\/users\/4"}],"replies":[{"embeddable":true,"href":"https:\/\/aconteceunovale.com.br\/portal\/index.php?rest_route=%2Fwp%2Fv2%2Fcomments&post=188116"}],"version-history":[{"count":1,"href":"https:\/\/aconteceunovale.com.br\/portal\/index.php?rest_route=\/wp\/v2\/posts\/188116\/revisions"}],"predecessor-version":[{"id":188120,"href":"https:\/\/aconteceunovale.com.br\/portal\/index.php?rest_route=\/wp\/v2\/posts\/188116\/revisions\/188120"}],"wp:featuredmedia":[{"embeddable":true,"href":"https:\/\/aconteceunovale.com.br\/portal\/index.php?rest_route=\/wp\/v2\/media\/188117"}],"wp:attachment":[{"href":"https:\/\/aconteceunovale.com.br\/portal\/index.php?rest_route=%2Fwp%2Fv2%2Fmedia&parent=188116"}],"wp:term":[{"taxonomy":"category","embeddable":true,"href":"https:\/\/aconteceunovale.com.br\/portal\/index.php?rest_route=%2Fwp%2Fv2%2Fcategories&post=188116"},{"taxonomy":"post_tag","embeddable":true,"href":"https:\/\/aconteceunovale.com.br\/portal\/index.php?rest_route=%2Fwp%2Fv2%2Ftags&post=188116"}],"curies":[{"name":"wp","href":"https:\/\/api.w.org\/{rel}","templated":true}]}}