{"id":188114,"date":"2022-03-30T23:49:17","date_gmt":"2022-03-31T02:49:17","guid":{"rendered":"https:\/\/aconteceunovale.com.br\/portal\/?p=188114"},"modified":"2022-03-30T23:50:10","modified_gmt":"2022-03-31T02:50:10","slug":"taxa-de-licenciamento-de-veiculo-vence-nesta-quinta-feira","status":"publish","type":"post","link":"https:\/\/aconteceunovale.com.br\/portal\/?p=188114","title":{"rendered":"Taxa de Licenciamento de Ve\u00edculo vence nesta quinta-feira"},"content":{"rendered":"\n<p class=\"wp-block-paragraph\">Vence nesta quinta-feira (31\/3) a Taxa de Renova\u00e7\u00e3o e Licenciamento Anual de Ve\u00edculo (TRLAV) de 2022. O tributo, no valor de R$ 135,95, deve ser pago nesta data por todos os propriet\u00e1rios, independentemente da placa.<\/p>\n\n\n\n<figure class=\"wp-block-gallery has-nested-images columns-default is-cropped wp-block-gallery-1 is-layout-flex wp-block-gallery-is-layout-flex\">\n<figure class=\"wp-block-image size-large\"><img loading=\"lazy\" decoding=\"async\" width=\"675\" height=\"450\" data-id=\"154236\" src=\"https:\/\/aconteceunovale.com.br\/portal\/wp-content\/uploads\/2019\/11\/lancamento_ipva.jpg\" alt=\"\" class=\"wp-image-154236\" srcset=\"https:\/\/aconteceunovale.com.br\/portal\/wp-content\/uploads\/2019\/11\/lancamento_ipva.jpg 675w, https:\/\/aconteceunovale.com.br\/portal\/wp-content\/uploads\/2019\/11\/lancamento_ipva-300x200.jpg 300w, https:\/\/aconteceunovale.com.br\/portal\/wp-content\/uploads\/2019\/11\/lancamento_ipva-630x420.jpg 630w\" sizes=\"auto, (max-width: 675px) 100vw, 675px\" \/><figcaption><em><sub>Foto: Gil Leonardi \/ Imprensa MG<\/sub><\/em><\/figcaption><\/figure>\n<\/figure>\n\n\n\n<p class=\"wp-block-paragraph\">Assim como o Imposto sobre a Propriedade de Ve\u00edculos Automotores (IPVA), o pagamento da TRLAV pode ser efetuado diretamente nos terminais de autoatendimento ou guich\u00eas dos agentes arrecadadores autorizados (Bradesco, SICOOB, Mercantil do Brasil, Caixa Econ\u00f4mica Federal, Casas Lot\u00e9ricas, Mais BB, Banco Postal e Santander), bastando informar o n\u00famero do Registro Nacional de Ve\u00edculos Automotores (Renavam) do ve\u00edculo. Quem preferir, pode emitir o Documento de Arrecada\u00e7\u00e3o (DAE) no site da\u00a0<a rel=\"noreferrer noopener\" href=\"http:\/\/www.fazenda.mg.gov.br\/\" target=\"_blank\">Secretaria de Estado de Fazenda<\/a>.<\/p>\n\n\n\n<p class=\"wp-block-paragraph\">O n\u00e3o pagamento da taxa ou a quita\u00e7\u00e3o em atraso resulta em multa, conforme descrito abaixo, e juros da Selic (Taxa Referencial do Sistema Especial de Liquida\u00e7\u00e3o e de Cust\u00f3dia):<\/p>\n\n\n\n<ul class=\"wp-block-list\"><li>Multa de 0,15% ao dia, at\u00e9 o 30\u00ba dia;<\/li><li>Multa de 9%, do 31\u00ba at\u00e9 o 60\u00ba dia;<\/li><li>Multa de 12%, a partir do 61\u00ba dia.<\/li><\/ul>\n\n\n\n<p class=\"wp-block-paragraph\">Vale lembrar que para obter o Certificado de Registro e Licenciamento de Ve\u00edculo (CRLV) junto ao\u00a0<a rel=\"noreferrer noopener\" href=\"https:\/\/www.detran.mg.gov.br\/\" target=\"_blank\">Departamento de Tr\u00e2nsito de Minas Gerais (Detran-MG)<\/a>, \u00e9 preciso estar em dia com a TRLAV e tamb\u00e9m com o IPVA e eventuais multas de tr\u00e2nsito.<\/p>\n\n\n\n<p class=\"wp-block-paragraph\">&#8212;&#8212;&#8212;&#8212;&#8212;&#8212;<br><br><strong>Sabia que o Aconteceu no Vale est\u00e1 tamb\u00e9m no Telegram? <a rel=\"noreferrer noopener\" href=\"https:\/\/t.me\/aconteceunovaleoficial\" target=\"_blank\">Inscreva-se no canal<\/a>.<\/strong><br><br><strong>J\u00e1 curtiu ou seguiu nossas p\u00e1ginas nas redes sociais?\u00a0Receba as not\u00edcias em primeira m\u00e3o:<\/strong><br>\u2022 <a rel=\"noreferrer noopener\" href=\"https:\/\/news.google.com\/publications\/CAAqBwgKMNjklQswi4etAw?hl=pt-BR&amp;gl=BR&amp;ceid=BR%3Apt-419\" target=\"_blank\">Google News<\/a><br>\u2022 <a rel=\"noreferrer noopener\" href=\"https:\/\/www.facebook.com\/aconteceunovale\/\" target=\"_blank\">Facebook<\/a><br>\u2022 <a rel=\"noreferrer noopener\" href=\"https:\/\/twitter.com\/noticiadosvales\" target=\"_blank\">Twitter<\/a><br>\u2022 <a rel=\"noreferrer noopener\" href=\"https:\/\/www.instagram.com\/aconteceunovale\" target=\"_blank\">Instagram<\/a><br>\u2022 <a rel=\"noreferrer noopener\" href=\"https:\/\/www.youtube.com\/AconteceunoValeOficial\" target=\"_blank\">Youtube<\/a><br>\u2022 <a rel=\"noreferrer noopener\" href=\"https:\/\/www.tiktok.com\/@aconteceunovale\" target=\"_blank\">TikTok<\/a><\/p>\n","protected":false},"excerpt":{"rendered":"<p>Vence nesta quinta-feira (31\/3) a Taxa de Renova\u00e7\u00e3o e Licenciamento Anual de Ve\u00edculo (TRLAV) de 2022. O tributo, no valor de R$ 135,95, deve ser pago nesta data por todos os propriet\u00e1rios, independentemente da placa. Assim como o Imposto sobre a Propriedade de Ve\u00edculos Automotores (IPVA), o pagamento da TRLAV pode ser efetuado diretamente nos [&hellip;]<\/p>\n","protected":false},"author":4,"featured_media":154236,"comment_status":"open","ping_status":"closed","sticky":false,"template":"","format":"standard","meta":{"amp_status":"","footnotes":""},"categories":[123],"tags":[241144,1018,1243,901,241143,144144,144288,260152,144289,260153,241138,134457,241141,171526,260154],"class_list":["post-188114","post","type-post","status-publish","format-standard","has-post-thumbnail","hentry","category-gerais","tag-desconto-licenciamento-de-veiculos-para-servidores-publico","tag-destaque","tag-detran-mg","tag-ipsemg","tag-ipsm","tag-licenciamento-de-veiculos-em-minas-gerais","tag-taxa-de-licenciamento-de-veiculos","tag-taxa-de-licenciamento-de-veiculos-2022","tag-taxa-de-licenciamento-de-veiculos-em-minas-gerais","tag-taxa-de-licenciamento-de-veiculos-em-minas-gerais-2022","tag-taxa-de-licenciamento-de-veiculos-vence-amanha","tag-trlav","tag-trlav-2021","tag-trlav-minas-gerais","tag-trlav-minas-gerais-2022"],"yoast_head":"<!-- This site is optimized with the Yoast SEO plugin v28.3 - https:\/\/yoast.com\/product\/yoast-seo-wordpress\/ -->\n<title>Taxa de Licenciamento de Ve\u00edculo vence nesta quinta-feira - Aconteceu no Vale<\/title>\n<meta name=\"robots\" content=\"index, follow, max-snippet:-1, max-image-preview:large, max-video-preview:-1\" \/>\n<link rel=\"canonical\" href=\"https:\/\/aconteceunovale.com.br\/portal\/?p=188114\" \/>\n<meta property=\"og:locale\" content=\"pt_BR\" \/>\n<meta property=\"og:type\" content=\"article\" \/>\n<meta property=\"og:title\" content=\"Taxa de Licenciamento de Ve\u00edculo vence nesta quinta-feira - Aconteceu no Vale\" \/>\n<meta property=\"og:description\" content=\"Vence nesta quinta-feira (31\/3) a Taxa de Renova\u00e7\u00e3o e Licenciamento Anual de Ve\u00edculo (TRLAV) de 2022. O tributo, no valor de R$ 135,95, deve ser pago nesta data por todos os propriet\u00e1rios, independentemente da placa. Assim como o Imposto sobre a Propriedade de Ve\u00edculos Automotores (IPVA), o pagamento da TRLAV pode ser efetuado diretamente nos [&hellip;]\" \/>\n<meta property=\"og:url\" content=\"https:\/\/aconteceunovale.com.br\/portal\/?p=188114\" \/>\n<meta property=\"og:site_name\" content=\"Aconteceu no Vale\" \/>\n<meta property=\"article:publisher\" content=\"https:\/\/www.facebook.com\/aconteceunovale\/\" \/>\n<meta property=\"article:published_time\" content=\"2022-03-31T02:49:17+00:00\" \/>\n<meta property=\"article:modified_time\" content=\"2022-03-31T02:50:10+00:00\" \/>\n<meta property=\"og:image\" content=\"https:\/\/aconteceunovale.com.br\/portal\/wp-content\/uploads\/2019\/11\/lancamento_ipva.jpg\" \/>\n\t<meta property=\"og:image:width\" content=\"675\" \/>\n\t<meta property=\"og:image:height\" content=\"450\" \/>\n\t<meta property=\"og:image:type\" content=\"image\/jpeg\" \/>\n<meta name=\"author\" content=\"Reda\u00e7\u00e3o Aconteceu no Vale\" \/>\n<meta name=\"twitter:card\" content=\"summary_large_image\" \/>\n<meta name=\"twitter:creator\" content=\"@noticiadosvales\" \/>\n<meta name=\"twitter:site\" content=\"@noticiadosvales\" \/>\n<meta name=\"twitter:label1\" content=\"Escrito por\" \/>\n\t<meta name=\"twitter:data1\" content=\"Reda\u00e7\u00e3o Aconteceu no Vale\" \/>\n\t<meta name=\"twitter:label2\" content=\"Est. tempo de leitura\" \/>\n\t<meta name=\"twitter:data2\" content=\"1 minuto\" \/>\n<script type=\"application\/ld+json\" class=\"yoast-schema-graph\">{\"@context\":\"https:\\\/\\\/schema.org\",\"@graph\":[{\"@type\":\"Article\",\"@id\":\"https:\\\/\\\/aconteceunovale.com.br\\\/portal\\\/?p=188114#article\",\"isPartOf\":{\"@id\":\"https:\\\/\\\/aconteceunovale.com.br\\\/portal\\\/?p=188114\"},\"author\":{\"name\":\"Reda\u00e7\u00e3o Aconteceu no Vale\",\"@id\":\"https:\\\/\\\/aconteceunovale.com.br\\\/portal\\\/#\\\/schema\\\/person\\\/7d2f26d1483f8a63de73da1ee0754d35\"},\"headline\":\"Taxa de Licenciamento de Ve\u00edculo vence nesta quinta-feira\",\"datePublished\":\"2022-03-31T02:49:17+00:00\",\"dateModified\":\"2022-03-31T02:50:10+00:00\",\"mainEntityOfPage\":{\"@id\":\"https:\\\/\\\/aconteceunovale.com.br\\\/portal\\\/?p=188114\"},\"wordCount\":269,\"commentCount\":0,\"image\":{\"@id\":\"https:\\\/\\\/aconteceunovale.com.br\\\/portal\\\/?p=188114#primaryimage\"},\"thumbnailUrl\":\"https:\\\/\\\/aconteceunovale.com.br\\\/portal\\\/wp-content\\\/uploads\\\/2019\\\/11\\\/lancamento_ipva.jpg\",\"keywords\":[\"Desconto licenciamento de ve\u00edculos para servidores p\u00fablico\",\"destaque\",\"detran-mg\",\"Ipsemg\",\"IPSM\",\"Licenciamento de ve\u00edculos em Minas Gerais\",\"Taxa de licenciamento de ve\u00edculos\",\"Taxa de Licenciamento de ve\u00edculos 2022\",\"Taxa de licenciamento de ve\u00edculos em Minas Gerais\",\"Taxa de Licenciamento de ve\u00edculos em Minas Gerais 2022\",\"Taxa de Licenciamento de ve\u00edculos vence amanh\u00e3\",\"TRLAV\",\"TRLAV 2021\",\"TRLAV Minas Gerais\",\"TRLAV Minas Gerais 2022\"],\"articleSection\":[\"Minas Gerais\"],\"inLanguage\":\"pt-BR\",\"potentialAction\":[{\"@type\":\"CommentAction\",\"name\":\"Comment\",\"target\":[\"https:\\\/\\\/aconteceunovale.com.br\\\/portal\\\/?p=188114#respond\"]}]},{\"@type\":\"WebPage\",\"@id\":\"https:\\\/\\\/aconteceunovale.com.br\\\/portal\\\/?p=188114\",\"url\":\"https:\\\/\\\/aconteceunovale.com.br\\\/portal\\\/?p=188114\",\"name\":\"Taxa de Licenciamento de Ve\u00edculo vence nesta quinta-feira - Aconteceu no Vale\",\"isPartOf\":{\"@id\":\"https:\\\/\\\/aconteceunovale.com.br\\\/portal\\\/#website\"},\"primaryImageOfPage\":{\"@id\":\"https:\\\/\\\/aconteceunovale.com.br\\\/portal\\\/?p=188114#primaryimage\"},\"image\":{\"@id\":\"https:\\\/\\\/aconteceunovale.com.br\\\/portal\\\/?p=188114#primaryimage\"},\"thumbnailUrl\":\"https:\\\/\\\/aconteceunovale.com.br\\\/portal\\\/wp-content\\\/uploads\\\/2019\\\/11\\\/lancamento_ipva.jpg\",\"datePublished\":\"2022-03-31T02:49:17+00:00\",\"dateModified\":\"2022-03-31T02:50:10+00:00\",\"author\":{\"@id\":\"https:\\\/\\\/aconteceunovale.com.br\\\/portal\\\/#\\\/schema\\\/person\\\/7d2f26d1483f8a63de73da1ee0754d35\"},\"breadcrumb\":{\"@id\":\"https:\\\/\\\/aconteceunovale.com.br\\\/portal\\\/?p=188114#breadcrumb\"},\"inLanguage\":\"pt-BR\",\"potentialAction\":[{\"@type\":\"ReadAction\",\"target\":[\"https:\\\/\\\/aconteceunovale.com.br\\\/portal\\\/?p=188114\"]}]},{\"@type\":\"ImageObject\",\"inLanguage\":\"pt-BR\",\"@id\":\"https:\\\/\\\/aconteceunovale.com.br\\\/portal\\\/?p=188114#primaryimage\",\"url\":\"https:\\\/\\\/aconteceunovale.com.br\\\/portal\\\/wp-content\\\/uploads\\\/2019\\\/11\\\/lancamento_ipva.jpg\",\"contentUrl\":\"https:\\\/\\\/aconteceunovale.com.br\\\/portal\\\/wp-content\\\/uploads\\\/2019\\\/11\\\/lancamento_ipva.jpg\",\"width\":675,\"height\":450},{\"@type\":\"BreadcrumbList\",\"@id\":\"https:\\\/\\\/aconteceunovale.com.br\\\/portal\\\/?p=188114#breadcrumb\",\"itemListElement\":[{\"@type\":\"ListItem\",\"position\":1,\"name\":\"In\u00edcio\",\"item\":\"https:\\\/\\\/aconteceunovale.com.br\\\/portal\\\/\"},{\"@type\":\"ListItem\",\"position\":2,\"name\":\"Taxa de Licenciamento de Ve\u00edculo vence nesta quinta-feira\"}]},{\"@type\":\"WebSite\",\"@id\":\"https:\\\/\\\/aconteceunovale.com.br\\\/portal\\\/#website\",\"url\":\"https:\\\/\\\/aconteceunovale.com.br\\\/portal\\\/\",\"name\":\"Aconteceu no Vale\",\"description\":\"Portal de Not\u00edcias\",\"potentialAction\":[{\"@type\":\"SearchAction\",\"target\":{\"@type\":\"EntryPoint\",\"urlTemplate\":\"https:\\\/\\\/aconteceunovale.com.br\\\/portal\\\/?s={search_term_string}\"},\"query-input\":{\"@type\":\"PropertyValueSpecification\",\"valueRequired\":true,\"valueName\":\"search_term_string\"}}],\"inLanguage\":\"pt-BR\"},{\"@type\":\"Person\",\"@id\":\"https:\\\/\\\/aconteceunovale.com.br\\\/portal\\\/#\\\/schema\\\/person\\\/7d2f26d1483f8a63de73da1ee0754d35\",\"name\":\"Reda\u00e7\u00e3o Aconteceu no Vale\",\"description\":\"Equipe de reportagem do Aconteceu no Vale, portal de not\u00edcias do Vale do Jequitinhonha, em Minas Gerais. Cobrimos as 51 cidades do Vale desde 2013. Sugest\u00f5es de pauta e pedidos de corre\u00e7\u00e3o: contato@aconteceunovale.com.br\",\"url\":\"https:\\\/\\\/aconteceunovale.com.br\\\/portal\\\/?author=4\"}]}<\/script>\n<!-- \/ Yoast SEO plugin. -->","yoast_head_json":{"title":"Taxa de Licenciamento de Ve\u00edculo vence nesta quinta-feira - Aconteceu no Vale","robots":{"index":"index","follow":"follow","max-snippet":"max-snippet:-1","max-image-preview":"max-image-preview:large","max-video-preview":"max-video-preview:-1"},"canonical":"https:\/\/aconteceunovale.com.br\/portal\/?p=188114","og_locale":"pt_BR","og_type":"article","og_title":"Taxa de Licenciamento de Ve\u00edculo vence nesta quinta-feira - Aconteceu no Vale","og_description":"Vence nesta quinta-feira (31\/3) a Taxa de Renova\u00e7\u00e3o e Licenciamento Anual de Ve\u00edculo (TRLAV) de 2022. O tributo, no valor de R$ 135,95, deve ser pago nesta data por todos os propriet\u00e1rios, independentemente da placa. Assim como o Imposto sobre a Propriedade de Ve\u00edculos Automotores (IPVA), o pagamento da TRLAV pode ser efetuado diretamente nos [&hellip;]","og_url":"https:\/\/aconteceunovale.com.br\/portal\/?p=188114","og_site_name":"Aconteceu no Vale","article_publisher":"https:\/\/www.facebook.com\/aconteceunovale\/","article_published_time":"2022-03-31T02:49:17+00:00","article_modified_time":"2022-03-31T02:50:10+00:00","og_image":[{"width":675,"height":450,"url":"https:\/\/aconteceunovale.com.br\/portal\/wp-content\/uploads\/2019\/11\/lancamento_ipva.jpg","type":"image\/jpeg"}],"author":"Reda\u00e7\u00e3o Aconteceu no Vale","twitter_card":"summary_large_image","twitter_creator":"@noticiadosvales","twitter_site":"@noticiadosvales","twitter_misc":{"Escrito por":"Reda\u00e7\u00e3o Aconteceu no Vale","Est. tempo de leitura":"1 minuto"},"schema":{"@context":"https:\/\/schema.org","@graph":[{"@type":"Article","@id":"https:\/\/aconteceunovale.com.br\/portal\/?p=188114#article","isPartOf":{"@id":"https:\/\/aconteceunovale.com.br\/portal\/?p=188114"},"author":{"name":"Reda\u00e7\u00e3o Aconteceu no Vale","@id":"https:\/\/aconteceunovale.com.br\/portal\/#\/schema\/person\/7d2f26d1483f8a63de73da1ee0754d35"},"headline":"Taxa de Licenciamento de Ve\u00edculo vence nesta quinta-feira","datePublished":"2022-03-31T02:49:17+00:00","dateModified":"2022-03-31T02:50:10+00:00","mainEntityOfPage":{"@id":"https:\/\/aconteceunovale.com.br\/portal\/?p=188114"},"wordCount":269,"commentCount":0,"image":{"@id":"https:\/\/aconteceunovale.com.br\/portal\/?p=188114#primaryimage"},"thumbnailUrl":"https:\/\/aconteceunovale.com.br\/portal\/wp-content\/uploads\/2019\/11\/lancamento_ipva.jpg","keywords":["Desconto licenciamento de ve\u00edculos para servidores p\u00fablico","destaque","detran-mg","Ipsemg","IPSM","Licenciamento de ve\u00edculos em Minas Gerais","Taxa de licenciamento de ve\u00edculos","Taxa de Licenciamento de ve\u00edculos 2022","Taxa de licenciamento de ve\u00edculos em Minas Gerais","Taxa de Licenciamento de ve\u00edculos em Minas Gerais 2022","Taxa de Licenciamento de ve\u00edculos vence amanh\u00e3","TRLAV","TRLAV 2021","TRLAV Minas Gerais","TRLAV Minas Gerais 2022"],"articleSection":["Minas Gerais"],"inLanguage":"pt-BR","potentialAction":[{"@type":"CommentAction","name":"Comment","target":["https:\/\/aconteceunovale.com.br\/portal\/?p=188114#respond"]}]},{"@type":"WebPage","@id":"https:\/\/aconteceunovale.com.br\/portal\/?p=188114","url":"https:\/\/aconteceunovale.com.br\/portal\/?p=188114","name":"Taxa de Licenciamento de Ve\u00edculo vence nesta quinta-feira - Aconteceu no Vale","isPartOf":{"@id":"https:\/\/aconteceunovale.com.br\/portal\/#website"},"primaryImageOfPage":{"@id":"https:\/\/aconteceunovale.com.br\/portal\/?p=188114#primaryimage"},"image":{"@id":"https:\/\/aconteceunovale.com.br\/portal\/?p=188114#primaryimage"},"thumbnailUrl":"https:\/\/aconteceunovale.com.br\/portal\/wp-content\/uploads\/2019\/11\/lancamento_ipva.jpg","datePublished":"2022-03-31T02:49:17+00:00","dateModified":"2022-03-31T02:50:10+00:00","author":{"@id":"https:\/\/aconteceunovale.com.br\/portal\/#\/schema\/person\/7d2f26d1483f8a63de73da1ee0754d35"},"breadcrumb":{"@id":"https:\/\/aconteceunovale.com.br\/portal\/?p=188114#breadcrumb"},"inLanguage":"pt-BR","potentialAction":[{"@type":"ReadAction","target":["https:\/\/aconteceunovale.com.br\/portal\/?p=188114"]}]},{"@type":"ImageObject","inLanguage":"pt-BR","@id":"https:\/\/aconteceunovale.com.br\/portal\/?p=188114#primaryimage","url":"https:\/\/aconteceunovale.com.br\/portal\/wp-content\/uploads\/2019\/11\/lancamento_ipva.jpg","contentUrl":"https:\/\/aconteceunovale.com.br\/portal\/wp-content\/uploads\/2019\/11\/lancamento_ipva.jpg","width":675,"height":450},{"@type":"BreadcrumbList","@id":"https:\/\/aconteceunovale.com.br\/portal\/?p=188114#breadcrumb","itemListElement":[{"@type":"ListItem","position":1,"name":"In\u00edcio","item":"https:\/\/aconteceunovale.com.br\/portal\/"},{"@type":"ListItem","position":2,"name":"Taxa de Licenciamento de Ve\u00edculo vence nesta quinta-feira"}]},{"@type":"WebSite","@id":"https:\/\/aconteceunovale.com.br\/portal\/#website","url":"https:\/\/aconteceunovale.com.br\/portal\/","name":"Aconteceu no Vale","description":"Portal de Not\u00edcias","potentialAction":[{"@type":"SearchAction","target":{"@type":"EntryPoint","urlTemplate":"https:\/\/aconteceunovale.com.br\/portal\/?s={search_term_string}"},"query-input":{"@type":"PropertyValueSpecification","valueRequired":true,"valueName":"search_term_string"}}],"inLanguage":"pt-BR"},{"@type":"Person","@id":"https:\/\/aconteceunovale.com.br\/portal\/#\/schema\/person\/7d2f26d1483f8a63de73da1ee0754d35","name":"Reda\u00e7\u00e3o Aconteceu no Vale","description":"Equipe de reportagem do Aconteceu no Vale, portal de not\u00edcias do Vale do Jequitinhonha, em Minas Gerais. Cobrimos as 51 cidades do Vale desde 2013. Sugest\u00f5es de pauta e pedidos de corre\u00e7\u00e3o: contato@aconteceunovale.com.br","url":"https:\/\/aconteceunovale.com.br\/portal\/?author=4"}]}},"_links":{"self":[{"href":"https:\/\/aconteceunovale.com.br\/portal\/index.php?rest_route=\/wp\/v2\/posts\/188114","targetHints":{"allow":["GET"]}}],"collection":[{"href":"https:\/\/aconteceunovale.com.br\/portal\/index.php?rest_route=\/wp\/v2\/posts"}],"about":[{"href":"https:\/\/aconteceunovale.com.br\/portal\/index.php?rest_route=\/wp\/v2\/types\/post"}],"author":[{"embeddable":true,"href":"https:\/\/aconteceunovale.com.br\/portal\/index.php?rest_route=\/wp\/v2\/users\/4"}],"replies":[{"embeddable":true,"href":"https:\/\/aconteceunovale.com.br\/portal\/index.php?rest_route=%2Fwp%2Fv2%2Fcomments&post=188114"}],"version-history":[{"count":1,"href":"https:\/\/aconteceunovale.com.br\/portal\/index.php?rest_route=\/wp\/v2\/posts\/188114\/revisions"}],"predecessor-version":[{"id":188115,"href":"https:\/\/aconteceunovale.com.br\/portal\/index.php?rest_route=\/wp\/v2\/posts\/188114\/revisions\/188115"}],"wp:featuredmedia":[{"embeddable":true,"href":"https:\/\/aconteceunovale.com.br\/portal\/index.php?rest_route=\/wp\/v2\/media\/154236"}],"wp:attachment":[{"href":"https:\/\/aconteceunovale.com.br\/portal\/index.php?rest_route=%2Fwp%2Fv2%2Fmedia&parent=188114"}],"wp:term":[{"taxonomy":"category","embeddable":true,"href":"https:\/\/aconteceunovale.com.br\/portal\/index.php?rest_route=%2Fwp%2Fv2%2Fcategories&post=188114"},{"taxonomy":"post_tag","embeddable":true,"href":"https:\/\/aconteceunovale.com.br\/portal\/index.php?rest_route=%2Fwp%2Fv2%2Ftags&post=188114"}],"curies":[{"name":"wp","href":"https:\/\/api.w.org\/{rel}","templated":true}]}}