{"id":188105,"date":"2022-03-30T22:28:15","date_gmt":"2022-03-31T01:28:15","guid":{"rendered":"https:\/\/aconteceunovale.com.br\/portal\/?p=188105"},"modified":"2022-03-30T22:28:48","modified_gmt":"2022-03-31T01:28:48","slug":"delegado-que-atuava-em-aguas-formosas-e-condenado-a-mais-de-dez-anos-de-reclusao","status":"publish","type":"post","link":"https:\/\/aconteceunovale.com.br\/portal\/?p=188105","title":{"rendered":"Delegado que atuava em \u00c1guas Formosas \u00e9 condenado a mais de dez anos de reclus\u00e3o"},"content":{"rendered":"\n<p class=\"wp-block-paragraph\">A Justi\u00e7a julgou procedente o pedido do Minist\u00e9rio P\u00fablico de Minas Gerais (MPMG) e condenou delegado de Pol\u00edcia que atuava em \u00c1guas Formosas, no Vale do Mucuri, a 11 anos e dez meses de pris\u00e3o e ao pagamento de multa, al\u00e9m da perda do cargo. O ex-servidor p\u00fablico foi condenado por peculato (art. 312 do C\u00f3digo Penal), posse irregular de arma de fogo de uso permitido (art. 12 da Lei n\u00ba 10.826\/03) e armazenamento de subst\u00e2ncia perigosa em desacordo com as exig\u00eancias legais (art. 56 da Lei n\u00ba 9.605\/98).\u00a0<\/p>\n\n\n\n<p class=\"wp-block-paragraph\">De acordo com a den\u00fancia oferecida pelo MPMG, em junho de 2021, em cumprimento de mandado de busca e apreens\u00e3o, constatou-se que o ent\u00e3o delegado guardava em sua casa muni\u00e7\u00f5es e um rev\u00f3lver sem registro. Na mesma ocasi\u00e3o, foram encontrados quatro gal\u00f5es pr\u00f3prios para armazenamento de combust\u00edvel, dois cheios de gasolina e dois vazios, demonstrando pelo cheiro terem sido utilizados para o mesmo fim. Durante a opera\u00e7\u00e3o, o delegado foi preso em flagrante.&nbsp;<\/p>\n\n\n\n<p class=\"wp-block-paragraph\">Segundo apurado, existem conv\u00eanios entre a Pol\u00edcia Civil e as prefeituras de Machacalis, Santa Helena de Minas e Umburatiba para fornecimento de combust\u00edvel para abastecimento das viaturas da Delegacia de \u00c1guas Formosas. Sob o argumento de que essas cidades ficavam distantes, o denunciado, por pelo menos tr\u00eas anos, determinava que se buscasse a gasolina acondicionada em gal\u00f5es de 50 litros e guardava parte em casa (quatro gal\u00f5es) e parte na Delegacia (quatro gal\u00f5es). No entanto, dos gal\u00f5es guardados na resid\u00eancia, apenas um era utilizado no abastecimento das viaturas, sendo os outros tr\u00eas utilizados em proveito pr\u00f3prio (peculato).&nbsp;<\/p>\n\n\n\n<p class=\"wp-block-paragraph\">A Justi\u00e7a fixou regime inicial fechado para o cumprimento da pena de reclus\u00e3o, sem direito de recorrer em liberdade.<\/p>\n\n\n\n<p class=\"wp-block-paragraph\">&#8212;&#8212;&#8212;&#8212;&#8212;&#8212;<br><br><strong>Sabia que o Aconteceu no Vale est\u00e1 tamb\u00e9m no Telegram? <a rel=\"noreferrer noopener\" href=\"https:\/\/t.me\/aconteceunovaleoficial\" target=\"_blank\">Inscreva-se no canal<\/a>.<\/strong><br><br><strong>J\u00e1 curtiu ou seguiu nossas p\u00e1ginas nas redes sociais?\u00a0Receba as not\u00edcias em primeira m\u00e3o:<\/strong><br>\u2022 <a rel=\"noreferrer noopener\" href=\"https:\/\/news.google.com\/publications\/CAAqBwgKMNjklQswi4etAw?hl=pt-BR&amp;gl=BR&amp;ceid=BR%3Apt-419\" target=\"_blank\">Google News<\/a><br>\u2022 <a rel=\"noreferrer noopener\" href=\"https:\/\/www.facebook.com\/aconteceunovale\/\" target=\"_blank\">Facebook<\/a><br>\u2022 <a rel=\"noreferrer noopener\" href=\"https:\/\/twitter.com\/noticiadosvales\" target=\"_blank\">Twitter<\/a><br>\u2022 <a rel=\"noreferrer noopener\" href=\"https:\/\/www.instagram.com\/aconteceunovale\" target=\"_blank\">Instagram<\/a><br>\u2022 <a rel=\"noreferrer noopener\" href=\"https:\/\/www.youtube.com\/AconteceunoValeOficial\" target=\"_blank\">Youtube<\/a><br>\u2022 <a rel=\"noreferrer noopener\" href=\"https:\/\/www.tiktok.com\/@aconteceunovale\" target=\"_blank\">TikTok<\/a><\/p>\n","protected":false},"excerpt":{"rendered":"<p>A Justi\u00e7a julgou procedente o pedido do Minist\u00e9rio P\u00fablico de Minas Gerais (MPMG) e condenou delegado de Pol\u00edcia que atuava em \u00c1guas Formosas, no Vale do Mucuri, a 11 anos e dez meses de pris\u00e3o e ao pagamento de multa, al\u00e9m da perda do cargo. O ex-servidor p\u00fablico foi condenado por peculato (art. 312 do [&hellip;]<\/p>\n","protected":false},"author":4,"featured_media":154520,"comment_status":"open","ping_status":"closed","sticky":false,"template":"","format":"standard","meta":{"amp_status":"","footnotes":""},"categories":[122],"tags":[1536,260145,260143,1018,2236,19675,260144,990,1812],"class_list":["post-188105","post","type-post","status-publish","format-standard","has-post-thumbnail","hentry","category-mucuri","tag-aguas-formosas","tag-delegado-preso-em-aguas-formosas","tag-delegado-que-atuava-em-aguas-formosas-e-condenado-a-mais-de-dez-anos-de-reclusao","tag-destaque","tag-machacalis","tag-mpmg","tag-prisao-de-delegado-em-aguas-formosas","tag-santa-helena-de-minas","tag-umburatiba"],"yoast_head":"<!-- This site is optimized with the Yoast SEO plugin v28.3 - https:\/\/yoast.com\/product\/yoast-seo-wordpress\/ -->\n<title>Delegado que atuava em \u00c1guas Formosas \u00e9 condenado a mais de dez anos de reclus\u00e3o - Aconteceu no Vale<\/title>\n<meta name=\"robots\" content=\"index, follow, max-snippet:-1, max-image-preview:large, max-video-preview:-1\" \/>\n<link rel=\"canonical\" href=\"https:\/\/aconteceunovale.com.br\/portal\/?p=188105\" \/>\n<meta property=\"og:locale\" content=\"pt_BR\" \/>\n<meta property=\"og:type\" content=\"article\" \/>\n<meta property=\"og:title\" content=\"Delegado que atuava em \u00c1guas Formosas \u00e9 condenado a mais de dez anos de reclus\u00e3o - Aconteceu no Vale\" \/>\n<meta property=\"og:description\" content=\"A Justi\u00e7a julgou procedente o pedido do Minist\u00e9rio P\u00fablico de Minas Gerais (MPMG) e condenou delegado de Pol\u00edcia que atuava em \u00c1guas Formosas, no Vale do Mucuri, a 11 anos e dez meses de pris\u00e3o e ao pagamento de multa, al\u00e9m da perda do cargo. O ex-servidor p\u00fablico foi condenado por peculato (art. 312 do [&hellip;]\" \/>\n<meta property=\"og:url\" content=\"https:\/\/aconteceunovale.com.br\/portal\/?p=188105\" \/>\n<meta property=\"og:site_name\" content=\"Aconteceu no Vale\" \/>\n<meta property=\"article:publisher\" content=\"https:\/\/www.facebook.com\/aconteceunovale\/\" \/>\n<meta property=\"article:published_time\" content=\"2022-03-31T01:28:15+00:00\" \/>\n<meta property=\"article:modified_time\" content=\"2022-03-31T01:28:48+00:00\" \/>\n<meta property=\"og:image\" content=\"https:\/\/aconteceunovale.com.br\/portal\/wp-content\/uploads\/2019\/11\/aguas_formosas.jpg\" \/>\n\t<meta property=\"og:image:width\" content=\"640\" \/>\n\t<meta property=\"og:image:height\" content=\"480\" \/>\n\t<meta property=\"og:image:type\" content=\"image\/jpeg\" \/>\n<meta name=\"author\" content=\"Reda\u00e7\u00e3o Aconteceu no Vale\" \/>\n<meta name=\"twitter:card\" content=\"summary_large_image\" \/>\n<meta name=\"twitter:creator\" content=\"@noticiadosvales\" \/>\n<meta name=\"twitter:site\" content=\"@noticiadosvales\" \/>\n<meta name=\"twitter:label1\" content=\"Escrito por\" \/>\n\t<meta name=\"twitter:data1\" content=\"Reda\u00e7\u00e3o Aconteceu no Vale\" \/>\n\t<meta name=\"twitter:label2\" content=\"Est. tempo de leitura\" \/>\n\t<meta name=\"twitter:data2\" content=\"2 minutos\" \/>\n<script type=\"application\/ld+json\" class=\"yoast-schema-graph\">{\"@context\":\"https:\\\/\\\/schema.org\",\"@graph\":[{\"@type\":\"Article\",\"@id\":\"https:\\\/\\\/aconteceunovale.com.br\\\/portal\\\/?p=188105#article\",\"isPartOf\":{\"@id\":\"https:\\\/\\\/aconteceunovale.com.br\\\/portal\\\/?p=188105\"},\"author\":{\"name\":\"Reda\u00e7\u00e3o Aconteceu no Vale\",\"@id\":\"https:\\\/\\\/aconteceunovale.com.br\\\/portal\\\/#\\\/schema\\\/person\\\/7d2f26d1483f8a63de73da1ee0754d35\"},\"headline\":\"Delegado que atuava em \u00c1guas Formosas \u00e9 condenado a mais de dez anos de reclus\u00e3o\",\"datePublished\":\"2022-03-31T01:28:15+00:00\",\"dateModified\":\"2022-03-31T01:28:48+00:00\",\"mainEntityOfPage\":{\"@id\":\"https:\\\/\\\/aconteceunovale.com.br\\\/portal\\\/?p=188105\"},\"wordCount\":360,\"commentCount\":0,\"image\":{\"@id\":\"https:\\\/\\\/aconteceunovale.com.br\\\/portal\\\/?p=188105#primaryimage\"},\"thumbnailUrl\":\"https:\\\/\\\/aconteceunovale.com.br\\\/portal\\\/wp-content\\\/uploads\\\/2019\\\/11\\\/aguas_formosas.jpg\",\"keywords\":[\"\u00c1guas Formosas\",\"Delegado preso em \u00c1guas Formosas\",\"Delegado que atuava em \u00c1guas Formosas \u00e9 condenado a mais de dez anos de reclus\u00e3o\",\"destaque\",\"Machacalis\",\"MPMG\",\"Pris\u00e3o de delegado em \u00c1guas Formosas\",\"santa helena de minas\",\"Umburatiba\"],\"articleSection\":[\"Vale do Mucuri\"],\"inLanguage\":\"pt-BR\",\"potentialAction\":[{\"@type\":\"CommentAction\",\"name\":\"Comment\",\"target\":[\"https:\\\/\\\/aconteceunovale.com.br\\\/portal\\\/?p=188105#respond\"]}]},{\"@type\":\"WebPage\",\"@id\":\"https:\\\/\\\/aconteceunovale.com.br\\\/portal\\\/?p=188105\",\"url\":\"https:\\\/\\\/aconteceunovale.com.br\\\/portal\\\/?p=188105\",\"name\":\"Delegado que atuava em \u00c1guas Formosas \u00e9 condenado a mais de dez anos de reclus\u00e3o - Aconteceu no Vale\",\"isPartOf\":{\"@id\":\"https:\\\/\\\/aconteceunovale.com.br\\\/portal\\\/#website\"},\"primaryImageOfPage\":{\"@id\":\"https:\\\/\\\/aconteceunovale.com.br\\\/portal\\\/?p=188105#primaryimage\"},\"image\":{\"@id\":\"https:\\\/\\\/aconteceunovale.com.br\\\/portal\\\/?p=188105#primaryimage\"},\"thumbnailUrl\":\"https:\\\/\\\/aconteceunovale.com.br\\\/portal\\\/wp-content\\\/uploads\\\/2019\\\/11\\\/aguas_formosas.jpg\",\"datePublished\":\"2022-03-31T01:28:15+00:00\",\"dateModified\":\"2022-03-31T01:28:48+00:00\",\"author\":{\"@id\":\"https:\\\/\\\/aconteceunovale.com.br\\\/portal\\\/#\\\/schema\\\/person\\\/7d2f26d1483f8a63de73da1ee0754d35\"},\"breadcrumb\":{\"@id\":\"https:\\\/\\\/aconteceunovale.com.br\\\/portal\\\/?p=188105#breadcrumb\"},\"inLanguage\":\"pt-BR\",\"potentialAction\":[{\"@type\":\"ReadAction\",\"target\":[\"https:\\\/\\\/aconteceunovale.com.br\\\/portal\\\/?p=188105\"]}]},{\"@type\":\"ImageObject\",\"inLanguage\":\"pt-BR\",\"@id\":\"https:\\\/\\\/aconteceunovale.com.br\\\/portal\\\/?p=188105#primaryimage\",\"url\":\"https:\\\/\\\/aconteceunovale.com.br\\\/portal\\\/wp-content\\\/uploads\\\/2019\\\/11\\\/aguas_formosas.jpg\",\"contentUrl\":\"https:\\\/\\\/aconteceunovale.com.br\\\/portal\\\/wp-content\\\/uploads\\\/2019\\\/11\\\/aguas_formosas.jpg\",\"width\":640,\"height\":480},{\"@type\":\"BreadcrumbList\",\"@id\":\"https:\\\/\\\/aconteceunovale.com.br\\\/portal\\\/?p=188105#breadcrumb\",\"itemListElement\":[{\"@type\":\"ListItem\",\"position\":1,\"name\":\"In\u00edcio\",\"item\":\"https:\\\/\\\/aconteceunovale.com.br\\\/portal\\\/\"},{\"@type\":\"ListItem\",\"position\":2,\"name\":\"Delegado que atuava em \u00c1guas Formosas \u00e9 condenado a mais de dez anos de reclus\u00e3o\"}]},{\"@type\":\"WebSite\",\"@id\":\"https:\\\/\\\/aconteceunovale.com.br\\\/portal\\\/#website\",\"url\":\"https:\\\/\\\/aconteceunovale.com.br\\\/portal\\\/\",\"name\":\"Aconteceu no Vale\",\"description\":\"Portal de Not\u00edcias\",\"potentialAction\":[{\"@type\":\"SearchAction\",\"target\":{\"@type\":\"EntryPoint\",\"urlTemplate\":\"https:\\\/\\\/aconteceunovale.com.br\\\/portal\\\/?s={search_term_string}\"},\"query-input\":{\"@type\":\"PropertyValueSpecification\",\"valueRequired\":true,\"valueName\":\"search_term_string\"}}],\"inLanguage\":\"pt-BR\"},{\"@type\":\"Person\",\"@id\":\"https:\\\/\\\/aconteceunovale.com.br\\\/portal\\\/#\\\/schema\\\/person\\\/7d2f26d1483f8a63de73da1ee0754d35\",\"name\":\"Reda\u00e7\u00e3o Aconteceu no Vale\",\"description\":\"Equipe de reportagem do Aconteceu no Vale, portal de not\u00edcias do Vale do Jequitinhonha, em Minas Gerais. Cobrimos as 51 cidades do Vale desde 2013. Sugest\u00f5es de pauta e pedidos de corre\u00e7\u00e3o: contato@aconteceunovale.com.br\",\"url\":\"https:\\\/\\\/aconteceunovale.com.br\\\/portal\\\/?author=4\"}]}<\/script>\n<!-- \/ Yoast SEO plugin. -->","yoast_head_json":{"title":"Delegado que atuava em \u00c1guas Formosas \u00e9 condenado a mais de dez anos de reclus\u00e3o - Aconteceu no Vale","robots":{"index":"index","follow":"follow","max-snippet":"max-snippet:-1","max-image-preview":"max-image-preview:large","max-video-preview":"max-video-preview:-1"},"canonical":"https:\/\/aconteceunovale.com.br\/portal\/?p=188105","og_locale":"pt_BR","og_type":"article","og_title":"Delegado que atuava em \u00c1guas Formosas \u00e9 condenado a mais de dez anos de reclus\u00e3o - Aconteceu no Vale","og_description":"A Justi\u00e7a julgou procedente o pedido do Minist\u00e9rio P\u00fablico de Minas Gerais (MPMG) e condenou delegado de Pol\u00edcia que atuava em \u00c1guas Formosas, no Vale do Mucuri, a 11 anos e dez meses de pris\u00e3o e ao pagamento de multa, al\u00e9m da perda do cargo. O ex-servidor p\u00fablico foi condenado por peculato (art. 312 do [&hellip;]","og_url":"https:\/\/aconteceunovale.com.br\/portal\/?p=188105","og_site_name":"Aconteceu no Vale","article_publisher":"https:\/\/www.facebook.com\/aconteceunovale\/","article_published_time":"2022-03-31T01:28:15+00:00","article_modified_time":"2022-03-31T01:28:48+00:00","og_image":[{"width":640,"height":480,"url":"https:\/\/aconteceunovale.com.br\/portal\/wp-content\/uploads\/2019\/11\/aguas_formosas.jpg","type":"image\/jpeg"}],"author":"Reda\u00e7\u00e3o Aconteceu no Vale","twitter_card":"summary_large_image","twitter_creator":"@noticiadosvales","twitter_site":"@noticiadosvales","twitter_misc":{"Escrito por":"Reda\u00e7\u00e3o Aconteceu no Vale","Est. tempo de leitura":"2 minutos"},"schema":{"@context":"https:\/\/schema.org","@graph":[{"@type":"Article","@id":"https:\/\/aconteceunovale.com.br\/portal\/?p=188105#article","isPartOf":{"@id":"https:\/\/aconteceunovale.com.br\/portal\/?p=188105"},"author":{"name":"Reda\u00e7\u00e3o Aconteceu no Vale","@id":"https:\/\/aconteceunovale.com.br\/portal\/#\/schema\/person\/7d2f26d1483f8a63de73da1ee0754d35"},"headline":"Delegado que atuava em \u00c1guas Formosas \u00e9 condenado a mais de dez anos de reclus\u00e3o","datePublished":"2022-03-31T01:28:15+00:00","dateModified":"2022-03-31T01:28:48+00:00","mainEntityOfPage":{"@id":"https:\/\/aconteceunovale.com.br\/portal\/?p=188105"},"wordCount":360,"commentCount":0,"image":{"@id":"https:\/\/aconteceunovale.com.br\/portal\/?p=188105#primaryimage"},"thumbnailUrl":"https:\/\/aconteceunovale.com.br\/portal\/wp-content\/uploads\/2019\/11\/aguas_formosas.jpg","keywords":["\u00c1guas Formosas","Delegado preso em \u00c1guas Formosas","Delegado que atuava em \u00c1guas Formosas \u00e9 condenado a mais de dez anos de reclus\u00e3o","destaque","Machacalis","MPMG","Pris\u00e3o de delegado em \u00c1guas Formosas","santa helena de minas","Umburatiba"],"articleSection":["Vale do Mucuri"],"inLanguage":"pt-BR","potentialAction":[{"@type":"CommentAction","name":"Comment","target":["https:\/\/aconteceunovale.com.br\/portal\/?p=188105#respond"]}]},{"@type":"WebPage","@id":"https:\/\/aconteceunovale.com.br\/portal\/?p=188105","url":"https:\/\/aconteceunovale.com.br\/portal\/?p=188105","name":"Delegado que atuava em \u00c1guas Formosas \u00e9 condenado a mais de dez anos de reclus\u00e3o - Aconteceu no Vale","isPartOf":{"@id":"https:\/\/aconteceunovale.com.br\/portal\/#website"},"primaryImageOfPage":{"@id":"https:\/\/aconteceunovale.com.br\/portal\/?p=188105#primaryimage"},"image":{"@id":"https:\/\/aconteceunovale.com.br\/portal\/?p=188105#primaryimage"},"thumbnailUrl":"https:\/\/aconteceunovale.com.br\/portal\/wp-content\/uploads\/2019\/11\/aguas_formosas.jpg","datePublished":"2022-03-31T01:28:15+00:00","dateModified":"2022-03-31T01:28:48+00:00","author":{"@id":"https:\/\/aconteceunovale.com.br\/portal\/#\/schema\/person\/7d2f26d1483f8a63de73da1ee0754d35"},"breadcrumb":{"@id":"https:\/\/aconteceunovale.com.br\/portal\/?p=188105#breadcrumb"},"inLanguage":"pt-BR","potentialAction":[{"@type":"ReadAction","target":["https:\/\/aconteceunovale.com.br\/portal\/?p=188105"]}]},{"@type":"ImageObject","inLanguage":"pt-BR","@id":"https:\/\/aconteceunovale.com.br\/portal\/?p=188105#primaryimage","url":"https:\/\/aconteceunovale.com.br\/portal\/wp-content\/uploads\/2019\/11\/aguas_formosas.jpg","contentUrl":"https:\/\/aconteceunovale.com.br\/portal\/wp-content\/uploads\/2019\/11\/aguas_formosas.jpg","width":640,"height":480},{"@type":"BreadcrumbList","@id":"https:\/\/aconteceunovale.com.br\/portal\/?p=188105#breadcrumb","itemListElement":[{"@type":"ListItem","position":1,"name":"In\u00edcio","item":"https:\/\/aconteceunovale.com.br\/portal\/"},{"@type":"ListItem","position":2,"name":"Delegado que atuava em \u00c1guas Formosas \u00e9 condenado a mais de dez anos de reclus\u00e3o"}]},{"@type":"WebSite","@id":"https:\/\/aconteceunovale.com.br\/portal\/#website","url":"https:\/\/aconteceunovale.com.br\/portal\/","name":"Aconteceu no Vale","description":"Portal de Not\u00edcias","potentialAction":[{"@type":"SearchAction","target":{"@type":"EntryPoint","urlTemplate":"https:\/\/aconteceunovale.com.br\/portal\/?s={search_term_string}"},"query-input":{"@type":"PropertyValueSpecification","valueRequired":true,"valueName":"search_term_string"}}],"inLanguage":"pt-BR"},{"@type":"Person","@id":"https:\/\/aconteceunovale.com.br\/portal\/#\/schema\/person\/7d2f26d1483f8a63de73da1ee0754d35","name":"Reda\u00e7\u00e3o Aconteceu no Vale","description":"Equipe de reportagem do Aconteceu no Vale, portal de not\u00edcias do Vale do Jequitinhonha, em Minas Gerais. Cobrimos as 51 cidades do Vale desde 2013. Sugest\u00f5es de pauta e pedidos de corre\u00e7\u00e3o: contato@aconteceunovale.com.br","url":"https:\/\/aconteceunovale.com.br\/portal\/?author=4"}]}},"_links":{"self":[{"href":"https:\/\/aconteceunovale.com.br\/portal\/index.php?rest_route=\/wp\/v2\/posts\/188105","targetHints":{"allow":["GET"]}}],"collection":[{"href":"https:\/\/aconteceunovale.com.br\/portal\/index.php?rest_route=\/wp\/v2\/posts"}],"about":[{"href":"https:\/\/aconteceunovale.com.br\/portal\/index.php?rest_route=\/wp\/v2\/types\/post"}],"author":[{"embeddable":true,"href":"https:\/\/aconteceunovale.com.br\/portal\/index.php?rest_route=\/wp\/v2\/users\/4"}],"replies":[{"embeddable":true,"href":"https:\/\/aconteceunovale.com.br\/portal\/index.php?rest_route=%2Fwp%2Fv2%2Fcomments&post=188105"}],"version-history":[{"count":1,"href":"https:\/\/aconteceunovale.com.br\/portal\/index.php?rest_route=\/wp\/v2\/posts\/188105\/revisions"}],"predecessor-version":[{"id":188106,"href":"https:\/\/aconteceunovale.com.br\/portal\/index.php?rest_route=\/wp\/v2\/posts\/188105\/revisions\/188106"}],"wp:featuredmedia":[{"embeddable":true,"href":"https:\/\/aconteceunovale.com.br\/portal\/index.php?rest_route=\/wp\/v2\/media\/154520"}],"wp:attachment":[{"href":"https:\/\/aconteceunovale.com.br\/portal\/index.php?rest_route=%2Fwp%2Fv2%2Fmedia&parent=188105"}],"wp:term":[{"taxonomy":"category","embeddable":true,"href":"https:\/\/aconteceunovale.com.br\/portal\/index.php?rest_route=%2Fwp%2Fv2%2Fcategories&post=188105"},{"taxonomy":"post_tag","embeddable":true,"href":"https:\/\/aconteceunovale.com.br\/portal\/index.php?rest_route=%2Fwp%2Fv2%2Ftags&post=188105"}],"curies":[{"name":"wp","href":"https:\/\/api.w.org\/{rel}","templated":true}]}}