{"id":188073,"date":"2022-03-28T08:13:14","date_gmt":"2022-03-28T11:13:14","guid":{"rendered":"https:\/\/aconteceunovale.com.br\/portal\/?p=188073"},"modified":"2022-03-28T17:01:26","modified_gmt":"2022-03-28T20:01:26","slug":"acidente-deixa-seis-mortos-no-norte-de-minas","status":"publish","type":"post","link":"https:\/\/aconteceunovale.com.br\/portal\/?p=188073","title":{"rendered":"Acidente deixa seis mortos no Norte de Minas"},"content":{"rendered":"\n<p class=\"wp-block-paragraph\">Seis pessoas morreram e uma ficou ferida em um grave acidente envolvendo um carro, um caminh\u00e3o e uma carreta na BR-251, no munic\u00edpio de Francisco S\u00e1 (MG), no s\u00e1bado (26\/3\/2022). Todas as v\u00edtimas fatais estavam no autom\u00f3vel, licenciado em Bertioga (SP), que ficou completamente destru\u00eddo.&nbsp;<\/p>\n\n\n\n<figure class=\"wp-block-gallery has-nested-images columns-default is-cropped wp-block-gallery-1 is-layout-flex wp-block-gallery-is-layout-flex\">\n<figure class=\"wp-block-image size-large\"><img loading=\"lazy\" decoding=\"async\" width=\"678\" height=\"359\" data-id=\"188074\" src=\"https:\/\/aconteceunovale.com.br\/portal\/wp-content\/uploads\/2022\/03\/acidente_nm_1.png\" alt=\"\" class=\"wp-image-188074\" srcset=\"https:\/\/aconteceunovale.com.br\/portal\/wp-content\/uploads\/2022\/03\/acidente_nm_1.png 678w, https:\/\/aconteceunovale.com.br\/portal\/wp-content\/uploads\/2022\/03\/acidente_nm_1-300x159.png 300w\" sizes=\"auto, (max-width: 678px) 100vw, 678px\" \/><figcaption><em><sub>Caminh\u00e3o e carro ca\u00edram em ribanceira &#8211; Foto: Corpo de Bombeiros\/Divulga\u00e7\u00e3o<\/sub><\/em><\/figcaption><\/figure>\n<\/figure>\n\n\n\n<p class=\"wp-block-paragraph\">Segundo as primeiras informa\u00e7\u00f5es do Corpo de Bombeiros, testemunhas informaram que o caminh\u00e3o carregado com gesso, placas de Taiobeiras&nbsp;(MG), descia a Serra de Francisco S\u00e1 quando \u201cperdeu os freios\u201d, invadiu a contram\u00e3o e bateu de frente com o carro, que transitava na frente da carreta com produtos do Mercado Livre.&nbsp;<\/p>\n\n\n\n<p class=\"wp-block-paragraph\"><em>\u201cCom o impacto, o carro foi arremessado contra a carreta-ba\u00fa e caiu em uma ribanceira. A carreta permaneceu na pista e ficou com a cabine destru\u00edda, sobrou s\u00f3 o volante. O autom\u00f3vel desmanchou com todo mundo dentro, foi retorcido e n\u00e3o sobrou nada\u201d,<\/em> explicou o sargento R\u00f4mulo Alves Brito.&nbsp;<\/p>\n\n\n\n<p class=\"wp-block-paragraph\">De acordo com o militar, o caminh\u00e3o, que teria provocado o acidente, tamb\u00e9m caiu na ribanceira e o motorista ficou preso \u00e0s ferragens. O homem, de 36 anos, foi socorrido consciente e levado para o hospital de Francisco S\u00e1 em uma ambul\u00e2ncia do Samu.&nbsp;<\/p>\n\n\n\n<p class=\"wp-block-paragraph\">Dois homens, duas mulheres e duas crian\u00e7as viajavam no autom\u00f3vel e morreram no local. Os corpos foram resgatados e levados para o Instituto M\u00e9dico Legal (IML) de Montes Claros para identifica\u00e7\u00e3o.&nbsp;<\/p>\n\n\n\n<p class=\"wp-block-paragraph\">A Pol\u00edcia Rodovi\u00e1ria Federal informou que as v\u00edtimas s\u00e3o de Bertioga (SP). Foram encontrados documentos que indicam que quatro pessoas eram de uma mesma fam\u00edlia, sendo um casal e os dois filhos. O grau de parentesco entre as outras v\u00edtimas e as idades ainda n\u00e3o foram divulgados.&nbsp;<\/p>\n\n\n\n<p class=\"wp-block-paragraph\">A per\u00edcia esteve no local e as causas do acidente ser\u00e3o investigadas. A rodovia j\u00e1 foi liberada.&nbsp;<\/p>\n\n\n\n<figure class=\"wp-block-gallery has-nested-images columns-1 is-cropped wp-block-gallery-2 is-layout-flex wp-block-gallery-is-layout-flex\">\n<figure class=\"wp-block-image size-large\"><img loading=\"lazy\" decoding=\"async\" width=\"678\" height=\"381\" data-id=\"188075\" src=\"https:\/\/aconteceunovale.com.br\/portal\/wp-content\/uploads\/2022\/03\/acidente_nm_2.png\" alt=\"\" class=\"wp-image-188075\" srcset=\"https:\/\/aconteceunovale.com.br\/portal\/wp-content\/uploads\/2022\/03\/acidente_nm_2.png 678w, https:\/\/aconteceunovale.com.br\/portal\/wp-content\/uploads\/2022\/03\/acidente_nm_2-300x169.png 300w\" sizes=\"auto, (max-width: 678px) 100vw, 678px\" \/><figcaption><em><sub>Foto: Pol\u00edcia Rodovi\u00e1ria Federal\/Divulga\u00e7\u00e3o<\/sub><\/em><\/figcaption><\/figure>\n\n\n\n<figure class=\"wp-block-image size-large\"><img loading=\"lazy\" decoding=\"async\" width=\"642\" height=\"450\" data-id=\"188076\" src=\"https:\/\/aconteceunovale.com.br\/portal\/wp-content\/uploads\/2022\/03\/acidente_nm_3.png\" alt=\"\" class=\"wp-image-188076\" srcset=\"https:\/\/aconteceunovale.com.br\/portal\/wp-content\/uploads\/2022\/03\/acidente_nm_3.png 642w, https:\/\/aconteceunovale.com.br\/portal\/wp-content\/uploads\/2022\/03\/acidente_nm_3-300x210.png 300w, https:\/\/aconteceunovale.com.br\/portal\/wp-content\/uploads\/2022\/03\/acidente_nm_3-100x70.png 100w, https:\/\/aconteceunovale.com.br\/portal\/wp-content\/uploads\/2022\/03\/acidente_nm_3-599x420.png 599w\" sizes=\"auto, (max-width: 642px) 100vw, 642px\" \/><figcaption><em><sub>Fotos: Pol\u00edcia Rodovi\u00e1ria Federal\/Divulga\u00e7\u00e3o<\/sub><\/em><\/figcaption><\/figure>\n<\/figure>\n\n\n\n<h1 class=\"wp-block-heading\">Outros acidentes registrados no final de semana<\/h1>\n\n\n\n<p class=\"wp-block-paragraph\"><strong>Acidente com caminhonete em Guaraciama&nbsp;<\/strong><\/p>\n\n\n\n<p class=\"wp-block-paragraph\">Um homem morreu e uma mulher ficou ferida ap\u00f3s uma caminhonete capotar na LMG-651, em Guaraciama, na noite de s\u00e1bado (26\/3). Segundo informa\u00e7\u00f5es da Pol\u00edcia Militar, Talisson Fernando Andrade, de 25 anos, conduzia o ve\u00edculo e perdeu o controle da dire\u00e7\u00e3o em um trecho de curva. O Samu foi acionado e constatou a morte do motorista ao chegar no local. Uma passageira, de 24 anos, foi socorrida e encaminhada para hospital.<\/p>\n\n\n\n<figure class=\"wp-block-gallery has-nested-images columns-default is-cropped wp-block-gallery-3 is-layout-flex wp-block-gallery-is-layout-flex\">\n<figure class=\"wp-block-image size-large\"><img loading=\"lazy\" decoding=\"async\" width=\"672\" height=\"450\" data-id=\"188077\" src=\"https:\/\/aconteceunovale.com.br\/portal\/wp-content\/uploads\/2022\/03\/acidente_nm_4.png\" alt=\"\" class=\"wp-image-188077\" srcset=\"https:\/\/aconteceunovale.com.br\/portal\/wp-content\/uploads\/2022\/03\/acidente_nm_4.png 672w, https:\/\/aconteceunovale.com.br\/portal\/wp-content\/uploads\/2022\/03\/acidente_nm_4-300x201.png 300w, https:\/\/aconteceunovale.com.br\/portal\/wp-content\/uploads\/2022\/03\/acidente_nm_4-627x420.png 627w\" sizes=\"auto, (max-width: 672px) 100vw, 672px\" \/><figcaption><em><sub>Foto: Pol\u00edcia Militar Rodovi\u00e1ria\/Divulga\u00e7\u00e3o<\/sub><\/em><\/figcaption><\/figure>\n<\/figure>\n\n\n\n<p class=\"wp-block-paragraph\"><strong>Colis\u00e3o contra \u00e1rvore em Pirapora&nbsp;<\/strong><\/p>\n\n\n\n<p class=\"wp-block-paragraph\">Um motorista, de 30 anos, morreu em um acidente na BR-365, em Pirapora, na manh\u00e3 de s\u00e1bado (26\/3). Segundo informa\u00e7\u00f5es do Corpo de Bombeiros, ele perdeu o controle da dire\u00e7\u00e3o, capotou e bateu em uma \u00e1rvore do lado contr\u00e1rio da pista. O homem ficou preso \u00e0s ferragens e morreu no local. Uma equipe do Samu foi acionada e constatou o \u00f3bito.&nbsp;<\/p>\n\n\n\n<p class=\"wp-block-paragraph\">Ainda de acordo com os bombeiros, a v\u00edtima morava no Distrito de Barra do Guaicu\u00ed, no munic\u00edpio de V\u00e1rzea da Palma, e seguia para o trabalho quando ocorreu o acidente. Ele era funcion\u00e1rio de uma empresa localizada perto de Pirapora.&nbsp;<\/p>\n\n\n\n<figure class=\"wp-block-gallery has-nested-images columns-1 is-cropped wp-block-gallery-4 is-layout-flex wp-block-gallery-is-layout-flex\">\n<figure class=\"wp-block-image size-large\"><img loading=\"lazy\" decoding=\"async\" width=\"678\" height=\"305\" data-id=\"188078\" src=\"https:\/\/aconteceunovale.com.br\/portal\/wp-content\/uploads\/2022\/03\/acidente_nm_5.png\" alt=\"\" class=\"wp-image-188078\" srcset=\"https:\/\/aconteceunovale.com.br\/portal\/wp-content\/uploads\/2022\/03\/acidente_nm_5.png 678w, https:\/\/aconteceunovale.com.br\/portal\/wp-content\/uploads\/2022\/03\/acidente_nm_5-300x135.png 300w\" sizes=\"auto, (max-width: 678px) 100vw, 678px\" \/><figcaption><em><sub>Foto: Corpo de Bombeiros\/Divulga\u00e7\u00e3o<\/sub><\/em><\/figcaption><\/figure>\n\n\n\n<figure class=\"wp-block-image size-large\"><img loading=\"lazy\" decoding=\"async\" width=\"678\" height=\"379\" data-id=\"188079\" src=\"https:\/\/aconteceunovale.com.br\/portal\/wp-content\/uploads\/2022\/03\/acidente_nm_6.png\" alt=\"\" class=\"wp-image-188079\" srcset=\"https:\/\/aconteceunovale.com.br\/portal\/wp-content\/uploads\/2022\/03\/acidente_nm_6.png 678w, https:\/\/aconteceunovale.com.br\/portal\/wp-content\/uploads\/2022\/03\/acidente_nm_6-300x168.png 300w\" sizes=\"auto, (max-width: 678px) 100vw, 678px\" \/><figcaption><em><sub>Foto: Corpo de Bombeiros\/Divulga\u00e7\u00e3o<\/sub><\/em><\/figcaption><\/figure>\n<\/figure>\n\n\n\n<p class=\"wp-block-paragraph\">&#8212;&#8212;&#8212;&#8212;&#8212;&#8212;<br><br><strong>Sabia que o Aconteceu no Vale est\u00e1 tamb\u00e9m no Telegram? <a rel=\"noreferrer noopener\" href=\"https:\/\/t.me\/aconteceunovaleoficial\" target=\"_blank\">Inscreva-se no canal<\/a>.<\/strong><br><br><strong>J\u00e1 curtiu ou seguiu nossas p\u00e1ginas nas redes sociais?&nbsp;Receba as not\u00edcias em primeira m\u00e3o:<\/strong><br>\u2022 <a rel=\"noreferrer noopener\" href=\"https:\/\/news.google.com\/publications\/CAAqBwgKMNjklQswi4etAw?hl=pt-BR&amp;gl=BR&amp;ceid=BR%3Apt-419\" target=\"_blank\">Google News<\/a><br>\u2022 <a rel=\"noreferrer noopener\" href=\"https:\/\/www.facebook.com\/aconteceunovale\/\" target=\"_blank\">Facebook<\/a><br>\u2022 <a rel=\"noreferrer noopener\" href=\"https:\/\/twitter.com\/noticiadosvales\" target=\"_blank\">Twitter<\/a><br>\u2022 <a rel=\"noreferrer noopener\" href=\"https:\/\/www.instagram.com\/aconteceunovale\" target=\"_blank\">Instagram<\/a><br>\u2022 <a rel=\"noreferrer noopener\" href=\"https:\/\/www.youtube.com\/AconteceunoValeOficial\" target=\"_blank\">Youtube<\/a><br>\u2022 <a rel=\"noreferrer noopener\" href=\"https:\/\/www.tiktok.com\/@aconteceunovale\" target=\"_blank\">TikTok<\/a><\/p>\n","protected":false},"excerpt":{"rendered":"<p>Seis pessoas morreram e uma ficou ferida em um grave acidente envolvendo um carro, um caminh\u00e3o e uma carreta na BR-251, no munic\u00edpio de Francisco S\u00e1 (MG), no s\u00e1bado (26\/3\/2022). Todas as v\u00edtimas fatais estavam no autom\u00f3vel, licenciado em Bertioga (SP), que ficou completamente destru\u00eddo.&nbsp; Segundo as primeiras informa\u00e7\u00f5es do Corpo de Bombeiros, testemunhas informaram [&hellip;]<\/p>\n","protected":false},"author":4,"featured_media":188074,"comment_status":"open","ping_status":"closed","sticky":false,"template":"","format":"standard","meta":{"amp_status":"","footnotes":""},"categories":[1236],"tags":[260121,260120,260119,260123,260118,260116,260117,260115,2034,179289,71009,206350,207970,210354,86636,206349,201295,1018,1395,1694,245177,210,254,2382,83222,40916,419,260122,1340],"class_list":["post-188073","post","type-post","status-publish","format-standard","has-post-thumbnail","hentry","category-norte_de_minas","tag-acidente-com-caminhonete-em-guaraciama","tag-acidente-com-carreta-do-mercado-livre","tag-acidente-com-carro-de-bertioga","tag-acidente-com-morador-de-barra-do-guaicui","tag-acidente-deixa-seis-mortos-em-francisco-sa","tag-acidente-deixa-seis-mortos-na-br-251","tag-acidente-deixa-seis-mortos-na-serra-de-francisco-sa","tag-acidente-deixa-seis-mortos-no-norte-de-minas","tag-acidente-em-francisco-sa","tag-acidente-em-guaraciama","tag-acidente-em-pirapora","tag-acidente-na-br-251-2","tag-acidente-na-br-365-2","tag-acidente-na-br-365-em-pirapora-2","tag-barra-do-guaicui","tag-br-251-2","tag-colisao-contra-arvore-em-pirapora","tag-destaque","tag-francisco-sa","tag-guaraciama","tag-mercado-livre","tag-montes-claros","tag-pirapora","tag-sao-paulo","tag-serra-de-francisco-sa","tag-sp","tag-taiobeiras","tag-talisson-fernando-andrade","tag-varzea-da-palma"],"yoast_head":"<!-- This site is optimized with the Yoast SEO plugin v28.3 - https:\/\/yoast.com\/product\/yoast-seo-wordpress\/ -->\n<title>Acidente deixa seis mortos no Norte de Minas - Aconteceu no Vale<\/title>\n<meta name=\"robots\" content=\"index, follow, max-snippet:-1, max-image-preview:large, max-video-preview:-1\" \/>\n<link rel=\"canonical\" href=\"https:\/\/aconteceunovale.com.br\/portal\/?p=188073\" \/>\n<meta property=\"og:locale\" content=\"pt_BR\" \/>\n<meta property=\"og:type\" content=\"article\" \/>\n<meta property=\"og:title\" content=\"Acidente deixa seis mortos no Norte de Minas - Aconteceu no Vale\" \/>\n<meta property=\"og:description\" content=\"Seis pessoas morreram e uma ficou ferida em um grave acidente envolvendo um carro, um caminh\u00e3o e uma carreta na BR-251, no munic\u00edpio de Francisco S\u00e1 (MG), no s\u00e1bado (26\/3\/2022). Todas as v\u00edtimas fatais estavam no autom\u00f3vel, licenciado em Bertioga (SP), que ficou completamente destru\u00eddo.&nbsp; Segundo as primeiras informa\u00e7\u00f5es do Corpo de Bombeiros, testemunhas informaram [&hellip;]\" \/>\n<meta property=\"og:url\" content=\"https:\/\/aconteceunovale.com.br\/portal\/?p=188073\" \/>\n<meta property=\"og:site_name\" content=\"Aconteceu no Vale\" \/>\n<meta property=\"article:publisher\" content=\"https:\/\/www.facebook.com\/aconteceunovale\/\" \/>\n<meta property=\"article:published_time\" content=\"2022-03-28T11:13:14+00:00\" \/>\n<meta property=\"article:modified_time\" content=\"2022-03-28T20:01:26+00:00\" \/>\n<meta property=\"og:image\" content=\"https:\/\/aconteceunovale.com.br\/portal\/wp-content\/uploads\/2022\/03\/acidente_nm_1.png\" \/>\n\t<meta property=\"og:image:width\" content=\"678\" \/>\n\t<meta property=\"og:image:height\" content=\"359\" \/>\n\t<meta property=\"og:image:type\" content=\"image\/png\" \/>\n<meta name=\"author\" content=\"Reda\u00e7\u00e3o Aconteceu no Vale\" \/>\n<meta name=\"twitter:card\" content=\"summary_large_image\" \/>\n<meta name=\"twitter:creator\" content=\"@noticiadosvales\" \/>\n<meta name=\"twitter:site\" content=\"@noticiadosvales\" \/>\n<meta name=\"twitter:label1\" content=\"Escrito por\" \/>\n\t<meta name=\"twitter:data1\" content=\"Reda\u00e7\u00e3o Aconteceu no Vale\" \/>\n\t<meta name=\"twitter:label2\" content=\"Est. tempo de leitura\" \/>\n\t<meta name=\"twitter:data2\" content=\"3 minutos\" \/>\n<script type=\"application\/ld+json\" class=\"yoast-schema-graph\">{\"@context\":\"https:\\\/\\\/schema.org\",\"@graph\":[{\"@type\":\"Article\",\"@id\":\"https:\\\/\\\/aconteceunovale.com.br\\\/portal\\\/?p=188073#article\",\"isPartOf\":{\"@id\":\"https:\\\/\\\/aconteceunovale.com.br\\\/portal\\\/?p=188073\"},\"author\":{\"name\":\"Reda\u00e7\u00e3o Aconteceu no Vale\",\"@id\":\"https:\\\/\\\/aconteceunovale.com.br\\\/portal\\\/#\\\/schema\\\/person\\\/7d2f26d1483f8a63de73da1ee0754d35\"},\"headline\":\"Acidente deixa seis mortos no Norte de Minas\",\"datePublished\":\"2022-03-28T11:13:14+00:00\",\"dateModified\":\"2022-03-28T20:01:26+00:00\",\"mainEntityOfPage\":{\"@id\":\"https:\\\/\\\/aconteceunovale.com.br\\\/portal\\\/?p=188073\"},\"wordCount\":622,\"commentCount\":0,\"image\":{\"@id\":\"https:\\\/\\\/aconteceunovale.com.br\\\/portal\\\/?p=188073#primaryimage\"},\"thumbnailUrl\":\"https:\\\/\\\/aconteceunovale.com.br\\\/portal\\\/wp-content\\\/uploads\\\/2022\\\/03\\\/acidente_nm_1.png\",\"keywords\":[\"Acidente com caminhonete em Guaraciama\",\"Acidente com carreta do Mercado Livre\",\"Acidente com carro de Bertioga\",\"Acidente com morador de Barra do Guaicu\u00ed\",\"Acidente deixa seis mortos em Francisco S\u00e1\",\"Acidente deixa seis mortos na BR-251\",\"Acidente deixa seis mortos na Serra de Francisco S\u00e1\",\"Acidente deixa seis mortos no Norte de Minas\",\"acidente em francisco s\u00e1\",\"Acidente em Guaraciama\",\"acidente em Pirapora\",\"Acidente na BR-251\",\"Acidente na BR-365\",\"Acidente na BR-365 em Pirapora\",\"Barra do Guaicu\u00ed\",\"BR-251\",\"Colis\u00e3o contra \u00e1rvore em Pirapora\",\"destaque\",\"francisco s\u00e1\",\"Guaraciama\",\"Mercado Livre\",\"Montes Claros\",\"Pirapora\",\"S\u00e3o Paulo\",\"Serra de Francisco S\u00e1\",\"SP\",\"Taiobeiras\",\"Talisson Fernando Andrade\",\"v\u00e1rzea da palma\"],\"articleSection\":[\"Norte de Minas\"],\"inLanguage\":\"pt-BR\",\"potentialAction\":[{\"@type\":\"CommentAction\",\"name\":\"Comment\",\"target\":[\"https:\\\/\\\/aconteceunovale.com.br\\\/portal\\\/?p=188073#respond\"]}]},{\"@type\":\"WebPage\",\"@id\":\"https:\\\/\\\/aconteceunovale.com.br\\\/portal\\\/?p=188073\",\"url\":\"https:\\\/\\\/aconteceunovale.com.br\\\/portal\\\/?p=188073\",\"name\":\"Acidente deixa seis mortos no Norte de Minas - Aconteceu no Vale\",\"isPartOf\":{\"@id\":\"https:\\\/\\\/aconteceunovale.com.br\\\/portal\\\/#website\"},\"primaryImageOfPage\":{\"@id\":\"https:\\\/\\\/aconteceunovale.com.br\\\/portal\\\/?p=188073#primaryimage\"},\"image\":{\"@id\":\"https:\\\/\\\/aconteceunovale.com.br\\\/portal\\\/?p=188073#primaryimage\"},\"thumbnailUrl\":\"https:\\\/\\\/aconteceunovale.com.br\\\/portal\\\/wp-content\\\/uploads\\\/2022\\\/03\\\/acidente_nm_1.png\",\"datePublished\":\"2022-03-28T11:13:14+00:00\",\"dateModified\":\"2022-03-28T20:01:26+00:00\",\"author\":{\"@id\":\"https:\\\/\\\/aconteceunovale.com.br\\\/portal\\\/#\\\/schema\\\/person\\\/7d2f26d1483f8a63de73da1ee0754d35\"},\"breadcrumb\":{\"@id\":\"https:\\\/\\\/aconteceunovale.com.br\\\/portal\\\/?p=188073#breadcrumb\"},\"inLanguage\":\"pt-BR\",\"potentialAction\":[{\"@type\":\"ReadAction\",\"target\":[\"https:\\\/\\\/aconteceunovale.com.br\\\/portal\\\/?p=188073\"]}]},{\"@type\":\"ImageObject\",\"inLanguage\":\"pt-BR\",\"@id\":\"https:\\\/\\\/aconteceunovale.com.br\\\/portal\\\/?p=188073#primaryimage\",\"url\":\"https:\\\/\\\/aconteceunovale.com.br\\\/portal\\\/wp-content\\\/uploads\\\/2022\\\/03\\\/acidente_nm_1.png\",\"contentUrl\":\"https:\\\/\\\/aconteceunovale.com.br\\\/portal\\\/wp-content\\\/uploads\\\/2022\\\/03\\\/acidente_nm_1.png\",\"width\":678,\"height\":359},{\"@type\":\"BreadcrumbList\",\"@id\":\"https:\\\/\\\/aconteceunovale.com.br\\\/portal\\\/?p=188073#breadcrumb\",\"itemListElement\":[{\"@type\":\"ListItem\",\"position\":1,\"name\":\"In\u00edcio\",\"item\":\"https:\\\/\\\/aconteceunovale.com.br\\\/portal\\\/\"},{\"@type\":\"ListItem\",\"position\":2,\"name\":\"Acidente deixa seis mortos no Norte de Minas\"}]},{\"@type\":\"WebSite\",\"@id\":\"https:\\\/\\\/aconteceunovale.com.br\\\/portal\\\/#website\",\"url\":\"https:\\\/\\\/aconteceunovale.com.br\\\/portal\\\/\",\"name\":\"Aconteceu no Vale\",\"description\":\"Portal de Not\u00edcias\",\"potentialAction\":[{\"@type\":\"SearchAction\",\"target\":{\"@type\":\"EntryPoint\",\"urlTemplate\":\"https:\\\/\\\/aconteceunovale.com.br\\\/portal\\\/?s={search_term_string}\"},\"query-input\":{\"@type\":\"PropertyValueSpecification\",\"valueRequired\":true,\"valueName\":\"search_term_string\"}}],\"inLanguage\":\"pt-BR\"},{\"@type\":\"Person\",\"@id\":\"https:\\\/\\\/aconteceunovale.com.br\\\/portal\\\/#\\\/schema\\\/person\\\/7d2f26d1483f8a63de73da1ee0754d35\",\"name\":\"Reda\u00e7\u00e3o Aconteceu no Vale\",\"description\":\"Equipe de reportagem do Aconteceu no Vale, portal de not\u00edcias do Vale do Jequitinhonha, em Minas Gerais. Cobrimos as 51 cidades do Vale desde 2013. Sugest\u00f5es de pauta e pedidos de corre\u00e7\u00e3o: contato@aconteceunovale.com.br\",\"url\":\"https:\\\/\\\/aconteceunovale.com.br\\\/portal\\\/?author=4\"}]}<\/script>\n<!-- \/ Yoast SEO plugin. -->","yoast_head_json":{"title":"Acidente deixa seis mortos no Norte de Minas - Aconteceu no Vale","robots":{"index":"index","follow":"follow","max-snippet":"max-snippet:-1","max-image-preview":"max-image-preview:large","max-video-preview":"max-video-preview:-1"},"canonical":"https:\/\/aconteceunovale.com.br\/portal\/?p=188073","og_locale":"pt_BR","og_type":"article","og_title":"Acidente deixa seis mortos no Norte de Minas - Aconteceu no Vale","og_description":"Seis pessoas morreram e uma ficou ferida em um grave acidente envolvendo um carro, um caminh\u00e3o e uma carreta na BR-251, no munic\u00edpio de Francisco S\u00e1 (MG), no s\u00e1bado (26\/3\/2022). Todas as v\u00edtimas fatais estavam no autom\u00f3vel, licenciado em Bertioga (SP), que ficou completamente destru\u00eddo.&nbsp; Segundo as primeiras informa\u00e7\u00f5es do Corpo de Bombeiros, testemunhas informaram [&hellip;]","og_url":"https:\/\/aconteceunovale.com.br\/portal\/?p=188073","og_site_name":"Aconteceu no Vale","article_publisher":"https:\/\/www.facebook.com\/aconteceunovale\/","article_published_time":"2022-03-28T11:13:14+00:00","article_modified_time":"2022-03-28T20:01:26+00:00","og_image":[{"width":678,"height":359,"url":"https:\/\/aconteceunovale.com.br\/portal\/wp-content\/uploads\/2022\/03\/acidente_nm_1.png","type":"image\/png"}],"author":"Reda\u00e7\u00e3o Aconteceu no Vale","twitter_card":"summary_large_image","twitter_creator":"@noticiadosvales","twitter_site":"@noticiadosvales","twitter_misc":{"Escrito por":"Reda\u00e7\u00e3o Aconteceu no Vale","Est. tempo de leitura":"3 minutos"},"schema":{"@context":"https:\/\/schema.org","@graph":[{"@type":"Article","@id":"https:\/\/aconteceunovale.com.br\/portal\/?p=188073#article","isPartOf":{"@id":"https:\/\/aconteceunovale.com.br\/portal\/?p=188073"},"author":{"name":"Reda\u00e7\u00e3o Aconteceu no Vale","@id":"https:\/\/aconteceunovale.com.br\/portal\/#\/schema\/person\/7d2f26d1483f8a63de73da1ee0754d35"},"headline":"Acidente deixa seis mortos no Norte de Minas","datePublished":"2022-03-28T11:13:14+00:00","dateModified":"2022-03-28T20:01:26+00:00","mainEntityOfPage":{"@id":"https:\/\/aconteceunovale.com.br\/portal\/?p=188073"},"wordCount":622,"commentCount":0,"image":{"@id":"https:\/\/aconteceunovale.com.br\/portal\/?p=188073#primaryimage"},"thumbnailUrl":"https:\/\/aconteceunovale.com.br\/portal\/wp-content\/uploads\/2022\/03\/acidente_nm_1.png","keywords":["Acidente com caminhonete em Guaraciama","Acidente com carreta do Mercado Livre","Acidente com carro de Bertioga","Acidente com morador de Barra do Guaicu\u00ed","Acidente deixa seis mortos em Francisco S\u00e1","Acidente deixa seis mortos na BR-251","Acidente deixa seis mortos na Serra de Francisco S\u00e1","Acidente deixa seis mortos no Norte de Minas","acidente em francisco s\u00e1","Acidente em Guaraciama","acidente em Pirapora","Acidente na BR-251","Acidente na BR-365","Acidente na BR-365 em Pirapora","Barra do Guaicu\u00ed","BR-251","Colis\u00e3o contra \u00e1rvore em Pirapora","destaque","francisco s\u00e1","Guaraciama","Mercado Livre","Montes Claros","Pirapora","S\u00e3o Paulo","Serra de Francisco S\u00e1","SP","Taiobeiras","Talisson Fernando Andrade","v\u00e1rzea da palma"],"articleSection":["Norte de Minas"],"inLanguage":"pt-BR","potentialAction":[{"@type":"CommentAction","name":"Comment","target":["https:\/\/aconteceunovale.com.br\/portal\/?p=188073#respond"]}]},{"@type":"WebPage","@id":"https:\/\/aconteceunovale.com.br\/portal\/?p=188073","url":"https:\/\/aconteceunovale.com.br\/portal\/?p=188073","name":"Acidente deixa seis mortos no Norte de Minas - Aconteceu no Vale","isPartOf":{"@id":"https:\/\/aconteceunovale.com.br\/portal\/#website"},"primaryImageOfPage":{"@id":"https:\/\/aconteceunovale.com.br\/portal\/?p=188073#primaryimage"},"image":{"@id":"https:\/\/aconteceunovale.com.br\/portal\/?p=188073#primaryimage"},"thumbnailUrl":"https:\/\/aconteceunovale.com.br\/portal\/wp-content\/uploads\/2022\/03\/acidente_nm_1.png","datePublished":"2022-03-28T11:13:14+00:00","dateModified":"2022-03-28T20:01:26+00:00","author":{"@id":"https:\/\/aconteceunovale.com.br\/portal\/#\/schema\/person\/7d2f26d1483f8a63de73da1ee0754d35"},"breadcrumb":{"@id":"https:\/\/aconteceunovale.com.br\/portal\/?p=188073#breadcrumb"},"inLanguage":"pt-BR","potentialAction":[{"@type":"ReadAction","target":["https:\/\/aconteceunovale.com.br\/portal\/?p=188073"]}]},{"@type":"ImageObject","inLanguage":"pt-BR","@id":"https:\/\/aconteceunovale.com.br\/portal\/?p=188073#primaryimage","url":"https:\/\/aconteceunovale.com.br\/portal\/wp-content\/uploads\/2022\/03\/acidente_nm_1.png","contentUrl":"https:\/\/aconteceunovale.com.br\/portal\/wp-content\/uploads\/2022\/03\/acidente_nm_1.png","width":678,"height":359},{"@type":"BreadcrumbList","@id":"https:\/\/aconteceunovale.com.br\/portal\/?p=188073#breadcrumb","itemListElement":[{"@type":"ListItem","position":1,"name":"In\u00edcio","item":"https:\/\/aconteceunovale.com.br\/portal\/"},{"@type":"ListItem","position":2,"name":"Acidente deixa seis mortos no Norte de Minas"}]},{"@type":"WebSite","@id":"https:\/\/aconteceunovale.com.br\/portal\/#website","url":"https:\/\/aconteceunovale.com.br\/portal\/","name":"Aconteceu no Vale","description":"Portal de Not\u00edcias","potentialAction":[{"@type":"SearchAction","target":{"@type":"EntryPoint","urlTemplate":"https:\/\/aconteceunovale.com.br\/portal\/?s={search_term_string}"},"query-input":{"@type":"PropertyValueSpecification","valueRequired":true,"valueName":"search_term_string"}}],"inLanguage":"pt-BR"},{"@type":"Person","@id":"https:\/\/aconteceunovale.com.br\/portal\/#\/schema\/person\/7d2f26d1483f8a63de73da1ee0754d35","name":"Reda\u00e7\u00e3o Aconteceu no Vale","description":"Equipe de reportagem do Aconteceu no Vale, portal de not\u00edcias do Vale do Jequitinhonha, em Minas Gerais. Cobrimos as 51 cidades do Vale desde 2013. Sugest\u00f5es de pauta e pedidos de corre\u00e7\u00e3o: contato@aconteceunovale.com.br","url":"https:\/\/aconteceunovale.com.br\/portal\/?author=4"}]}},"_links":{"self":[{"href":"https:\/\/aconteceunovale.com.br\/portal\/index.php?rest_route=\/wp\/v2\/posts\/188073","targetHints":{"allow":["GET"]}}],"collection":[{"href":"https:\/\/aconteceunovale.com.br\/portal\/index.php?rest_route=\/wp\/v2\/posts"}],"about":[{"href":"https:\/\/aconteceunovale.com.br\/portal\/index.php?rest_route=\/wp\/v2\/types\/post"}],"author":[{"embeddable":true,"href":"https:\/\/aconteceunovale.com.br\/portal\/index.php?rest_route=\/wp\/v2\/users\/4"}],"replies":[{"embeddable":true,"href":"https:\/\/aconteceunovale.com.br\/portal\/index.php?rest_route=%2Fwp%2Fv2%2Fcomments&post=188073"}],"version-history":[{"count":3,"href":"https:\/\/aconteceunovale.com.br\/portal\/index.php?rest_route=\/wp\/v2\/posts\/188073\/revisions"}],"predecessor-version":[{"id":188082,"href":"https:\/\/aconteceunovale.com.br\/portal\/index.php?rest_route=\/wp\/v2\/posts\/188073\/revisions\/188082"}],"wp:featuredmedia":[{"embeddable":true,"href":"https:\/\/aconteceunovale.com.br\/portal\/index.php?rest_route=\/wp\/v2\/media\/188074"}],"wp:attachment":[{"href":"https:\/\/aconteceunovale.com.br\/portal\/index.php?rest_route=%2Fwp%2Fv2%2Fmedia&parent=188073"}],"wp:term":[{"taxonomy":"category","embeddable":true,"href":"https:\/\/aconteceunovale.com.br\/portal\/index.php?rest_route=%2Fwp%2Fv2%2Fcategories&post=188073"},{"taxonomy":"post_tag","embeddable":true,"href":"https:\/\/aconteceunovale.com.br\/portal\/index.php?rest_route=%2Fwp%2Fv2%2Ftags&post=188073"}],"curies":[{"name":"wp","href":"https:\/\/api.w.org\/{rel}","templated":true}]}}