{"id":188065,"date":"2022-03-26T20:35:14","date_gmt":"2022-03-26T23:35:14","guid":{"rendered":"https:\/\/aconteceunovale.com.br\/portal\/?p=188065"},"modified":"2022-03-26T20:35:55","modified_gmt":"2022-03-26T23:35:55","slug":"idoso-suspeito-de-abusar-de-duas-netas-e-preso-em-montes-claros","status":"publish","type":"post","link":"https:\/\/aconteceunovale.com.br\/portal\/?p=188065","title":{"rendered":"Idoso suspeito de abusar de duas netas \u00e9 preso em Montes Claros"},"content":{"rendered":"\n<p class=\"wp-block-paragraph\">A Pol\u00edcia Civil de Minas Gerais (PCMG) prendeu um idoso, de 63 anos, suspeito de abusar sexualmente de duas netas, de 15 e 16 anos, em Montes Claros. Ele foi autuado em flagrante por importuna\u00e7\u00e3o sexual. De acordo com as v\u00edtimas, os abusos teriam come\u00e7ado quando elas tinham 12 e 13 anos de idade.&nbsp;<\/p>\n\n\n\n<p class=\"wp-block-paragraph\">O idoso foi preso depois que a adolescente de 16 anos procurou a Delegacia Especializada de Atendimento \u00e0 Mulher para denunci\u00e1-lo. Ela contou que, quando tinha 12 anos, o av\u00f4 tirou a virgindade e passou a ter rela\u00e7\u00e3o sexual com ela com frequ\u00eancia. A irm\u00e3 da adolescente, de 15 anos, tamb\u00e9m relatou abusos por parte do suspeito e disse que ele tirou a virgindade dela aos 13 anos.&nbsp;<\/p>\n\n\n\n<p class=\"wp-block-paragraph\">A jovem de 16 anos explicou que foi motivada a procurar a Pol\u00edcia Civil depois que percebeu que os abusos estavam acontecendo tamb\u00e9m com a sua irm\u00e3 mais nova. <em>\u201cCansada de sofrer calada, e ver as cenas se repetirem com minha irm\u00e3, resolvi quebrar o sil\u00eancio e comunicar as autoridades policiais\u201d, <\/em>disse a v\u00edtima.&nbsp;<\/p>\n\n\n\n<p class=\"wp-block-paragraph\">De acordo com a delegada Karine Maia, o idoso foi autuado em flagrante com base no artigo 214-A do C\u00f3digo Penal, na \u00faltima quarta-feira (23\/3).<em> &#8220;Ele praticou o crime de importuna\u00e7\u00e3o sexual em desfavor da adolescente de 15 anos, que mora com ele. Quando a adolescente estava limpando a casa, ele apertou as n\u00e1degas dela&#8221;,<\/em> contou a delegada.&nbsp;<\/p>\n\n\n\n<p class=\"wp-block-paragraph\">A delegada informou ainda que a pol\u00edcia vai ainda investigar se uma terceira neta do suspeito, de 16 anos, tamb\u00e9m foi molestada pelo av\u00f4. Al\u00e9m disso, a Pol\u00edcia Civil vai apurar se outras pessoas estavam cientes dos abusos. <em>\u201cVamos apurar agora se a m\u00e3e e a av\u00f3 ocultavam o caso. Se elas sabiam e faziam de conta que n\u00e3o viam ou n\u00e3o\u201d,<\/em> finaliza Karine.&nbsp;<\/p>\n\n\n\n<p class=\"wp-block-paragraph\">O suspeito foi encaminhado ao sistema prisional.\u00a0<\/p>\n\n\n\n<p class=\"wp-block-paragraph\">&#8212;&#8212;&#8212;&#8212;&#8212;&#8212;<br><br><strong>Sabia que o Aconteceu no Vale est\u00e1 tamb\u00e9m no Telegram? <a rel=\"noreferrer noopener\" href=\"https:\/\/t.me\/aconteceunovaleoficial\" target=\"_blank\">Inscreva-se no canal<\/a>.<\/strong><br><br><strong>J\u00e1 curtiu ou seguiu nossas p\u00e1ginas nas redes sociais?\u00a0Receba as not\u00edcias em primeira m\u00e3o:<\/strong><br>\u2022 <a rel=\"noreferrer noopener\" href=\"https:\/\/news.google.com\/publications\/CAAqBwgKMNjklQswi4etAw?hl=pt-BR&amp;gl=BR&amp;ceid=BR%3Apt-419\" target=\"_blank\">Google News<\/a><br>\u2022 <a rel=\"noreferrer noopener\" href=\"https:\/\/www.facebook.com\/aconteceunovale\/\" target=\"_blank\">Facebook<\/a><br>\u2022 <a rel=\"noreferrer noopener\" href=\"https:\/\/twitter.com\/noticiadosvales\" target=\"_blank\">Twitter<\/a><br>\u2022 <a rel=\"noreferrer noopener\" href=\"https:\/\/www.instagram.com\/aconteceunovale\" target=\"_blank\">Instagram<\/a><br>\u2022 <a rel=\"noreferrer noopener\" href=\"https:\/\/www.youtube.com\/AconteceunoValeOficial\" target=\"_blank\">Youtube<\/a><br>\u2022 <a rel=\"noreferrer noopener\" href=\"https:\/\/www.tiktok.com\/@aconteceunovale\" target=\"_blank\">TikTok<\/a><\/p>\n","protected":false},"excerpt":{"rendered":"<p>A Pol\u00edcia Civil de Minas Gerais (PCMG) prendeu um idoso, de 63 anos, suspeito de abusar sexualmente de duas netas, de 15 e 16 anos, em Montes Claros. Ele foi autuado em flagrante por importuna\u00e7\u00e3o sexual. De acordo com as v\u00edtimas, os abusos teriam come\u00e7ado quando elas tinham 12 e 13 anos de idade.&nbsp; O [&hellip;]<\/p>\n","protected":false},"author":4,"featured_media":162079,"comment_status":"open","ping_status":"closed","sticky":false,"template":"","format":"standard","meta":{"amp_status":"","footnotes":""},"categories":[1236],"tags":[260097,260096,170041,260099,1018,260095,210,245698,260098],"class_list":["post-188065","post","type-post","status-publish","format-standard","has-post-thumbnail","hentry","category-norte_de_minas","tag-avo-preso-por-estuprar-netas-em-montes-claros","tag-deam-montes-claros","tag-delegada-karine-maia","tag-delegada-karine-maia-montes-claros","tag-destaque","tag-idoso-suspeito-de-abusar-de-duas-netas-e-preso-em-montes-claros","tag-montes-claros","tag-pcmg-em-montes-claros","tag-preso-por-estuprar-netas-em-montes-claros"],"yoast_head":"<!-- This site is optimized with the Yoast SEO plugin v28.3 - https:\/\/yoast.com\/product\/yoast-seo-wordpress\/ -->\n<title>Idoso suspeito de abusar de duas netas \u00e9 preso em Montes Claros - Aconteceu no Vale<\/title>\n<meta name=\"robots\" content=\"index, follow, max-snippet:-1, max-image-preview:large, max-video-preview:-1\" \/>\n<link rel=\"canonical\" href=\"https:\/\/aconteceunovale.com.br\/portal\/?p=188065\" \/>\n<meta property=\"og:locale\" content=\"pt_BR\" \/>\n<meta property=\"og:type\" content=\"article\" \/>\n<meta property=\"og:title\" content=\"Idoso suspeito de abusar de duas netas \u00e9 preso em Montes Claros - Aconteceu no Vale\" \/>\n<meta property=\"og:description\" content=\"A Pol\u00edcia Civil de Minas Gerais (PCMG) prendeu um idoso, de 63 anos, suspeito de abusar sexualmente de duas netas, de 15 e 16 anos, em Montes Claros. Ele foi autuado em flagrante por importuna\u00e7\u00e3o sexual. De acordo com as v\u00edtimas, os abusos teriam come\u00e7ado quando elas tinham 12 e 13 anos de idade.&nbsp; O [&hellip;]\" \/>\n<meta property=\"og:url\" content=\"https:\/\/aconteceunovale.com.br\/portal\/?p=188065\" \/>\n<meta property=\"og:site_name\" content=\"Aconteceu no Vale\" \/>\n<meta property=\"article:publisher\" content=\"https:\/\/www.facebook.com\/aconteceunovale\/\" \/>\n<meta property=\"article:published_time\" content=\"2022-03-26T23:35:14+00:00\" \/>\n<meta property=\"article:modified_time\" content=\"2022-03-26T23:35:55+00:00\" \/>\n<meta property=\"og:image\" content=\"https:\/\/aconteceunovale.com.br\/portal\/wp-content\/uploads\/2020\/05\/pcmg.jpg\" \/>\n\t<meta property=\"og:image:width\" content=\"650\" \/>\n\t<meta property=\"og:image:height\" content=\"402\" \/>\n\t<meta property=\"og:image:type\" content=\"image\/jpeg\" \/>\n<meta name=\"author\" content=\"Reda\u00e7\u00e3o Aconteceu no Vale\" \/>\n<meta name=\"twitter:card\" content=\"summary_large_image\" \/>\n<meta name=\"twitter:creator\" content=\"@noticiadosvales\" \/>\n<meta name=\"twitter:site\" content=\"@noticiadosvales\" \/>\n<meta name=\"twitter:label1\" content=\"Escrito por\" \/>\n\t<meta name=\"twitter:data1\" content=\"Reda\u00e7\u00e3o Aconteceu no Vale\" \/>\n\t<meta name=\"twitter:label2\" content=\"Est. tempo de leitura\" \/>\n\t<meta name=\"twitter:data2\" content=\"2 minutos\" \/>\n<script type=\"application\/ld+json\" class=\"yoast-schema-graph\">{\"@context\":\"https:\\\/\\\/schema.org\",\"@graph\":[{\"@type\":\"Article\",\"@id\":\"https:\\\/\\\/aconteceunovale.com.br\\\/portal\\\/?p=188065#article\",\"isPartOf\":{\"@id\":\"https:\\\/\\\/aconteceunovale.com.br\\\/portal\\\/?p=188065\"},\"author\":{\"name\":\"Reda\u00e7\u00e3o Aconteceu no Vale\",\"@id\":\"https:\\\/\\\/aconteceunovale.com.br\\\/portal\\\/#\\\/schema\\\/person\\\/7d2f26d1483f8a63de73da1ee0754d35\"},\"headline\":\"Idoso suspeito de abusar de duas netas \u00e9 preso em Montes Claros\",\"datePublished\":\"2022-03-26T23:35:14+00:00\",\"dateModified\":\"2022-03-26T23:35:55+00:00\",\"mainEntityOfPage\":{\"@id\":\"https:\\\/\\\/aconteceunovale.com.br\\\/portal\\\/?p=188065\"},\"wordCount\":369,\"commentCount\":0,\"image\":{\"@id\":\"https:\\\/\\\/aconteceunovale.com.br\\\/portal\\\/?p=188065#primaryimage\"},\"thumbnailUrl\":\"https:\\\/\\\/aconteceunovale.com.br\\\/portal\\\/wp-content\\\/uploads\\\/2020\\\/05\\\/pcmg.jpg\",\"keywords\":[\"Av\u00f4 preso por estuprar netas em Montes Claros\",\"Deam Montes Claros\",\"Delegada Karine Maia\",\"Delegada Karine Maia Montes Claros\",\"destaque\",\"Idoso suspeito de abusar de duas netas \u00e9 preso em Montes Claros\",\"Montes Claros\",\"PCMG em Montes Claros\",\"Preso por estuprar netas em Montes Claros\"],\"articleSection\":[\"Norte de Minas\"],\"inLanguage\":\"pt-BR\",\"potentialAction\":[{\"@type\":\"CommentAction\",\"name\":\"Comment\",\"target\":[\"https:\\\/\\\/aconteceunovale.com.br\\\/portal\\\/?p=188065#respond\"]}]},{\"@type\":\"WebPage\",\"@id\":\"https:\\\/\\\/aconteceunovale.com.br\\\/portal\\\/?p=188065\",\"url\":\"https:\\\/\\\/aconteceunovale.com.br\\\/portal\\\/?p=188065\",\"name\":\"Idoso suspeito de abusar de duas netas \u00e9 preso em Montes Claros - Aconteceu no Vale\",\"isPartOf\":{\"@id\":\"https:\\\/\\\/aconteceunovale.com.br\\\/portal\\\/#website\"},\"primaryImageOfPage\":{\"@id\":\"https:\\\/\\\/aconteceunovale.com.br\\\/portal\\\/?p=188065#primaryimage\"},\"image\":{\"@id\":\"https:\\\/\\\/aconteceunovale.com.br\\\/portal\\\/?p=188065#primaryimage\"},\"thumbnailUrl\":\"https:\\\/\\\/aconteceunovale.com.br\\\/portal\\\/wp-content\\\/uploads\\\/2020\\\/05\\\/pcmg.jpg\",\"datePublished\":\"2022-03-26T23:35:14+00:00\",\"dateModified\":\"2022-03-26T23:35:55+00:00\",\"author\":{\"@id\":\"https:\\\/\\\/aconteceunovale.com.br\\\/portal\\\/#\\\/schema\\\/person\\\/7d2f26d1483f8a63de73da1ee0754d35\"},\"breadcrumb\":{\"@id\":\"https:\\\/\\\/aconteceunovale.com.br\\\/portal\\\/?p=188065#breadcrumb\"},\"inLanguage\":\"pt-BR\",\"potentialAction\":[{\"@type\":\"ReadAction\",\"target\":[\"https:\\\/\\\/aconteceunovale.com.br\\\/portal\\\/?p=188065\"]}]},{\"@type\":\"ImageObject\",\"inLanguage\":\"pt-BR\",\"@id\":\"https:\\\/\\\/aconteceunovale.com.br\\\/portal\\\/?p=188065#primaryimage\",\"url\":\"https:\\\/\\\/aconteceunovale.com.br\\\/portal\\\/wp-content\\\/uploads\\\/2020\\\/05\\\/pcmg.jpg\",\"contentUrl\":\"https:\\\/\\\/aconteceunovale.com.br\\\/portal\\\/wp-content\\\/uploads\\\/2020\\\/05\\\/pcmg.jpg\",\"width\":650,\"height\":402},{\"@type\":\"BreadcrumbList\",\"@id\":\"https:\\\/\\\/aconteceunovale.com.br\\\/portal\\\/?p=188065#breadcrumb\",\"itemListElement\":[{\"@type\":\"ListItem\",\"position\":1,\"name\":\"In\u00edcio\",\"item\":\"https:\\\/\\\/aconteceunovale.com.br\\\/portal\\\/\"},{\"@type\":\"ListItem\",\"position\":2,\"name\":\"Idoso suspeito de abusar de duas netas \u00e9 preso em Montes Claros\"}]},{\"@type\":\"WebSite\",\"@id\":\"https:\\\/\\\/aconteceunovale.com.br\\\/portal\\\/#website\",\"url\":\"https:\\\/\\\/aconteceunovale.com.br\\\/portal\\\/\",\"name\":\"Aconteceu no Vale\",\"description\":\"Portal de Not\u00edcias\",\"potentialAction\":[{\"@type\":\"SearchAction\",\"target\":{\"@type\":\"EntryPoint\",\"urlTemplate\":\"https:\\\/\\\/aconteceunovale.com.br\\\/portal\\\/?s={search_term_string}\"},\"query-input\":{\"@type\":\"PropertyValueSpecification\",\"valueRequired\":true,\"valueName\":\"search_term_string\"}}],\"inLanguage\":\"pt-BR\"},{\"@type\":\"Person\",\"@id\":\"https:\\\/\\\/aconteceunovale.com.br\\\/portal\\\/#\\\/schema\\\/person\\\/7d2f26d1483f8a63de73da1ee0754d35\",\"name\":\"Reda\u00e7\u00e3o Aconteceu no Vale\",\"description\":\"Equipe de reportagem do Aconteceu no Vale, portal de not\u00edcias do Vale do Jequitinhonha, em Minas Gerais. Cobrimos as 51 cidades do Vale desde 2013. Sugest\u00f5es de pauta e pedidos de corre\u00e7\u00e3o: contato@aconteceunovale.com.br\",\"url\":\"https:\\\/\\\/aconteceunovale.com.br\\\/portal\\\/?author=4\"}]}<\/script>\n<!-- \/ Yoast SEO plugin. -->","yoast_head_json":{"title":"Idoso suspeito de abusar de duas netas \u00e9 preso em Montes Claros - Aconteceu no Vale","robots":{"index":"index","follow":"follow","max-snippet":"max-snippet:-1","max-image-preview":"max-image-preview:large","max-video-preview":"max-video-preview:-1"},"canonical":"https:\/\/aconteceunovale.com.br\/portal\/?p=188065","og_locale":"pt_BR","og_type":"article","og_title":"Idoso suspeito de abusar de duas netas \u00e9 preso em Montes Claros - Aconteceu no Vale","og_description":"A Pol\u00edcia Civil de Minas Gerais (PCMG) prendeu um idoso, de 63 anos, suspeito de abusar sexualmente de duas netas, de 15 e 16 anos, em Montes Claros. Ele foi autuado em flagrante por importuna\u00e7\u00e3o sexual. De acordo com as v\u00edtimas, os abusos teriam come\u00e7ado quando elas tinham 12 e 13 anos de idade.&nbsp; O [&hellip;]","og_url":"https:\/\/aconteceunovale.com.br\/portal\/?p=188065","og_site_name":"Aconteceu no Vale","article_publisher":"https:\/\/www.facebook.com\/aconteceunovale\/","article_published_time":"2022-03-26T23:35:14+00:00","article_modified_time":"2022-03-26T23:35:55+00:00","og_image":[{"width":650,"height":402,"url":"https:\/\/aconteceunovale.com.br\/portal\/wp-content\/uploads\/2020\/05\/pcmg.jpg","type":"image\/jpeg"}],"author":"Reda\u00e7\u00e3o Aconteceu no Vale","twitter_card":"summary_large_image","twitter_creator":"@noticiadosvales","twitter_site":"@noticiadosvales","twitter_misc":{"Escrito por":"Reda\u00e7\u00e3o Aconteceu no Vale","Est. tempo de leitura":"2 minutos"},"schema":{"@context":"https:\/\/schema.org","@graph":[{"@type":"Article","@id":"https:\/\/aconteceunovale.com.br\/portal\/?p=188065#article","isPartOf":{"@id":"https:\/\/aconteceunovale.com.br\/portal\/?p=188065"},"author":{"name":"Reda\u00e7\u00e3o Aconteceu no Vale","@id":"https:\/\/aconteceunovale.com.br\/portal\/#\/schema\/person\/7d2f26d1483f8a63de73da1ee0754d35"},"headline":"Idoso suspeito de abusar de duas netas \u00e9 preso em Montes Claros","datePublished":"2022-03-26T23:35:14+00:00","dateModified":"2022-03-26T23:35:55+00:00","mainEntityOfPage":{"@id":"https:\/\/aconteceunovale.com.br\/portal\/?p=188065"},"wordCount":369,"commentCount":0,"image":{"@id":"https:\/\/aconteceunovale.com.br\/portal\/?p=188065#primaryimage"},"thumbnailUrl":"https:\/\/aconteceunovale.com.br\/portal\/wp-content\/uploads\/2020\/05\/pcmg.jpg","keywords":["Av\u00f4 preso por estuprar netas em Montes Claros","Deam Montes Claros","Delegada Karine Maia","Delegada Karine Maia Montes Claros","destaque","Idoso suspeito de abusar de duas netas \u00e9 preso em Montes Claros","Montes Claros","PCMG em Montes Claros","Preso por estuprar netas em Montes Claros"],"articleSection":["Norte de Minas"],"inLanguage":"pt-BR","potentialAction":[{"@type":"CommentAction","name":"Comment","target":["https:\/\/aconteceunovale.com.br\/portal\/?p=188065#respond"]}]},{"@type":"WebPage","@id":"https:\/\/aconteceunovale.com.br\/portal\/?p=188065","url":"https:\/\/aconteceunovale.com.br\/portal\/?p=188065","name":"Idoso suspeito de abusar de duas netas \u00e9 preso em Montes Claros - Aconteceu no Vale","isPartOf":{"@id":"https:\/\/aconteceunovale.com.br\/portal\/#website"},"primaryImageOfPage":{"@id":"https:\/\/aconteceunovale.com.br\/portal\/?p=188065#primaryimage"},"image":{"@id":"https:\/\/aconteceunovale.com.br\/portal\/?p=188065#primaryimage"},"thumbnailUrl":"https:\/\/aconteceunovale.com.br\/portal\/wp-content\/uploads\/2020\/05\/pcmg.jpg","datePublished":"2022-03-26T23:35:14+00:00","dateModified":"2022-03-26T23:35:55+00:00","author":{"@id":"https:\/\/aconteceunovale.com.br\/portal\/#\/schema\/person\/7d2f26d1483f8a63de73da1ee0754d35"},"breadcrumb":{"@id":"https:\/\/aconteceunovale.com.br\/portal\/?p=188065#breadcrumb"},"inLanguage":"pt-BR","potentialAction":[{"@type":"ReadAction","target":["https:\/\/aconteceunovale.com.br\/portal\/?p=188065"]}]},{"@type":"ImageObject","inLanguage":"pt-BR","@id":"https:\/\/aconteceunovale.com.br\/portal\/?p=188065#primaryimage","url":"https:\/\/aconteceunovale.com.br\/portal\/wp-content\/uploads\/2020\/05\/pcmg.jpg","contentUrl":"https:\/\/aconteceunovale.com.br\/portal\/wp-content\/uploads\/2020\/05\/pcmg.jpg","width":650,"height":402},{"@type":"BreadcrumbList","@id":"https:\/\/aconteceunovale.com.br\/portal\/?p=188065#breadcrumb","itemListElement":[{"@type":"ListItem","position":1,"name":"In\u00edcio","item":"https:\/\/aconteceunovale.com.br\/portal\/"},{"@type":"ListItem","position":2,"name":"Idoso suspeito de abusar de duas netas \u00e9 preso em Montes Claros"}]},{"@type":"WebSite","@id":"https:\/\/aconteceunovale.com.br\/portal\/#website","url":"https:\/\/aconteceunovale.com.br\/portal\/","name":"Aconteceu no Vale","description":"Portal de Not\u00edcias","potentialAction":[{"@type":"SearchAction","target":{"@type":"EntryPoint","urlTemplate":"https:\/\/aconteceunovale.com.br\/portal\/?s={search_term_string}"},"query-input":{"@type":"PropertyValueSpecification","valueRequired":true,"valueName":"search_term_string"}}],"inLanguage":"pt-BR"},{"@type":"Person","@id":"https:\/\/aconteceunovale.com.br\/portal\/#\/schema\/person\/7d2f26d1483f8a63de73da1ee0754d35","name":"Reda\u00e7\u00e3o Aconteceu no Vale","description":"Equipe de reportagem do Aconteceu no Vale, portal de not\u00edcias do Vale do Jequitinhonha, em Minas Gerais. Cobrimos as 51 cidades do Vale desde 2013. Sugest\u00f5es de pauta e pedidos de corre\u00e7\u00e3o: contato@aconteceunovale.com.br","url":"https:\/\/aconteceunovale.com.br\/portal\/?author=4"}]}},"_links":{"self":[{"href":"https:\/\/aconteceunovale.com.br\/portal\/index.php?rest_route=\/wp\/v2\/posts\/188065","targetHints":{"allow":["GET"]}}],"collection":[{"href":"https:\/\/aconteceunovale.com.br\/portal\/index.php?rest_route=\/wp\/v2\/posts"}],"about":[{"href":"https:\/\/aconteceunovale.com.br\/portal\/index.php?rest_route=\/wp\/v2\/types\/post"}],"author":[{"embeddable":true,"href":"https:\/\/aconteceunovale.com.br\/portal\/index.php?rest_route=\/wp\/v2\/users\/4"}],"replies":[{"embeddable":true,"href":"https:\/\/aconteceunovale.com.br\/portal\/index.php?rest_route=%2Fwp%2Fv2%2Fcomments&post=188065"}],"version-history":[{"count":1,"href":"https:\/\/aconteceunovale.com.br\/portal\/index.php?rest_route=\/wp\/v2\/posts\/188065\/revisions"}],"predecessor-version":[{"id":188066,"href":"https:\/\/aconteceunovale.com.br\/portal\/index.php?rest_route=\/wp\/v2\/posts\/188065\/revisions\/188066"}],"wp:featuredmedia":[{"embeddable":true,"href":"https:\/\/aconteceunovale.com.br\/portal\/index.php?rest_route=\/wp\/v2\/media\/162079"}],"wp:attachment":[{"href":"https:\/\/aconteceunovale.com.br\/portal\/index.php?rest_route=%2Fwp%2Fv2%2Fmedia&parent=188065"}],"wp:term":[{"taxonomy":"category","embeddable":true,"href":"https:\/\/aconteceunovale.com.br\/portal\/index.php?rest_route=%2Fwp%2Fv2%2Fcategories&post=188065"},{"taxonomy":"post_tag","embeddable":true,"href":"https:\/\/aconteceunovale.com.br\/portal\/index.php?rest_route=%2Fwp%2Fv2%2Ftags&post=188065"}],"curies":[{"name":"wp","href":"https:\/\/api.w.org\/{rel}","templated":true}]}}