{"id":188058,"date":"2022-03-26T19:36:06","date_gmt":"2022-03-26T22:36:06","guid":{"rendered":"https:\/\/aconteceunovale.com.br\/portal\/?p=188058"},"modified":"2022-03-26T19:36:56","modified_gmt":"2022-03-26T22:36:56","slug":"empresa-indenizara-professora-do-vale-do-jequitinhonha-por-negativacao-indevida","status":"publish","type":"post","link":"https:\/\/aconteceunovale.com.br\/portal\/?p=188058","title":{"rendered":"Empresa indenizar\u00e1 professora do Vale do Jequitinhonha por negativa\u00e7\u00e3o indevida"},"content":{"rendered":"\n<p class=\"wp-block-paragraph\">A Avon Cosm\u00e9ticos dever\u00e1 indenizar uma professora que teve seus dados utilizados por um estelionat\u00e1rio e foi negativada indevidamente. A 13\u00aa C\u00e2mara C\u00edvel do Tribunal de Justi\u00e7a de Minas Gerais (TJMG) manteve senten\u00e7a da Comarca de Medina que condenou a empresa a retirar o nome da mulher, de forma imediata, dos cadastros de prote\u00e7\u00e3o ao cr\u00e9dito, mas aumentou o valor da indeniza\u00e7\u00e3o por danos morais de R$ 3,5 mil para R$ 10 mil. A decis\u00e3o \u00e9 definitiva.<\/p>\n\n\n\n<figure class=\"wp-block-gallery has-nested-images columns-default is-cropped wp-block-gallery-1 is-layout-flex wp-block-gallery-is-layout-flex\">\n<figure class=\"wp-block-image size-large\"><img loading=\"lazy\" decoding=\"async\" width=\"675\" height=\"450\" data-id=\"188059\" src=\"https:\/\/aconteceunovale.com.br\/portal\/wp-content\/uploads\/2022\/03\/forum_medina.jpg\" alt=\"\" class=\"wp-image-188059\" srcset=\"https:\/\/aconteceunovale.com.br\/portal\/wp-content\/uploads\/2022\/03\/forum_medina.jpg 675w, https:\/\/aconteceunovale.com.br\/portal\/wp-content\/uploads\/2022\/03\/forum_medina-300x200.jpg 300w, https:\/\/aconteceunovale.com.br\/portal\/wp-content\/uploads\/2022\/03\/forum_medina-630x420.jpg 630w\" sizes=\"auto, (max-width: 675px) 100vw, 675px\" \/><figcaption><em><sub>Decis\u00e3o da Comarca de Medina foi mantida pelo TJMG (Cr\u00e9dito: Josilane Botelho Sousa\/F\u00f3rum Medina)<\/sub><\/em><\/figcaption><\/figure>\n<\/figure>\n\n\n\n<p class=\"wp-block-paragraph\">A professora&nbsp;ajuizou a\u00e7\u00e3o contra a Avon em abril de 2018.&nbsp;Ent\u00e3o com 54 anos, ela afirma que teve o nome negativado em decorr\u00eancia de fraude, pois a empresa cobrava d\u00edvida de cerca de R$ 460 em compras que foram feitas em nome dela, mas n\u00e3o por ela.<\/p>\n\n\n\n<p class=\"wp-block-paragraph\">A alega\u00e7\u00e3o da falsidade da assinatura foi comprovada por exame grafot\u00e9cnico. A&nbsp;professora apontou outras inconsist\u00eancias no contrato, como endere\u00e7o e telefone diversos dos dela,&nbsp;a&nbsp;informa\u00e7\u00e3o de seu estado civil como solteira e a forma\u00e7\u00e3o apenas at\u00e9 o ensino m\u00e9dio, sendo que ela \u00e9 casada e concluiu o curso de gradua\u00e7\u00e3o. Al\u00e9m disso, ela disse que n\u00e3o tem condi\u00e7\u00f5es de vender os produtos, pois trabalha em dois turnos.<\/p>\n\n\n\n<p class=\"wp-block-paragraph\">A Avon alegou que a inscri\u00e7\u00e3o foi devida, uma vez que a cliente se cadastrou como revendedora dos produtos e se tornou inadimplentes em determinado momento. A empresa negou a exist\u00eancia de danos morais, uma vez que estava comprovada a rela\u00e7\u00e3o jur\u00eddica existente entre as partes, e requereu a improced\u00eancia dos pedidos iniciais.<\/p>\n\n\n\n<p class=\"wp-block-paragraph\">Em primeira inst\u00e2ncia, o pedido foi acolhido e fixada indeniza\u00e7\u00e3o de R$ 3,5 mil. O entendimento do juiz cooperador Geraldo David Camargo foi de que o cadastro da professora para atua\u00e7\u00e3o como revendedora foi feito por um estelionat\u00e1rio, e que a empresa agiu com manifesta neglig\u00eancia na confer\u00eancia dos documentos e demais atos cadastrais da suposta opera\u00e7\u00e3o.<\/p>\n\n\n\n<p class=\"wp-block-paragraph\">A mulher&nbsp;recorreu ao Tribunal, sustentando que a quantia era baixa. A relatora, desembargadora Maria das Gra\u00e7as Rocha Santos, entendeu que, pelo porte da empresa envolvida e considerando o dano sofrido pela professora, o valor mais alto seria mais razo\u00e1vel.<\/p>\n\n\n\n<p class=\"wp-block-paragraph\">A relatora ponderou que a mulher, antes de ajuizar a a\u00e7\u00e3o, procurou saber o que provocou a negativa\u00e7\u00e3o do nome dela e entrou em contato com a empresa a fim de explicar que n\u00e3o reconhecia o d\u00e9bito, na expectativa de ver sanado o problema, mas n\u00e3o conseguiu uma solu\u00e7\u00e3o satisfat\u00f3ria.<\/p>\n\n\n\n<p class=\"wp-block-paragraph\">Os desembargadores Ferrara Marcolino e Rog\u00e9rio Medeiros votaram de acordo com a magistrada. Acesse o\u00a0<a rel=\"noreferrer noopener\" href=\"https:\/\/www5.tjmg.jus.br\/jurisprudencia\/pesquisaPalavrasEspelhoAcordao.do?numeroRegistro=1&amp;totalLinhas=1&amp;palavras=Avon&amp;pesquisarPor=acordao&amp;orderByData=2&amp;codigoOrgaoJulgador=&amp;codigoCompostoRelator=&amp;listaRelator=0-11098&amp;classe=&amp;codigoAssunto=&amp;dataPublicacaoInicial=&amp;dataPublicacaoFinal=&amp;dataJulgamentoInicial=&amp;dataJulgamentoFinal=&amp;siglaLegislativa=&amp;referenciaLegislativa=Clique+na+lupa+para+pesquisar+as+refer%EAncias+cadastradas...&amp;numeroRefLegislativa=&amp;anoRefLegislativa=&amp;legislacao=&amp;norma=&amp;descNorma=&amp;complemento_1=&amp;listaPesquisa=&amp;descricaoTextosLegais=&amp;observacoes=&amp;linhasPorPagina=10&amp;pesquisaPalavras=Pesquisar\" target=\"_blank\">voto<\/a>\u00a0e a\u00a0<a rel=\"noreferrer noopener\" href=\"https:\/\/www4.tjmg.jus.br\/juridico\/sf\/proc_resultado2.jsp?tipoPesquisa2=1&amp;txtProcesso=10414180010087001&amp;nomePessoa=&amp;tipoPessoa=X&amp;naturezaProcesso=0&amp;situacaoParte=X&amp;codigoOAB2=&amp;tipoOAB=N&amp;ufOAB=MG&amp;numero=20&amp;select=1&amp;listaProcessos=10414180010087001&amp;tipoConsulta=1&amp;natureza=0&amp;ativoBaixado=X&amp;comrCodigo=0024\" target=\"_blank\">movimenta\u00e7\u00e3o processual<\/a>.<\/p>\n\n\n\n<p class=\"wp-block-paragraph\">&#8212;&#8212;&#8212;&#8212;&#8212;&#8212;<br><br><strong>Sabia que o Aconteceu no Vale est\u00e1 tamb\u00e9m no Telegram? <a rel=\"noreferrer noopener\" href=\"https:\/\/t.me\/aconteceunovaleoficial\" target=\"_blank\">Inscreva-se no canal<\/a>.<\/strong><br><br><strong>J\u00e1 curtiu ou seguiu nossas p\u00e1ginas nas redes sociais?\u00a0Receba as not\u00edcias em primeira m\u00e3o:<\/strong><br>\u2022 <a rel=\"noreferrer noopener\" href=\"https:\/\/news.google.com\/publications\/CAAqBwgKMNjklQswi4etAw?hl=pt-BR&amp;gl=BR&amp;ceid=BR%3Apt-419\" target=\"_blank\">Google News<\/a><br>\u2022 <a rel=\"noreferrer noopener\" href=\"https:\/\/www.facebook.com\/aconteceunovale\/\" target=\"_blank\">Facebook<\/a><br>\u2022 <a rel=\"noreferrer noopener\" href=\"https:\/\/twitter.com\/noticiadosvales\" target=\"_blank\">Twitter<\/a><br>\u2022 <a rel=\"noreferrer noopener\" href=\"https:\/\/www.instagram.com\/aconteceunovale\" target=\"_blank\">Instagram<\/a><br>\u2022 <a rel=\"noreferrer noopener\" href=\"https:\/\/www.youtube.com\/AconteceunoValeOficial\" target=\"_blank\">Youtube<\/a><br>\u2022 <a rel=\"noreferrer noopener\" href=\"https:\/\/www.tiktok.com\/@aconteceunovale\" target=\"_blank\">TikTok<\/a><\/p>\n","protected":false},"excerpt":{"rendered":"<p>A Avon Cosm\u00e9ticos dever\u00e1 indenizar uma professora que teve seus dados utilizados por um estelionat\u00e1rio e foi negativada indevidamente. A 13\u00aa C\u00e2mara C\u00edvel do Tribunal de Justi\u00e7a de Minas Gerais (TJMG) manteve senten\u00e7a da Comarca de Medina que condenou a empresa a retirar o nome da mulher, de forma imediata, dos cadastros de prote\u00e7\u00e3o ao [&hellip;]<\/p>\n","protected":false},"author":4,"featured_media":188059,"comment_status":"open","ping_status":"closed","sticky":false,"template":"","format":"standard","meta":{"amp_status":"","footnotes":""},"categories":[120],"tags":[37289,260090,260091,1018,260089,260088,208013,389,270,92646],"class_list":["post-188058","post","type-post","status-publish","format-standard","has-post-thumbnail","hentry","category-jequi","tag-avon","tag-comarca-de-medina","tag-condenacao-da-avon-em-medina","tag-destaque","tag-empresa-indenizara-professora-de-medina-por-negativacao-indevida","tag-empresa-indenizara-professora-do-vale-do-jequitinhonha-por-negativacao-indevida","tag-justica-de-medina","tag-medina","tag-tjmg","tag-tribunal-de-justica-de-minas-gerais"],"yoast_head":"<!-- This site is optimized with the Yoast SEO plugin v28.3 - https:\/\/yoast.com\/product\/yoast-seo-wordpress\/ -->\n<title>Empresa indenizar\u00e1 professora do Vale do Jequitinhonha por negativa\u00e7\u00e3o indevida - Aconteceu no Vale<\/title>\n<meta name=\"robots\" content=\"index, follow, max-snippet:-1, max-image-preview:large, max-video-preview:-1\" \/>\n<link rel=\"canonical\" href=\"https:\/\/aconteceunovale.com.br\/portal\/?p=188058\" \/>\n<meta property=\"og:locale\" content=\"pt_BR\" \/>\n<meta property=\"og:type\" content=\"article\" \/>\n<meta property=\"og:title\" content=\"Empresa indenizar\u00e1 professora do Vale do Jequitinhonha por negativa\u00e7\u00e3o indevida - Aconteceu no Vale\" \/>\n<meta property=\"og:description\" content=\"A Avon Cosm\u00e9ticos dever\u00e1 indenizar uma professora que teve seus dados utilizados por um estelionat\u00e1rio e foi negativada indevidamente. A 13\u00aa C\u00e2mara C\u00edvel do Tribunal de Justi\u00e7a de Minas Gerais (TJMG) manteve senten\u00e7a da Comarca de Medina que condenou a empresa a retirar o nome da mulher, de forma imediata, dos cadastros de prote\u00e7\u00e3o ao [&hellip;]\" \/>\n<meta property=\"og:url\" content=\"https:\/\/aconteceunovale.com.br\/portal\/?p=188058\" \/>\n<meta property=\"og:site_name\" content=\"Aconteceu no Vale\" \/>\n<meta property=\"article:publisher\" content=\"https:\/\/www.facebook.com\/aconteceunovale\/\" \/>\n<meta property=\"article:published_time\" content=\"2022-03-26T22:36:06+00:00\" \/>\n<meta property=\"article:modified_time\" content=\"2022-03-26T22:36:56+00:00\" \/>\n<meta property=\"og:image\" content=\"https:\/\/aconteceunovale.com.br\/portal\/wp-content\/uploads\/2022\/03\/forum_medina.jpg\" \/>\n\t<meta property=\"og:image:width\" content=\"675\" \/>\n\t<meta property=\"og:image:height\" content=\"450\" \/>\n\t<meta property=\"og:image:type\" content=\"image\/jpeg\" \/>\n<meta name=\"author\" content=\"Reda\u00e7\u00e3o Aconteceu no Vale\" \/>\n<meta name=\"twitter:card\" content=\"summary_large_image\" \/>\n<meta name=\"twitter:creator\" content=\"@noticiadosvales\" \/>\n<meta name=\"twitter:site\" content=\"@noticiadosvales\" \/>\n<meta name=\"twitter:label1\" content=\"Escrito por\" \/>\n\t<meta name=\"twitter:data1\" content=\"Reda\u00e7\u00e3o Aconteceu no Vale\" \/>\n\t<meta name=\"twitter:label2\" content=\"Est. tempo de leitura\" \/>\n\t<meta name=\"twitter:data2\" content=\"3 minutos\" \/>\n<script type=\"application\/ld+json\" class=\"yoast-schema-graph\">{\"@context\":\"https:\\\/\\\/schema.org\",\"@graph\":[{\"@type\":\"Article\",\"@id\":\"https:\\\/\\\/aconteceunovale.com.br\\\/portal\\\/?p=188058#article\",\"isPartOf\":{\"@id\":\"https:\\\/\\\/aconteceunovale.com.br\\\/portal\\\/?p=188058\"},\"author\":{\"name\":\"Reda\u00e7\u00e3o Aconteceu no Vale\",\"@id\":\"https:\\\/\\\/aconteceunovale.com.br\\\/portal\\\/#\\\/schema\\\/person\\\/7d2f26d1483f8a63de73da1ee0754d35\"},\"headline\":\"Empresa indenizar\u00e1 professora do Vale do Jequitinhonha por negativa\u00e7\u00e3o indevida\",\"datePublished\":\"2022-03-26T22:36:06+00:00\",\"dateModified\":\"2022-03-26T22:36:56+00:00\",\"mainEntityOfPage\":{\"@id\":\"https:\\\/\\\/aconteceunovale.com.br\\\/portal\\\/?p=188058\"},\"wordCount\":529,\"commentCount\":0,\"image\":{\"@id\":\"https:\\\/\\\/aconteceunovale.com.br\\\/portal\\\/?p=188058#primaryimage\"},\"thumbnailUrl\":\"https:\\\/\\\/aconteceunovale.com.br\\\/portal\\\/wp-content\\\/uploads\\\/2022\\\/03\\\/forum_medina.jpg\",\"keywords\":[\"Avon\",\"Comarca de Medina\",\"Condena\u00e7\u00e3o da Avon em Medina\",\"destaque\",\"Empresa indenizar\u00e1 professora de Medina por negativa\u00e7\u00e3o indevida\",\"Empresa indenizar\u00e1 professora do Vale do Jequitinhonha por negativa\u00e7\u00e3o indevida\",\"Justi\u00e7a de Medina\",\"Medina\",\"TJMG\",\"Tribunal de Justi\u00e7a de Minas Gerais\"],\"articleSection\":[\"Vale do Jequitinhonha\"],\"inLanguage\":\"pt-BR\",\"potentialAction\":[{\"@type\":\"CommentAction\",\"name\":\"Comment\",\"target\":[\"https:\\\/\\\/aconteceunovale.com.br\\\/portal\\\/?p=188058#respond\"]}]},{\"@type\":\"WebPage\",\"@id\":\"https:\\\/\\\/aconteceunovale.com.br\\\/portal\\\/?p=188058\",\"url\":\"https:\\\/\\\/aconteceunovale.com.br\\\/portal\\\/?p=188058\",\"name\":\"Empresa indenizar\u00e1 professora do Vale do Jequitinhonha por negativa\u00e7\u00e3o indevida - Aconteceu no Vale\",\"isPartOf\":{\"@id\":\"https:\\\/\\\/aconteceunovale.com.br\\\/portal\\\/#website\"},\"primaryImageOfPage\":{\"@id\":\"https:\\\/\\\/aconteceunovale.com.br\\\/portal\\\/?p=188058#primaryimage\"},\"image\":{\"@id\":\"https:\\\/\\\/aconteceunovale.com.br\\\/portal\\\/?p=188058#primaryimage\"},\"thumbnailUrl\":\"https:\\\/\\\/aconteceunovale.com.br\\\/portal\\\/wp-content\\\/uploads\\\/2022\\\/03\\\/forum_medina.jpg\",\"datePublished\":\"2022-03-26T22:36:06+00:00\",\"dateModified\":\"2022-03-26T22:36:56+00:00\",\"author\":{\"@id\":\"https:\\\/\\\/aconteceunovale.com.br\\\/portal\\\/#\\\/schema\\\/person\\\/7d2f26d1483f8a63de73da1ee0754d35\"},\"breadcrumb\":{\"@id\":\"https:\\\/\\\/aconteceunovale.com.br\\\/portal\\\/?p=188058#breadcrumb\"},\"inLanguage\":\"pt-BR\",\"potentialAction\":[{\"@type\":\"ReadAction\",\"target\":[\"https:\\\/\\\/aconteceunovale.com.br\\\/portal\\\/?p=188058\"]}]},{\"@type\":\"ImageObject\",\"inLanguage\":\"pt-BR\",\"@id\":\"https:\\\/\\\/aconteceunovale.com.br\\\/portal\\\/?p=188058#primaryimage\",\"url\":\"https:\\\/\\\/aconteceunovale.com.br\\\/portal\\\/wp-content\\\/uploads\\\/2022\\\/03\\\/forum_medina.jpg\",\"contentUrl\":\"https:\\\/\\\/aconteceunovale.com.br\\\/portal\\\/wp-content\\\/uploads\\\/2022\\\/03\\\/forum_medina.jpg\",\"width\":675,\"height\":450},{\"@type\":\"BreadcrumbList\",\"@id\":\"https:\\\/\\\/aconteceunovale.com.br\\\/portal\\\/?p=188058#breadcrumb\",\"itemListElement\":[{\"@type\":\"ListItem\",\"position\":1,\"name\":\"In\u00edcio\",\"item\":\"https:\\\/\\\/aconteceunovale.com.br\\\/portal\\\/\"},{\"@type\":\"ListItem\",\"position\":2,\"name\":\"Empresa indenizar\u00e1 professora do Vale do Jequitinhonha por negativa\u00e7\u00e3o indevida\"}]},{\"@type\":\"WebSite\",\"@id\":\"https:\\\/\\\/aconteceunovale.com.br\\\/portal\\\/#website\",\"url\":\"https:\\\/\\\/aconteceunovale.com.br\\\/portal\\\/\",\"name\":\"Aconteceu no Vale\",\"description\":\"Portal de Not\u00edcias\",\"potentialAction\":[{\"@type\":\"SearchAction\",\"target\":{\"@type\":\"EntryPoint\",\"urlTemplate\":\"https:\\\/\\\/aconteceunovale.com.br\\\/portal\\\/?s={search_term_string}\"},\"query-input\":{\"@type\":\"PropertyValueSpecification\",\"valueRequired\":true,\"valueName\":\"search_term_string\"}}],\"inLanguage\":\"pt-BR\"},{\"@type\":\"Person\",\"@id\":\"https:\\\/\\\/aconteceunovale.com.br\\\/portal\\\/#\\\/schema\\\/person\\\/7d2f26d1483f8a63de73da1ee0754d35\",\"name\":\"Reda\u00e7\u00e3o Aconteceu no Vale\",\"description\":\"Equipe de reportagem do Aconteceu no Vale, portal de not\u00edcias do Vale do Jequitinhonha, em Minas Gerais. Cobrimos as 51 cidades do Vale desde 2013. Sugest\u00f5es de pauta e pedidos de corre\u00e7\u00e3o: contato@aconteceunovale.com.br\",\"url\":\"https:\\\/\\\/aconteceunovale.com.br\\\/portal\\\/?author=4\"}]}<\/script>\n<!-- \/ Yoast SEO plugin. -->","yoast_head_json":{"title":"Empresa indenizar\u00e1 professora do Vale do Jequitinhonha por negativa\u00e7\u00e3o indevida - Aconteceu no Vale","robots":{"index":"index","follow":"follow","max-snippet":"max-snippet:-1","max-image-preview":"max-image-preview:large","max-video-preview":"max-video-preview:-1"},"canonical":"https:\/\/aconteceunovale.com.br\/portal\/?p=188058","og_locale":"pt_BR","og_type":"article","og_title":"Empresa indenizar\u00e1 professora do Vale do Jequitinhonha por negativa\u00e7\u00e3o indevida - Aconteceu no Vale","og_description":"A Avon Cosm\u00e9ticos dever\u00e1 indenizar uma professora que teve seus dados utilizados por um estelionat\u00e1rio e foi negativada indevidamente. A 13\u00aa C\u00e2mara C\u00edvel do Tribunal de Justi\u00e7a de Minas Gerais (TJMG) manteve senten\u00e7a da Comarca de Medina que condenou a empresa a retirar o nome da mulher, de forma imediata, dos cadastros de prote\u00e7\u00e3o ao [&hellip;]","og_url":"https:\/\/aconteceunovale.com.br\/portal\/?p=188058","og_site_name":"Aconteceu no Vale","article_publisher":"https:\/\/www.facebook.com\/aconteceunovale\/","article_published_time":"2022-03-26T22:36:06+00:00","article_modified_time":"2022-03-26T22:36:56+00:00","og_image":[{"width":675,"height":450,"url":"https:\/\/aconteceunovale.com.br\/portal\/wp-content\/uploads\/2022\/03\/forum_medina.jpg","type":"image\/jpeg"}],"author":"Reda\u00e7\u00e3o Aconteceu no Vale","twitter_card":"summary_large_image","twitter_creator":"@noticiadosvales","twitter_site":"@noticiadosvales","twitter_misc":{"Escrito por":"Reda\u00e7\u00e3o Aconteceu no Vale","Est. tempo de leitura":"3 minutos"},"schema":{"@context":"https:\/\/schema.org","@graph":[{"@type":"Article","@id":"https:\/\/aconteceunovale.com.br\/portal\/?p=188058#article","isPartOf":{"@id":"https:\/\/aconteceunovale.com.br\/portal\/?p=188058"},"author":{"name":"Reda\u00e7\u00e3o Aconteceu no Vale","@id":"https:\/\/aconteceunovale.com.br\/portal\/#\/schema\/person\/7d2f26d1483f8a63de73da1ee0754d35"},"headline":"Empresa indenizar\u00e1 professora do Vale do Jequitinhonha por negativa\u00e7\u00e3o indevida","datePublished":"2022-03-26T22:36:06+00:00","dateModified":"2022-03-26T22:36:56+00:00","mainEntityOfPage":{"@id":"https:\/\/aconteceunovale.com.br\/portal\/?p=188058"},"wordCount":529,"commentCount":0,"image":{"@id":"https:\/\/aconteceunovale.com.br\/portal\/?p=188058#primaryimage"},"thumbnailUrl":"https:\/\/aconteceunovale.com.br\/portal\/wp-content\/uploads\/2022\/03\/forum_medina.jpg","keywords":["Avon","Comarca de Medina","Condena\u00e7\u00e3o da Avon em Medina","destaque","Empresa indenizar\u00e1 professora de Medina por negativa\u00e7\u00e3o indevida","Empresa indenizar\u00e1 professora do Vale do Jequitinhonha por negativa\u00e7\u00e3o indevida","Justi\u00e7a de Medina","Medina","TJMG","Tribunal de Justi\u00e7a de Minas Gerais"],"articleSection":["Vale do Jequitinhonha"],"inLanguage":"pt-BR","potentialAction":[{"@type":"CommentAction","name":"Comment","target":["https:\/\/aconteceunovale.com.br\/portal\/?p=188058#respond"]}]},{"@type":"WebPage","@id":"https:\/\/aconteceunovale.com.br\/portal\/?p=188058","url":"https:\/\/aconteceunovale.com.br\/portal\/?p=188058","name":"Empresa indenizar\u00e1 professora do Vale do Jequitinhonha por negativa\u00e7\u00e3o indevida - Aconteceu no Vale","isPartOf":{"@id":"https:\/\/aconteceunovale.com.br\/portal\/#website"},"primaryImageOfPage":{"@id":"https:\/\/aconteceunovale.com.br\/portal\/?p=188058#primaryimage"},"image":{"@id":"https:\/\/aconteceunovale.com.br\/portal\/?p=188058#primaryimage"},"thumbnailUrl":"https:\/\/aconteceunovale.com.br\/portal\/wp-content\/uploads\/2022\/03\/forum_medina.jpg","datePublished":"2022-03-26T22:36:06+00:00","dateModified":"2022-03-26T22:36:56+00:00","author":{"@id":"https:\/\/aconteceunovale.com.br\/portal\/#\/schema\/person\/7d2f26d1483f8a63de73da1ee0754d35"},"breadcrumb":{"@id":"https:\/\/aconteceunovale.com.br\/portal\/?p=188058#breadcrumb"},"inLanguage":"pt-BR","potentialAction":[{"@type":"ReadAction","target":["https:\/\/aconteceunovale.com.br\/portal\/?p=188058"]}]},{"@type":"ImageObject","inLanguage":"pt-BR","@id":"https:\/\/aconteceunovale.com.br\/portal\/?p=188058#primaryimage","url":"https:\/\/aconteceunovale.com.br\/portal\/wp-content\/uploads\/2022\/03\/forum_medina.jpg","contentUrl":"https:\/\/aconteceunovale.com.br\/portal\/wp-content\/uploads\/2022\/03\/forum_medina.jpg","width":675,"height":450},{"@type":"BreadcrumbList","@id":"https:\/\/aconteceunovale.com.br\/portal\/?p=188058#breadcrumb","itemListElement":[{"@type":"ListItem","position":1,"name":"In\u00edcio","item":"https:\/\/aconteceunovale.com.br\/portal\/"},{"@type":"ListItem","position":2,"name":"Empresa indenizar\u00e1 professora do Vale do Jequitinhonha por negativa\u00e7\u00e3o indevida"}]},{"@type":"WebSite","@id":"https:\/\/aconteceunovale.com.br\/portal\/#website","url":"https:\/\/aconteceunovale.com.br\/portal\/","name":"Aconteceu no Vale","description":"Portal de Not\u00edcias","potentialAction":[{"@type":"SearchAction","target":{"@type":"EntryPoint","urlTemplate":"https:\/\/aconteceunovale.com.br\/portal\/?s={search_term_string}"},"query-input":{"@type":"PropertyValueSpecification","valueRequired":true,"valueName":"search_term_string"}}],"inLanguage":"pt-BR"},{"@type":"Person","@id":"https:\/\/aconteceunovale.com.br\/portal\/#\/schema\/person\/7d2f26d1483f8a63de73da1ee0754d35","name":"Reda\u00e7\u00e3o Aconteceu no Vale","description":"Equipe de reportagem do Aconteceu no Vale, portal de not\u00edcias do Vale do Jequitinhonha, em Minas Gerais. Cobrimos as 51 cidades do Vale desde 2013. Sugest\u00f5es de pauta e pedidos de corre\u00e7\u00e3o: contato@aconteceunovale.com.br","url":"https:\/\/aconteceunovale.com.br\/portal\/?author=4"}]}},"_links":{"self":[{"href":"https:\/\/aconteceunovale.com.br\/portal\/index.php?rest_route=\/wp\/v2\/posts\/188058","targetHints":{"allow":["GET"]}}],"collection":[{"href":"https:\/\/aconteceunovale.com.br\/portal\/index.php?rest_route=\/wp\/v2\/posts"}],"about":[{"href":"https:\/\/aconteceunovale.com.br\/portal\/index.php?rest_route=\/wp\/v2\/types\/post"}],"author":[{"embeddable":true,"href":"https:\/\/aconteceunovale.com.br\/portal\/index.php?rest_route=\/wp\/v2\/users\/4"}],"replies":[{"embeddable":true,"href":"https:\/\/aconteceunovale.com.br\/portal\/index.php?rest_route=%2Fwp%2Fv2%2Fcomments&post=188058"}],"version-history":[{"count":1,"href":"https:\/\/aconteceunovale.com.br\/portal\/index.php?rest_route=\/wp\/v2\/posts\/188058\/revisions"}],"predecessor-version":[{"id":188060,"href":"https:\/\/aconteceunovale.com.br\/portal\/index.php?rest_route=\/wp\/v2\/posts\/188058\/revisions\/188060"}],"wp:featuredmedia":[{"embeddable":true,"href":"https:\/\/aconteceunovale.com.br\/portal\/index.php?rest_route=\/wp\/v2\/media\/188059"}],"wp:attachment":[{"href":"https:\/\/aconteceunovale.com.br\/portal\/index.php?rest_route=%2Fwp%2Fv2%2Fmedia&parent=188058"}],"wp:term":[{"taxonomy":"category","embeddable":true,"href":"https:\/\/aconteceunovale.com.br\/portal\/index.php?rest_route=%2Fwp%2Fv2%2Fcategories&post=188058"},{"taxonomy":"post_tag","embeddable":true,"href":"https:\/\/aconteceunovale.com.br\/portal\/index.php?rest_route=%2Fwp%2Fv2%2Ftags&post=188058"}],"curies":[{"name":"wp","href":"https:\/\/api.w.org\/{rel}","templated":true}]}}