{"id":188053,"date":"2022-03-25T21:15:06","date_gmt":"2022-03-26T00:15:06","guid":{"rendered":"https:\/\/aconteceunovale.com.br\/portal\/?p=188053"},"modified":"2022-03-25T21:15:33","modified_gmt":"2022-03-26T00:15:33","slug":"ponte-de-mendanha-e-liberada-para-trafego-de-veiculos-leves","status":"publish","type":"post","link":"https:\/\/aconteceunovale.com.br\/portal\/?p=188053","title":{"rendered":"Ponte de Mendanha \u00e9 liberada para tr\u00e1fego de ve\u00edculos leves"},"content":{"rendered":"\n<p class=\"wp-block-paragraph\">O Departamento de Edifica\u00e7\u00f5es e Estradas de Rodagem de Minas Gerais (DER-MG) liberou, na tarde desta sexta-feira (25\/3\/2022), o tr\u00e1fego para ve\u00edculos leves, ambul\u00e2ncias e escolares com at\u00e9 cinco toneladas de peso bruto total na ponte sobre o Rio Jequitinhonha, em Mendanha, no munic\u00edpio de Diamantina.<\/p>\n\n\n\n<figure class=\"wp-block-gallery has-nested-images columns-default is-cropped wp-block-gallery-1 is-layout-flex wp-block-gallery-is-layout-flex\">\n<figure class=\"wp-block-image size-large\"><img loading=\"lazy\" decoding=\"async\" width=\"678\" height=\"432\" data-id=\"188054\" src=\"https:\/\/aconteceunovale.com.br\/portal\/wp-content\/uploads\/2022\/03\/ponde_medanha.jpeg\" alt=\"\" class=\"wp-image-188054\" srcset=\"https:\/\/aconteceunovale.com.br\/portal\/wp-content\/uploads\/2022\/03\/ponde_medanha.jpeg 678w, https:\/\/aconteceunovale.com.br\/portal\/wp-content\/uploads\/2022\/03\/ponde_medanha-300x191.jpeg 300w, https:\/\/aconteceunovale.com.br\/portal\/wp-content\/uploads\/2022\/03\/ponde_medanha-659x420.jpeg 659w\" sizes=\"auto, (max-width: 678px) 100vw, 678px\" \/><figcaption><em><sub>Foto: Divulga\u00e7\u00e3o \/ DER-MG<\/sub><\/em><\/figcaption><\/figure>\n<\/figure>\n\n\n\n<p class=\"wp-block-paragraph\">O restabelecimento acontecer\u00e1 de forma parcial, em sistema \u2018pare e siga\u2019. Os ve\u00edculos pesados &#8211; \u00f4nibus e caminh\u00f5es de carga &#8211; v\u00e3o permanecer utilizando desvio que passa por Bocai\u00fava e Curvelo.<\/p>\n\n\n\n<h2 class=\"wp-block-heading\"><strong>Desvio<\/strong><\/h2>\n\n\n\n<p class=\"wp-block-paragraph\">Os ve\u00edculos de grande porte, que permanecem proibidos de passar pela ponte, devem continuar a utilizar o desvio pelas rodovias que d\u00e3o acesso a Bocai\u00fava e Curvelo. Ve\u00edculos leves com reboque de grande dimens\u00e3o tamb\u00e9m devem optar pela utiliza\u00e7\u00e3o do desvio.<\/p>\n\n\n\n<p class=\"wp-block-paragraph\">O DER-MG instalou uma s\u00e9rie de barreiras f\u00edsicas de concreto para impedir o tr\u00e1fego deste tipo de ve\u00edculo pelo local.<\/p>\n\n\n\n<p class=\"wp-block-paragraph\">A previs\u00e3o \u00e9 que os trabalhos na ponte ainda continuem por mais cinco meses. Assim, durante o andamento dos servi\u00e7os, fiscais do DER-MG e agentes da Pol\u00edcia Militar Rodovi\u00e1ria v\u00e3o monitorar o tr\u00e1fego no local<\/p>\n\n\n\n<p class=\"wp-block-paragraph\"><em>&#8220;O trabalho emergencial est\u00e1 sendo desenvolvido pelo DER-MG h\u00e1 mais de 60 dias, com alto crit\u00e9rio t\u00e9cnico, dada a complexidade do servi\u00e7o que exige. Nos pr\u00f3ximos meses um pilar da ponte ser\u00e1 substitu\u00eddo e outros dois passar\u00e3o por refor\u00e7o da funda\u00e7\u00e3o&#8221;, <\/em>diz comunicado divulgado hoje.<\/p>\n\n\n\n<p class=\"wp-block-paragraph\">&#8212;&#8212;&#8212;&#8212;&#8212;&#8212;<br><br><strong>Sabia que o Aconteceu no Vale est\u00e1 tamb\u00e9m no Telegram? <a rel=\"noreferrer noopener\" href=\"https:\/\/t.me\/aconteceunovaleoficial\" target=\"_blank\">Inscreva-se no canal<\/a>.<\/strong><br><br><strong>J\u00e1 curtiu ou seguiu nossas p\u00e1ginas nas redes sociais?\u00a0Receba as not\u00edcias em primeira m\u00e3o:<\/strong><br>\u2022 <a rel=\"noreferrer noopener\" href=\"https:\/\/news.google.com\/publications\/CAAqBwgKMNjklQswi4etAw?hl=pt-BR&amp;gl=BR&amp;ceid=BR%3Apt-419\" target=\"_blank\">Google News<\/a><br>\u2022 <a rel=\"noreferrer noopener\" href=\"https:\/\/www.facebook.com\/aconteceunovale\/\" target=\"_blank\">Facebook<\/a><br>\u2022 <a rel=\"noreferrer noopener\" href=\"https:\/\/twitter.com\/noticiadosvales\" target=\"_blank\">Twitter<\/a><br>\u2022 <a rel=\"noreferrer noopener\" href=\"https:\/\/www.instagram.com\/aconteceunovale\" target=\"_blank\">Instagram<\/a><br>\u2022 <a rel=\"noreferrer noopener\" href=\"https:\/\/www.youtube.com\/AconteceunoValeOficial\" target=\"_blank\">Youtube<\/a><br>\u2022 <a rel=\"noreferrer noopener\" href=\"https:\/\/www.tiktok.com\/@aconteceunovale\" target=\"_blank\">TikTok<\/a><\/p>\n","protected":false},"excerpt":{"rendered":"<p>O Departamento de Edifica\u00e7\u00f5es e Estradas de Rodagem de Minas Gerais (DER-MG) liberou, na tarde desta sexta-feira (25\/3\/2022), o tr\u00e1fego para ve\u00edculos leves, ambul\u00e2ncias e escolares com at\u00e9 cinco toneladas de peso bruto total na ponte sobre o Rio Jequitinhonha, em Mendanha, no munic\u00edpio de Diamantina. O restabelecimento acontecer\u00e1 de forma parcial, em sistema \u2018pare [&hellip;]<\/p>\n","protected":false},"author":4,"featured_media":188054,"comment_status":"open","ping_status":"closed","sticky":false,"template":"","format":"standard","meta":{"amp_status":"","footnotes":""},"categories":[120],"tags":[257776,259965,1018,198,257678,61522,34989,260086,257675,257676,257686,257677,74921,61295,43344,257674,31299,232],"class_list":["post-188053","post","type-post","status-publish","format-standard","has-post-thumbnail","hentry","category-jequi","tag-der-interdita-ponte-sobre-o-rio-jequitinhonha","tag-der-prepara-liberacao-parcial-da-ponte-sobre-o-rio-jequitinhonha","tag-destaque","tag-diamantina","tag-interdicao-de-ponte-em-diamantina","tag-interdicao-de-ponte-na-br-367","tag-mendanha","tag-ponte-de-mendanha-e-liberada-para-trafego-de-veiculos-leves","tag-ponte-em-diamantina","tag-ponte-em-mendanha","tag-ponte-entre-diamantina-e-couto-de-magalhaes-de-minas-sera-totalmente-interditada","tag-ponte-interditada-em-diamantina","tag-ponte-interditada-na-br-367","tag-ponte-na-br-367","tag-ponte-sobre-o-rio-jequitinhonha","tag-ponte-sobre-o-rio-jequitinhonha-e-liberada-para-veiculos-leves","tag-prefeitura-de-diamantina","tag-rio-jequitinhonha"],"yoast_head":"<!-- This site is optimized with the Yoast SEO plugin v28.3 - https:\/\/yoast.com\/product\/yoast-seo-wordpress\/ -->\n<title>Ponte de Mendanha \u00e9 liberada para tr\u00e1fego de ve\u00edculos leves - Aconteceu no Vale<\/title>\n<meta name=\"robots\" content=\"index, follow, max-snippet:-1, max-image-preview:large, max-video-preview:-1\" \/>\n<link rel=\"canonical\" href=\"https:\/\/aconteceunovale.com.br\/portal\/?p=188053\" \/>\n<meta property=\"og:locale\" content=\"pt_BR\" \/>\n<meta property=\"og:type\" content=\"article\" \/>\n<meta property=\"og:title\" content=\"Ponte de Mendanha \u00e9 liberada para tr\u00e1fego de ve\u00edculos leves - Aconteceu no Vale\" \/>\n<meta property=\"og:description\" content=\"O Departamento de Edifica\u00e7\u00f5es e Estradas de Rodagem de Minas Gerais (DER-MG) liberou, na tarde desta sexta-feira (25\/3\/2022), o tr\u00e1fego para ve\u00edculos leves, ambul\u00e2ncias e escolares com at\u00e9 cinco toneladas de peso bruto total na ponte sobre o Rio Jequitinhonha, em Mendanha, no munic\u00edpio de Diamantina. O restabelecimento acontecer\u00e1 de forma parcial, em sistema \u2018pare [&hellip;]\" \/>\n<meta property=\"og:url\" content=\"https:\/\/aconteceunovale.com.br\/portal\/?p=188053\" \/>\n<meta property=\"og:site_name\" content=\"Aconteceu no Vale\" \/>\n<meta property=\"article:publisher\" content=\"https:\/\/www.facebook.com\/aconteceunovale\/\" \/>\n<meta property=\"article:published_time\" content=\"2022-03-26T00:15:06+00:00\" \/>\n<meta property=\"article:modified_time\" content=\"2022-03-26T00:15:33+00:00\" \/>\n<meta property=\"og:image\" content=\"https:\/\/aconteceunovale.com.br\/portal\/wp-content\/uploads\/2022\/03\/ponde_medanha.jpeg\" \/>\n\t<meta property=\"og:image:width\" content=\"678\" \/>\n\t<meta property=\"og:image:height\" content=\"432\" \/>\n\t<meta property=\"og:image:type\" content=\"image\/jpeg\" \/>\n<meta name=\"author\" content=\"Reda\u00e7\u00e3o Aconteceu no Vale\" \/>\n<meta name=\"twitter:card\" content=\"summary_large_image\" \/>\n<meta name=\"twitter:creator\" content=\"@noticiadosvales\" \/>\n<meta name=\"twitter:site\" content=\"@noticiadosvales\" \/>\n<meta name=\"twitter:label1\" content=\"Escrito por\" \/>\n\t<meta name=\"twitter:data1\" content=\"Reda\u00e7\u00e3o Aconteceu no Vale\" \/>\n\t<meta name=\"twitter:label2\" content=\"Est. tempo de leitura\" \/>\n\t<meta name=\"twitter:data2\" content=\"1 minuto\" \/>\n<script type=\"application\/ld+json\" class=\"yoast-schema-graph\">{\"@context\":\"https:\\\/\\\/schema.org\",\"@graph\":[{\"@type\":\"Article\",\"@id\":\"https:\\\/\\\/aconteceunovale.com.br\\\/portal\\\/?p=188053#article\",\"isPartOf\":{\"@id\":\"https:\\\/\\\/aconteceunovale.com.br\\\/portal\\\/?p=188053\"},\"author\":{\"name\":\"Reda\u00e7\u00e3o Aconteceu no Vale\",\"@id\":\"https:\\\/\\\/aconteceunovale.com.br\\\/portal\\\/#\\\/schema\\\/person\\\/7d2f26d1483f8a63de73da1ee0754d35\"},\"headline\":\"Ponte de Mendanha \u00e9 liberada para tr\u00e1fego de ve\u00edculos leves\",\"datePublished\":\"2022-03-26T00:15:06+00:00\",\"dateModified\":\"2022-03-26T00:15:33+00:00\",\"mainEntityOfPage\":{\"@id\":\"https:\\\/\\\/aconteceunovale.com.br\\\/portal\\\/?p=188053\"},\"wordCount\":305,\"commentCount\":0,\"image\":{\"@id\":\"https:\\\/\\\/aconteceunovale.com.br\\\/portal\\\/?p=188053#primaryimage\"},\"thumbnailUrl\":\"https:\\\/\\\/aconteceunovale.com.br\\\/portal\\\/wp-content\\\/uploads\\\/2022\\\/03\\\/ponde_medanha.jpeg\",\"keywords\":[\"DER interdita ponte sobre o Rio Jequitinhonha\",\"DER prepara libera\u00e7\u00e3o parcial da ponte sobre o Rio Jequitinhonha\",\"destaque\",\"Diamantina\",\"Interdi\u00e7\u00e3o de ponte em Diamantina\",\"interdi\u00e7\u00e3o de ponte na br-367\",\"Mendanha\",\"Ponte de Mendanha \u00e9 liberada para tr\u00e1fego de ve\u00edculos leves\",\"Ponte em Diamantina\",\"Ponte em Mendanha\",\"Ponte entre Diamantina e Couto de Magalh\u00e3es de Minas ser\u00e1 totalmente interditada\",\"Ponte interditada em Diamantina\",\"ponte interditada na BR-367\",\"ponte na br-367\",\"ponte sobre o rio Jequitinhonha\",\"Ponte sobre o Rio Jequitinhonha \u00e9 liberada para ve\u00edculos leves\",\"Prefeitura de Diamantina\",\"Rio Jequitinhonha\"],\"articleSection\":[\"Vale do Jequitinhonha\"],\"inLanguage\":\"pt-BR\",\"potentialAction\":[{\"@type\":\"CommentAction\",\"name\":\"Comment\",\"target\":[\"https:\\\/\\\/aconteceunovale.com.br\\\/portal\\\/?p=188053#respond\"]}]},{\"@type\":\"WebPage\",\"@id\":\"https:\\\/\\\/aconteceunovale.com.br\\\/portal\\\/?p=188053\",\"url\":\"https:\\\/\\\/aconteceunovale.com.br\\\/portal\\\/?p=188053\",\"name\":\"Ponte de Mendanha \u00e9 liberada para tr\u00e1fego de ve\u00edculos leves - Aconteceu no Vale\",\"isPartOf\":{\"@id\":\"https:\\\/\\\/aconteceunovale.com.br\\\/portal\\\/#website\"},\"primaryImageOfPage\":{\"@id\":\"https:\\\/\\\/aconteceunovale.com.br\\\/portal\\\/?p=188053#primaryimage\"},\"image\":{\"@id\":\"https:\\\/\\\/aconteceunovale.com.br\\\/portal\\\/?p=188053#primaryimage\"},\"thumbnailUrl\":\"https:\\\/\\\/aconteceunovale.com.br\\\/portal\\\/wp-content\\\/uploads\\\/2022\\\/03\\\/ponde_medanha.jpeg\",\"datePublished\":\"2022-03-26T00:15:06+00:00\",\"dateModified\":\"2022-03-26T00:15:33+00:00\",\"author\":{\"@id\":\"https:\\\/\\\/aconteceunovale.com.br\\\/portal\\\/#\\\/schema\\\/person\\\/7d2f26d1483f8a63de73da1ee0754d35\"},\"breadcrumb\":{\"@id\":\"https:\\\/\\\/aconteceunovale.com.br\\\/portal\\\/?p=188053#breadcrumb\"},\"inLanguage\":\"pt-BR\",\"potentialAction\":[{\"@type\":\"ReadAction\",\"target\":[\"https:\\\/\\\/aconteceunovale.com.br\\\/portal\\\/?p=188053\"]}]},{\"@type\":\"ImageObject\",\"inLanguage\":\"pt-BR\",\"@id\":\"https:\\\/\\\/aconteceunovale.com.br\\\/portal\\\/?p=188053#primaryimage\",\"url\":\"https:\\\/\\\/aconteceunovale.com.br\\\/portal\\\/wp-content\\\/uploads\\\/2022\\\/03\\\/ponde_medanha.jpeg\",\"contentUrl\":\"https:\\\/\\\/aconteceunovale.com.br\\\/portal\\\/wp-content\\\/uploads\\\/2022\\\/03\\\/ponde_medanha.jpeg\",\"width\":678,\"height\":432},{\"@type\":\"BreadcrumbList\",\"@id\":\"https:\\\/\\\/aconteceunovale.com.br\\\/portal\\\/?p=188053#breadcrumb\",\"itemListElement\":[{\"@type\":\"ListItem\",\"position\":1,\"name\":\"In\u00edcio\",\"item\":\"https:\\\/\\\/aconteceunovale.com.br\\\/portal\\\/\"},{\"@type\":\"ListItem\",\"position\":2,\"name\":\"Ponte de Mendanha \u00e9 liberada para tr\u00e1fego de ve\u00edculos leves\"}]},{\"@type\":\"WebSite\",\"@id\":\"https:\\\/\\\/aconteceunovale.com.br\\\/portal\\\/#website\",\"url\":\"https:\\\/\\\/aconteceunovale.com.br\\\/portal\\\/\",\"name\":\"Aconteceu no Vale\",\"description\":\"Portal de Not\u00edcias\",\"potentialAction\":[{\"@type\":\"SearchAction\",\"target\":{\"@type\":\"EntryPoint\",\"urlTemplate\":\"https:\\\/\\\/aconteceunovale.com.br\\\/portal\\\/?s={search_term_string}\"},\"query-input\":{\"@type\":\"PropertyValueSpecification\",\"valueRequired\":true,\"valueName\":\"search_term_string\"}}],\"inLanguage\":\"pt-BR\"},{\"@type\":\"Person\",\"@id\":\"https:\\\/\\\/aconteceunovale.com.br\\\/portal\\\/#\\\/schema\\\/person\\\/7d2f26d1483f8a63de73da1ee0754d35\",\"name\":\"Reda\u00e7\u00e3o Aconteceu no Vale\",\"description\":\"Equipe de reportagem do Aconteceu no Vale, portal de not\u00edcias do Vale do Jequitinhonha, em Minas Gerais. Cobrimos as 51 cidades do Vale desde 2013. Sugest\u00f5es de pauta e pedidos de corre\u00e7\u00e3o: contato@aconteceunovale.com.br\",\"url\":\"https:\\\/\\\/aconteceunovale.com.br\\\/portal\\\/?author=4\"}]}<\/script>\n<!-- \/ Yoast SEO plugin. -->","yoast_head_json":{"title":"Ponte de Mendanha \u00e9 liberada para tr\u00e1fego de ve\u00edculos leves - Aconteceu no Vale","robots":{"index":"index","follow":"follow","max-snippet":"max-snippet:-1","max-image-preview":"max-image-preview:large","max-video-preview":"max-video-preview:-1"},"canonical":"https:\/\/aconteceunovale.com.br\/portal\/?p=188053","og_locale":"pt_BR","og_type":"article","og_title":"Ponte de Mendanha \u00e9 liberada para tr\u00e1fego de ve\u00edculos leves - Aconteceu no Vale","og_description":"O Departamento de Edifica\u00e7\u00f5es e Estradas de Rodagem de Minas Gerais (DER-MG) liberou, na tarde desta sexta-feira (25\/3\/2022), o tr\u00e1fego para ve\u00edculos leves, ambul\u00e2ncias e escolares com at\u00e9 cinco toneladas de peso bruto total na ponte sobre o Rio Jequitinhonha, em Mendanha, no munic\u00edpio de Diamantina. O restabelecimento acontecer\u00e1 de forma parcial, em sistema \u2018pare [&hellip;]","og_url":"https:\/\/aconteceunovale.com.br\/portal\/?p=188053","og_site_name":"Aconteceu no Vale","article_publisher":"https:\/\/www.facebook.com\/aconteceunovale\/","article_published_time":"2022-03-26T00:15:06+00:00","article_modified_time":"2022-03-26T00:15:33+00:00","og_image":[{"width":678,"height":432,"url":"https:\/\/aconteceunovale.com.br\/portal\/wp-content\/uploads\/2022\/03\/ponde_medanha.jpeg","type":"image\/jpeg"}],"author":"Reda\u00e7\u00e3o Aconteceu no Vale","twitter_card":"summary_large_image","twitter_creator":"@noticiadosvales","twitter_site":"@noticiadosvales","twitter_misc":{"Escrito por":"Reda\u00e7\u00e3o Aconteceu no Vale","Est. tempo de leitura":"1 minuto"},"schema":{"@context":"https:\/\/schema.org","@graph":[{"@type":"Article","@id":"https:\/\/aconteceunovale.com.br\/portal\/?p=188053#article","isPartOf":{"@id":"https:\/\/aconteceunovale.com.br\/portal\/?p=188053"},"author":{"name":"Reda\u00e7\u00e3o Aconteceu no Vale","@id":"https:\/\/aconteceunovale.com.br\/portal\/#\/schema\/person\/7d2f26d1483f8a63de73da1ee0754d35"},"headline":"Ponte de Mendanha \u00e9 liberada para tr\u00e1fego de ve\u00edculos leves","datePublished":"2022-03-26T00:15:06+00:00","dateModified":"2022-03-26T00:15:33+00:00","mainEntityOfPage":{"@id":"https:\/\/aconteceunovale.com.br\/portal\/?p=188053"},"wordCount":305,"commentCount":0,"image":{"@id":"https:\/\/aconteceunovale.com.br\/portal\/?p=188053#primaryimage"},"thumbnailUrl":"https:\/\/aconteceunovale.com.br\/portal\/wp-content\/uploads\/2022\/03\/ponde_medanha.jpeg","keywords":["DER interdita ponte sobre o Rio Jequitinhonha","DER prepara libera\u00e7\u00e3o parcial da ponte sobre o Rio Jequitinhonha","destaque","Diamantina","Interdi\u00e7\u00e3o de ponte em Diamantina","interdi\u00e7\u00e3o de ponte na br-367","Mendanha","Ponte de Mendanha \u00e9 liberada para tr\u00e1fego de ve\u00edculos leves","Ponte em Diamantina","Ponte em Mendanha","Ponte entre Diamantina e Couto de Magalh\u00e3es de Minas ser\u00e1 totalmente interditada","Ponte interditada em Diamantina","ponte interditada na BR-367","ponte na br-367","ponte sobre o rio Jequitinhonha","Ponte sobre o Rio Jequitinhonha \u00e9 liberada para ve\u00edculos leves","Prefeitura de Diamantina","Rio Jequitinhonha"],"articleSection":["Vale do Jequitinhonha"],"inLanguage":"pt-BR","potentialAction":[{"@type":"CommentAction","name":"Comment","target":["https:\/\/aconteceunovale.com.br\/portal\/?p=188053#respond"]}]},{"@type":"WebPage","@id":"https:\/\/aconteceunovale.com.br\/portal\/?p=188053","url":"https:\/\/aconteceunovale.com.br\/portal\/?p=188053","name":"Ponte de Mendanha \u00e9 liberada para tr\u00e1fego de ve\u00edculos leves - Aconteceu no Vale","isPartOf":{"@id":"https:\/\/aconteceunovale.com.br\/portal\/#website"},"primaryImageOfPage":{"@id":"https:\/\/aconteceunovale.com.br\/portal\/?p=188053#primaryimage"},"image":{"@id":"https:\/\/aconteceunovale.com.br\/portal\/?p=188053#primaryimage"},"thumbnailUrl":"https:\/\/aconteceunovale.com.br\/portal\/wp-content\/uploads\/2022\/03\/ponde_medanha.jpeg","datePublished":"2022-03-26T00:15:06+00:00","dateModified":"2022-03-26T00:15:33+00:00","author":{"@id":"https:\/\/aconteceunovale.com.br\/portal\/#\/schema\/person\/7d2f26d1483f8a63de73da1ee0754d35"},"breadcrumb":{"@id":"https:\/\/aconteceunovale.com.br\/portal\/?p=188053#breadcrumb"},"inLanguage":"pt-BR","potentialAction":[{"@type":"ReadAction","target":["https:\/\/aconteceunovale.com.br\/portal\/?p=188053"]}]},{"@type":"ImageObject","inLanguage":"pt-BR","@id":"https:\/\/aconteceunovale.com.br\/portal\/?p=188053#primaryimage","url":"https:\/\/aconteceunovale.com.br\/portal\/wp-content\/uploads\/2022\/03\/ponde_medanha.jpeg","contentUrl":"https:\/\/aconteceunovale.com.br\/portal\/wp-content\/uploads\/2022\/03\/ponde_medanha.jpeg","width":678,"height":432},{"@type":"BreadcrumbList","@id":"https:\/\/aconteceunovale.com.br\/portal\/?p=188053#breadcrumb","itemListElement":[{"@type":"ListItem","position":1,"name":"In\u00edcio","item":"https:\/\/aconteceunovale.com.br\/portal\/"},{"@type":"ListItem","position":2,"name":"Ponte de Mendanha \u00e9 liberada para tr\u00e1fego de ve\u00edculos leves"}]},{"@type":"WebSite","@id":"https:\/\/aconteceunovale.com.br\/portal\/#website","url":"https:\/\/aconteceunovale.com.br\/portal\/","name":"Aconteceu no Vale","description":"Portal de Not\u00edcias","potentialAction":[{"@type":"SearchAction","target":{"@type":"EntryPoint","urlTemplate":"https:\/\/aconteceunovale.com.br\/portal\/?s={search_term_string}"},"query-input":{"@type":"PropertyValueSpecification","valueRequired":true,"valueName":"search_term_string"}}],"inLanguage":"pt-BR"},{"@type":"Person","@id":"https:\/\/aconteceunovale.com.br\/portal\/#\/schema\/person\/7d2f26d1483f8a63de73da1ee0754d35","name":"Reda\u00e7\u00e3o Aconteceu no Vale","description":"Equipe de reportagem do Aconteceu no Vale, portal de not\u00edcias do Vale do Jequitinhonha, em Minas Gerais. Cobrimos as 51 cidades do Vale desde 2013. Sugest\u00f5es de pauta e pedidos de corre\u00e7\u00e3o: contato@aconteceunovale.com.br","url":"https:\/\/aconteceunovale.com.br\/portal\/?author=4"}]}},"_links":{"self":[{"href":"https:\/\/aconteceunovale.com.br\/portal\/index.php?rest_route=\/wp\/v2\/posts\/188053","targetHints":{"allow":["GET"]}}],"collection":[{"href":"https:\/\/aconteceunovale.com.br\/portal\/index.php?rest_route=\/wp\/v2\/posts"}],"about":[{"href":"https:\/\/aconteceunovale.com.br\/portal\/index.php?rest_route=\/wp\/v2\/types\/post"}],"author":[{"embeddable":true,"href":"https:\/\/aconteceunovale.com.br\/portal\/index.php?rest_route=\/wp\/v2\/users\/4"}],"replies":[{"embeddable":true,"href":"https:\/\/aconteceunovale.com.br\/portal\/index.php?rest_route=%2Fwp%2Fv2%2Fcomments&post=188053"}],"version-history":[{"count":1,"href":"https:\/\/aconteceunovale.com.br\/portal\/index.php?rest_route=\/wp\/v2\/posts\/188053\/revisions"}],"predecessor-version":[{"id":188055,"href":"https:\/\/aconteceunovale.com.br\/portal\/index.php?rest_route=\/wp\/v2\/posts\/188053\/revisions\/188055"}],"wp:featuredmedia":[{"embeddable":true,"href":"https:\/\/aconteceunovale.com.br\/portal\/index.php?rest_route=\/wp\/v2\/media\/188054"}],"wp:attachment":[{"href":"https:\/\/aconteceunovale.com.br\/portal\/index.php?rest_route=%2Fwp%2Fv2%2Fmedia&parent=188053"}],"wp:term":[{"taxonomy":"category","embeddable":true,"href":"https:\/\/aconteceunovale.com.br\/portal\/index.php?rest_route=%2Fwp%2Fv2%2Fcategories&post=188053"},{"taxonomy":"post_tag","embeddable":true,"href":"https:\/\/aconteceunovale.com.br\/portal\/index.php?rest_route=%2Fwp%2Fv2%2Ftags&post=188053"}],"curies":[{"name":"wp","href":"https:\/\/api.w.org\/{rel}","templated":true}]}}