{"id":188050,"date":"2022-03-25T21:05:54","date_gmt":"2022-03-26T00:05:54","guid":{"rendered":"https:\/\/aconteceunovale.com.br\/portal\/?p=188050"},"modified":"2022-03-25T21:06:56","modified_gmt":"2022-03-26T00:06:56","slug":"dolar-atinge-o-menor-valor-desde-o-inicio-da-pandemia","status":"publish","type":"post","link":"https:\/\/aconteceunovale.com.br\/portal\/?p=188050","title":{"rendered":"D\u00f3lar atinge o menor valor desde o in\u00edcio da pandemia"},"content":{"rendered":"\n<p class=\"wp-block-paragraph\">A migra\u00e7\u00e3o de capitais externos para a Am\u00e9rica Latina e os juros altos fizeram o d\u00f3lar cair pela oitava vez seguida e atingir o menor valor desde o in\u00edcio da pandemia de covid-19. A bolsa de valores alternou altas e baixas ao longo do dia, mas fechou com leves ganhos, pr\u00f3xima da estabilidade.<\/p>\n\n\n\n<figure class=\"wp-block-gallery has-nested-images columns-default is-cropped wp-block-gallery-1 is-layout-flex wp-block-gallery-is-layout-flex\">\n<figure class=\"wp-block-image size-large\"><img loading=\"lazy\" decoding=\"async\" width=\"678\" height=\"406\" data-id=\"188051\" src=\"https:\/\/aconteceunovale.com.br\/portal\/wp-content\/uploads\/2022\/03\/dolar_queda.jpg\" alt=\"\" class=\"wp-image-188051\" srcset=\"https:\/\/aconteceunovale.com.br\/portal\/wp-content\/uploads\/2022\/03\/dolar_queda.jpg 678w, https:\/\/aconteceunovale.com.br\/portal\/wp-content\/uploads\/2022\/03\/dolar_queda-300x180.jpg 300w\" sizes=\"auto, (max-width: 678px) 100vw, 678px\" \/><figcaption><em><sub>Foto: Valter Campanato\/Ag\u00eancia Brasil<\/sub><\/em><\/figcaption><\/figure>\n<\/figure>\n\n\n\n<p class=\"wp-block-paragraph\">O d\u00f3lar comercial encerrou esta sexta-feira (25) vendido a R$ 4,747, com recuo de R$ 0,085 (-1,47%). A cota\u00e7\u00e3o operou em queda durante toda a sess\u00e3o e fechou pr\u00f3xima da m\u00ednima do dia.<\/p>\n\n\n\n<p class=\"wp-block-paragraph\">A moeda norte-americana est\u00e1 no menor valor desde 11 de mar\u00e7o de 2020, quando tinha fechado a R$ 4,72. Naquele dia, a Organiza\u00e7\u00e3o Mundial da Sa\u00fade (OMS) tinha decretado a pandemia global de covid-19.<\/p>\n\n\n\n<p class=\"wp-block-paragraph\">Apenas nesta semana, o d\u00f3lar caiu 5,35%. A divisa acumula queda de 7,92% em mar\u00e7o e de 14,86% em 2022.<\/p>\n\n\n\n<p class=\"wp-block-paragraph\">No mercado de a\u00e7\u00f5es, o dia foi mais tenso. O \u00edndice Ibovespa, da B3, fechou aos 119.081 pontos, com leve alta de 0,02%. O indicador iniciou o dia em alta, chegando a subir 0,56% nos primeiros minutos de negocia\u00e7\u00e3o, mas perdeu for\u00e7a e alternou altas e quedas com o recuo de a\u00e7\u00f5es de empresas exportadoras de commodities (bens prim\u00e1rios com cota\u00e7\u00e3o internacional). O Ibovespa continua no maior n\u00edvel desde 1\u00ba de setembro do ano passado.<\/p>\n\n\n\n<p class=\"wp-block-paragraph\">Dois fatores t\u00eam contribu\u00eddo para a entrada de capitais no Brasil e na Am\u00e9rica Latina. O primeiro \u00e9 a guerra entre R\u00fassia e Ucr\u00e2nia, que provocou o deslocamento de capitais do leste europeu para pa\u00edses latino-americanos. A alta das&nbsp;<em>commodities<\/em>&nbsp;provocada pelo conflito estimula a entrada de divisas em pa\u00edses exportadores de mat\u00e9rias-primas, como o Brasil. A cota\u00e7\u00e3o do barril de petr\u00f3leo do tipo Brent, usado nas negocia\u00e7\u00f5es internacionais, subiu para US$ 120,65, com alta de 1,4%.<\/p>\n\n\n\n<p class=\"wp-block-paragraph\">O segundo \u00e9 a alta de juros no continente. No Brasil, a taxa Selic (juros b\u00e1sicos da economia) est\u00e1 em 11,75% ao ano, no maior n\u00edvel desde abril de 2017. Juros mais altos tornam pa\u00edses emergentes mais atraentes para investidores estrangeiros.<\/p>\n\n\n\n<p class=\"wp-block-paragraph\">&#8212;&#8212;&#8212;&#8212;&#8212;&#8212;<br><br><strong>Sabia que o Aconteceu no Vale est\u00e1 tamb\u00e9m no Telegram? <a rel=\"noreferrer noopener\" href=\"https:\/\/t.me\/aconteceunovaleoficial\" target=\"_blank\">Inscreva-se no canal<\/a>.<\/strong><br><br><strong>J\u00e1 curtiu ou seguiu nossas p\u00e1ginas nas redes sociais?\u00a0Receba as not\u00edcias em primeira m\u00e3o:<\/strong><br>\u2022 <a rel=\"noreferrer noopener\" href=\"https:\/\/news.google.com\/publications\/CAAqBwgKMNjklQswi4etAw?hl=pt-BR&amp;gl=BR&amp;ceid=BR%3Apt-419\" target=\"_blank\">Google News<\/a><br>\u2022 <a rel=\"noreferrer noopener\" href=\"https:\/\/www.facebook.com\/aconteceunovale\/\" target=\"_blank\">Facebook<\/a><br>\u2022 <a rel=\"noreferrer noopener\" href=\"https:\/\/twitter.com\/noticiadosvales\" target=\"_blank\">Twitter<\/a><br>\u2022 <a rel=\"noreferrer noopener\" href=\"https:\/\/www.instagram.com\/aconteceunovale\" target=\"_blank\">Instagram<\/a><br>\u2022 <a rel=\"noreferrer noopener\" href=\"https:\/\/www.youtube.com\/AconteceunoValeOficial\" target=\"_blank\">Youtube<\/a><br>\u2022 <a rel=\"noreferrer noopener\" href=\"https:\/\/www.tiktok.com\/@aconteceunovale\" target=\"_blank\">TikTok<\/a><\/p>\n","protected":false},"excerpt":{"rendered":"<p>A migra\u00e7\u00e3o de capitais externos para a Am\u00e9rica Latina e os juros altos fizeram o d\u00f3lar cair pela oitava vez seguida e atingir o menor valor desde o in\u00edcio da pandemia de covid-19. A bolsa de valores alternou altas e baixas ao longo do dia, mas fechou com leves ganhos, pr\u00f3xima da estabilidade. O d\u00f3lar [&hellip;]<\/p>\n","protected":false},"author":4,"featured_media":188051,"comment_status":"open","ping_status":"closed","sticky":false,"template":"","format":"standard","meta":{"amp_status":"","footnotes":""},"categories":[6,40239,28848],"tags":[193222,22812,60204,214884,216498,1018,36469,20087,259091,260085,257252,257672,209222,259709,259972,222668,225963,260035,260020,138905,241322,247334,21719,21715,140166,20863,33390,30962,76128],"class_list":["post-188050","post","type-post","status-publish","format-standard","has-post-thumbnail","hentry","category-br","category-economia-2","category-mundo","tag-bolsa","tag-bolsa-de-valores","tag-cambio-dolar","tag-coronavirus","tag-covid-19","tag-destaque","tag-desvalorizacao-do-dolar","tag-dolar","tag-dolar-atinge-menor-valor-em-cinco-meses","tag-dolar-atinge-o-menor-valor-desde-o-inicio-da-pandemia","tag-dolar-cai-para-menor-valor-em-dois-meses","tag-dolar-cai-para-r-5-41","tag-dolar-dos-estados-unidos","tag-dolar-fecha-a-semana-em-queda","tag-dolar-fecha-abaixo-de-r-5-pela-primeira-vez-desde-junho-de-2021","tag-dolar-fecha-maio-com-primeira-queda-mensal-em-2020","tag-dolar-fecha-no-menor-nivel-em-cinco-semanas","tag-dolar-fecha-no-menor-valor-desde-marco-de-2020","tag-dolar-fecha-no-menor-valor-em-nove-meses","tag-dolar-norte-americano","tag-dolar-tem-maior-queda-diaria-em-tres-semanas","tag-dolar-tem-maior-queda-trimestral-em-12-anos","tag-ibovespa","tag-mercado-financeiro","tag-pandemia","tag-petroleo","tag-queda-do-dolar","tag-valor-do-dolar","tag-valorizacao-do-real"],"yoast_head":"<!-- This site is optimized with the Yoast SEO plugin v28.3 - https:\/\/yoast.com\/product\/yoast-seo-wordpress\/ -->\n<title>D\u00f3lar atinge o menor valor desde o in\u00edcio da pandemia - Aconteceu no Vale<\/title>\n<meta name=\"robots\" content=\"index, follow, max-snippet:-1, max-image-preview:large, max-video-preview:-1\" \/>\n<link rel=\"canonical\" href=\"https:\/\/aconteceunovale.com.br\/portal\/?p=188050\" \/>\n<meta property=\"og:locale\" content=\"pt_BR\" \/>\n<meta property=\"og:type\" content=\"article\" \/>\n<meta property=\"og:title\" content=\"D\u00f3lar atinge o menor valor desde o in\u00edcio da pandemia - Aconteceu no Vale\" \/>\n<meta property=\"og:description\" content=\"A migra\u00e7\u00e3o de capitais externos para a Am\u00e9rica Latina e os juros altos fizeram o d\u00f3lar cair pela oitava vez seguida e atingir o menor valor desde o in\u00edcio da pandemia de covid-19. A bolsa de valores alternou altas e baixas ao longo do dia, mas fechou com leves ganhos, pr\u00f3xima da estabilidade. O d\u00f3lar [&hellip;]\" \/>\n<meta property=\"og:url\" content=\"https:\/\/aconteceunovale.com.br\/portal\/?p=188050\" \/>\n<meta property=\"og:site_name\" content=\"Aconteceu no Vale\" \/>\n<meta property=\"article:publisher\" content=\"https:\/\/www.facebook.com\/aconteceunovale\/\" \/>\n<meta property=\"article:published_time\" content=\"2022-03-26T00:05:54+00:00\" \/>\n<meta property=\"article:modified_time\" content=\"2022-03-26T00:06:56+00:00\" \/>\n<meta property=\"og:image\" content=\"https:\/\/aconteceunovale.com.br\/portal\/wp-content\/uploads\/2022\/03\/dolar_queda.jpg\" \/>\n\t<meta property=\"og:image:width\" content=\"678\" \/>\n\t<meta property=\"og:image:height\" content=\"406\" \/>\n\t<meta property=\"og:image:type\" content=\"image\/jpeg\" \/>\n<meta name=\"author\" content=\"Reda\u00e7\u00e3o Aconteceu no Vale\" \/>\n<meta name=\"twitter:card\" content=\"summary_large_image\" \/>\n<meta name=\"twitter:creator\" content=\"@noticiadosvales\" \/>\n<meta name=\"twitter:site\" content=\"@noticiadosvales\" \/>\n<meta name=\"twitter:label1\" content=\"Escrito por\" \/>\n\t<meta name=\"twitter:data1\" content=\"Reda\u00e7\u00e3o Aconteceu no Vale\" \/>\n\t<meta name=\"twitter:label2\" content=\"Est. tempo de leitura\" \/>\n\t<meta name=\"twitter:data2\" content=\"2 minutos\" \/>\n<script type=\"application\/ld+json\" class=\"yoast-schema-graph\">{\"@context\":\"https:\\\/\\\/schema.org\",\"@graph\":[{\"@type\":\"Article\",\"@id\":\"https:\\\/\\\/aconteceunovale.com.br\\\/portal\\\/?p=188050#article\",\"isPartOf\":{\"@id\":\"https:\\\/\\\/aconteceunovale.com.br\\\/portal\\\/?p=188050\"},\"author\":{\"name\":\"Reda\u00e7\u00e3o Aconteceu no Vale\",\"@id\":\"https:\\\/\\\/aconteceunovale.com.br\\\/portal\\\/#\\\/schema\\\/person\\\/7d2f26d1483f8a63de73da1ee0754d35\"},\"headline\":\"D\u00f3lar atinge o menor valor desde o in\u00edcio da pandemia\",\"datePublished\":\"2022-03-26T00:05:54+00:00\",\"dateModified\":\"2022-03-26T00:06:56+00:00\",\"mainEntityOfPage\":{\"@id\":\"https:\\\/\\\/aconteceunovale.com.br\\\/portal\\\/?p=188050\"},\"wordCount\":409,\"commentCount\":0,\"image\":{\"@id\":\"https:\\\/\\\/aconteceunovale.com.br\\\/portal\\\/?p=188050#primaryimage\"},\"thumbnailUrl\":\"https:\\\/\\\/aconteceunovale.com.br\\\/portal\\\/wp-content\\\/uploads\\\/2022\\\/03\\\/dolar_queda.jpg\",\"keywords\":[\"bolsa\",\"Bolsa de Valores\",\"c\u00e2mbio d\u00f3lar\",\"Coronav\u00edrus\",\"COVID-19\",\"destaque\",\"desvaloriza\u00e7\u00e3o do d\u00f3lar\",\"d\u00f3lar\",\"D\u00f3lar atinge menor valor em cinco meses\",\"D\u00f3lar atinge o menor valor desde o in\u00edcio da pandemia\",\"D\u00f3lar cai para menor valor em dois meses\",\"D\u00f3lar cai para R$ 5.41\",\"D\u00f3lar dos Estados Unidos\",\"D\u00f3lar fecha a semana em queda\",\"D\u00f3lar fecha abaixo de R$ 5 pela primeira vez desde junho de 2021\",\"D\u00f3lar fecha maio com primeira queda mensal em 2020\",\"D\u00f3lar fecha no menor n\u00edvel em cinco semanas\",\"D\u00f3lar fecha no menor valor desde mar\u00e7o de 2020\",\"D\u00f3lar fecha no menor valor em nove meses\",\"D\u00f3lar norte-americano\",\"D\u00f3lar tem maior queda di\u00e1ria em tr\u00eas semanas\",\"D\u00f3lar tem maior queda trimestral em 12 anos\",\"Ibovespa\",\"mercado financeiro\",\"pandemia\",\"Petr\u00f3leo\",\"queda do D\u00f3lar\",\"valor do D\u00f3lar\",\"valoriza\u00e7\u00e3o do real\"],\"articleSection\":[\"Brasil\",\"Economia\",\"Mundo\"],\"inLanguage\":\"pt-BR\",\"potentialAction\":[{\"@type\":\"CommentAction\",\"name\":\"Comment\",\"target\":[\"https:\\\/\\\/aconteceunovale.com.br\\\/portal\\\/?p=188050#respond\"]}]},{\"@type\":\"WebPage\",\"@id\":\"https:\\\/\\\/aconteceunovale.com.br\\\/portal\\\/?p=188050\",\"url\":\"https:\\\/\\\/aconteceunovale.com.br\\\/portal\\\/?p=188050\",\"name\":\"D\u00f3lar atinge o menor valor desde o in\u00edcio da pandemia - Aconteceu no Vale\",\"isPartOf\":{\"@id\":\"https:\\\/\\\/aconteceunovale.com.br\\\/portal\\\/#website\"},\"primaryImageOfPage\":{\"@id\":\"https:\\\/\\\/aconteceunovale.com.br\\\/portal\\\/?p=188050#primaryimage\"},\"image\":{\"@id\":\"https:\\\/\\\/aconteceunovale.com.br\\\/portal\\\/?p=188050#primaryimage\"},\"thumbnailUrl\":\"https:\\\/\\\/aconteceunovale.com.br\\\/portal\\\/wp-content\\\/uploads\\\/2022\\\/03\\\/dolar_queda.jpg\",\"datePublished\":\"2022-03-26T00:05:54+00:00\",\"dateModified\":\"2022-03-26T00:06:56+00:00\",\"author\":{\"@id\":\"https:\\\/\\\/aconteceunovale.com.br\\\/portal\\\/#\\\/schema\\\/person\\\/7d2f26d1483f8a63de73da1ee0754d35\"},\"breadcrumb\":{\"@id\":\"https:\\\/\\\/aconteceunovale.com.br\\\/portal\\\/?p=188050#breadcrumb\"},\"inLanguage\":\"pt-BR\",\"potentialAction\":[{\"@type\":\"ReadAction\",\"target\":[\"https:\\\/\\\/aconteceunovale.com.br\\\/portal\\\/?p=188050\"]}]},{\"@type\":\"ImageObject\",\"inLanguage\":\"pt-BR\",\"@id\":\"https:\\\/\\\/aconteceunovale.com.br\\\/portal\\\/?p=188050#primaryimage\",\"url\":\"https:\\\/\\\/aconteceunovale.com.br\\\/portal\\\/wp-content\\\/uploads\\\/2022\\\/03\\\/dolar_queda.jpg\",\"contentUrl\":\"https:\\\/\\\/aconteceunovale.com.br\\\/portal\\\/wp-content\\\/uploads\\\/2022\\\/03\\\/dolar_queda.jpg\",\"width\":678,\"height\":406,\"caption\":\"Notas de Dolar para arquivo\"},{\"@type\":\"BreadcrumbList\",\"@id\":\"https:\\\/\\\/aconteceunovale.com.br\\\/portal\\\/?p=188050#breadcrumb\",\"itemListElement\":[{\"@type\":\"ListItem\",\"position\":1,\"name\":\"In\u00edcio\",\"item\":\"https:\\\/\\\/aconteceunovale.com.br\\\/portal\\\/\"},{\"@type\":\"ListItem\",\"position\":2,\"name\":\"D\u00f3lar atinge o menor valor desde o in\u00edcio da pandemia\"}]},{\"@type\":\"WebSite\",\"@id\":\"https:\\\/\\\/aconteceunovale.com.br\\\/portal\\\/#website\",\"url\":\"https:\\\/\\\/aconteceunovale.com.br\\\/portal\\\/\",\"name\":\"Aconteceu no Vale\",\"description\":\"Portal de Not\u00edcias\",\"potentialAction\":[{\"@type\":\"SearchAction\",\"target\":{\"@type\":\"EntryPoint\",\"urlTemplate\":\"https:\\\/\\\/aconteceunovale.com.br\\\/portal\\\/?s={search_term_string}\"},\"query-input\":{\"@type\":\"PropertyValueSpecification\",\"valueRequired\":true,\"valueName\":\"search_term_string\"}}],\"inLanguage\":\"pt-BR\"},{\"@type\":\"Person\",\"@id\":\"https:\\\/\\\/aconteceunovale.com.br\\\/portal\\\/#\\\/schema\\\/person\\\/7d2f26d1483f8a63de73da1ee0754d35\",\"name\":\"Reda\u00e7\u00e3o Aconteceu no Vale\",\"description\":\"Equipe de reportagem do Aconteceu no Vale, portal de not\u00edcias do Vale do Jequitinhonha, em Minas Gerais. Cobrimos as 51 cidades do Vale desde 2013. Sugest\u00f5es de pauta e pedidos de corre\u00e7\u00e3o: contato@aconteceunovale.com.br\",\"url\":\"https:\\\/\\\/aconteceunovale.com.br\\\/portal\\\/?author=4\"}]}<\/script>\n<!-- \/ Yoast SEO plugin. -->","yoast_head_json":{"title":"D\u00f3lar atinge o menor valor desde o in\u00edcio da pandemia - Aconteceu no Vale","robots":{"index":"index","follow":"follow","max-snippet":"max-snippet:-1","max-image-preview":"max-image-preview:large","max-video-preview":"max-video-preview:-1"},"canonical":"https:\/\/aconteceunovale.com.br\/portal\/?p=188050","og_locale":"pt_BR","og_type":"article","og_title":"D\u00f3lar atinge o menor valor desde o in\u00edcio da pandemia - Aconteceu no Vale","og_description":"A migra\u00e7\u00e3o de capitais externos para a Am\u00e9rica Latina e os juros altos fizeram o d\u00f3lar cair pela oitava vez seguida e atingir o menor valor desde o in\u00edcio da pandemia de covid-19. A bolsa de valores alternou altas e baixas ao longo do dia, mas fechou com leves ganhos, pr\u00f3xima da estabilidade. O d\u00f3lar [&hellip;]","og_url":"https:\/\/aconteceunovale.com.br\/portal\/?p=188050","og_site_name":"Aconteceu no Vale","article_publisher":"https:\/\/www.facebook.com\/aconteceunovale\/","article_published_time":"2022-03-26T00:05:54+00:00","article_modified_time":"2022-03-26T00:06:56+00:00","og_image":[{"width":678,"height":406,"url":"https:\/\/aconteceunovale.com.br\/portal\/wp-content\/uploads\/2022\/03\/dolar_queda.jpg","type":"image\/jpeg"}],"author":"Reda\u00e7\u00e3o Aconteceu no Vale","twitter_card":"summary_large_image","twitter_creator":"@noticiadosvales","twitter_site":"@noticiadosvales","twitter_misc":{"Escrito por":"Reda\u00e7\u00e3o Aconteceu no Vale","Est. tempo de leitura":"2 minutos"},"schema":{"@context":"https:\/\/schema.org","@graph":[{"@type":"Article","@id":"https:\/\/aconteceunovale.com.br\/portal\/?p=188050#article","isPartOf":{"@id":"https:\/\/aconteceunovale.com.br\/portal\/?p=188050"},"author":{"name":"Reda\u00e7\u00e3o Aconteceu no Vale","@id":"https:\/\/aconteceunovale.com.br\/portal\/#\/schema\/person\/7d2f26d1483f8a63de73da1ee0754d35"},"headline":"D\u00f3lar atinge o menor valor desde o in\u00edcio da pandemia","datePublished":"2022-03-26T00:05:54+00:00","dateModified":"2022-03-26T00:06:56+00:00","mainEntityOfPage":{"@id":"https:\/\/aconteceunovale.com.br\/portal\/?p=188050"},"wordCount":409,"commentCount":0,"image":{"@id":"https:\/\/aconteceunovale.com.br\/portal\/?p=188050#primaryimage"},"thumbnailUrl":"https:\/\/aconteceunovale.com.br\/portal\/wp-content\/uploads\/2022\/03\/dolar_queda.jpg","keywords":["bolsa","Bolsa de Valores","c\u00e2mbio d\u00f3lar","Coronav\u00edrus","COVID-19","destaque","desvaloriza\u00e7\u00e3o do d\u00f3lar","d\u00f3lar","D\u00f3lar atinge menor valor em cinco meses","D\u00f3lar atinge o menor valor desde o in\u00edcio da pandemia","D\u00f3lar cai para menor valor em dois meses","D\u00f3lar cai para R$ 5.41","D\u00f3lar dos Estados Unidos","D\u00f3lar fecha a semana em queda","D\u00f3lar fecha abaixo de R$ 5 pela primeira vez desde junho de 2021","D\u00f3lar fecha maio com primeira queda mensal em 2020","D\u00f3lar fecha no menor n\u00edvel em cinco semanas","D\u00f3lar fecha no menor valor desde mar\u00e7o de 2020","D\u00f3lar fecha no menor valor em nove meses","D\u00f3lar norte-americano","D\u00f3lar tem maior queda di\u00e1ria em tr\u00eas semanas","D\u00f3lar tem maior queda trimestral em 12 anos","Ibovespa","mercado financeiro","pandemia","Petr\u00f3leo","queda do D\u00f3lar","valor do D\u00f3lar","valoriza\u00e7\u00e3o do real"],"articleSection":["Brasil","Economia","Mundo"],"inLanguage":"pt-BR","potentialAction":[{"@type":"CommentAction","name":"Comment","target":["https:\/\/aconteceunovale.com.br\/portal\/?p=188050#respond"]}]},{"@type":"WebPage","@id":"https:\/\/aconteceunovale.com.br\/portal\/?p=188050","url":"https:\/\/aconteceunovale.com.br\/portal\/?p=188050","name":"D\u00f3lar atinge o menor valor desde o in\u00edcio da pandemia - Aconteceu no Vale","isPartOf":{"@id":"https:\/\/aconteceunovale.com.br\/portal\/#website"},"primaryImageOfPage":{"@id":"https:\/\/aconteceunovale.com.br\/portal\/?p=188050#primaryimage"},"image":{"@id":"https:\/\/aconteceunovale.com.br\/portal\/?p=188050#primaryimage"},"thumbnailUrl":"https:\/\/aconteceunovale.com.br\/portal\/wp-content\/uploads\/2022\/03\/dolar_queda.jpg","datePublished":"2022-03-26T00:05:54+00:00","dateModified":"2022-03-26T00:06:56+00:00","author":{"@id":"https:\/\/aconteceunovale.com.br\/portal\/#\/schema\/person\/7d2f26d1483f8a63de73da1ee0754d35"},"breadcrumb":{"@id":"https:\/\/aconteceunovale.com.br\/portal\/?p=188050#breadcrumb"},"inLanguage":"pt-BR","potentialAction":[{"@type":"ReadAction","target":["https:\/\/aconteceunovale.com.br\/portal\/?p=188050"]}]},{"@type":"ImageObject","inLanguage":"pt-BR","@id":"https:\/\/aconteceunovale.com.br\/portal\/?p=188050#primaryimage","url":"https:\/\/aconteceunovale.com.br\/portal\/wp-content\/uploads\/2022\/03\/dolar_queda.jpg","contentUrl":"https:\/\/aconteceunovale.com.br\/portal\/wp-content\/uploads\/2022\/03\/dolar_queda.jpg","width":678,"height":406,"caption":"Notas de Dolar para arquivo"},{"@type":"BreadcrumbList","@id":"https:\/\/aconteceunovale.com.br\/portal\/?p=188050#breadcrumb","itemListElement":[{"@type":"ListItem","position":1,"name":"In\u00edcio","item":"https:\/\/aconteceunovale.com.br\/portal\/"},{"@type":"ListItem","position":2,"name":"D\u00f3lar atinge o menor valor desde o in\u00edcio da pandemia"}]},{"@type":"WebSite","@id":"https:\/\/aconteceunovale.com.br\/portal\/#website","url":"https:\/\/aconteceunovale.com.br\/portal\/","name":"Aconteceu no Vale","description":"Portal de Not\u00edcias","potentialAction":[{"@type":"SearchAction","target":{"@type":"EntryPoint","urlTemplate":"https:\/\/aconteceunovale.com.br\/portal\/?s={search_term_string}"},"query-input":{"@type":"PropertyValueSpecification","valueRequired":true,"valueName":"search_term_string"}}],"inLanguage":"pt-BR"},{"@type":"Person","@id":"https:\/\/aconteceunovale.com.br\/portal\/#\/schema\/person\/7d2f26d1483f8a63de73da1ee0754d35","name":"Reda\u00e7\u00e3o Aconteceu no Vale","description":"Equipe de reportagem do Aconteceu no Vale, portal de not\u00edcias do Vale do Jequitinhonha, em Minas Gerais. Cobrimos as 51 cidades do Vale desde 2013. Sugest\u00f5es de pauta e pedidos de corre\u00e7\u00e3o: contato@aconteceunovale.com.br","url":"https:\/\/aconteceunovale.com.br\/portal\/?author=4"}]}},"_links":{"self":[{"href":"https:\/\/aconteceunovale.com.br\/portal\/index.php?rest_route=\/wp\/v2\/posts\/188050","targetHints":{"allow":["GET"]}}],"collection":[{"href":"https:\/\/aconteceunovale.com.br\/portal\/index.php?rest_route=\/wp\/v2\/posts"}],"about":[{"href":"https:\/\/aconteceunovale.com.br\/portal\/index.php?rest_route=\/wp\/v2\/types\/post"}],"author":[{"embeddable":true,"href":"https:\/\/aconteceunovale.com.br\/portal\/index.php?rest_route=\/wp\/v2\/users\/4"}],"replies":[{"embeddable":true,"href":"https:\/\/aconteceunovale.com.br\/portal\/index.php?rest_route=%2Fwp%2Fv2%2Fcomments&post=188050"}],"version-history":[{"count":1,"href":"https:\/\/aconteceunovale.com.br\/portal\/index.php?rest_route=\/wp\/v2\/posts\/188050\/revisions"}],"predecessor-version":[{"id":188052,"href":"https:\/\/aconteceunovale.com.br\/portal\/index.php?rest_route=\/wp\/v2\/posts\/188050\/revisions\/188052"}],"wp:featuredmedia":[{"embeddable":true,"href":"https:\/\/aconteceunovale.com.br\/portal\/index.php?rest_route=\/wp\/v2\/media\/188051"}],"wp:attachment":[{"href":"https:\/\/aconteceunovale.com.br\/portal\/index.php?rest_route=%2Fwp%2Fv2%2Fmedia&parent=188050"}],"wp:term":[{"taxonomy":"category","embeddable":true,"href":"https:\/\/aconteceunovale.com.br\/portal\/index.php?rest_route=%2Fwp%2Fv2%2Fcategories&post=188050"},{"taxonomy":"post_tag","embeddable":true,"href":"https:\/\/aconteceunovale.com.br\/portal\/index.php?rest_route=%2Fwp%2Fv2%2Ftags&post=188050"}],"curies":[{"name":"wp","href":"https:\/\/api.w.org\/{rel}","templated":true}]}}