{"id":188043,"date":"2022-03-24T22:56:13","date_gmt":"2022-03-25T01:56:13","guid":{"rendered":"https:\/\/aconteceunovale.com.br\/portal\/?p=188043"},"modified":"2022-03-24T22:57:29","modified_gmt":"2022-03-25T01:57:29","slug":"homem-e-condenado-a-quase-50-anos-de-prisao-pelo-assassinato-de-um-jovem-e-de-um-bebe-em-nanuque","status":"publish","type":"post","link":"https:\/\/aconteceunovale.com.br\/portal\/?p=188043","title":{"rendered":"Homem \u00e9 condenado a quase 50 anos de pris\u00e3o pelo assassinato de um jovem e de um beb\u00ea em Nanuque"},"content":{"rendered":"\n<p class=\"wp-block-paragraph\">Em sess\u00e3o do Tribunal do J\u00fari realizada ontem, 23 de mar\u00e7o de 2022, em Nanuque, um homem foi condenado \u00e0 pena privativa de liberdade de 49 anos e quatro meses pela pr\u00e1tica de dois homic\u00eddios qualificados. \u00a0O J\u00fari foi realizado pela promotora de Justi\u00e7a Bruna Bodoni Faccioli, e presidido pela magistrada Aline Gomes dos Santos Silva.\u00a0<\/p>\n\n\n\n<p class=\"wp-block-paragraph\">Em 21 de janeiro de 2020, por volta da meia noite, o homem condenado, juntamente com dois outros indiv\u00edduos n\u00e3o identificados at\u00e9 o momento, sob o comando do chefe da organiza\u00e7\u00e3o criminosa, atualmente foragido, mataram um jovem de 22 anos e seu filho de um ano e 6 meses, efetuando in\u00fameros disparos de arma de fogo. O crime ocorreu na casa da m\u00e3e e da av\u00f3 da crian\u00e7a, onde o pai dormia com o beb\u00ea.&nbsp;<\/p>\n\n\n\n<p class=\"wp-block-paragraph\">Segundo apurado, o sentenciado e os comparsas se deslocaram at\u00e9 a resid\u00eancia da crian\u00e7a e se depararam com o im\u00f3vel fechado. Derrubando a motocicleta da v\u00edtima, atra\u00edram a av\u00f3 e a bisav\u00f3 da crian\u00e7a para fora da casa e conseguiram entrar no im\u00f3vel. L\u00e1 dentro, armados com pistola 9mm, foram at\u00e9 o quarto onde o pai estava com o beb\u00ea e efetuaram diversos disparos de arma de fogo, atingindo o pai com seis tiros e a crian\u00e7a com quatro. Em seguida, os autores deixaram o local. Durante a fuga, os indiv\u00edduos ainda chegaram a manter contato visual com um policial militar que estava de folga, tendo trocado tiros.&nbsp;<\/p>\n\n\n\n<p class=\"wp-block-paragraph\">Conforme a acusa\u00e7\u00e3o, o crime foi cometido por motivo torpe, no contexto de tr\u00e1fico de drogas. A v\u00edtima de 22 anos integrava organiza\u00e7\u00e3o criminosa em Nanuque e exercia a ger\u00eancia do tr\u00e1fico no bairro Vila Nova. Ap\u00f3s desentendimentos, passou a vender drogas para outra pessoa e foi morto para que o homem condenado assumisse a ger\u00eancia do tr\u00e1fico no bairro. O crime tamb\u00e9m foi praticado mediante recurso que dificultou a defesa das v\u00edtimas, pois praticado durante a noite, enquanto dormiam, com superioridade de agentes e de armas de fogo. &nbsp;<\/p>\n\n\n\n<p class=\"wp-block-paragraph\">A autoria foi identificada ap\u00f3s intensa investiga\u00e7\u00e3o da Pol\u00edcia Civil de Nanuque, conduzida pelo delegado Lu\u00eds Bernardo Rodrigues de Morares Neto. Ap\u00f3s den\u00fancias an\u00f4nimas e depoimento de parente das v\u00edtimas apontando a autoria para o sentenciado e o l\u00edder da organiza\u00e7\u00e3o criminosa, foi realizada a per\u00edcia de microcompara\u00e7\u00e3o bal\u00edstica entre os estojos recolhidos na cena do crime e os estojos recolhidos em um outro homic\u00eddio tentado, ocorrido em dezembro de 2019. Ap\u00f3s a per\u00edcia, ficou comprovado que a mesma arma de fogo foi utilizada nos dois crimes, sendo que, no primeiro, o homem agora condenado j\u00e1 tinha confessado a autoria crime, sendo inclusive condenado pela tentativa de homic\u00eddio.\u00a0<\/p>\n\n\n\n<p class=\"wp-block-paragraph\">&#8212;&#8212;&#8212;&#8212;&#8212;&#8212;<br><br><strong>Sabia que o Aconteceu no Vale est\u00e1 tamb\u00e9m no Telegram? <a rel=\"noreferrer noopener\" href=\"https:\/\/t.me\/aconteceunovaleoficial\" target=\"_blank\">Inscreva-se no canal<\/a>.<\/strong><br><br><strong>J\u00e1 curtiu ou seguiu nossas p\u00e1ginas nas redes sociais?\u00a0Receba as not\u00edcias em primeira m\u00e3o:<\/strong><br>\u2022 <a rel=\"noreferrer noopener\" href=\"https:\/\/news.google.com\/publications\/CAAqBwgKMNjklQswi4etAw?hl=pt-BR&amp;gl=BR&amp;ceid=BR%3Apt-419\" target=\"_blank\">Google News<\/a><br>\u2022 <a rel=\"noreferrer noopener\" href=\"https:\/\/www.facebook.com\/aconteceunovale\/\" target=\"_blank\">Facebook<\/a><br>\u2022 <a rel=\"noreferrer noopener\" href=\"https:\/\/twitter.com\/noticiadosvales\" target=\"_blank\">Twitter<\/a><br>\u2022 <a rel=\"noreferrer noopener\" href=\"https:\/\/www.instagram.com\/aconteceunovale\" target=\"_blank\">Instagram<\/a><br>\u2022 <a rel=\"noreferrer noopener\" href=\"https:\/\/www.youtube.com\/AconteceunoValeOficial\" target=\"_blank\">Youtube<\/a><br>\u2022 <a rel=\"noreferrer noopener\" href=\"https:\/\/www.tiktok.com\/@aconteceunovale\" target=\"_blank\">TikTok<\/a><\/p>\n","protected":false},"excerpt":{"rendered":"<p>Em sess\u00e3o do Tribunal do J\u00fari realizada ontem, 23 de mar\u00e7o de 2022, em Nanuque, um homem foi condenado \u00e0 pena privativa de liberdade de 49 anos e quatro meses pela pr\u00e1tica de dois homic\u00eddios qualificados. \u00a0O J\u00fari foi realizado pela promotora de Justi\u00e7a Bruna Bodoni Faccioli, e presidido pela magistrada Aline Gomes dos Santos [&hellip;]<\/p>\n","protected":false},"author":4,"featured_media":90958,"comment_status":"open","ping_status":"closed","sticky":false,"template":"","format":"standard","meta":{"amp_status":"","footnotes":""},"categories":[122],"tags":[260075,260073,260074,260079,260072,144360,252,260078,260076,260077],"class_list":["post-188043","post","type-post","status-publish","format-standard","has-post-thumbnail","hentry","category-mucuri","tag-condenacao-por-homicidio-em-nanuque","tag-condenado-em-nanuque","tag-condenado-por-homicidio-em-nanuque","tag-delegado-luis-bernardo-rodrigues-de-moraes-neto","tag-homem-e-condenado-a-quase-50-anos-de-prisao-pelo-assassinato-de-um-jovem-e-de-um-bebe-em-nanuque","tag-juiza-aline-gomes-dos-santos-silva","tag-nanuque","tag-policia-civil-de-nanuque","tag-promotora-bruna-bodoni-faccioli","tag-tribunal-do-juri-de-nanuque"],"yoast_head":"<!-- This site is optimized with the Yoast SEO plugin v28.3 - https:\/\/yoast.com\/product\/yoast-seo-wordpress\/ -->\n<title>Homem \u00e9 condenado a quase 50 anos de pris\u00e3o pelo assassinato de um jovem e de um beb\u00ea em Nanuque - Aconteceu no Vale<\/title>\n<meta name=\"robots\" content=\"index, follow, max-snippet:-1, max-image-preview:large, max-video-preview:-1\" \/>\n<link rel=\"canonical\" href=\"https:\/\/aconteceunovale.com.br\/portal\/?p=188043\" \/>\n<meta property=\"og:locale\" content=\"pt_BR\" \/>\n<meta property=\"og:type\" content=\"article\" \/>\n<meta property=\"og:title\" content=\"Homem \u00e9 condenado a quase 50 anos de pris\u00e3o pelo assassinato de um jovem e de um beb\u00ea em Nanuque - Aconteceu no Vale\" \/>\n<meta property=\"og:description\" content=\"Em sess\u00e3o do Tribunal do J\u00fari realizada ontem, 23 de mar\u00e7o de 2022, em Nanuque, um homem foi condenado \u00e0 pena privativa de liberdade de 49 anos e quatro meses pela pr\u00e1tica de dois homic\u00eddios qualificados. \u00a0O J\u00fari foi realizado pela promotora de Justi\u00e7a Bruna Bodoni Faccioli, e presidido pela magistrada Aline Gomes dos Santos [&hellip;]\" \/>\n<meta property=\"og:url\" content=\"https:\/\/aconteceunovale.com.br\/portal\/?p=188043\" \/>\n<meta property=\"og:site_name\" content=\"Aconteceu no Vale\" \/>\n<meta property=\"article:publisher\" content=\"https:\/\/www.facebook.com\/aconteceunovale\/\" \/>\n<meta property=\"article:published_time\" content=\"2022-03-25T01:56:13+00:00\" \/>\n<meta property=\"article:modified_time\" content=\"2022-03-25T01:57:29+00:00\" \/>\n<meta property=\"og:image\" content=\"https:\/\/aconteceunovale.com.br\/portal\/wp-content\/uploads\/2016\/07\/nanuque_mg.jpg\" \/>\n\t<meta property=\"og:image:width\" content=\"600\" \/>\n\t<meta property=\"og:image:height\" content=\"450\" \/>\n\t<meta property=\"og:image:type\" content=\"image\/jpeg\" \/>\n<meta name=\"author\" content=\"Reda\u00e7\u00e3o Aconteceu no Vale\" \/>\n<meta name=\"twitter:card\" content=\"summary_large_image\" \/>\n<meta name=\"twitter:creator\" content=\"@noticiadosvales\" \/>\n<meta name=\"twitter:site\" content=\"@noticiadosvales\" \/>\n<meta name=\"twitter:label1\" content=\"Escrito por\" \/>\n\t<meta name=\"twitter:data1\" content=\"Reda\u00e7\u00e3o Aconteceu no Vale\" \/>\n\t<meta name=\"twitter:label2\" content=\"Est. tempo de leitura\" \/>\n\t<meta name=\"twitter:data2\" content=\"3 minutos\" \/>\n<script type=\"application\/ld+json\" class=\"yoast-schema-graph\">{\"@context\":\"https:\\\/\\\/schema.org\",\"@graph\":[{\"@type\":\"Article\",\"@id\":\"https:\\\/\\\/aconteceunovale.com.br\\\/portal\\\/?p=188043#article\",\"isPartOf\":{\"@id\":\"https:\\\/\\\/aconteceunovale.com.br\\\/portal\\\/?p=188043\"},\"author\":{\"name\":\"Reda\u00e7\u00e3o Aconteceu no Vale\",\"@id\":\"https:\\\/\\\/aconteceunovale.com.br\\\/portal\\\/#\\\/schema\\\/person\\\/7d2f26d1483f8a63de73da1ee0754d35\"},\"headline\":\"Homem \u00e9 condenado a quase 50 anos de pris\u00e3o pelo assassinato de um jovem e de um beb\u00ea em Nanuque\",\"datePublished\":\"2022-03-25T01:56:13+00:00\",\"dateModified\":\"2022-03-25T01:57:29+00:00\",\"mainEntityOfPage\":{\"@id\":\"https:\\\/\\\/aconteceunovale.com.br\\\/portal\\\/?p=188043\"},\"wordCount\":538,\"commentCount\":0,\"image\":{\"@id\":\"https:\\\/\\\/aconteceunovale.com.br\\\/portal\\\/?p=188043#primaryimage\"},\"thumbnailUrl\":\"https:\\\/\\\/aconteceunovale.com.br\\\/portal\\\/wp-content\\\/uploads\\\/2016\\\/07\\\/nanuque_mg.jpg\",\"keywords\":[\"Condena\u00e7\u00e3o por homic\u00eddio em Nanuque\",\"Condenado em Nanuque\",\"Condenado por homic\u00eddio em Nanuque\",\"Delegado Lu\u00eds Bernardo Rodrigues de Moraes Neto\",\"Homem \u00e9 condenado a quase 50 anos de pris\u00e3o pelo assassinato de um jovem e de um beb\u00ea em Nanuque\",\"ju\u00edza Aline Gomes dos Santos Silva\",\"Nanuque\",\"Pol\u00edcia Civil de Nanuque\",\"Promotora Bruna Bodoni Faccioli\",\"Tribunal do J\u00fari de Nanuque\"],\"articleSection\":[\"Vale do Mucuri\"],\"inLanguage\":\"pt-BR\",\"potentialAction\":[{\"@type\":\"CommentAction\",\"name\":\"Comment\",\"target\":[\"https:\\\/\\\/aconteceunovale.com.br\\\/portal\\\/?p=188043#respond\"]}]},{\"@type\":\"WebPage\",\"@id\":\"https:\\\/\\\/aconteceunovale.com.br\\\/portal\\\/?p=188043\",\"url\":\"https:\\\/\\\/aconteceunovale.com.br\\\/portal\\\/?p=188043\",\"name\":\"Homem \u00e9 condenado a quase 50 anos de pris\u00e3o pelo assassinato de um jovem e de um beb\u00ea em Nanuque - Aconteceu no Vale\",\"isPartOf\":{\"@id\":\"https:\\\/\\\/aconteceunovale.com.br\\\/portal\\\/#website\"},\"primaryImageOfPage\":{\"@id\":\"https:\\\/\\\/aconteceunovale.com.br\\\/portal\\\/?p=188043#primaryimage\"},\"image\":{\"@id\":\"https:\\\/\\\/aconteceunovale.com.br\\\/portal\\\/?p=188043#primaryimage\"},\"thumbnailUrl\":\"https:\\\/\\\/aconteceunovale.com.br\\\/portal\\\/wp-content\\\/uploads\\\/2016\\\/07\\\/nanuque_mg.jpg\",\"datePublished\":\"2022-03-25T01:56:13+00:00\",\"dateModified\":\"2022-03-25T01:57:29+00:00\",\"author\":{\"@id\":\"https:\\\/\\\/aconteceunovale.com.br\\\/portal\\\/#\\\/schema\\\/person\\\/7d2f26d1483f8a63de73da1ee0754d35\"},\"breadcrumb\":{\"@id\":\"https:\\\/\\\/aconteceunovale.com.br\\\/portal\\\/?p=188043#breadcrumb\"},\"inLanguage\":\"pt-BR\",\"potentialAction\":[{\"@type\":\"ReadAction\",\"target\":[\"https:\\\/\\\/aconteceunovale.com.br\\\/portal\\\/?p=188043\"]}]},{\"@type\":\"ImageObject\",\"inLanguage\":\"pt-BR\",\"@id\":\"https:\\\/\\\/aconteceunovale.com.br\\\/portal\\\/?p=188043#primaryimage\",\"url\":\"https:\\\/\\\/aconteceunovale.com.br\\\/portal\\\/wp-content\\\/uploads\\\/2016\\\/07\\\/nanuque_mg.jpg\",\"contentUrl\":\"https:\\\/\\\/aconteceunovale.com.br\\\/portal\\\/wp-content\\\/uploads\\\/2016\\\/07\\\/nanuque_mg.jpg\",\"width\":600,\"height\":450},{\"@type\":\"BreadcrumbList\",\"@id\":\"https:\\\/\\\/aconteceunovale.com.br\\\/portal\\\/?p=188043#breadcrumb\",\"itemListElement\":[{\"@type\":\"ListItem\",\"position\":1,\"name\":\"In\u00edcio\",\"item\":\"https:\\\/\\\/aconteceunovale.com.br\\\/portal\\\/\"},{\"@type\":\"ListItem\",\"position\":2,\"name\":\"Homem \u00e9 condenado a quase 50 anos de pris\u00e3o pelo assassinato de um jovem e de um beb\u00ea em Nanuque\"}]},{\"@type\":\"WebSite\",\"@id\":\"https:\\\/\\\/aconteceunovale.com.br\\\/portal\\\/#website\",\"url\":\"https:\\\/\\\/aconteceunovale.com.br\\\/portal\\\/\",\"name\":\"Aconteceu no Vale\",\"description\":\"Portal de Not\u00edcias\",\"potentialAction\":[{\"@type\":\"SearchAction\",\"target\":{\"@type\":\"EntryPoint\",\"urlTemplate\":\"https:\\\/\\\/aconteceunovale.com.br\\\/portal\\\/?s={search_term_string}\"},\"query-input\":{\"@type\":\"PropertyValueSpecification\",\"valueRequired\":true,\"valueName\":\"search_term_string\"}}],\"inLanguage\":\"pt-BR\"},{\"@type\":\"Person\",\"@id\":\"https:\\\/\\\/aconteceunovale.com.br\\\/portal\\\/#\\\/schema\\\/person\\\/7d2f26d1483f8a63de73da1ee0754d35\",\"name\":\"Reda\u00e7\u00e3o Aconteceu no Vale\",\"description\":\"Equipe de reportagem do Aconteceu no Vale, portal de not\u00edcias do Vale do Jequitinhonha, em Minas Gerais. Cobrimos as 51 cidades do Vale desde 2013. Sugest\u00f5es de pauta e pedidos de corre\u00e7\u00e3o: contato@aconteceunovale.com.br\",\"url\":\"https:\\\/\\\/aconteceunovale.com.br\\\/portal\\\/?author=4\"}]}<\/script>\n<!-- \/ Yoast SEO plugin. -->","yoast_head_json":{"title":"Homem \u00e9 condenado a quase 50 anos de pris\u00e3o pelo assassinato de um jovem e de um beb\u00ea em Nanuque - Aconteceu no Vale","robots":{"index":"index","follow":"follow","max-snippet":"max-snippet:-1","max-image-preview":"max-image-preview:large","max-video-preview":"max-video-preview:-1"},"canonical":"https:\/\/aconteceunovale.com.br\/portal\/?p=188043","og_locale":"pt_BR","og_type":"article","og_title":"Homem \u00e9 condenado a quase 50 anos de pris\u00e3o pelo assassinato de um jovem e de um beb\u00ea em Nanuque - Aconteceu no Vale","og_description":"Em sess\u00e3o do Tribunal do J\u00fari realizada ontem, 23 de mar\u00e7o de 2022, em Nanuque, um homem foi condenado \u00e0 pena privativa de liberdade de 49 anos e quatro meses pela pr\u00e1tica de dois homic\u00eddios qualificados. \u00a0O J\u00fari foi realizado pela promotora de Justi\u00e7a Bruna Bodoni Faccioli, e presidido pela magistrada Aline Gomes dos Santos [&hellip;]","og_url":"https:\/\/aconteceunovale.com.br\/portal\/?p=188043","og_site_name":"Aconteceu no Vale","article_publisher":"https:\/\/www.facebook.com\/aconteceunovale\/","article_published_time":"2022-03-25T01:56:13+00:00","article_modified_time":"2022-03-25T01:57:29+00:00","og_image":[{"width":600,"height":450,"url":"https:\/\/aconteceunovale.com.br\/portal\/wp-content\/uploads\/2016\/07\/nanuque_mg.jpg","type":"image\/jpeg"}],"author":"Reda\u00e7\u00e3o Aconteceu no Vale","twitter_card":"summary_large_image","twitter_creator":"@noticiadosvales","twitter_site":"@noticiadosvales","twitter_misc":{"Escrito por":"Reda\u00e7\u00e3o Aconteceu no Vale","Est. tempo de leitura":"3 minutos"},"schema":{"@context":"https:\/\/schema.org","@graph":[{"@type":"Article","@id":"https:\/\/aconteceunovale.com.br\/portal\/?p=188043#article","isPartOf":{"@id":"https:\/\/aconteceunovale.com.br\/portal\/?p=188043"},"author":{"name":"Reda\u00e7\u00e3o Aconteceu no Vale","@id":"https:\/\/aconteceunovale.com.br\/portal\/#\/schema\/person\/7d2f26d1483f8a63de73da1ee0754d35"},"headline":"Homem \u00e9 condenado a quase 50 anos de pris\u00e3o pelo assassinato de um jovem e de um beb\u00ea em Nanuque","datePublished":"2022-03-25T01:56:13+00:00","dateModified":"2022-03-25T01:57:29+00:00","mainEntityOfPage":{"@id":"https:\/\/aconteceunovale.com.br\/portal\/?p=188043"},"wordCount":538,"commentCount":0,"image":{"@id":"https:\/\/aconteceunovale.com.br\/portal\/?p=188043#primaryimage"},"thumbnailUrl":"https:\/\/aconteceunovale.com.br\/portal\/wp-content\/uploads\/2016\/07\/nanuque_mg.jpg","keywords":["Condena\u00e7\u00e3o por homic\u00eddio em Nanuque","Condenado em Nanuque","Condenado por homic\u00eddio em Nanuque","Delegado Lu\u00eds Bernardo Rodrigues de Moraes Neto","Homem \u00e9 condenado a quase 50 anos de pris\u00e3o pelo assassinato de um jovem e de um beb\u00ea em Nanuque","ju\u00edza Aline Gomes dos Santos Silva","Nanuque","Pol\u00edcia Civil de Nanuque","Promotora Bruna Bodoni Faccioli","Tribunal do J\u00fari de Nanuque"],"articleSection":["Vale do Mucuri"],"inLanguage":"pt-BR","potentialAction":[{"@type":"CommentAction","name":"Comment","target":["https:\/\/aconteceunovale.com.br\/portal\/?p=188043#respond"]}]},{"@type":"WebPage","@id":"https:\/\/aconteceunovale.com.br\/portal\/?p=188043","url":"https:\/\/aconteceunovale.com.br\/portal\/?p=188043","name":"Homem \u00e9 condenado a quase 50 anos de pris\u00e3o pelo assassinato de um jovem e de um beb\u00ea em Nanuque - Aconteceu no Vale","isPartOf":{"@id":"https:\/\/aconteceunovale.com.br\/portal\/#website"},"primaryImageOfPage":{"@id":"https:\/\/aconteceunovale.com.br\/portal\/?p=188043#primaryimage"},"image":{"@id":"https:\/\/aconteceunovale.com.br\/portal\/?p=188043#primaryimage"},"thumbnailUrl":"https:\/\/aconteceunovale.com.br\/portal\/wp-content\/uploads\/2016\/07\/nanuque_mg.jpg","datePublished":"2022-03-25T01:56:13+00:00","dateModified":"2022-03-25T01:57:29+00:00","author":{"@id":"https:\/\/aconteceunovale.com.br\/portal\/#\/schema\/person\/7d2f26d1483f8a63de73da1ee0754d35"},"breadcrumb":{"@id":"https:\/\/aconteceunovale.com.br\/portal\/?p=188043#breadcrumb"},"inLanguage":"pt-BR","potentialAction":[{"@type":"ReadAction","target":["https:\/\/aconteceunovale.com.br\/portal\/?p=188043"]}]},{"@type":"ImageObject","inLanguage":"pt-BR","@id":"https:\/\/aconteceunovale.com.br\/portal\/?p=188043#primaryimage","url":"https:\/\/aconteceunovale.com.br\/portal\/wp-content\/uploads\/2016\/07\/nanuque_mg.jpg","contentUrl":"https:\/\/aconteceunovale.com.br\/portal\/wp-content\/uploads\/2016\/07\/nanuque_mg.jpg","width":600,"height":450},{"@type":"BreadcrumbList","@id":"https:\/\/aconteceunovale.com.br\/portal\/?p=188043#breadcrumb","itemListElement":[{"@type":"ListItem","position":1,"name":"In\u00edcio","item":"https:\/\/aconteceunovale.com.br\/portal\/"},{"@type":"ListItem","position":2,"name":"Homem \u00e9 condenado a quase 50 anos de pris\u00e3o pelo assassinato de um jovem e de um beb\u00ea em Nanuque"}]},{"@type":"WebSite","@id":"https:\/\/aconteceunovale.com.br\/portal\/#website","url":"https:\/\/aconteceunovale.com.br\/portal\/","name":"Aconteceu no Vale","description":"Portal de Not\u00edcias","potentialAction":[{"@type":"SearchAction","target":{"@type":"EntryPoint","urlTemplate":"https:\/\/aconteceunovale.com.br\/portal\/?s={search_term_string}"},"query-input":{"@type":"PropertyValueSpecification","valueRequired":true,"valueName":"search_term_string"}}],"inLanguage":"pt-BR"},{"@type":"Person","@id":"https:\/\/aconteceunovale.com.br\/portal\/#\/schema\/person\/7d2f26d1483f8a63de73da1ee0754d35","name":"Reda\u00e7\u00e3o Aconteceu no Vale","description":"Equipe de reportagem do Aconteceu no Vale, portal de not\u00edcias do Vale do Jequitinhonha, em Minas Gerais. Cobrimos as 51 cidades do Vale desde 2013. Sugest\u00f5es de pauta e pedidos de corre\u00e7\u00e3o: contato@aconteceunovale.com.br","url":"https:\/\/aconteceunovale.com.br\/portal\/?author=4"}]}},"_links":{"self":[{"href":"https:\/\/aconteceunovale.com.br\/portal\/index.php?rest_route=\/wp\/v2\/posts\/188043","targetHints":{"allow":["GET"]}}],"collection":[{"href":"https:\/\/aconteceunovale.com.br\/portal\/index.php?rest_route=\/wp\/v2\/posts"}],"about":[{"href":"https:\/\/aconteceunovale.com.br\/portal\/index.php?rest_route=\/wp\/v2\/types\/post"}],"author":[{"embeddable":true,"href":"https:\/\/aconteceunovale.com.br\/portal\/index.php?rest_route=\/wp\/v2\/users\/4"}],"replies":[{"embeddable":true,"href":"https:\/\/aconteceunovale.com.br\/portal\/index.php?rest_route=%2Fwp%2Fv2%2Fcomments&post=188043"}],"version-history":[{"count":1,"href":"https:\/\/aconteceunovale.com.br\/portal\/index.php?rest_route=\/wp\/v2\/posts\/188043\/revisions"}],"predecessor-version":[{"id":188044,"href":"https:\/\/aconteceunovale.com.br\/portal\/index.php?rest_route=\/wp\/v2\/posts\/188043\/revisions\/188044"}],"wp:featuredmedia":[{"embeddable":true,"href":"https:\/\/aconteceunovale.com.br\/portal\/index.php?rest_route=\/wp\/v2\/media\/90958"}],"wp:attachment":[{"href":"https:\/\/aconteceunovale.com.br\/portal\/index.php?rest_route=%2Fwp%2Fv2%2Fmedia&parent=188043"}],"wp:term":[{"taxonomy":"category","embeddable":true,"href":"https:\/\/aconteceunovale.com.br\/portal\/index.php?rest_route=%2Fwp%2Fv2%2Fcategories&post=188043"},{"taxonomy":"post_tag","embeddable":true,"href":"https:\/\/aconteceunovale.com.br\/portal\/index.php?rest_route=%2Fwp%2Fv2%2Ftags&post=188043"}],"curies":[{"name":"wp","href":"https:\/\/api.w.org\/{rel}","templated":true}]}}